{"id":77073,"date":"2020-05-20T21:31:00","date_gmt":"2020-05-20T19:31:00","guid":{"rendered":"https:\/\/weisetech.dev\/fc-barcelona-noticias\/en\/risks-that-take-barcelona-if-nelson-semedo-is-sold_257846_102\/"},"modified":"2020-05-21T00:04:00","modified_gmt":"2020-05-20T22:04:00","slug":"risks-that-take-barcelona-if-nelson-semedo-is-sold_257846_102","status":"publish","type":"post","link":"https:\/\/www.fcbarcelonanoticias.com\/en\/players\/risks-that-take-barcelona-if-nelson-semedo-is-sold_257846_102.html","title":{"rendered":"The risks that take Bar\u00e7a if N\u00e9lson Semedo is sold"},"content":{"rendered":"<h2 class=\"wp-block-heading\">Bar\u00e7a is preparing to close some sales in the summer of 2020, and one of the most probable is the N\u00e9lson Semedo one. His departure is an interesting possibility, but the club takes several risks<\/h2>  \r\n<div class=\"article-addons\">\r\n    <a href=\"https:\/\/www.fcbarcelonanoticias.com\/en\/calendar-fc-barcelona.html\"\r\n       target=\"_self\"\r\n       title=\"Calendar of FC Barcelona\"\r\n       class=\"blue-gredient-btn\">\r\n       \r\n        Calendar of FC Barcelona    <\/a>\r\n<\/div>   <p>While it tunes to restart the season 2019-20, <strong>the FC Barcelona prepares for an intense market <a data-external=\"0\" data-intl-links-en=\"https:\/\/www.fcbarcelonanoticias.com\/en\/transfers\" data-intl-links-es=\"https:\/\/www.fcbarcelonanoticias.com\/fichajes\" href=\"https:\/\/www.fcbarcelonanoticias.com\/en\/fc-barcelona\/transfers.html\" rel=\"follow\" target=\"_self\" title=\"Fichajes\">of signings<\/a>, in which has numerous cases for resolving<\/strong>. On the one hand they are his ambitious wishes, as Lautaro Mart\u00ednez or Miralem Pjanic, and by the another a &#8216;operation gone out&#8217; equal or more demanding and an interminable list of names. In these moments, the doubts impose to the certainties in the City Condal.<\/p>  <p><strong>One of the footballers that comes under scrutiny is <a data-external=\"0\" data-intl-links-en=\"https:\/\/www.fcbarcelonanoticias.com\/en\/tags\/nelson-semedo\" data-intl-links-es=\"https:\/\/www.fcbarcelonanoticias.com\/tags\/nelson-semedo\" href=\"https:\/\/www.fcbarcelonanoticias.com\/en\/tags\/nelson-semedo.html\" rel=\"follow\" target=\"_self\" title=\"Nelson Semedo\">N\u00e9lson Semedo<\/a>, whose traspaso presents some pros evident<\/strong>. After 111 parties (a goal and 10 assistances), Quique Seti\u00e9n has given him chevrons to title, but the experts do not clear . There is some that are loved with his performance and others that think that is a piece more than sacrificable. Besides, has a renewal with improvement salarial slope -difficult to tackle-, and until it do not extend his agreement twice, it will be necessary to pay to the Benfica five million euros each 50 meetings contested.<\/p>  <p><strong>Precisely, another of the advantages of his farewell is the elder touch of attention for the cul\u00e9s, that will have to decide if they run the risk<\/strong>, something that, for the time being, seems quite likely. In spite of the economic recession, the interest of the big in his incorporation keeps intact, and <strong>his assessment no only has sustained , but it has shot <\/strong> until rondar the double of what invested in taking out him of the Est\u00e1dio Gives Luz. These 35 million euros would convert as little in 40, and speaks that they will reach the 50 or 60 &#8216;kilos&#8217; without difficulty.<\/p>  <p><strong>To his 26 years, the Portuguese offers some sportive guarantees that have called the attention of the big, something that is not casualidad<\/strong>. It is a player that approaches to which can be the best campaigns of his career and that has showed sufficient quality for the competitions of elite. All signal that ofensivamente has a lot of margin of improvement, but in a so demanding ecosystem like the right band of the Camp Nou, has consolidated like a carrilero of long route with a speed and agility that turn him into a safe in defence.<\/p>  <p><strong>And in spite of the doors that opens if it includes him in a barter, it is necessary to take into account what would happen if it says him goodbye<\/strong>, and if really they would compensate the movements. This is the most complicated part because it depends on the intangible values, and between predictions it is necessary to assume that it neither would be a surprise that exploded definitively in the Manchester City or the Juventus, that litigate for doing with his services. What it is necessary to have very clear is that the criticisms that today devote him could be difficult praises to remedy if it leaves .<\/p>  <h3>The Bar\u00e7a does not have a relief of guarantees for Semedo<\/h3>  <p><strong>Perhaps the worst of this case is that the Bar\u00e7a knows that it plays it to him, because not even in the market there are <a data-external=\"0\" data-intl-links-en=\"https:\/\/www.fcbarcelonanoticias.com\/en\/transfers\/two-ex-laliga-recommend-sergino-dest-to-barcelona-but-send-warning_257821_102.html\" data-intl-links-es=\"https:\/\/www.fcbarcelonanoticias.com\/fichajes\/dos-ex-laliga-recomiendan-sergino-dest-barcelona-pero-lanzan-aviso_257821_102.html\" href=\"https:\/\/www.fcbarcelonanoticias.com\/en\/transfers\/two-ex-laliga-recommend-sergino-dest-to-barcelona-but-send-warning_257821_102.html\" rel=\"follow\" target=\"_self\" title=\"Dos ex de LaLiga recomiendan a Sergi\u00f1o Dest al Bar\u00e7a pero lanzan un aviso\">reliefs of immediate guarantees<\/a><\/strong>. The technicians think that is prompt -or perhaps that neither will return to the Camp Nou- to think in Moussa Wagu\u00e9 or Emerson, to the one who plays him against his condition of non-EU, and in Holland warn on the youth of another perla of the Ajax like Sergi\u00f1o Dest. For I satisfy of evils, the only viable alternative in a summer of economic shortage is Mattia Of Sciglio, another promising project that has not happened of acting in Tur\u00edn.<\/p> ","protected":false},"excerpt":{"rendered":"<p>Bar\u00e7a is preparing to close some sales in the summer of 2020, and one of the most probable is the N\u00e9lson Semedo one. His departure is an interesting possibility, but the club takes several risks While it tunes to restart the season 2019-20, the FC Barcelona prepares for an intense market of signings, in which [&hellip;]<\/p>\n","protected":false},"author":392,"featured_media":77077,"comment_status":"closed","ping_status":"open","sticky":false,"template":"","format":"standard","meta":{"_acf_changed":false,"inline_featured_image":false,"_nextfly_llmd_date_locked":false,"footnotes":""},"categories":[107,453],"tags":[303],"class_list":["post-77073","post","type-post","status-publish","format-standard","has-post-thumbnail","hentry","category-players","category-players-2","tag-nelson-semedo"],"acf":[],"yoast_head":"<!-- This site is optimized with the Yoast SEO plugin v27.3 - https:\/\/yoast.com\/product\/yoast-seo-wordpress\/ -->\n<title>The risks that take Bar\u00e7a if N\u00e9lson Semedo is sold<\/title>\n<meta name=\"description\" content=\"The Bar\u00e7a prepares to close some sales in the summer of 2020, and one of the most likely is the one of N\u00e9lson Semedo. His exit is a possibility interests...\" \/>\n<meta name=\"robots\" content=\"index, follow, max-snippet:-1, max-image-preview:large, max-video-preview:-1\" \/>\n<link rel=\"canonical\" href=\"https:\/\/www.fcbarcelonanoticias.com\/en\/players\/risks-that-take-barcelona-if-nelson-semedo-is-sold_257846_102.html\" \/>\n<meta property=\"og:locale\" content=\"en_US\" \/>\n<meta property=\"og:type\" content=\"article\" \/>\n<meta property=\"og:title\" content=\"The risks that take Bar\u00e7a if N\u00e9lson Semedo is sold\" \/>\n<meta property=\"og:description\" content=\"The Bar\u00e7a prepares to close some sales in the summer of 2020, and one of the most likely is the one of N\u00e9lson Semedo. His exit is a possibility interests...\" \/>\n<meta property=\"og:url\" content=\"https:\/\/www.fcbarcelonanoticias.com\/en\/players\/risks-that-take-barcelona-if-nelson-semedo-is-sold_257846_102.html\" \/>\n<meta property=\"og:site_name\" content=\"EN - FC Barcelona Noticias\" \/>\n<meta property=\"article:published_time\" content=\"2020-05-20T19:31:00+00:00\" \/>\n<meta property=\"article:modified_time\" content=\"2020-05-20T22:04:00+00:00\" \/>\n<meta property=\"og:image\" content=\"https:\/\/www.fcbarcelonanoticias.com\/en\/wp-content\/uploads\/sites\/2\/2020\/05\/nelsonsemedo-entreno6.jpeg\" \/>\n\t<meta property=\"og:image:width\" content=\"1200\" \/>\n\t<meta property=\"og:image:height\" content=\"675\" \/>\n\t<meta property=\"og:image:type\" content=\"image\/jpeg\" \/>\n<meta name=\"author\" content=\"user_4048\" \/>\n<meta name=\"twitter:card\" content=\"summary_large_image\" \/>\n<meta name=\"twitter:label1\" content=\"Written by\" \/>\n\t<meta name=\"twitter:data1\" content=\"user_4048\" \/>\n\t<meta name=\"twitter:label2\" content=\"Est. reading time\" \/>\n\t<meta name=\"twitter:data2\" content=\"3 minutes\" \/>\n<script type=\"application\/ld+json\" class=\"yoast-schema-graph\">{\"@context\":\"https:\\\/\\\/schema.org\",\"@graph\":[{\"@type\":\"Article\",\"@id\":\"https:\\\/\\\/www.fcbarcelonanoticias.com\\\/en\\\/players\\\/risks-that-take-barcelona-if-nelson-semedo-is-sold_257846_102.html#article\",\"isPartOf\":{\"@id\":\"https:\\\/\\\/www.fcbarcelonanoticias.com\\\/en\\\/players\\\/risks-that-take-barcelona-if-nelson-semedo-is-sold_257846_102.html\"},\"author\":{\"name\":\"user_4048\",\"@id\":\"https:\\\/\\\/www.fcbarcelonanoticias.com\\\/en\\\/#\\\/schema\\\/person\\\/fcdad55cab72b8d0e106d75506783b6d\"},\"headline\":\"The risks that take Bar\u00e7a if N\u00e9lson Semedo is sold\",\"datePublished\":\"2020-05-20T19:31:00+00:00\",\"dateModified\":\"2020-05-20T22:04:00+00:00\",\"mainEntityOfPage\":{\"@id\":\"https:\\\/\\\/www.fcbarcelonanoticias.com\\\/en\\\/players\\\/risks-that-take-barcelona-if-nelson-semedo-is-sold_257846_102.html\"},\"wordCount\":641,\"image\":{\"@id\":\"https:\\\/\\\/www.fcbarcelonanoticias.com\\\/en\\\/players\\\/risks-that-take-barcelona-if-nelson-semedo-is-sold_257846_102.html#primaryimage\"},\"thumbnailUrl\":\"https:\\\/\\\/www.fcbarcelonanoticias.com\\\/en\\\/wp-content\\\/uploads\\\/sites\\\/2\\\/2020\\\/05\\\/nelsonsemedo-entreno6.jpeg\",\"keywords\":[\"Nelson Semedo\"],\"articleSection\":[\"Players\",\"Players\"],\"inLanguage\":\"en-US\"},{\"@type\":\"WebPage\",\"@id\":\"https:\\\/\\\/www.fcbarcelonanoticias.com\\\/en\\\/players\\\/risks-that-take-barcelona-if-nelson-semedo-is-sold_257846_102.html\",\"url\":\"https:\\\/\\\/www.fcbarcelonanoticias.com\\\/en\\\/players\\\/risks-that-take-barcelona-if-nelson-semedo-is-sold_257846_102.html\",\"name\":\"The risks that take Bar\u00e7a if N\u00e9lson Semedo is sold\",\"isPartOf\":{\"@id\":\"https:\\\/\\\/www.fcbarcelonanoticias.com\\\/en\\\/#website\"},\"primaryImageOfPage\":{\"@id\":\"https:\\\/\\\/www.fcbarcelonanoticias.com\\\/en\\\/players\\\/risks-that-take-barcelona-if-nelson-semedo-is-sold_257846_102.html#primaryimage\"},\"image\":{\"@id\":\"https:\\\/\\\/www.fcbarcelonanoticias.com\\\/en\\\/players\\\/risks-that-take-barcelona-if-nelson-semedo-is-sold_257846_102.html#primaryimage\"},\"thumbnailUrl\":\"https:\\\/\\\/www.fcbarcelonanoticias.com\\\/en\\\/wp-content\\\/uploads\\\/sites\\\/2\\\/2020\\\/05\\\/nelsonsemedo-entreno6.jpeg\",\"datePublished\":\"2020-05-20T19:31:00+00:00\",\"dateModified\":\"2020-05-20T22:04:00+00:00\",\"author\":{\"@id\":\"https:\\\/\\\/www.fcbarcelonanoticias.com\\\/en\\\/#\\\/schema\\\/person\\\/fcdad55cab72b8d0e106d75506783b6d\"},\"description\":\"The Bar\u00e7a prepares to close some sales in the summer of 2020, and one of the most likely is the one of N\u00e9lson Semedo. His exit is a possibility interests...\",\"breadcrumb\":{\"@id\":\"https:\\\/\\\/www.fcbarcelonanoticias.com\\\/en\\\/players\\\/risks-that-take-barcelona-if-nelson-semedo-is-sold_257846_102.html#breadcrumb\"},\"inLanguage\":\"en-US\",\"potentialAction\":[{\"@type\":\"ReadAction\",\"target\":[\"https:\\\/\\\/www.fcbarcelonanoticias.com\\\/en\\\/players\\\/risks-that-take-barcelona-if-nelson-semedo-is-sold_257846_102.html\"]}]},{\"@type\":\"ImageObject\",\"inLanguage\":\"en-US\",\"@id\":\"https:\\\/\\\/www.fcbarcelonanoticias.com\\\/en\\\/players\\\/risks-that-take-barcelona-if-nelson-semedo-is-sold_257846_102.html#primaryimage\",\"url\":\"https:\\\/\\\/www.fcbarcelonanoticias.com\\\/en\\\/wp-content\\\/uploads\\\/sites\\\/2\\\/2020\\\/05\\\/nelsonsemedo-entreno6.jpeg\",\"contentUrl\":\"https:\\\/\\\/www.fcbarcelonanoticias.com\\\/en\\\/wp-content\\\/uploads\\\/sites\\\/2\\\/2020\\\/05\\\/nelsonsemedo-entreno6.jpeg\",\"width\":1200,\"height\":675},{\"@type\":\"BreadcrumbList\",\"@id\":\"https:\\\/\\\/www.fcbarcelonanoticias.com\\\/en\\\/players\\\/risks-that-take-barcelona-if-nelson-semedo-is-sold_257846_102.html#breadcrumb\",\"itemListElement\":[{\"@type\":\"ListItem\",\"position\":1,\"name\":\"Portada\",\"item\":\"https:\\\/\\\/www.fcbarcelonanoticias.com\\\/en\\\/\"},{\"@type\":\"ListItem\",\"position\":2,\"name\":\"The risks that take Bar\u00e7a if N\u00e9lson Semedo is sold\"}]},{\"@type\":\"WebSite\",\"@id\":\"https:\\\/\\\/www.fcbarcelonanoticias.com\\\/en\\\/#website\",\"url\":\"https:\\\/\\\/www.fcbarcelonanoticias.com\\\/en\\\/\",\"name\":\"EN - FC Barcelona Noticias\",\"description\":\"\",\"potentialAction\":[{\"@type\":\"SearchAction\",\"target\":{\"@type\":\"EntryPoint\",\"urlTemplate\":\"https:\\\/\\\/www.fcbarcelonanoticias.com\\\/en\\\/?s={search_term_string}\"},\"query-input\":{\"@type\":\"PropertyValueSpecification\",\"valueRequired\":true,\"valueName\":\"search_term_string\"}}],\"inLanguage\":\"en-US\"},{\"@type\":\"Person\",\"@id\":\"https:\\\/\\\/www.fcbarcelonanoticias.com\\\/en\\\/#\\\/schema\\\/person\\\/fcdad55cab72b8d0e106d75506783b6d\",\"name\":\"user_4048\",\"image\":{\"@type\":\"ImageObject\",\"inLanguage\":\"en-US\",\"@id\":\"https:\\\/\\\/secure.gravatar.com\\\/avatar\\\/?s=96&d=mm&r=g\",\"url\":\"https:\\\/\\\/secure.gravatar.com\\\/avatar\\\/?s=96&d=mm&r=g\",\"contentUrl\":\"https:\\\/\\\/secure.gravatar.com\\\/avatar\\\/?s=96&d=mm&r=g\",\"caption\":\"user_4048\"},\"url\":\"https:\\\/\\\/www.fcbarcelonanoticias.com\\\/en\\\/user_4048.html\"}]}<\/script>\n<!-- \/ Yoast SEO plugin. -->","yoast_head_json":{"title":"The risks that take Bar\u00e7a if N\u00e9lson Semedo is sold","description":"The Bar\u00e7a prepares to close some sales in the summer of 2020, and one of the most likely is the one of N\u00e9lson Semedo. His exit is a possibility interests...","robots":{"index":"index","follow":"follow","max-snippet":"max-snippet:-1","max-image-preview":"max-image-preview:large","max-video-preview":"max-video-preview:-1"},"canonical":"https:\/\/www.fcbarcelonanoticias.com\/en\/players\/risks-that-take-barcelona-if-nelson-semedo-is-sold_257846_102.html","og_locale":"en_US","og_type":"article","og_title":"The risks that take Bar\u00e7a if N\u00e9lson Semedo is sold","og_description":"The Bar\u00e7a prepares to close some sales in the summer of 2020, and one of the most likely is the one of N\u00e9lson Semedo. His exit is a possibility interests...","og_url":"https:\/\/www.fcbarcelonanoticias.com\/en\/players\/risks-that-take-barcelona-if-nelson-semedo-is-sold_257846_102.html","og_site_name":"EN - FC Barcelona Noticias","article_published_time":"2020-05-20T19:31:00+00:00","article_modified_time":"2020-05-20T22:04:00+00:00","og_image":[{"width":1200,"height":675,"url":"https:\/\/www.fcbarcelonanoticias.com\/en\/wp-content\/uploads\/sites\/2\/2020\/05\/nelsonsemedo-entreno6.jpeg","type":"image\/jpeg"}],"author":"user_4048","twitter_card":"summary_large_image","twitter_misc":{"Written by":"user_4048","Est. reading time":"3 minutes"},"schema":{"@context":"https:\/\/schema.org","@graph":[{"@type":"Article","@id":"https:\/\/www.fcbarcelonanoticias.com\/en\/players\/risks-that-take-barcelona-if-nelson-semedo-is-sold_257846_102.html#article","isPartOf":{"@id":"https:\/\/www.fcbarcelonanoticias.com\/en\/players\/risks-that-take-barcelona-if-nelson-semedo-is-sold_257846_102.html"},"author":{"name":"user_4048","@id":"https:\/\/www.fcbarcelonanoticias.com\/en\/#\/schema\/person\/fcdad55cab72b8d0e106d75506783b6d"},"headline":"The risks that take Bar\u00e7a if N\u00e9lson Semedo is sold","datePublished":"2020-05-20T19:31:00+00:00","dateModified":"2020-05-20T22:04:00+00:00","mainEntityOfPage":{"@id":"https:\/\/www.fcbarcelonanoticias.com\/en\/players\/risks-that-take-barcelona-if-nelson-semedo-is-sold_257846_102.html"},"wordCount":641,"image":{"@id":"https:\/\/www.fcbarcelonanoticias.com\/en\/players\/risks-that-take-barcelona-if-nelson-semedo-is-sold_257846_102.html#primaryimage"},"thumbnailUrl":"https:\/\/www.fcbarcelonanoticias.com\/en\/wp-content\/uploads\/sites\/2\/2020\/05\/nelsonsemedo-entreno6.jpeg","keywords":["Nelson Semedo"],"articleSection":["Players","Players"],"inLanguage":"en-US"},{"@type":"WebPage","@id":"https:\/\/www.fcbarcelonanoticias.com\/en\/players\/risks-that-take-barcelona-if-nelson-semedo-is-sold_257846_102.html","url":"https:\/\/www.fcbarcelonanoticias.com\/en\/players\/risks-that-take-barcelona-if-nelson-semedo-is-sold_257846_102.html","name":"The risks that take Bar\u00e7a if N\u00e9lson Semedo is sold","isPartOf":{"@id":"https:\/\/www.fcbarcelonanoticias.com\/en\/#website"},"primaryImageOfPage":{"@id":"https:\/\/www.fcbarcelonanoticias.com\/en\/players\/risks-that-take-barcelona-if-nelson-semedo-is-sold_257846_102.html#primaryimage"},"image":{"@id":"https:\/\/www.fcbarcelonanoticias.com\/en\/players\/risks-that-take-barcelona-if-nelson-semedo-is-sold_257846_102.html#primaryimage"},"thumbnailUrl":"https:\/\/www.fcbarcelonanoticias.com\/en\/wp-content\/uploads\/sites\/2\/2020\/05\/nelsonsemedo-entreno6.jpeg","datePublished":"2020-05-20T19:31:00+00:00","dateModified":"2020-05-20T22:04:00+00:00","author":{"@id":"https:\/\/www.fcbarcelonanoticias.com\/en\/#\/schema\/person\/fcdad55cab72b8d0e106d75506783b6d"},"description":"The Bar\u00e7a prepares to close some sales in the summer of 2020, and one of the most likely is the one of N\u00e9lson Semedo. His exit is a possibility interests...","breadcrumb":{"@id":"https:\/\/www.fcbarcelonanoticias.com\/en\/players\/risks-that-take-barcelona-if-nelson-semedo-is-sold_257846_102.html#breadcrumb"},"inLanguage":"en-US","potentialAction":[{"@type":"ReadAction","target":["https:\/\/www.fcbarcelonanoticias.com\/en\/players\/risks-that-take-barcelona-if-nelson-semedo-is-sold_257846_102.html"]}]},{"@type":"ImageObject","inLanguage":"en-US","@id":"https:\/\/www.fcbarcelonanoticias.com\/en\/players\/risks-that-take-barcelona-if-nelson-semedo-is-sold_257846_102.html#primaryimage","url":"https:\/\/www.fcbarcelonanoticias.com\/en\/wp-content\/uploads\/sites\/2\/2020\/05\/nelsonsemedo-entreno6.jpeg","contentUrl":"https:\/\/www.fcbarcelonanoticias.com\/en\/wp-content\/uploads\/sites\/2\/2020\/05\/nelsonsemedo-entreno6.jpeg","width":1200,"height":675},{"@type":"BreadcrumbList","@id":"https:\/\/www.fcbarcelonanoticias.com\/en\/players\/risks-that-take-barcelona-if-nelson-semedo-is-sold_257846_102.html#breadcrumb","itemListElement":[{"@type":"ListItem","position":1,"name":"Portada","item":"https:\/\/www.fcbarcelonanoticias.com\/en\/"},{"@type":"ListItem","position":2,"name":"The risks that take Bar\u00e7a if N\u00e9lson Semedo is sold"}]},{"@type":"WebSite","@id":"https:\/\/www.fcbarcelonanoticias.com\/en\/#website","url":"https:\/\/www.fcbarcelonanoticias.com\/en\/","name":"EN - FC Barcelona Noticias","description":"","potentialAction":[{"@type":"SearchAction","target":{"@type":"EntryPoint","urlTemplate":"https:\/\/www.fcbarcelonanoticias.com\/en\/?s={search_term_string}"},"query-input":{"@type":"PropertyValueSpecification","valueRequired":true,"valueName":"search_term_string"}}],"inLanguage":"en-US"},{"@type":"Person","@id":"https:\/\/www.fcbarcelonanoticias.com\/en\/#\/schema\/person\/fcdad55cab72b8d0e106d75506783b6d","name":"user_4048","image":{"@type":"ImageObject","inLanguage":"en-US","@id":"https:\/\/secure.gravatar.com\/avatar\/?s=96&d=mm&r=g","url":"https:\/\/secure.gravatar.com\/avatar\/?s=96&d=mm&r=g","contentUrl":"https:\/\/secure.gravatar.com\/avatar\/?s=96&d=mm&r=g","caption":"user_4048"},"url":"https:\/\/www.fcbarcelonanoticias.com\/en\/user_4048.html"}]}},"_links":{"self":[{"href":"https:\/\/www.fcbarcelonanoticias.com\/en\/wp-json\/wp\/v2\/posts\/77073","targetHints":{"allow":["GET"]}}],"collection":[{"href":"https:\/\/www.fcbarcelonanoticias.com\/en\/wp-json\/wp\/v2\/posts"}],"about":[{"href":"https:\/\/www.fcbarcelonanoticias.com\/en\/wp-json\/wp\/v2\/types\/post"}],"author":[{"embeddable":true,"href":"https:\/\/www.fcbarcelonanoticias.com\/en\/wp-json\/wp\/v2\/users\/392"}],"replies":[{"embeddable":true,"href":"https:\/\/www.fcbarcelonanoticias.com\/en\/wp-json\/wp\/v2\/comments?post=77073"}],"version-history":[{"count":1,"href":"https:\/\/www.fcbarcelonanoticias.com\/en\/wp-json\/wp\/v2\/posts\/77073\/revisions"}],"predecessor-version":[{"id":77074,"href":"https:\/\/www.fcbarcelonanoticias.com\/en\/wp-json\/wp\/v2\/posts\/77073\/revisions\/77074"}],"wp:featuredmedia":[{"embeddable":true,"href":"https:\/\/www.fcbarcelonanoticias.com\/en\/wp-json\/wp\/v2\/media\/77077"}],"wp:attachment":[{"href":"https:\/\/www.fcbarcelonanoticias.com\/en\/wp-json\/wp\/v2\/media?parent=77073"}],"wp:term":[{"taxonomy":"category","embeddable":true,"href":"https:\/\/www.fcbarcelonanoticias.com\/en\/wp-json\/wp\/v2\/categories?post=77073"},{"taxonomy":"post_tag","embeddable":true,"href":"https:\/\/www.fcbarcelonanoticias.com\/en\/wp-json\/wp\/v2\/tags?post=77073"}],"curies":[{"name":"wp","href":"https:\/\/api.w.org\/{rel}","templated":true}]}}