{"id":7710,"date":"2024-07-04T14:29:00","date_gmt":"2024-07-04T12:29:00","guid":{"rendered":"https:\/\/weisetech.dev\/fc-barcelona-noticias\/en\/defined-the-dates-and-the-teams-participants-of-the-glass-of-the-king-2024-25_305124_102\/"},"modified":"2024-07-06T03:16:00","modified_gmt":"2024-07-06T01:16:00","slug":"defined-the-dates-and-the-teams-participants-of-the-glass-of-the-king-2024-25_305124_102","status":"publish","type":"post","link":"https:\/\/www.fcbarcelonanoticias.com\/en\/copa-del-rey\/defined-the-dates-and-the-teams-participants-of-the-glass-of-the-king-2024-25_305124_102.html","title":{"rendered":"The dates and participating teams of the Copa del Rey 2024\/25 have been defined"},"content":{"rendered":"<h2 class=\"wp-block-heading\">The RFEF has already informed professional and non-professional clubs what the next edition of the Copa del Rey will be like. 115 teams will participate and it will begin on October 30<\/h2>  \r\n<div class=\"article-addons\">\r\n    <a href=\"https:\/\/www.fcbarcelonanoticias.com\/en\/calendar-fc-barcelona.html\"\r\n       target=\"_self\"\r\n       title=\"Calendar of FC Barcelona\"\r\n       class=\"blue-gredient-btn\">\r\n       \r\n        Calendar of FC Barcelona    <\/a>\r\n<\/div>   <p>The <a data-external=\"0\" data-intl-links-en=\"https:\/\/www.fcbarcelonanoticias.com\/en\/tags\/rfef\" data-intl-links-es=\"https:\/\/www.fcbarcelonanoticias.com\/tags\/rfef\" href=\"https:\/\/www.fcbarcelonanoticias.com\/en\/tags\/rfef.html\" rel=\"follow\" target=\"_self\" title=\"RFEF\">Real Spanish Federation of Football<\/a> already has communicated him to the professional and no professional clubs the format of the next edition of <a data-external=\"0\" data-intl-links-en=\"https:\/\/www.fcbarcelonanoticias.com\/en\/copa-del-rey\" data-intl-links-es=\"https:\/\/www.fcbarcelonanoticias.com\/copa-del-rey\" href=\"https:\/\/www.fcbarcelonanoticias.com\/en\/football-soccer\/copa-del-rey.html\" rel=\"follow\" target=\"_self\" title=\"Copa del Rey\">the Glass of Rey<\/a> and his rule for the course 24\/25.<strong> The tournament will be conformed by 115 teams, of which only 42 are professional<\/strong>. And it is that to the First and Second Division have added 10 institutions that the past season participated in First RFEF: Sportive, Gimn\u00e0stic of Tarragona, Ponferradina, Cultural and sportive Leonese, Unionistas of Salamanca, Castell\u00f3n, C\u00f3rdoba, M\u00e1laga, Ibiza and Ceuta.<\/p>  <p><strong>To these squares add other 25 that were in Second RFEF:<\/strong> Ourense, Pontevedra, Zamora, Guijuelo , Langreo, Barakaldo, UD Logro\u00f1\u00e9s; Utebo, Tudelano, Barbastro, H\u00e9rciles, Europe, Badalona Futur, Sant Andreu, Lleida, Yeclano, Mabella, Orihuela, Estepona, Senior eagles; Gymnastic segoviana, San Sebasti\u00e1n of The Kings, Numancia, Athletic Step and Cacere\u00f1o.<\/p>  <p>Finally, <strong>the local tournament complete with the 25 of the Third past Federation:<\/strong> Berganti\u00f1os, Llanera, Escobedo, Beasain, Olot, Jove Saint Spanish Vicente, M\u00f3stoles, Real \u00c1vila, Youth of Torremolinos, Real Ja\u00e9n, Xerez, City of Lucena, Ibiza Islands Pitiusas; Coria, Don Benito, CD Cort\u00e9s, CD Alfaro, Ejea, Conquense, Laredo, Hospitalet, Salamanca CF, Lancelot, Sportive Mining and Cuarte.<\/p>  <h2>The format of the eliminatory rounds<\/h2>  <p><strong>The previous round of the edition 2024\/25 of the Glass of the King will be contested by the 20 teams classified of territorial category<\/strong>. The crosses will be defined by means of a draw, which will be based under the criterion of geographic vicinity, placing the clubs in 4 glasses.<\/p>  <p>Later, the first round will consist of 55 parties, where will participate 110 teams of the 115 participants. <strong>Only they will remain exentos the Champion of First Federation and the teams participants in the tournament of Supercopa that begin his participation in the competition in dieciseisavos of final (FC Barcelona, Real Madrid, Athletic and Mallorca)<\/strong>. This phase will begin on 30 October and his duels are to only party. In the meantime, the second round, which will initiate on 4 December, will be contested by the victorious clubs of the eliminatory previous, more the champion of First Federation, in 28 meetings and also to only party.<\/p>  <p>In the round of dieciseisavos of final go in the clubs classified in the previous phase and the four teams of the Supercopa of Spain, contesting also to only a party in the field of inferior category. The eighth of final, also to only party, are pautados for 15 January, whereas the chambers, under the same format of only party, are stipulated for 5 February. <strong>The semifinals will be to two games, with the gone fixed on 26 February and the turn on 2 April, and the final will carry out on 26 April in the Stadium of the Cartuja<\/strong>.<\/p>  <h2>The clear-cut calendar<\/h2>  <ul> <li> <strong>First round:<\/strong> 30 October<\/li> \t<li> <strong>Second round:<\/strong> 4 December<\/li> \t<li> <strong>1\/16 of final:<\/strong> 5 January<\/li> \t<li> <strong>1\/8 of final:<\/strong> 15 January<\/li> \t<li> <strong>1\/4 of final:<\/strong> 5 February<\/li> \t<li> <strong>1\/2 gone:<\/strong> 26 February<\/li> \t<li> <strong>1\/2 turn:<\/strong> 2 April<\/li> \t<li> <strong>Final:<\/strong> 26 April<\/li> <\/ul> ","protected":false},"excerpt":{"rendered":"<p>The RFEF has already informed professional and non-professional clubs what the next edition of the Copa del Rey will be like. 115 teams will participate and it will begin on October 30 The Real Spanish Federation of Football already has communicated him to the professional and no professional clubs the format of the next edition [&hellip;]<\/p>\n","protected":false},"author":358,"featured_media":7692,"comment_status":"closed","ping_status":"open","sticky":false,"template":"","format":"standard","meta":{"_acf_changed":false,"inline_featured_image":false,"_nextfly_llmd_date_locked":false,"footnotes":""},"categories":[118,446],"tags":[],"class_list":["post-7710","post","type-post","status-publish","format-standard","has-post-thumbnail","hentry","category-copa-del-rey","category-copa-del-rey-2"],"acf":[],"yoast_head":"<!-- This site is optimized with the Yoast SEO plugin v27.3 - https:\/\/yoast.com\/product\/yoast-seo-wordpress\/ -->\n<title>Defined the dates and the teams participants of the Glass of the King 2024\/25<\/title>\n<meta name=\"description\" content=\"The RFEF already has communicated to the professional and no professional clubs how will be the next edition of the Glass of Rey. They will participate 115 teams and will initiate the next 30 October\" \/>\n<meta name=\"robots\" content=\"index, follow, max-snippet:-1, max-image-preview:large, max-video-preview:-1\" \/>\n<link rel=\"canonical\" href=\"https:\/\/www.fcbarcelonanoticias.com\/en\/copa-del-rey\/defined-the-dates-and-the-teams-participants-of-the-glass-of-the-king-2024-25_305124_102.html\" \/>\n<meta property=\"og:locale\" content=\"en_US\" \/>\n<meta property=\"og:type\" content=\"article\" \/>\n<meta property=\"og:title\" content=\"Defined the dates and the teams participants of the Glass of the King 2024\/25\" \/>\n<meta property=\"og:description\" content=\"The RFEF already has communicated to the professional and no professional clubs how will be the next edition of the Glass of Rey. They will participate 115 teams and will initiate the next 30 October\" \/>\n<meta property=\"og:url\" content=\"https:\/\/www.fcbarcelonanoticias.com\/en\/copa-del-rey\/defined-the-dates-and-the-teams-participants-of-the-glass-of-the-king-2024-25_305124_102.html\" \/>\n<meta property=\"og:site_name\" content=\"EN - FC Barcelona Noticias\" \/>\n<meta property=\"article:published_time\" content=\"2024-07-04T12:29:00+00:00\" \/>\n<meta property=\"article:modified_time\" content=\"2024-07-06T01:16:00+00:00\" \/>\n<meta property=\"og:image\" content=\"https:\/\/www.fcbarcelonanoticias.com\/en\/wp-content\/uploads\/sites\/2\/2021\/02\/sorteo-copa-rey.jpeg\" \/>\n\t<meta property=\"og:image:width\" content=\"1200\" \/>\n\t<meta property=\"og:image:height\" content=\"709\" \/>\n\t<meta property=\"og:image:type\" content=\"image\/jpeg\" \/>\n<meta name=\"author\" content=\"Juan Pablo Berdugo\" \/>\n<meta name=\"twitter:card\" content=\"summary_large_image\" \/>\n<meta name=\"twitter:label1\" content=\"Written by\" \/>\n\t<meta name=\"twitter:data1\" content=\"Juan Pablo Berdugo\" \/>\n\t<meta name=\"twitter:label2\" content=\"Est. reading time\" \/>\n\t<meta name=\"twitter:data2\" content=\"2 minutes\" \/>\n<script type=\"application\/ld+json\" class=\"yoast-schema-graph\">{\"@context\":\"https:\\\/\\\/schema.org\",\"@graph\":[{\"@type\":\"Article\",\"@id\":\"https:\\\/\\\/www.fcbarcelonanoticias.com\\\/en\\\/copa-del-rey\\\/defined-the-dates-and-the-teams-participants-of-the-glass-of-the-king-2024-25_305124_102.html#article\",\"isPartOf\":{\"@id\":\"https:\\\/\\\/www.fcbarcelonanoticias.com\\\/en\\\/copa-del-rey\\\/defined-the-dates-and-the-teams-participants-of-the-glass-of-the-king-2024-25_305124_102.html\"},\"author\":{\"name\":\"Juan Pablo Berdugo\",\"@id\":\"https:\\\/\\\/www.fcbarcelonanoticias.com\\\/en\\\/#\\\/schema\\\/person\\\/88d756918a0a1ae9fa593b5edddd1815\"},\"headline\":\"The dates and participating teams of the Copa del Rey 2024\\\/25 have been defined\",\"datePublished\":\"2024-07-04T12:29:00+00:00\",\"dateModified\":\"2024-07-06T01:16:00+00:00\",\"mainEntityOfPage\":{\"@id\":\"https:\\\/\\\/www.fcbarcelonanoticias.com\\\/en\\\/copa-del-rey\\\/defined-the-dates-and-the-teams-participants-of-the-glass-of-the-king-2024-25_305124_102.html\"},\"wordCount\":512,\"image\":{\"@id\":\"https:\\\/\\\/www.fcbarcelonanoticias.com\\\/en\\\/copa-del-rey\\\/defined-the-dates-and-the-teams-participants-of-the-glass-of-the-king-2024-25_305124_102.html#primaryimage\"},\"thumbnailUrl\":\"https:\\\/\\\/www.fcbarcelonanoticias.com\\\/en\\\/wp-content\\\/uploads\\\/sites\\\/2\\\/2021\\\/02\\\/sorteo-copa-rey.jpeg\",\"articleSection\":[\"Copa del Rey\",\"Copa del Rey\"],\"inLanguage\":\"en-US\"},{\"@type\":\"WebPage\",\"@id\":\"https:\\\/\\\/www.fcbarcelonanoticias.com\\\/en\\\/copa-del-rey\\\/defined-the-dates-and-the-teams-participants-of-the-glass-of-the-king-2024-25_305124_102.html\",\"url\":\"https:\\\/\\\/www.fcbarcelonanoticias.com\\\/en\\\/copa-del-rey\\\/defined-the-dates-and-the-teams-participants-of-the-glass-of-the-king-2024-25_305124_102.html\",\"name\":\"Defined the dates and the teams participants of the Glass of the King 2024\\\/25\",\"isPartOf\":{\"@id\":\"https:\\\/\\\/www.fcbarcelonanoticias.com\\\/en\\\/#website\"},\"primaryImageOfPage\":{\"@id\":\"https:\\\/\\\/www.fcbarcelonanoticias.com\\\/en\\\/copa-del-rey\\\/defined-the-dates-and-the-teams-participants-of-the-glass-of-the-king-2024-25_305124_102.html#primaryimage\"},\"image\":{\"@id\":\"https:\\\/\\\/www.fcbarcelonanoticias.com\\\/en\\\/copa-del-rey\\\/defined-the-dates-and-the-teams-participants-of-the-glass-of-the-king-2024-25_305124_102.html#primaryimage\"},\"thumbnailUrl\":\"https:\\\/\\\/www.fcbarcelonanoticias.com\\\/en\\\/wp-content\\\/uploads\\\/sites\\\/2\\\/2021\\\/02\\\/sorteo-copa-rey.jpeg\",\"datePublished\":\"2024-07-04T12:29:00+00:00\",\"dateModified\":\"2024-07-06T01:16:00+00:00\",\"author\":{\"@id\":\"https:\\\/\\\/www.fcbarcelonanoticias.com\\\/en\\\/#\\\/schema\\\/person\\\/88d756918a0a1ae9fa593b5edddd1815\"},\"description\":\"The RFEF already has communicated to the professional and no professional clubs how will be the next edition of the Glass of Rey. They will participate 115 teams and will initiate the next 30 October\",\"breadcrumb\":{\"@id\":\"https:\\\/\\\/www.fcbarcelonanoticias.com\\\/en\\\/copa-del-rey\\\/defined-the-dates-and-the-teams-participants-of-the-glass-of-the-king-2024-25_305124_102.html#breadcrumb\"},\"inLanguage\":\"en-US\",\"potentialAction\":[{\"@type\":\"ReadAction\",\"target\":[\"https:\\\/\\\/www.fcbarcelonanoticias.com\\\/en\\\/copa-del-rey\\\/defined-the-dates-and-the-teams-participants-of-the-glass-of-the-king-2024-25_305124_102.html\"]}]},{\"@type\":\"ImageObject\",\"inLanguage\":\"en-US\",\"@id\":\"https:\\\/\\\/www.fcbarcelonanoticias.com\\\/en\\\/copa-del-rey\\\/defined-the-dates-and-the-teams-participants-of-the-glass-of-the-king-2024-25_305124_102.html#primaryimage\",\"url\":\"https:\\\/\\\/www.fcbarcelonanoticias.com\\\/en\\\/wp-content\\\/uploads\\\/sites\\\/2\\\/2021\\\/02\\\/sorteo-copa-rey.jpeg\",\"contentUrl\":\"https:\\\/\\\/www.fcbarcelonanoticias.com\\\/en\\\/wp-content\\\/uploads\\\/sites\\\/2\\\/2021\\\/02\\\/sorteo-copa-rey.jpeg\",\"width\":1200,\"height\":709},{\"@type\":\"BreadcrumbList\",\"@id\":\"https:\\\/\\\/www.fcbarcelonanoticias.com\\\/en\\\/copa-del-rey\\\/defined-the-dates-and-the-teams-participants-of-the-glass-of-the-king-2024-25_305124_102.html#breadcrumb\",\"itemListElement\":[{\"@type\":\"ListItem\",\"position\":1,\"name\":\"Portada\",\"item\":\"https:\\\/\\\/www.fcbarcelonanoticias.com\\\/en\\\/\"},{\"@type\":\"ListItem\",\"position\":2,\"name\":\"The dates and participating teams of the Copa del Rey 2024\\\/25 have been defined\"}]},{\"@type\":\"WebSite\",\"@id\":\"https:\\\/\\\/www.fcbarcelonanoticias.com\\\/en\\\/#website\",\"url\":\"https:\\\/\\\/www.fcbarcelonanoticias.com\\\/en\\\/\",\"name\":\"EN - FC Barcelona Noticias\",\"description\":\"\",\"potentialAction\":[{\"@type\":\"SearchAction\",\"target\":{\"@type\":\"EntryPoint\",\"urlTemplate\":\"https:\\\/\\\/www.fcbarcelonanoticias.com\\\/en\\\/?s={search_term_string}\"},\"query-input\":{\"@type\":\"PropertyValueSpecification\",\"valueRequired\":true,\"valueName\":\"search_term_string\"}}],\"inLanguage\":\"en-US\"},{\"@type\":\"Person\",\"@id\":\"https:\\\/\\\/www.fcbarcelonanoticias.com\\\/en\\\/#\\\/schema\\\/person\\\/88d756918a0a1ae9fa593b5edddd1815\",\"name\":\"Juan Pablo Berdugo\",\"image\":{\"@type\":\"ImageObject\",\"inLanguage\":\"en-US\",\"@id\":\"https:\\\/\\\/secure.gravatar.com\\\/avatar\\\/?s=96&d=mm&r=g\",\"url\":\"https:\\\/\\\/secure.gravatar.com\\\/avatar\\\/?s=96&d=mm&r=g\",\"contentUrl\":\"https:\\\/\\\/secure.gravatar.com\\\/avatar\\\/?s=96&d=mm&r=g\",\"caption\":\"Juan Pablo Berdugo\"},\"description\":\"Juan Pablo Berdugo es graduado en Periodismo. Colabora con FCBN como especialista en informaci\u00f3n del primer equipo del FC Barcelona, f\u00fatbol internacional y mercado de fichajes. Destaca por su enfoque anal\u00edtico, su rigor informativo y su capacidad para detectar tendencias emergentes en el f\u00fatbol global.\",\"url\":\"https:\\\/\\\/www.fcbarcelonanoticias.com\\\/en\\\/fc-barcelona\\\/juan-pablo-berdugo_18_115.html\"}]}<\/script>\n<!-- \/ Yoast SEO plugin. -->","yoast_head_json":{"title":"Defined the dates and the teams participants of the Glass of the King 2024\/25","description":"The RFEF already has communicated to the professional and no professional clubs how will be the next edition of the Glass of Rey. They will participate 115 teams and will initiate the next 30 October","robots":{"index":"index","follow":"follow","max-snippet":"max-snippet:-1","max-image-preview":"max-image-preview:large","max-video-preview":"max-video-preview:-1"},"canonical":"https:\/\/www.fcbarcelonanoticias.com\/en\/copa-del-rey\/defined-the-dates-and-the-teams-participants-of-the-glass-of-the-king-2024-25_305124_102.html","og_locale":"en_US","og_type":"article","og_title":"Defined the dates and the teams participants of the Glass of the King 2024\/25","og_description":"The RFEF already has communicated to the professional and no professional clubs how will be the next edition of the Glass of Rey. They will participate 115 teams and will initiate the next 30 October","og_url":"https:\/\/www.fcbarcelonanoticias.com\/en\/copa-del-rey\/defined-the-dates-and-the-teams-participants-of-the-glass-of-the-king-2024-25_305124_102.html","og_site_name":"EN - FC Barcelona Noticias","article_published_time":"2024-07-04T12:29:00+00:00","article_modified_time":"2024-07-06T01:16:00+00:00","og_image":[{"width":1200,"height":709,"url":"https:\/\/www.fcbarcelonanoticias.com\/en\/wp-content\/uploads\/sites\/2\/2021\/02\/sorteo-copa-rey.jpeg","type":"image\/jpeg"}],"author":"Juan Pablo Berdugo","twitter_card":"summary_large_image","twitter_misc":{"Written by":"Juan Pablo Berdugo","Est. reading time":"2 minutes"},"schema":{"@context":"https:\/\/schema.org","@graph":[{"@type":"Article","@id":"https:\/\/www.fcbarcelonanoticias.com\/en\/copa-del-rey\/defined-the-dates-and-the-teams-participants-of-the-glass-of-the-king-2024-25_305124_102.html#article","isPartOf":{"@id":"https:\/\/www.fcbarcelonanoticias.com\/en\/copa-del-rey\/defined-the-dates-and-the-teams-participants-of-the-glass-of-the-king-2024-25_305124_102.html"},"author":{"name":"Juan Pablo Berdugo","@id":"https:\/\/www.fcbarcelonanoticias.com\/en\/#\/schema\/person\/88d756918a0a1ae9fa593b5edddd1815"},"headline":"The dates and participating teams of the Copa del Rey 2024\/25 have been defined","datePublished":"2024-07-04T12:29:00+00:00","dateModified":"2024-07-06T01:16:00+00:00","mainEntityOfPage":{"@id":"https:\/\/www.fcbarcelonanoticias.com\/en\/copa-del-rey\/defined-the-dates-and-the-teams-participants-of-the-glass-of-the-king-2024-25_305124_102.html"},"wordCount":512,"image":{"@id":"https:\/\/www.fcbarcelonanoticias.com\/en\/copa-del-rey\/defined-the-dates-and-the-teams-participants-of-the-glass-of-the-king-2024-25_305124_102.html#primaryimage"},"thumbnailUrl":"https:\/\/www.fcbarcelonanoticias.com\/en\/wp-content\/uploads\/sites\/2\/2021\/02\/sorteo-copa-rey.jpeg","articleSection":["Copa del Rey","Copa del Rey"],"inLanguage":"en-US"},{"@type":"WebPage","@id":"https:\/\/www.fcbarcelonanoticias.com\/en\/copa-del-rey\/defined-the-dates-and-the-teams-participants-of-the-glass-of-the-king-2024-25_305124_102.html","url":"https:\/\/www.fcbarcelonanoticias.com\/en\/copa-del-rey\/defined-the-dates-and-the-teams-participants-of-the-glass-of-the-king-2024-25_305124_102.html","name":"Defined the dates and the teams participants of the Glass of the King 2024\/25","isPartOf":{"@id":"https:\/\/www.fcbarcelonanoticias.com\/en\/#website"},"primaryImageOfPage":{"@id":"https:\/\/www.fcbarcelonanoticias.com\/en\/copa-del-rey\/defined-the-dates-and-the-teams-participants-of-the-glass-of-the-king-2024-25_305124_102.html#primaryimage"},"image":{"@id":"https:\/\/www.fcbarcelonanoticias.com\/en\/copa-del-rey\/defined-the-dates-and-the-teams-participants-of-the-glass-of-the-king-2024-25_305124_102.html#primaryimage"},"thumbnailUrl":"https:\/\/www.fcbarcelonanoticias.com\/en\/wp-content\/uploads\/sites\/2\/2021\/02\/sorteo-copa-rey.jpeg","datePublished":"2024-07-04T12:29:00+00:00","dateModified":"2024-07-06T01:16:00+00:00","author":{"@id":"https:\/\/www.fcbarcelonanoticias.com\/en\/#\/schema\/person\/88d756918a0a1ae9fa593b5edddd1815"},"description":"The RFEF already has communicated to the professional and no professional clubs how will be the next edition of the Glass of Rey. They will participate 115 teams and will initiate the next 30 October","breadcrumb":{"@id":"https:\/\/www.fcbarcelonanoticias.com\/en\/copa-del-rey\/defined-the-dates-and-the-teams-participants-of-the-glass-of-the-king-2024-25_305124_102.html#breadcrumb"},"inLanguage":"en-US","potentialAction":[{"@type":"ReadAction","target":["https:\/\/www.fcbarcelonanoticias.com\/en\/copa-del-rey\/defined-the-dates-and-the-teams-participants-of-the-glass-of-the-king-2024-25_305124_102.html"]}]},{"@type":"ImageObject","inLanguage":"en-US","@id":"https:\/\/www.fcbarcelonanoticias.com\/en\/copa-del-rey\/defined-the-dates-and-the-teams-participants-of-the-glass-of-the-king-2024-25_305124_102.html#primaryimage","url":"https:\/\/www.fcbarcelonanoticias.com\/en\/wp-content\/uploads\/sites\/2\/2021\/02\/sorteo-copa-rey.jpeg","contentUrl":"https:\/\/www.fcbarcelonanoticias.com\/en\/wp-content\/uploads\/sites\/2\/2021\/02\/sorteo-copa-rey.jpeg","width":1200,"height":709},{"@type":"BreadcrumbList","@id":"https:\/\/www.fcbarcelonanoticias.com\/en\/copa-del-rey\/defined-the-dates-and-the-teams-participants-of-the-glass-of-the-king-2024-25_305124_102.html#breadcrumb","itemListElement":[{"@type":"ListItem","position":1,"name":"Portada","item":"https:\/\/www.fcbarcelonanoticias.com\/en\/"},{"@type":"ListItem","position":2,"name":"The dates and participating teams of the Copa del Rey 2024\/25 have been defined"}]},{"@type":"WebSite","@id":"https:\/\/www.fcbarcelonanoticias.com\/en\/#website","url":"https:\/\/www.fcbarcelonanoticias.com\/en\/","name":"EN - FC Barcelona Noticias","description":"","potentialAction":[{"@type":"SearchAction","target":{"@type":"EntryPoint","urlTemplate":"https:\/\/www.fcbarcelonanoticias.com\/en\/?s={search_term_string}"},"query-input":{"@type":"PropertyValueSpecification","valueRequired":true,"valueName":"search_term_string"}}],"inLanguage":"en-US"},{"@type":"Person","@id":"https:\/\/www.fcbarcelonanoticias.com\/en\/#\/schema\/person\/88d756918a0a1ae9fa593b5edddd1815","name":"Juan Pablo Berdugo","image":{"@type":"ImageObject","inLanguage":"en-US","@id":"https:\/\/secure.gravatar.com\/avatar\/?s=96&d=mm&r=g","url":"https:\/\/secure.gravatar.com\/avatar\/?s=96&d=mm&r=g","contentUrl":"https:\/\/secure.gravatar.com\/avatar\/?s=96&d=mm&r=g","caption":"Juan Pablo Berdugo"},"description":"Juan Pablo Berdugo es graduado en Periodismo. Colabora con FCBN como especialista en informaci\u00f3n del primer equipo del FC Barcelona, f\u00fatbol internacional y mercado de fichajes. Destaca por su enfoque anal\u00edtico, su rigor informativo y su capacidad para detectar tendencias emergentes en el f\u00fatbol global.","url":"https:\/\/www.fcbarcelonanoticias.com\/en\/fc-barcelona\/juan-pablo-berdugo_18_115.html"}]}},"_links":{"self":[{"href":"https:\/\/www.fcbarcelonanoticias.com\/en\/wp-json\/wp\/v2\/posts\/7710","targetHints":{"allow":["GET"]}}],"collection":[{"href":"https:\/\/www.fcbarcelonanoticias.com\/en\/wp-json\/wp\/v2\/posts"}],"about":[{"href":"https:\/\/www.fcbarcelonanoticias.com\/en\/wp-json\/wp\/v2\/types\/post"}],"author":[{"embeddable":true,"href":"https:\/\/www.fcbarcelonanoticias.com\/en\/wp-json\/wp\/v2\/users\/358"}],"replies":[{"embeddable":true,"href":"https:\/\/www.fcbarcelonanoticias.com\/en\/wp-json\/wp\/v2\/comments?post=7710"}],"version-history":[{"count":1,"href":"https:\/\/www.fcbarcelonanoticias.com\/en\/wp-json\/wp\/v2\/posts\/7710\/revisions"}],"predecessor-version":[{"id":104152,"href":"https:\/\/www.fcbarcelonanoticias.com\/en\/wp-json\/wp\/v2\/posts\/7710\/revisions\/104152"}],"wp:featuredmedia":[{"embeddable":true,"href":"https:\/\/www.fcbarcelonanoticias.com\/en\/wp-json\/wp\/v2\/media\/7692"}],"wp:attachment":[{"href":"https:\/\/www.fcbarcelonanoticias.com\/en\/wp-json\/wp\/v2\/media?parent=7710"}],"wp:term":[{"taxonomy":"category","embeddable":true,"href":"https:\/\/www.fcbarcelonanoticias.com\/en\/wp-json\/wp\/v2\/categories?post=7710"},{"taxonomy":"post_tag","embeddable":true,"href":"https:\/\/www.fcbarcelonanoticias.com\/en\/wp-json\/wp\/v2\/tags?post=7710"}],"curies":[{"name":"wp","href":"https:\/\/api.w.org\/{rel}","templated":true}]}}