{"id":77153,"date":"2022-05-06T11:43:00","date_gmt":"2022-05-06T09:43:00","guid":{"rendered":"https:\/\/weisetech.dev\/fc-barcelona-noticias\/en\/riqui-puig-was-decisive-debut-with-barcelona-setien_254783_102\/"},"modified":"2022-05-06T11:43:00","modified_gmt":"2022-05-06T09:43:00","slug":"review-pique-current-barcelona-pedri-gavi-dilemma-with-haaland_280037_102","status":"publish","type":"post","link":"https:\/\/www.fcbarcelonanoticias.com\/en\/players\/review-pique-current-barcelona-pedri-gavi-dilemma-with-haaland_280037_102.html","title":{"rendered":"Piqu\u00e9&#8217;s review of Bar\u00e7a today: Pedri, Gavi and a &#8216;dilemma&#8217; with Haaland"},"content":{"rendered":"<h2 class=\"wp-block-heading\">Gerard Piqu\u00e9 has granted an interview to Gary Neville where he has given his point of view on various day-to-day situations at Bar\u00e7a, such as the present and future of Pedri and Gavi<\/h2>  \r\n<div class=\"article-addons\">\r\n    <a href=\"https:\/\/www.fcbarcelonanoticias.com\/en\/calendar-fc-barcelona.html\"\r\n       target=\"_self\"\r\n       title=\"Calendar of FC Barcelona\"\r\n       class=\"blue-gredient-btn\">\r\n       \r\n        Calendar of FC Barcelona    <\/a>\r\n<\/div>   <p><a data-external=\"0\" data-intl-links-en=\"https:\/\/www.fcbarcelonanoticias.com\/en\/tags\/gerard-pique\" data-intl-links-es=\"https:\/\/www.fcbarcelonanoticias.com\/tags\/gerard-pique\" href=\"https:\/\/www.fcbarcelonanoticias.com\/en\/tags\/gerard-pique.html\" rel=\"follow\" target=\"_self\" title=\"Gerard Piqu\u00e9\">Gerard Hammered<\/a> has offered some words to &#8216;Sky Sports&#8217; during an interview with Gary Neville in the Sportive City of Sant Joan Despi. In her, <strong>the defender spoke on several important subjects in the actuality of the FC Barcelona<\/strong>, like the present and future of Pedri, what mean Erling Haaland and Kylian Mbapp\u00e9, his best moment like footballer, his mates and his favourite player when it was boy.<\/p>  <p>It began mentioning to the most amused of his mates of team and his favourite player when it was small. &#8220;<strong>The funniest is Dani Alves<\/strong>. I think that it is 38 years old and it thought that it went to mature over time but goes on doing pranks each minute.<strong> My first favourite player when it was very young was Fernando Iron because it fixed me in players of my position<\/strong>. Afterwards Rio Ferdinand, when had the opportunity to play with him, and afterwards Puyol or Gabi Milito. Always in my position&#8221;, aimed the central.<\/p>  <p>Also it commented which was his best moment inside the field and to who sees with possibilities to be the best of the world. &#8220;The best of the moments was when we win the World-wide of South Africa 2010. <strong>Pedri Has a lot of options to be the best of the world<\/strong>. Gavi Also is very, very good for his age. They have to grow, but have big talents in Barcelona&#8221;, affirmed with criterion, highlighting to the two &#8216;jewels&#8217; of the Bar\u00e7a.<\/p>  <p>Near to finalise, Neville asked him to the one who would choose between Haaland and Mbapp\u00e9, two of the referents of the world-wide football. &#8220;Halaand And Mbapp\u00e9 are two of the best of the world. They are very young, have potential to win the Balloon of Gold. <strong>I think that Haaland is more leading pure, has marked a lot of goals and Mbapp\u00e9 is a more complete player<\/strong>. It can play like extreme, could play like forward. Both are very good. I did not have the opportunity to play with Haaland, but played with Mbapp\u00e9. Difficult choose&#8221;<\/p>  <h3>The best moment of &#8216;CR7&#8217;<\/h3>  <p>Finally, it wanted to leave clear which has been for him the best stage of Cristiano Ronaldo. &#8220;In Manchester, Cristiano played more than extreme, more centred in the show. <strong>It was more spectacular<\/strong>. In the Madrid began to play of forward and was a figure that marked a lot of goals. It was very important to win the Champions. <strong>It is difficult to choose, but perhaps the Christian of the Madrid because it won more titles<\/strong>&#8220;, concluded.<\/p> ","protected":false},"excerpt":{"rendered":"<p>Gerard Piqu\u00e9 has granted an interview to Gary Neville where he has given his point of view on various day-to-day situations at Bar\u00e7a, such as the present and future of Pedri and Gavi Gerard Hammered has offered some words to &#8216;Sky Sports&#8217; during an interview with Gary Neville in the Sportive City of Sant Joan [&hellip;]<\/p>\n","protected":false},"author":373,"featured_media":75607,"comment_status":"closed","ping_status":"open","sticky":false,"template":"","format":"standard","meta":{"_acf_changed":false,"inline_featured_image":false,"_nextfly_llmd_date_locked":false,"footnotes":""},"categories":[453,107],"tags":[138,225,154,163,171],"class_list":["post-77153","post","type-post","status-publish","format-standard","has-post-thumbnail","hentry","category-players-2","category-players","tag-cristiano-ronaldo","tag-dani-alves","tag-erling-haaland","tag-gerard-pique","tag-mbappe"],"acf":[],"yoast_head":"<!-- This site is optimized with the Yoast SEO plugin v27.3 - https:\/\/yoast.com\/product\/yoast-seo-wordpress\/ -->\n<title>Piqu\u00e9&#039;s review of Bar\u00e7a today: Pedri, Gavi and a &#039;dilemma&#039; with Haaland<\/title>\n<meta name=\"description\" content=\"Gerard Piqu\u00e9 has granted an interview to Gary Neville where he has given his point of view on various day-to-day situations at Bar\u00e7a, such as the present and future of Pedri and Gavi\" \/>\n<meta name=\"robots\" content=\"index, follow, max-snippet:-1, max-image-preview:large, max-video-preview:-1\" \/>\n<link rel=\"canonical\" href=\"https:\/\/www.fcbarcelonanoticias.com\/en\/players\/review-pique-current-barcelona-pedri-gavi-dilemma-with-haaland_280037_102.html\" \/>\n<meta property=\"og:locale\" content=\"en_US\" \/>\n<meta property=\"og:type\" content=\"article\" \/>\n<meta property=\"og:title\" content=\"Piqu\u00e9&#039;s review of Bar\u00e7a today: Pedri, Gavi and a &#039;dilemma&#039; with Haaland\" \/>\n<meta property=\"og:description\" content=\"Gerard Piqu\u00e9 has granted an interview to Gary Neville where he has given his point of view on various day-to-day situations at Bar\u00e7a, such as the present and future of Pedri and Gavi\" \/>\n<meta property=\"og:url\" content=\"https:\/\/www.fcbarcelonanoticias.com\/en\/players\/review-pique-current-barcelona-pedri-gavi-dilemma-with-haaland_280037_102.html\" \/>\n<meta property=\"og:site_name\" content=\"EN - FC Barcelona Noticias\" \/>\n<meta property=\"article:published_time\" content=\"2022-05-06T09:43:00+00:00\" \/>\n<meta property=\"og:image\" content=\"https:\/\/www.fcbarcelonanoticias.com\/en\/wp-content\/uploads\/sites\/2\/2022\/02\/gerard-pique-celebra-gol-ante-napoli.jpeg\" \/>\n\t<meta property=\"og:image:width\" content=\"1374\" \/>\n\t<meta property=\"og:image:height\" content=\"738\" \/>\n\t<meta property=\"og:image:type\" content=\"image\/jpeg\" \/>\n<meta name=\"author\" content=\"user_4029\" \/>\n<meta name=\"twitter:card\" content=\"summary_large_image\" \/>\n<meta name=\"twitter:label1\" content=\"Written by\" \/>\n\t<meta name=\"twitter:data1\" content=\"user_4029\" \/>\n\t<meta name=\"twitter:label2\" content=\"Est. reading time\" \/>\n\t<meta name=\"twitter:data2\" content=\"2 minutes\" \/>\n<script type=\"application\/ld+json\" class=\"yoast-schema-graph\">{\"@context\":\"https:\\\/\\\/schema.org\",\"@graph\":[{\"@type\":\"Article\",\"@id\":\"https:\\\/\\\/www.fcbarcelonanoticias.com\\\/en\\\/players\\\/review-pique-current-barcelona-pedri-gavi-dilemma-with-haaland_280037_102.html#article\",\"isPartOf\":{\"@id\":\"https:\\\/\\\/www.fcbarcelonanoticias.com\\\/en\\\/players\\\/review-pique-current-barcelona-pedri-gavi-dilemma-with-haaland_280037_102.html\"},\"author\":{\"name\":\"user_4029\",\"@id\":\"https:\\\/\\\/www.fcbarcelonanoticias.com\\\/en\\\/#\\\/schema\\\/person\\\/f97222962be11bcd88654b5590bd661d\"},\"headline\":\"Piqu\u00e9&#8217;s review of Bar\u00e7a today: Pedri, Gavi and a &#8216;dilemma&#8217; with Haaland\",\"datePublished\":\"2022-05-06T09:43:00+00:00\",\"mainEntityOfPage\":{\"@id\":\"https:\\\/\\\/www.fcbarcelonanoticias.com\\\/en\\\/players\\\/review-pique-current-barcelona-pedri-gavi-dilemma-with-haaland_280037_102.html\"},\"wordCount\":471,\"image\":{\"@id\":\"https:\\\/\\\/www.fcbarcelonanoticias.com\\\/en\\\/players\\\/review-pique-current-barcelona-pedri-gavi-dilemma-with-haaland_280037_102.html#primaryimage\"},\"thumbnailUrl\":\"https:\\\/\\\/www.fcbarcelonanoticias.com\\\/en\\\/wp-content\\\/uploads\\\/sites\\\/2\\\/2022\\\/02\\\/gerard-pique-celebra-gol-ante-napoli.jpeg\",\"keywords\":[\"Cristiano Ronaldo\",\"Dani Alves\",\"Erling Haaland\",\"Gerard Piqu\u00e9\",\"Mbapp\u00e9\"],\"articleSection\":[\"Players\",\"Players\"],\"inLanguage\":\"en-US\"},{\"@type\":\"WebPage\",\"@id\":\"https:\\\/\\\/www.fcbarcelonanoticias.com\\\/en\\\/players\\\/review-pique-current-barcelona-pedri-gavi-dilemma-with-haaland_280037_102.html\",\"url\":\"https:\\\/\\\/www.fcbarcelonanoticias.com\\\/en\\\/players\\\/review-pique-current-barcelona-pedri-gavi-dilemma-with-haaland_280037_102.html\",\"name\":\"Piqu\u00e9's review of Bar\u00e7a today: Pedri, Gavi and a 'dilemma' with Haaland\",\"isPartOf\":{\"@id\":\"https:\\\/\\\/www.fcbarcelonanoticias.com\\\/en\\\/#website\"},\"primaryImageOfPage\":{\"@id\":\"https:\\\/\\\/www.fcbarcelonanoticias.com\\\/en\\\/players\\\/review-pique-current-barcelona-pedri-gavi-dilemma-with-haaland_280037_102.html#primaryimage\"},\"image\":{\"@id\":\"https:\\\/\\\/www.fcbarcelonanoticias.com\\\/en\\\/players\\\/review-pique-current-barcelona-pedri-gavi-dilemma-with-haaland_280037_102.html#primaryimage\"},\"thumbnailUrl\":\"https:\\\/\\\/www.fcbarcelonanoticias.com\\\/en\\\/wp-content\\\/uploads\\\/sites\\\/2\\\/2022\\\/02\\\/gerard-pique-celebra-gol-ante-napoli.jpeg\",\"datePublished\":\"2022-05-06T09:43:00+00:00\",\"author\":{\"@id\":\"https:\\\/\\\/www.fcbarcelonanoticias.com\\\/en\\\/#\\\/schema\\\/person\\\/f97222962be11bcd88654b5590bd661d\"},\"description\":\"Gerard Piqu\u00e9 has granted an interview to Gary Neville where he has given his point of view on various day-to-day situations at Bar\u00e7a, such as the present and future of Pedri and Gavi\",\"breadcrumb\":{\"@id\":\"https:\\\/\\\/www.fcbarcelonanoticias.com\\\/en\\\/players\\\/review-pique-current-barcelona-pedri-gavi-dilemma-with-haaland_280037_102.html#breadcrumb\"},\"inLanguage\":\"en-US\",\"potentialAction\":[{\"@type\":\"ReadAction\",\"target\":[\"https:\\\/\\\/www.fcbarcelonanoticias.com\\\/en\\\/players\\\/review-pique-current-barcelona-pedri-gavi-dilemma-with-haaland_280037_102.html\"]}]},{\"@type\":\"ImageObject\",\"inLanguage\":\"en-US\",\"@id\":\"https:\\\/\\\/www.fcbarcelonanoticias.com\\\/en\\\/players\\\/review-pique-current-barcelona-pedri-gavi-dilemma-with-haaland_280037_102.html#primaryimage\",\"url\":\"https:\\\/\\\/www.fcbarcelonanoticias.com\\\/en\\\/wp-content\\\/uploads\\\/sites\\\/2\\\/2022\\\/02\\\/gerard-pique-celebra-gol-ante-napoli.jpeg\",\"contentUrl\":\"https:\\\/\\\/www.fcbarcelonanoticias.com\\\/en\\\/wp-content\\\/uploads\\\/sites\\\/2\\\/2022\\\/02\\\/gerard-pique-celebra-gol-ante-napoli.jpeg\",\"width\":1374,\"height\":738},{\"@type\":\"BreadcrumbList\",\"@id\":\"https:\\\/\\\/www.fcbarcelonanoticias.com\\\/en\\\/players\\\/review-pique-current-barcelona-pedri-gavi-dilemma-with-haaland_280037_102.html#breadcrumb\",\"itemListElement\":[{\"@type\":\"ListItem\",\"position\":1,\"name\":\"Portada\",\"item\":\"https:\\\/\\\/www.fcbarcelonanoticias.com\\\/en\\\/\"},{\"@type\":\"ListItem\",\"position\":2,\"name\":\"Piqu\u00e9&#8217;s review of Bar\u00e7a today: Pedri, Gavi and a &#8216;dilemma&#8217; with Haaland\"}]},{\"@type\":\"WebSite\",\"@id\":\"https:\\\/\\\/www.fcbarcelonanoticias.com\\\/en\\\/#website\",\"url\":\"https:\\\/\\\/www.fcbarcelonanoticias.com\\\/en\\\/\",\"name\":\"EN - FC Barcelona Noticias\",\"description\":\"\",\"potentialAction\":[{\"@type\":\"SearchAction\",\"target\":{\"@type\":\"EntryPoint\",\"urlTemplate\":\"https:\\\/\\\/www.fcbarcelonanoticias.com\\\/en\\\/?s={search_term_string}\"},\"query-input\":{\"@type\":\"PropertyValueSpecification\",\"valueRequired\":true,\"valueName\":\"search_term_string\"}}],\"inLanguage\":\"en-US\"},{\"@type\":\"Person\",\"@id\":\"https:\\\/\\\/www.fcbarcelonanoticias.com\\\/en\\\/#\\\/schema\\\/person\\\/f97222962be11bcd88654b5590bd661d\",\"name\":\"user_4029\",\"image\":{\"@type\":\"ImageObject\",\"inLanguage\":\"en-US\",\"@id\":\"https:\\\/\\\/secure.gravatar.com\\\/avatar\\\/?s=96&d=mm&r=g\",\"url\":\"https:\\\/\\\/secure.gravatar.com\\\/avatar\\\/?s=96&d=mm&r=g\",\"contentUrl\":\"https:\\\/\\\/secure.gravatar.com\\\/avatar\\\/?s=96&d=mm&r=g\",\"caption\":\"user_4029\"},\"url\":\"https:\\\/\\\/www.fcbarcelonanoticias.com\\\/en\\\/user_4029.html\"}]}<\/script>\n<!-- \/ Yoast SEO plugin. -->","yoast_head_json":{"title":"Piqu\u00e9's review of Bar\u00e7a today: Pedri, Gavi and a 'dilemma' with Haaland","description":"Gerard Piqu\u00e9 has granted an interview to Gary Neville where he has given his point of view on various day-to-day situations at Bar\u00e7a, such as the present and future of Pedri and Gavi","robots":{"index":"index","follow":"follow","max-snippet":"max-snippet:-1","max-image-preview":"max-image-preview:large","max-video-preview":"max-video-preview:-1"},"canonical":"https:\/\/www.fcbarcelonanoticias.com\/en\/players\/review-pique-current-barcelona-pedri-gavi-dilemma-with-haaland_280037_102.html","og_locale":"en_US","og_type":"article","og_title":"Piqu\u00e9's review of Bar\u00e7a today: Pedri, Gavi and a 'dilemma' with Haaland","og_description":"Gerard Piqu\u00e9 has granted an interview to Gary Neville where he has given his point of view on various day-to-day situations at Bar\u00e7a, such as the present and future of Pedri and Gavi","og_url":"https:\/\/www.fcbarcelonanoticias.com\/en\/players\/review-pique-current-barcelona-pedri-gavi-dilemma-with-haaland_280037_102.html","og_site_name":"EN - FC Barcelona Noticias","article_published_time":"2022-05-06T09:43:00+00:00","og_image":[{"width":1374,"height":738,"url":"https:\/\/www.fcbarcelonanoticias.com\/en\/wp-content\/uploads\/sites\/2\/2022\/02\/gerard-pique-celebra-gol-ante-napoli.jpeg","type":"image\/jpeg"}],"author":"user_4029","twitter_card":"summary_large_image","twitter_misc":{"Written by":"user_4029","Est. reading time":"2 minutes"},"schema":{"@context":"https:\/\/schema.org","@graph":[{"@type":"Article","@id":"https:\/\/www.fcbarcelonanoticias.com\/en\/players\/review-pique-current-barcelona-pedri-gavi-dilemma-with-haaland_280037_102.html#article","isPartOf":{"@id":"https:\/\/www.fcbarcelonanoticias.com\/en\/players\/review-pique-current-barcelona-pedri-gavi-dilemma-with-haaland_280037_102.html"},"author":{"name":"user_4029","@id":"https:\/\/www.fcbarcelonanoticias.com\/en\/#\/schema\/person\/f97222962be11bcd88654b5590bd661d"},"headline":"Piqu\u00e9&#8217;s review of Bar\u00e7a today: Pedri, Gavi and a &#8216;dilemma&#8217; with Haaland","datePublished":"2022-05-06T09:43:00+00:00","mainEntityOfPage":{"@id":"https:\/\/www.fcbarcelonanoticias.com\/en\/players\/review-pique-current-barcelona-pedri-gavi-dilemma-with-haaland_280037_102.html"},"wordCount":471,"image":{"@id":"https:\/\/www.fcbarcelonanoticias.com\/en\/players\/review-pique-current-barcelona-pedri-gavi-dilemma-with-haaland_280037_102.html#primaryimage"},"thumbnailUrl":"https:\/\/www.fcbarcelonanoticias.com\/en\/wp-content\/uploads\/sites\/2\/2022\/02\/gerard-pique-celebra-gol-ante-napoli.jpeg","keywords":["Cristiano Ronaldo","Dani Alves","Erling Haaland","Gerard Piqu\u00e9","Mbapp\u00e9"],"articleSection":["Players","Players"],"inLanguage":"en-US"},{"@type":"WebPage","@id":"https:\/\/www.fcbarcelonanoticias.com\/en\/players\/review-pique-current-barcelona-pedri-gavi-dilemma-with-haaland_280037_102.html","url":"https:\/\/www.fcbarcelonanoticias.com\/en\/players\/review-pique-current-barcelona-pedri-gavi-dilemma-with-haaland_280037_102.html","name":"Piqu\u00e9's review of Bar\u00e7a today: Pedri, Gavi and a 'dilemma' with Haaland","isPartOf":{"@id":"https:\/\/www.fcbarcelonanoticias.com\/en\/#website"},"primaryImageOfPage":{"@id":"https:\/\/www.fcbarcelonanoticias.com\/en\/players\/review-pique-current-barcelona-pedri-gavi-dilemma-with-haaland_280037_102.html#primaryimage"},"image":{"@id":"https:\/\/www.fcbarcelonanoticias.com\/en\/players\/review-pique-current-barcelona-pedri-gavi-dilemma-with-haaland_280037_102.html#primaryimage"},"thumbnailUrl":"https:\/\/www.fcbarcelonanoticias.com\/en\/wp-content\/uploads\/sites\/2\/2022\/02\/gerard-pique-celebra-gol-ante-napoli.jpeg","datePublished":"2022-05-06T09:43:00+00:00","author":{"@id":"https:\/\/www.fcbarcelonanoticias.com\/en\/#\/schema\/person\/f97222962be11bcd88654b5590bd661d"},"description":"Gerard Piqu\u00e9 has granted an interview to Gary Neville where he has given his point of view on various day-to-day situations at Bar\u00e7a, such as the present and future of Pedri and Gavi","breadcrumb":{"@id":"https:\/\/www.fcbarcelonanoticias.com\/en\/players\/review-pique-current-barcelona-pedri-gavi-dilemma-with-haaland_280037_102.html#breadcrumb"},"inLanguage":"en-US","potentialAction":[{"@type":"ReadAction","target":["https:\/\/www.fcbarcelonanoticias.com\/en\/players\/review-pique-current-barcelona-pedri-gavi-dilemma-with-haaland_280037_102.html"]}]},{"@type":"ImageObject","inLanguage":"en-US","@id":"https:\/\/www.fcbarcelonanoticias.com\/en\/players\/review-pique-current-barcelona-pedri-gavi-dilemma-with-haaland_280037_102.html#primaryimage","url":"https:\/\/www.fcbarcelonanoticias.com\/en\/wp-content\/uploads\/sites\/2\/2022\/02\/gerard-pique-celebra-gol-ante-napoli.jpeg","contentUrl":"https:\/\/www.fcbarcelonanoticias.com\/en\/wp-content\/uploads\/sites\/2\/2022\/02\/gerard-pique-celebra-gol-ante-napoli.jpeg","width":1374,"height":738},{"@type":"BreadcrumbList","@id":"https:\/\/www.fcbarcelonanoticias.com\/en\/players\/review-pique-current-barcelona-pedri-gavi-dilemma-with-haaland_280037_102.html#breadcrumb","itemListElement":[{"@type":"ListItem","position":1,"name":"Portada","item":"https:\/\/www.fcbarcelonanoticias.com\/en\/"},{"@type":"ListItem","position":2,"name":"Piqu\u00e9&#8217;s review of Bar\u00e7a today: Pedri, Gavi and a &#8216;dilemma&#8217; with Haaland"}]},{"@type":"WebSite","@id":"https:\/\/www.fcbarcelonanoticias.com\/en\/#website","url":"https:\/\/www.fcbarcelonanoticias.com\/en\/","name":"EN - FC Barcelona Noticias","description":"","potentialAction":[{"@type":"SearchAction","target":{"@type":"EntryPoint","urlTemplate":"https:\/\/www.fcbarcelonanoticias.com\/en\/?s={search_term_string}"},"query-input":{"@type":"PropertyValueSpecification","valueRequired":true,"valueName":"search_term_string"}}],"inLanguage":"en-US"},{"@type":"Person","@id":"https:\/\/www.fcbarcelonanoticias.com\/en\/#\/schema\/person\/f97222962be11bcd88654b5590bd661d","name":"user_4029","image":{"@type":"ImageObject","inLanguage":"en-US","@id":"https:\/\/secure.gravatar.com\/avatar\/?s=96&d=mm&r=g","url":"https:\/\/secure.gravatar.com\/avatar\/?s=96&d=mm&r=g","contentUrl":"https:\/\/secure.gravatar.com\/avatar\/?s=96&d=mm&r=g","caption":"user_4029"},"url":"https:\/\/www.fcbarcelonanoticias.com\/en\/user_4029.html"}]}},"_links":{"self":[{"href":"https:\/\/www.fcbarcelonanoticias.com\/en\/wp-json\/wp\/v2\/posts\/77153","targetHints":{"allow":["GET"]}}],"collection":[{"href":"https:\/\/www.fcbarcelonanoticias.com\/en\/wp-json\/wp\/v2\/posts"}],"about":[{"href":"https:\/\/www.fcbarcelonanoticias.com\/en\/wp-json\/wp\/v2\/types\/post"}],"author":[{"embeddable":true,"href":"https:\/\/www.fcbarcelonanoticias.com\/en\/wp-json\/wp\/v2\/users\/373"}],"replies":[{"embeddable":true,"href":"https:\/\/www.fcbarcelonanoticias.com\/en\/wp-json\/wp\/v2\/comments?post=77153"}],"version-history":[{"count":2,"href":"https:\/\/www.fcbarcelonanoticias.com\/en\/wp-json\/wp\/v2\/posts\/77153\/revisions"}],"predecessor-version":[{"id":77155,"href":"https:\/\/www.fcbarcelonanoticias.com\/en\/wp-json\/wp\/v2\/posts\/77153\/revisions\/77155"}],"wp:featuredmedia":[{"embeddable":true,"href":"https:\/\/www.fcbarcelonanoticias.com\/en\/wp-json\/wp\/v2\/media\/75607"}],"wp:attachment":[{"href":"https:\/\/www.fcbarcelonanoticias.com\/en\/wp-json\/wp\/v2\/media?parent=77153"}],"wp:term":[{"taxonomy":"category","embeddable":true,"href":"https:\/\/www.fcbarcelonanoticias.com\/en\/wp-json\/wp\/v2\/categories?post=77153"},{"taxonomy":"post_tag","embeddable":true,"href":"https:\/\/www.fcbarcelonanoticias.com\/en\/wp-json\/wp\/v2\/tags?post=77153"}],"curies":[{"name":"wp","href":"https:\/\/api.w.org\/{rel}","templated":true}]}}