{"id":77466,"date":"2023-10-30T11:02:00","date_gmt":"2023-10-30T10:02:00","guid":{"rendered":"https:\/\/weisetech.dev\/fc-barcelona-noticias\/en\/the-premonitoria-anecdote-of-the-last-goal-of-marc-guiu_297588_102\/"},"modified":"2023-10-30T11:02:00","modified_gmt":"2023-10-30T10:02:00","slug":"the-premonitoria-anecdote-of-the-last-goal-of-marc-guiu_297588_102","status":"publish","type":"post","link":"https:\/\/www.fcbarcelonanoticias.com\/en\/players\/the-premonitoria-anecdote-of-the-last-goal-of-marc-guiu_297588_102.html","title":{"rendered":"The foreboding anecdote of Marc Guiu&#8217;s last goal"},"content":{"rendered":"<h2 class=\"wp-block-heading\">The FC Barcelona no for of &#8216;create&#8217; talent in his quarry and Marc Guiu is being the most recent name that are discovering many, although several mates already seem to trust blindly in him<\/h2>  \r\n<div class=\"article-addons\">\r\n    <a href=\"https:\/\/www.fcbarcelonanoticias.com\/en\/calendar-fc-barcelona.html\"\r\n       target=\"_self\"\r\n       title=\"Calendar of FC Barcelona\"\r\n       class=\"blue-gredient-btn\">\r\n       \r\n        Calendar of FC Barcelona    <\/a>\r\n<\/div>   <p>The Bar\u00e7a Atl\u00e8tic won to the Osasuna Promises (2-1) this Sunday like venue and Marc Guiu was the attendant to annotate the goal of the triumph cul\u00e9, when already they played the additional minutes. <strong>The forward of the FC Barcelona seems to be this type of destined footballers to do special things on a field of game,<\/strong> and even repeated of some way the way when recently more than a week marked his first so much with the first team.<\/p>  <p>Already like footballer of the filial of Rafa M\u00e1rquez, the one of Granollers has gone back to be determinant and in this opportunity his target has arrived with the premonition of one of his mates of team in First RFEF: Pau V\u00edctor. <strong>The forward yielded by the Girona took advantage of the big moment of confidence that crosses Marc to leave him clear that would finish celebrating in the duel in front of the navarros.<\/strong><\/p>  <h2>Pau V\u00edctor trusted a Guiu that simply is &#8216;on fire&#8217;<\/h2>  <p>Like this it explained it in mixed zone after the party, commenting that &#8220;With Marc have a spectacular relation, am very happy by him. I have congratulated him, the truth is that it deserves it to him, is working a lot, when it comes with us helps us a lot of&#8221;, signalled equally. <strong>Immediately afterwards it revealed that &#8220;there has been a corner, that have said it to him at all more go in: &#8216;will have one and go it to put, cabr\u00f3n&#8217;. And like this it has been, I am very happy to have to Marc like mate&#8221;, ensured.<\/strong><\/p>  <p>And it is that this explanation of V\u00edctor to be a constant when some member of the Bar\u00e7a speaks on the goleador of 17 years. Already it showed it the big celebration that there was in the grandstand of the Estadi Johan Cruyff, where were together the lesionados and no summoned of the team <a data-external=\"0\" data-intl-links-en=\"https:\/\/www.fcbarcelonanoticias.com\/en\/fc-barcelona\/spain-sub-17-leaves-to-barca-and-to-xavi-without-13-promising-academy-players_297586_102.html\" data-intl-links-es=\"https:\/\/www.fcbarcelonanoticias.com\/fc-barcelona\/espana-sub-17-deja-barca-xavi-sin-13-prometedores-canteranos_297586_102.html\" href=\"https:\/\/www.fcbarcelonanoticias.com\/en\/fc-barcelona\/spain-sub-17-leaves-to-barca-and-to-xavi-without-13-promising-academy-players_297586_102.html\" rel=\"follow\" target=\"_self\" title=\"Espa\u00f1a Sub-17 deja al Bar\u00e7a y a Xavi sin 13 prometedores canteranos\">and mates that will go with the Sub-17<\/a>. <strong>Also the &#8216;jewel&#8217; Lamine Yamal, the one who raised and celebrated of euphoric way the so much.<\/strong><\/p>  <p>As it could not be of another way, also Rafa M\u00e1rquez went back to have words of praise to the footballer of the Bar\u00e7a. &#8220;I gladden me by what is happening Marc. We know of the potential and of what can give us, yes is a pity that today have to go with the selection, no only he, but all the selected, <strong>so it is part to be in the Bar\u00e7a. They go eight and is what there is, have to follow working&#8221;, said the m\u00edster of the second team cul\u00e9.<\/strong><\/p> ","protected":false},"excerpt":{"rendered":"<p>The FC Barcelona no for of &#8216;create&#8217; talent in his quarry and Marc Guiu is being the most recent name that are discovering many, although several mates already seem to trust blindly in him The Bar\u00e7a Atl\u00e8tic won to the Osasuna Promises (2-1) this Sunday like venue and Marc Guiu was the attendant to annotate [&hellip;]<\/p>\n","protected":false},"author":345,"featured_media":67914,"comment_status":"closed","ping_status":"open","sticky":false,"template":"","format":"standard","meta":{"_acf_changed":false,"inline_featured_image":false,"_nextfly_llmd_date_locked":false,"footnotes":""},"categories":[453,107],"tags":[310,181,48],"class_list":["post-77466","post","type-post","status-publish","format-standard","has-post-thumbnail","hentry","category-players-2","category-players","tag-marc-guiu","tag-the-masia","tag-xavi-hernandez"],"acf":[],"yoast_head":"<!-- This site is optimized with the Yoast SEO plugin v27.3 - https:\/\/yoast.com\/product\/yoast-seo-wordpress\/ -->\n<title>The foreboding anecdote of Marc Guiu&#039;s last goal<\/title>\n<meta name=\"description\" content=\"The FC Barcelona no for of &#039;create&#039; talent in his quarry and Marc Guiu is being the most recent name that are discovering many, although several mates already seem to trust blindly in him\" \/>\n<meta name=\"robots\" content=\"index, follow, max-snippet:-1, max-image-preview:large, max-video-preview:-1\" \/>\n<link rel=\"canonical\" href=\"https:\/\/www.fcbarcelonanoticias.com\/en\/players\/the-premonitoria-anecdote-of-the-last-goal-of-marc-guiu_297588_102.html\" \/>\n<meta property=\"og:locale\" content=\"en_US\" \/>\n<meta property=\"og:type\" content=\"article\" \/>\n<meta property=\"og:title\" content=\"The foreboding anecdote of Marc Guiu&#039;s last goal\" \/>\n<meta property=\"og:description\" content=\"The FC Barcelona no for of &#039;create&#039; talent in his quarry and Marc Guiu is being the most recent name that are discovering many, although several mates already seem to trust blindly in him\" \/>\n<meta property=\"og:url\" content=\"https:\/\/www.fcbarcelonanoticias.com\/en\/players\/the-premonitoria-anecdote-of-the-last-goal-of-marc-guiu_297588_102.html\" \/>\n<meta property=\"og:site_name\" content=\"EN - FC Barcelona Noticias\" \/>\n<meta property=\"article:published_time\" content=\"2023-10-30T10:02:00+00:00\" \/>\n<meta property=\"og:image\" content=\"https:\/\/www.fcbarcelonanoticias.com\/en\/wp-content\/uploads\/sites\/2\/2023\/11\/marc-guiu-celebra-su-primer-gol-con-el-barca.jpeg\" \/>\n\t<meta property=\"og:image:width\" content=\"1200\" \/>\n\t<meta property=\"og:image:height\" content=\"675\" \/>\n\t<meta property=\"og:image:type\" content=\"image\/jpeg\" \/>\n<meta name=\"author\" content=\"Carlos Montenegro\" \/>\n<meta name=\"twitter:card\" content=\"summary_large_image\" \/>\n<meta name=\"twitter:label1\" content=\"Written by\" \/>\n\t<meta name=\"twitter:data1\" content=\"Carlos Montenegro\" \/>\n\t<meta name=\"twitter:label2\" content=\"Est. reading time\" \/>\n\t<meta name=\"twitter:data2\" content=\"2 minutes\" \/>\n<script type=\"application\/ld+json\" class=\"yoast-schema-graph\">{\"@context\":\"https:\\\/\\\/schema.org\",\"@graph\":[{\"@type\":\"Article\",\"@id\":\"https:\\\/\\\/www.fcbarcelonanoticias.com\\\/en\\\/players\\\/the-premonitoria-anecdote-of-the-last-goal-of-marc-guiu_297588_102.html#article\",\"isPartOf\":{\"@id\":\"https:\\\/\\\/www.fcbarcelonanoticias.com\\\/en\\\/players\\\/the-premonitoria-anecdote-of-the-last-goal-of-marc-guiu_297588_102.html\"},\"author\":{\"name\":\"Carlos Montenegro\",\"@id\":\"https:\\\/\\\/www.fcbarcelonanoticias.com\\\/en\\\/#\\\/schema\\\/person\\\/aa1d038709c262cb247e240f6b39bbf5\"},\"headline\":\"The foreboding anecdote of Marc Guiu&#8217;s last goal\",\"datePublished\":\"2023-10-30T10:02:00+00:00\",\"mainEntityOfPage\":{\"@id\":\"https:\\\/\\\/www.fcbarcelonanoticias.com\\\/en\\\/players\\\/the-premonitoria-anecdote-of-the-last-goal-of-marc-guiu_297588_102.html\"},\"wordCount\":489,\"image\":{\"@id\":\"https:\\\/\\\/www.fcbarcelonanoticias.com\\\/en\\\/players\\\/the-premonitoria-anecdote-of-the-last-goal-of-marc-guiu_297588_102.html#primaryimage\"},\"thumbnailUrl\":\"https:\\\/\\\/www.fcbarcelonanoticias.com\\\/en\\\/wp-content\\\/uploads\\\/sites\\\/2\\\/2023\\\/11\\\/marc-guiu-celebra-su-primer-gol-con-el-barca.jpeg\",\"keywords\":[\"Marc Guiu\",\"The Masia\",\"Xavi Hern\u00e1ndez\"],\"articleSection\":[\"Players\",\"Players\"],\"inLanguage\":\"en-US\"},{\"@type\":\"WebPage\",\"@id\":\"https:\\\/\\\/www.fcbarcelonanoticias.com\\\/en\\\/players\\\/the-premonitoria-anecdote-of-the-last-goal-of-marc-guiu_297588_102.html\",\"url\":\"https:\\\/\\\/www.fcbarcelonanoticias.com\\\/en\\\/players\\\/the-premonitoria-anecdote-of-the-last-goal-of-marc-guiu_297588_102.html\",\"name\":\"The foreboding anecdote of Marc Guiu's last goal\",\"isPartOf\":{\"@id\":\"https:\\\/\\\/www.fcbarcelonanoticias.com\\\/en\\\/#website\"},\"primaryImageOfPage\":{\"@id\":\"https:\\\/\\\/www.fcbarcelonanoticias.com\\\/en\\\/players\\\/the-premonitoria-anecdote-of-the-last-goal-of-marc-guiu_297588_102.html#primaryimage\"},\"image\":{\"@id\":\"https:\\\/\\\/www.fcbarcelonanoticias.com\\\/en\\\/players\\\/the-premonitoria-anecdote-of-the-last-goal-of-marc-guiu_297588_102.html#primaryimage\"},\"thumbnailUrl\":\"https:\\\/\\\/www.fcbarcelonanoticias.com\\\/en\\\/wp-content\\\/uploads\\\/sites\\\/2\\\/2023\\\/11\\\/marc-guiu-celebra-su-primer-gol-con-el-barca.jpeg\",\"datePublished\":\"2023-10-30T10:02:00+00:00\",\"author\":{\"@id\":\"https:\\\/\\\/www.fcbarcelonanoticias.com\\\/en\\\/#\\\/schema\\\/person\\\/aa1d038709c262cb247e240f6b39bbf5\"},\"description\":\"The FC Barcelona no for of 'create' talent in his quarry and Marc Guiu is being the most recent name that are discovering many, although several mates already seem to trust blindly in him\",\"breadcrumb\":{\"@id\":\"https:\\\/\\\/www.fcbarcelonanoticias.com\\\/en\\\/players\\\/the-premonitoria-anecdote-of-the-last-goal-of-marc-guiu_297588_102.html#breadcrumb\"},\"inLanguage\":\"en-US\",\"potentialAction\":[{\"@type\":\"ReadAction\",\"target\":[\"https:\\\/\\\/www.fcbarcelonanoticias.com\\\/en\\\/players\\\/the-premonitoria-anecdote-of-the-last-goal-of-marc-guiu_297588_102.html\"]}]},{\"@type\":\"ImageObject\",\"inLanguage\":\"en-US\",\"@id\":\"https:\\\/\\\/www.fcbarcelonanoticias.com\\\/en\\\/players\\\/the-premonitoria-anecdote-of-the-last-goal-of-marc-guiu_297588_102.html#primaryimage\",\"url\":\"https:\\\/\\\/www.fcbarcelonanoticias.com\\\/en\\\/wp-content\\\/uploads\\\/sites\\\/2\\\/2023\\\/11\\\/marc-guiu-celebra-su-primer-gol-con-el-barca.jpeg\",\"contentUrl\":\"https:\\\/\\\/www.fcbarcelonanoticias.com\\\/en\\\/wp-content\\\/uploads\\\/sites\\\/2\\\/2023\\\/11\\\/marc-guiu-celebra-su-primer-gol-con-el-barca.jpeg\",\"width\":1200,\"height\":675},{\"@type\":\"BreadcrumbList\",\"@id\":\"https:\\\/\\\/www.fcbarcelonanoticias.com\\\/en\\\/players\\\/the-premonitoria-anecdote-of-the-last-goal-of-marc-guiu_297588_102.html#breadcrumb\",\"itemListElement\":[{\"@type\":\"ListItem\",\"position\":1,\"name\":\"Portada\",\"item\":\"https:\\\/\\\/www.fcbarcelonanoticias.com\\\/en\\\/\"},{\"@type\":\"ListItem\",\"position\":2,\"name\":\"The foreboding anecdote of Marc Guiu&#8217;s last goal\"}]},{\"@type\":\"WebSite\",\"@id\":\"https:\\\/\\\/www.fcbarcelonanoticias.com\\\/en\\\/#website\",\"url\":\"https:\\\/\\\/www.fcbarcelonanoticias.com\\\/en\\\/\",\"name\":\"EN - FC Barcelona Noticias\",\"description\":\"\",\"potentialAction\":[{\"@type\":\"SearchAction\",\"target\":{\"@type\":\"EntryPoint\",\"urlTemplate\":\"https:\\\/\\\/www.fcbarcelonanoticias.com\\\/en\\\/?s={search_term_string}\"},\"query-input\":{\"@type\":\"PropertyValueSpecification\",\"valueRequired\":true,\"valueName\":\"search_term_string\"}}],\"inLanguage\":\"en-US\"},{\"@type\":\"Person\",\"@id\":\"https:\\\/\\\/www.fcbarcelonanoticias.com\\\/en\\\/#\\\/schema\\\/person\\\/aa1d038709c262cb247e240f6b39bbf5\",\"name\":\"Carlos Montenegro\",\"image\":{\"@type\":\"ImageObject\",\"inLanguage\":\"en-US\",\"@id\":\"https:\\\/\\\/secure.gravatar.com\\\/avatar\\\/?s=96&d=mm&r=g\",\"url\":\"https:\\\/\\\/secure.gravatar.com\\\/avatar\\\/?s=96&d=mm&r=g\",\"contentUrl\":\"https:\\\/\\\/secure.gravatar.com\\\/avatar\\\/?s=96&d=mm&r=g\",\"caption\":\"Carlos Montenegro\"},\"url\":\"https:\\\/\\\/www.fcbarcelonanoticias.com\\\/en\\\/carlos-montenegro_20_115.html\"}]}<\/script>\n<!-- \/ Yoast SEO plugin. -->","yoast_head_json":{"title":"The foreboding anecdote of Marc Guiu's last goal","description":"The FC Barcelona no for of 'create' talent in his quarry and Marc Guiu is being the most recent name that are discovering many, although several mates already seem to trust blindly in him","robots":{"index":"index","follow":"follow","max-snippet":"max-snippet:-1","max-image-preview":"max-image-preview:large","max-video-preview":"max-video-preview:-1"},"canonical":"https:\/\/www.fcbarcelonanoticias.com\/en\/players\/the-premonitoria-anecdote-of-the-last-goal-of-marc-guiu_297588_102.html","og_locale":"en_US","og_type":"article","og_title":"The foreboding anecdote of Marc Guiu's last goal","og_description":"The FC Barcelona no for of 'create' talent in his quarry and Marc Guiu is being the most recent name that are discovering many, although several mates already seem to trust blindly in him","og_url":"https:\/\/www.fcbarcelonanoticias.com\/en\/players\/the-premonitoria-anecdote-of-the-last-goal-of-marc-guiu_297588_102.html","og_site_name":"EN - FC Barcelona Noticias","article_published_time":"2023-10-30T10:02:00+00:00","og_image":[{"width":1200,"height":675,"url":"https:\/\/www.fcbarcelonanoticias.com\/en\/wp-content\/uploads\/sites\/2\/2023\/11\/marc-guiu-celebra-su-primer-gol-con-el-barca.jpeg","type":"image\/jpeg"}],"author":"Carlos Montenegro","twitter_card":"summary_large_image","twitter_misc":{"Written by":"Carlos Montenegro","Est. reading time":"2 minutes"},"schema":{"@context":"https:\/\/schema.org","@graph":[{"@type":"Article","@id":"https:\/\/www.fcbarcelonanoticias.com\/en\/players\/the-premonitoria-anecdote-of-the-last-goal-of-marc-guiu_297588_102.html#article","isPartOf":{"@id":"https:\/\/www.fcbarcelonanoticias.com\/en\/players\/the-premonitoria-anecdote-of-the-last-goal-of-marc-guiu_297588_102.html"},"author":{"name":"Carlos Montenegro","@id":"https:\/\/www.fcbarcelonanoticias.com\/en\/#\/schema\/person\/aa1d038709c262cb247e240f6b39bbf5"},"headline":"The foreboding anecdote of Marc Guiu&#8217;s last goal","datePublished":"2023-10-30T10:02:00+00:00","mainEntityOfPage":{"@id":"https:\/\/www.fcbarcelonanoticias.com\/en\/players\/the-premonitoria-anecdote-of-the-last-goal-of-marc-guiu_297588_102.html"},"wordCount":489,"image":{"@id":"https:\/\/www.fcbarcelonanoticias.com\/en\/players\/the-premonitoria-anecdote-of-the-last-goal-of-marc-guiu_297588_102.html#primaryimage"},"thumbnailUrl":"https:\/\/www.fcbarcelonanoticias.com\/en\/wp-content\/uploads\/sites\/2\/2023\/11\/marc-guiu-celebra-su-primer-gol-con-el-barca.jpeg","keywords":["Marc Guiu","The Masia","Xavi Hern\u00e1ndez"],"articleSection":["Players","Players"],"inLanguage":"en-US"},{"@type":"WebPage","@id":"https:\/\/www.fcbarcelonanoticias.com\/en\/players\/the-premonitoria-anecdote-of-the-last-goal-of-marc-guiu_297588_102.html","url":"https:\/\/www.fcbarcelonanoticias.com\/en\/players\/the-premonitoria-anecdote-of-the-last-goal-of-marc-guiu_297588_102.html","name":"The foreboding anecdote of Marc Guiu's last goal","isPartOf":{"@id":"https:\/\/www.fcbarcelonanoticias.com\/en\/#website"},"primaryImageOfPage":{"@id":"https:\/\/www.fcbarcelonanoticias.com\/en\/players\/the-premonitoria-anecdote-of-the-last-goal-of-marc-guiu_297588_102.html#primaryimage"},"image":{"@id":"https:\/\/www.fcbarcelonanoticias.com\/en\/players\/the-premonitoria-anecdote-of-the-last-goal-of-marc-guiu_297588_102.html#primaryimage"},"thumbnailUrl":"https:\/\/www.fcbarcelonanoticias.com\/en\/wp-content\/uploads\/sites\/2\/2023\/11\/marc-guiu-celebra-su-primer-gol-con-el-barca.jpeg","datePublished":"2023-10-30T10:02:00+00:00","author":{"@id":"https:\/\/www.fcbarcelonanoticias.com\/en\/#\/schema\/person\/aa1d038709c262cb247e240f6b39bbf5"},"description":"The FC Barcelona no for of 'create' talent in his quarry and Marc Guiu is being the most recent name that are discovering many, although several mates already seem to trust blindly in him","breadcrumb":{"@id":"https:\/\/www.fcbarcelonanoticias.com\/en\/players\/the-premonitoria-anecdote-of-the-last-goal-of-marc-guiu_297588_102.html#breadcrumb"},"inLanguage":"en-US","potentialAction":[{"@type":"ReadAction","target":["https:\/\/www.fcbarcelonanoticias.com\/en\/players\/the-premonitoria-anecdote-of-the-last-goal-of-marc-guiu_297588_102.html"]}]},{"@type":"ImageObject","inLanguage":"en-US","@id":"https:\/\/www.fcbarcelonanoticias.com\/en\/players\/the-premonitoria-anecdote-of-the-last-goal-of-marc-guiu_297588_102.html#primaryimage","url":"https:\/\/www.fcbarcelonanoticias.com\/en\/wp-content\/uploads\/sites\/2\/2023\/11\/marc-guiu-celebra-su-primer-gol-con-el-barca.jpeg","contentUrl":"https:\/\/www.fcbarcelonanoticias.com\/en\/wp-content\/uploads\/sites\/2\/2023\/11\/marc-guiu-celebra-su-primer-gol-con-el-barca.jpeg","width":1200,"height":675},{"@type":"BreadcrumbList","@id":"https:\/\/www.fcbarcelonanoticias.com\/en\/players\/the-premonitoria-anecdote-of-the-last-goal-of-marc-guiu_297588_102.html#breadcrumb","itemListElement":[{"@type":"ListItem","position":1,"name":"Portada","item":"https:\/\/www.fcbarcelonanoticias.com\/en\/"},{"@type":"ListItem","position":2,"name":"The foreboding anecdote of Marc Guiu&#8217;s last goal"}]},{"@type":"WebSite","@id":"https:\/\/www.fcbarcelonanoticias.com\/en\/#website","url":"https:\/\/www.fcbarcelonanoticias.com\/en\/","name":"EN - FC Barcelona Noticias","description":"","potentialAction":[{"@type":"SearchAction","target":{"@type":"EntryPoint","urlTemplate":"https:\/\/www.fcbarcelonanoticias.com\/en\/?s={search_term_string}"},"query-input":{"@type":"PropertyValueSpecification","valueRequired":true,"valueName":"search_term_string"}}],"inLanguage":"en-US"},{"@type":"Person","@id":"https:\/\/www.fcbarcelonanoticias.com\/en\/#\/schema\/person\/aa1d038709c262cb247e240f6b39bbf5","name":"Carlos Montenegro","image":{"@type":"ImageObject","inLanguage":"en-US","@id":"https:\/\/secure.gravatar.com\/avatar\/?s=96&d=mm&r=g","url":"https:\/\/secure.gravatar.com\/avatar\/?s=96&d=mm&r=g","contentUrl":"https:\/\/secure.gravatar.com\/avatar\/?s=96&d=mm&r=g","caption":"Carlos Montenegro"},"url":"https:\/\/www.fcbarcelonanoticias.com\/en\/carlos-montenegro_20_115.html"}]}},"_links":{"self":[{"href":"https:\/\/www.fcbarcelonanoticias.com\/en\/wp-json\/wp\/v2\/posts\/77466","targetHints":{"allow":["GET"]}}],"collection":[{"href":"https:\/\/www.fcbarcelonanoticias.com\/en\/wp-json\/wp\/v2\/posts"}],"about":[{"href":"https:\/\/www.fcbarcelonanoticias.com\/en\/wp-json\/wp\/v2\/types\/post"}],"author":[{"embeddable":true,"href":"https:\/\/www.fcbarcelonanoticias.com\/en\/wp-json\/wp\/v2\/users\/345"}],"replies":[{"embeddable":true,"href":"https:\/\/www.fcbarcelonanoticias.com\/en\/wp-json\/wp\/v2\/comments?post=77466"}],"version-history":[{"count":1,"href":"https:\/\/www.fcbarcelonanoticias.com\/en\/wp-json\/wp\/v2\/posts\/77466\/revisions"}],"predecessor-version":[{"id":77467,"href":"https:\/\/www.fcbarcelonanoticias.com\/en\/wp-json\/wp\/v2\/posts\/77466\/revisions\/77467"}],"wp:featuredmedia":[{"embeddable":true,"href":"https:\/\/www.fcbarcelonanoticias.com\/en\/wp-json\/wp\/v2\/media\/67914"}],"wp:attachment":[{"href":"https:\/\/www.fcbarcelonanoticias.com\/en\/wp-json\/wp\/v2\/media?parent=77466"}],"wp:term":[{"taxonomy":"category","embeddable":true,"href":"https:\/\/www.fcbarcelonanoticias.com\/en\/wp-json\/wp\/v2\/categories?post=77466"},{"taxonomy":"post_tag","embeddable":true,"href":"https:\/\/www.fcbarcelonanoticias.com\/en\/wp-json\/wp\/v2\/tags?post=77466"}],"curies":[{"name":"wp","href":"https:\/\/api.w.org\/{rel}","templated":true}]}}