{"id":77562,"date":"2020-11-26T15:53:00","date_gmt":"2020-11-26T14:53:00","guid":{"rendered":"https:\/\/weisetech.dev\/fc-barcelona-noticias\/en\/schuster-maradona-leader-barcelona-not-advantage-him_262660_102\/"},"modified":"2020-11-26T15:53:00","modified_gmt":"2020-11-26T14:53:00","slug":"schuster-maradona-leader-barcelona-not-advantage-him_262660_102","status":"publish","type":"post","link":"https:\/\/www.fcbarcelonanoticias.com\/en\/players\/schuster-maradona-leader-barcelona-not-advantage-him_262660_102.html","title":{"rendered":"Schuster: &#8220;Maradona was a leader, but at Bar\u00e7a we didn&#8217;t take advantage of him&#8221;"},"content":{"rendered":"<h2 class=\"wp-block-heading\">Bernd Schuster, a former Madrid or Bar\u00e7a player, spoke on Thursday about Diego Armando Maradona following the Argentine&#8217;s death. The German remembered the stage of Lan\u00fas in Barcelona<\/h2>  \r\n<div class=\"article-addons\">\r\n    <a href=\"https:\/\/www.fcbarcelonanoticias.com\/en\/calendar-fc-barcelona.html\"\r\n       target=\"_self\"\r\n       title=\"Calendar of FC Barcelona\"\r\n       class=\"blue-gredient-btn\">\r\n       \r\n        Calendar of FC Barcelona    <\/a>\r\n<\/div>   <p><strong>The death of <a data-external=\"0\" data-intl-links-en=\"https:\/\/www.fcbarcelonanoticias.com\/en\/tags\/diego-armando-maradona\" data-intl-links-es=\"https:\/\/www.fcbarcelonanoticias.com\/tags\/diego-armando-maradona\" href=\"https:\/\/www.fcbarcelonanoticias.com\/en\/tags\/diego-armando-maradona.html\" rel=\"follow\" target=\"_self\" title=\"Diego Armando Maradona\">Diego Armando Maradona<\/a> has caused an alivi\u00f3n of statements<\/strong>, texts and messages on the &#8216;crack&#8217; of Lan\u00fas. One of which has spoken has been an ex his mate in the FC Barcelona, Bernd Schuster. The German referred to the &#8216;Lint&#8217; in &#8216;The Transistor&#8217; of &#8216;Wave Zero&#8217; and recognised that had a beautiful relation with the Argentinian by the love that both had by the football.<\/p>  <p>&#8220;<strong>Had in common that it liked us a lot the football and spoke a lot of football<\/strong>. We admired the one of the another the way to play of our selections&#8221;, desvel\u00f3. But no only of the ball spoke the germano and the legend albiceleste, since the ex midfield player commissioned to clear that Diego also was very near in the personal. &#8220;In the personal asked and concerned by my family always&#8221;, signalled.<\/p>  <p>Besides, it remembered how it was to play beside Maradona and ensalz\u00f3 his figure of leader in the terrain of game. &#8220;Maradona Was a leader in the field, did him entrances very ugly but did not stop to ask the balloon&#8221;, said. In relation to this, admitted that in the Barcelona his mates were not to his height during the two years that happened the &#8216;Lint&#8217; in the City Condal. &#8220;<strong>It was an indisputable leader in the field and in the Bar\u00e7a did not know to take advantage of it, left him only in the<\/strong>field &#8220;, declared.<\/p>  <p>On the other hand, another ex mate of the Argentinian in the Bar\u00e7a, the Wolf Carrasco, wrote on him in &#8216;Sportive World&#8217;. The ex Barcelona extreme left clear what did fault so that the legend marked a before and an afterwards in the Camp Nou. &#8220;If Diego had happened first by another team of adaptation in Europe, <strong>am convinced that we had mounted a big cycle in the F.C.Barcelona<\/strong>&#8220;, commented.<\/p>  <h3>The Wolf Carrasco also spoke of Maradona<\/h3>  <p>The Wolf, also wanted to put in value the figure of Maradona, to the that planted between the elected of the world-wide football. For the ex international Spanish, only Leo Messi, Peeled or Cruyff are to his height. &#8220;The legated futbol\u00edstico that leaves <strong>Maradona for me only is comparable to the that have Peeled, Cruyff, Beckenbauer, Gave St\u00e9fano, Kubala and <a data-external=\"0\" data-intl-links-en=\"https:\/\/www.fcbarcelonanoticias.com\/en\/players\/lionel-messi\" data-intl-links-es=\"https:\/\/www.fcbarcelonanoticias.com\/jugadores\/lionel-messi\" href=\"https:\/\/www.fcbarcelonanoticias.com\/en\/players\/lionel-messi.html\" rel=\"follow\" target=\"_self\" title=\"Lionel Messi\">Messi<\/a>\u200b<\/strong>&#8220;, affirmed, appointing to his players preferred of always.<\/p>  <p>To finish, the collaborator of the &#8216;Chringuito of Jugones&#8217; remembered how was Diego that knew when it arrived to Barcelona. &#8220;The beautiful of my history, as the one of many of the mates that enjoy of his football, is that I knew to Diego. To Diego introvertido, humble, observer and risue\u00f1o when it landed in Barcelona. <strong>In this moment, &#8216;Maradona&#8217; still came far and Diego dominated the scene with his youth and win to conquer to the world<\/strong>&#8220;, finalised.<\/p> ","protected":false},"excerpt":{"rendered":"<p>Bernd Schuster, a former Madrid or Bar\u00e7a player, spoke on Thursday about Diego Armando Maradona following the Argentine&#8217;s death. The German remembered the stage of Lan\u00fas in Barcelona The death of Diego Armando Maradona has caused an alivi\u00f3n of statements, texts and messages on the &#8216;crack&#8217; of Lan\u00fas. One of which has spoken has been [&hellip;]<\/p>\n","protected":false},"author":380,"featured_media":77565,"comment_status":"closed","ping_status":"open","sticky":false,"template":"","format":"standard","meta":{"_acf_changed":false,"inline_featured_image":false,"_nextfly_llmd_date_locked":false,"footnotes":""},"categories":[453,107],"tags":[43],"class_list":["post-77562","post","type-post","status-publish","format-standard","has-post-thumbnail","hentry","category-players-2","category-players","tag-diego-armando-maradona"],"acf":[],"yoast_head":"<!-- This site is optimized with the Yoast SEO plugin v27.3 - https:\/\/yoast.com\/product\/yoast-seo-wordpress\/ -->\n<title>Schuster: &quot;Maradona was a leader, but at Bar\u00e7a we didn&#039;t take advantage of him&quot;<\/title>\n<meta name=\"description\" content=\"Bernd Schuster, ex player of the Madrid or of the Bar\u00e7a, spoke this Thursday on Diego Armando Maradona as a result of the demise of the Argentinian. The German remembered l...\" \/>\n<meta name=\"robots\" content=\"index, follow, max-snippet:-1, max-image-preview:large, max-video-preview:-1\" \/>\n<link rel=\"canonical\" href=\"https:\/\/www.fcbarcelonanoticias.com\/en\/players\/schuster-maradona-leader-barcelona-not-advantage-him_262660_102.html\" \/>\n<meta property=\"og:locale\" content=\"en_US\" \/>\n<meta property=\"og:type\" content=\"article\" \/>\n<meta property=\"og:title\" content=\"Schuster: &quot;Maradona was a leader, but at Bar\u00e7a we didn&#039;t take advantage of him&quot;\" \/>\n<meta property=\"og:description\" content=\"Bernd Schuster, ex player of the Madrid or of the Bar\u00e7a, spoke this Thursday on Diego Armando Maradona as a result of the demise of the Argentinian. The German remembered l...\" \/>\n<meta property=\"og:url\" content=\"https:\/\/www.fcbarcelonanoticias.com\/en\/players\/schuster-maradona-leader-barcelona-not-advantage-him_262660_102.html\" \/>\n<meta property=\"og:site_name\" content=\"EN - FC Barcelona Noticias\" \/>\n<meta property=\"article:published_time\" content=\"2020-11-26T14:53:00+00:00\" \/>\n<meta property=\"og:image\" content=\"https:\/\/www.fcbarcelonanoticias.com\/en\/wp-content\/uploads\/sites\/2\/2020\/11\/maradona-schuster-barca.jpeg\" \/>\n\t<meta property=\"og:image:width\" content=\"1200\" \/>\n\t<meta property=\"og:image:height\" content=\"676\" \/>\n\t<meta property=\"og:image:type\" content=\"image\/jpeg\" \/>\n<meta name=\"author\" content=\"user_4036\" \/>\n<meta name=\"twitter:card\" content=\"summary_large_image\" \/>\n<meta name=\"twitter:label1\" content=\"Written by\" \/>\n\t<meta name=\"twitter:data1\" content=\"user_4036\" \/>\n\t<meta name=\"twitter:label2\" content=\"Est. reading time\" \/>\n\t<meta name=\"twitter:data2\" content=\"3 minutes\" \/>\n<script type=\"application\/ld+json\" class=\"yoast-schema-graph\">{\"@context\":\"https:\\\/\\\/schema.org\",\"@graph\":[{\"@type\":\"Article\",\"@id\":\"https:\\\/\\\/www.fcbarcelonanoticias.com\\\/en\\\/players\\\/schuster-maradona-leader-barcelona-not-advantage-him_262660_102.html#article\",\"isPartOf\":{\"@id\":\"https:\\\/\\\/www.fcbarcelonanoticias.com\\\/en\\\/players\\\/schuster-maradona-leader-barcelona-not-advantage-him_262660_102.html\"},\"author\":{\"name\":\"user_4036\",\"@id\":\"https:\\\/\\\/www.fcbarcelonanoticias.com\\\/en\\\/#\\\/schema\\\/person\\\/2c11766f24f3c56715694e077889a703\"},\"headline\":\"Schuster: &#8220;Maradona was a leader, but at Bar\u00e7a we didn&#8217;t take advantage of him&#8221;\",\"datePublished\":\"2020-11-26T14:53:00+00:00\",\"mainEntityOfPage\":{\"@id\":\"https:\\\/\\\/www.fcbarcelonanoticias.com\\\/en\\\/players\\\/schuster-maradona-leader-barcelona-not-advantage-him_262660_102.html\"},\"wordCount\":518,\"image\":{\"@id\":\"https:\\\/\\\/www.fcbarcelonanoticias.com\\\/en\\\/players\\\/schuster-maradona-leader-barcelona-not-advantage-him_262660_102.html#primaryimage\"},\"thumbnailUrl\":\"https:\\\/\\\/www.fcbarcelonanoticias.com\\\/en\\\/wp-content\\\/uploads\\\/sites\\\/2\\\/2020\\\/11\\\/maradona-schuster-barca.jpeg\",\"keywords\":[\"Diego Armando Maradona\"],\"articleSection\":[\"Players\",\"Players\"],\"inLanguage\":\"en-US\"},{\"@type\":\"WebPage\",\"@id\":\"https:\\\/\\\/www.fcbarcelonanoticias.com\\\/en\\\/players\\\/schuster-maradona-leader-barcelona-not-advantage-him_262660_102.html\",\"url\":\"https:\\\/\\\/www.fcbarcelonanoticias.com\\\/en\\\/players\\\/schuster-maradona-leader-barcelona-not-advantage-him_262660_102.html\",\"name\":\"Schuster: \\\"Maradona was a leader, but at Bar\u00e7a we didn't take advantage of him\\\"\",\"isPartOf\":{\"@id\":\"https:\\\/\\\/www.fcbarcelonanoticias.com\\\/en\\\/#website\"},\"primaryImageOfPage\":{\"@id\":\"https:\\\/\\\/www.fcbarcelonanoticias.com\\\/en\\\/players\\\/schuster-maradona-leader-barcelona-not-advantage-him_262660_102.html#primaryimage\"},\"image\":{\"@id\":\"https:\\\/\\\/www.fcbarcelonanoticias.com\\\/en\\\/players\\\/schuster-maradona-leader-barcelona-not-advantage-him_262660_102.html#primaryimage\"},\"thumbnailUrl\":\"https:\\\/\\\/www.fcbarcelonanoticias.com\\\/en\\\/wp-content\\\/uploads\\\/sites\\\/2\\\/2020\\\/11\\\/maradona-schuster-barca.jpeg\",\"datePublished\":\"2020-11-26T14:53:00+00:00\",\"author\":{\"@id\":\"https:\\\/\\\/www.fcbarcelonanoticias.com\\\/en\\\/#\\\/schema\\\/person\\\/2c11766f24f3c56715694e077889a703\"},\"description\":\"Bernd Schuster, ex player of the Madrid or of the Bar\u00e7a, spoke this Thursday on Diego Armando Maradona as a result of the demise of the Argentinian. The German remembered l...\",\"breadcrumb\":{\"@id\":\"https:\\\/\\\/www.fcbarcelonanoticias.com\\\/en\\\/players\\\/schuster-maradona-leader-barcelona-not-advantage-him_262660_102.html#breadcrumb\"},\"inLanguage\":\"en-US\",\"potentialAction\":[{\"@type\":\"ReadAction\",\"target\":[\"https:\\\/\\\/www.fcbarcelonanoticias.com\\\/en\\\/players\\\/schuster-maradona-leader-barcelona-not-advantage-him_262660_102.html\"]}]},{\"@type\":\"ImageObject\",\"inLanguage\":\"en-US\",\"@id\":\"https:\\\/\\\/www.fcbarcelonanoticias.com\\\/en\\\/players\\\/schuster-maradona-leader-barcelona-not-advantage-him_262660_102.html#primaryimage\",\"url\":\"https:\\\/\\\/www.fcbarcelonanoticias.com\\\/en\\\/wp-content\\\/uploads\\\/sites\\\/2\\\/2020\\\/11\\\/maradona-schuster-barca.jpeg\",\"contentUrl\":\"https:\\\/\\\/www.fcbarcelonanoticias.com\\\/en\\\/wp-content\\\/uploads\\\/sites\\\/2\\\/2020\\\/11\\\/maradona-schuster-barca.jpeg\",\"width\":1200,\"height\":676},{\"@type\":\"BreadcrumbList\",\"@id\":\"https:\\\/\\\/www.fcbarcelonanoticias.com\\\/en\\\/players\\\/schuster-maradona-leader-barcelona-not-advantage-him_262660_102.html#breadcrumb\",\"itemListElement\":[{\"@type\":\"ListItem\",\"position\":1,\"name\":\"Portada\",\"item\":\"https:\\\/\\\/www.fcbarcelonanoticias.com\\\/en\\\/\"},{\"@type\":\"ListItem\",\"position\":2,\"name\":\"Schuster: &#8220;Maradona was a leader, but at Bar\u00e7a we didn&#8217;t take advantage of him&#8221;\"}]},{\"@type\":\"WebSite\",\"@id\":\"https:\\\/\\\/www.fcbarcelonanoticias.com\\\/en\\\/#website\",\"url\":\"https:\\\/\\\/www.fcbarcelonanoticias.com\\\/en\\\/\",\"name\":\"EN - FC Barcelona Noticias\",\"description\":\"\",\"potentialAction\":[{\"@type\":\"SearchAction\",\"target\":{\"@type\":\"EntryPoint\",\"urlTemplate\":\"https:\\\/\\\/www.fcbarcelonanoticias.com\\\/en\\\/?s={search_term_string}\"},\"query-input\":{\"@type\":\"PropertyValueSpecification\",\"valueRequired\":true,\"valueName\":\"search_term_string\"}}],\"inLanguage\":\"en-US\"},{\"@type\":\"Person\",\"@id\":\"https:\\\/\\\/www.fcbarcelonanoticias.com\\\/en\\\/#\\\/schema\\\/person\\\/2c11766f24f3c56715694e077889a703\",\"name\":\"user_4036\",\"image\":{\"@type\":\"ImageObject\",\"inLanguage\":\"en-US\",\"@id\":\"https:\\\/\\\/secure.gravatar.com\\\/avatar\\\/?s=96&d=mm&r=g\",\"url\":\"https:\\\/\\\/secure.gravatar.com\\\/avatar\\\/?s=96&d=mm&r=g\",\"contentUrl\":\"https:\\\/\\\/secure.gravatar.com\\\/avatar\\\/?s=96&d=mm&r=g\",\"caption\":\"user_4036\"},\"url\":\"https:\\\/\\\/www.fcbarcelonanoticias.com\\\/en\\\/user_4036.html\"}]}<\/script>\n<!-- \/ Yoast SEO plugin. -->","yoast_head_json":{"title":"Schuster: \"Maradona was a leader, but at Bar\u00e7a we didn't take advantage of him\"","description":"Bernd Schuster, ex player of the Madrid or of the Bar\u00e7a, spoke this Thursday on Diego Armando Maradona as a result of the demise of the Argentinian. The German remembered l...","robots":{"index":"index","follow":"follow","max-snippet":"max-snippet:-1","max-image-preview":"max-image-preview:large","max-video-preview":"max-video-preview:-1"},"canonical":"https:\/\/www.fcbarcelonanoticias.com\/en\/players\/schuster-maradona-leader-barcelona-not-advantage-him_262660_102.html","og_locale":"en_US","og_type":"article","og_title":"Schuster: \"Maradona was a leader, but at Bar\u00e7a we didn't take advantage of him\"","og_description":"Bernd Schuster, ex player of the Madrid or of the Bar\u00e7a, spoke this Thursday on Diego Armando Maradona as a result of the demise of the Argentinian. The German remembered l...","og_url":"https:\/\/www.fcbarcelonanoticias.com\/en\/players\/schuster-maradona-leader-barcelona-not-advantage-him_262660_102.html","og_site_name":"EN - FC Barcelona Noticias","article_published_time":"2020-11-26T14:53:00+00:00","og_image":[{"width":1200,"height":676,"url":"https:\/\/www.fcbarcelonanoticias.com\/en\/wp-content\/uploads\/sites\/2\/2020\/11\/maradona-schuster-barca.jpeg","type":"image\/jpeg"}],"author":"user_4036","twitter_card":"summary_large_image","twitter_misc":{"Written by":"user_4036","Est. reading time":"3 minutes"},"schema":{"@context":"https:\/\/schema.org","@graph":[{"@type":"Article","@id":"https:\/\/www.fcbarcelonanoticias.com\/en\/players\/schuster-maradona-leader-barcelona-not-advantage-him_262660_102.html#article","isPartOf":{"@id":"https:\/\/www.fcbarcelonanoticias.com\/en\/players\/schuster-maradona-leader-barcelona-not-advantage-him_262660_102.html"},"author":{"name":"user_4036","@id":"https:\/\/www.fcbarcelonanoticias.com\/en\/#\/schema\/person\/2c11766f24f3c56715694e077889a703"},"headline":"Schuster: &#8220;Maradona was a leader, but at Bar\u00e7a we didn&#8217;t take advantage of him&#8221;","datePublished":"2020-11-26T14:53:00+00:00","mainEntityOfPage":{"@id":"https:\/\/www.fcbarcelonanoticias.com\/en\/players\/schuster-maradona-leader-barcelona-not-advantage-him_262660_102.html"},"wordCount":518,"image":{"@id":"https:\/\/www.fcbarcelonanoticias.com\/en\/players\/schuster-maradona-leader-barcelona-not-advantage-him_262660_102.html#primaryimage"},"thumbnailUrl":"https:\/\/www.fcbarcelonanoticias.com\/en\/wp-content\/uploads\/sites\/2\/2020\/11\/maradona-schuster-barca.jpeg","keywords":["Diego Armando Maradona"],"articleSection":["Players","Players"],"inLanguage":"en-US"},{"@type":"WebPage","@id":"https:\/\/www.fcbarcelonanoticias.com\/en\/players\/schuster-maradona-leader-barcelona-not-advantage-him_262660_102.html","url":"https:\/\/www.fcbarcelonanoticias.com\/en\/players\/schuster-maradona-leader-barcelona-not-advantage-him_262660_102.html","name":"Schuster: \"Maradona was a leader, but at Bar\u00e7a we didn't take advantage of him\"","isPartOf":{"@id":"https:\/\/www.fcbarcelonanoticias.com\/en\/#website"},"primaryImageOfPage":{"@id":"https:\/\/www.fcbarcelonanoticias.com\/en\/players\/schuster-maradona-leader-barcelona-not-advantage-him_262660_102.html#primaryimage"},"image":{"@id":"https:\/\/www.fcbarcelonanoticias.com\/en\/players\/schuster-maradona-leader-barcelona-not-advantage-him_262660_102.html#primaryimage"},"thumbnailUrl":"https:\/\/www.fcbarcelonanoticias.com\/en\/wp-content\/uploads\/sites\/2\/2020\/11\/maradona-schuster-barca.jpeg","datePublished":"2020-11-26T14:53:00+00:00","author":{"@id":"https:\/\/www.fcbarcelonanoticias.com\/en\/#\/schema\/person\/2c11766f24f3c56715694e077889a703"},"description":"Bernd Schuster, ex player of the Madrid or of the Bar\u00e7a, spoke this Thursday on Diego Armando Maradona as a result of the demise of the Argentinian. The German remembered l...","breadcrumb":{"@id":"https:\/\/www.fcbarcelonanoticias.com\/en\/players\/schuster-maradona-leader-barcelona-not-advantage-him_262660_102.html#breadcrumb"},"inLanguage":"en-US","potentialAction":[{"@type":"ReadAction","target":["https:\/\/www.fcbarcelonanoticias.com\/en\/players\/schuster-maradona-leader-barcelona-not-advantage-him_262660_102.html"]}]},{"@type":"ImageObject","inLanguage":"en-US","@id":"https:\/\/www.fcbarcelonanoticias.com\/en\/players\/schuster-maradona-leader-barcelona-not-advantage-him_262660_102.html#primaryimage","url":"https:\/\/www.fcbarcelonanoticias.com\/en\/wp-content\/uploads\/sites\/2\/2020\/11\/maradona-schuster-barca.jpeg","contentUrl":"https:\/\/www.fcbarcelonanoticias.com\/en\/wp-content\/uploads\/sites\/2\/2020\/11\/maradona-schuster-barca.jpeg","width":1200,"height":676},{"@type":"BreadcrumbList","@id":"https:\/\/www.fcbarcelonanoticias.com\/en\/players\/schuster-maradona-leader-barcelona-not-advantage-him_262660_102.html#breadcrumb","itemListElement":[{"@type":"ListItem","position":1,"name":"Portada","item":"https:\/\/www.fcbarcelonanoticias.com\/en\/"},{"@type":"ListItem","position":2,"name":"Schuster: &#8220;Maradona was a leader, but at Bar\u00e7a we didn&#8217;t take advantage of him&#8221;"}]},{"@type":"WebSite","@id":"https:\/\/www.fcbarcelonanoticias.com\/en\/#website","url":"https:\/\/www.fcbarcelonanoticias.com\/en\/","name":"EN - FC Barcelona Noticias","description":"","potentialAction":[{"@type":"SearchAction","target":{"@type":"EntryPoint","urlTemplate":"https:\/\/www.fcbarcelonanoticias.com\/en\/?s={search_term_string}"},"query-input":{"@type":"PropertyValueSpecification","valueRequired":true,"valueName":"search_term_string"}}],"inLanguage":"en-US"},{"@type":"Person","@id":"https:\/\/www.fcbarcelonanoticias.com\/en\/#\/schema\/person\/2c11766f24f3c56715694e077889a703","name":"user_4036","image":{"@type":"ImageObject","inLanguage":"en-US","@id":"https:\/\/secure.gravatar.com\/avatar\/?s=96&d=mm&r=g","url":"https:\/\/secure.gravatar.com\/avatar\/?s=96&d=mm&r=g","contentUrl":"https:\/\/secure.gravatar.com\/avatar\/?s=96&d=mm&r=g","caption":"user_4036"},"url":"https:\/\/www.fcbarcelonanoticias.com\/en\/user_4036.html"}]}},"_links":{"self":[{"href":"https:\/\/www.fcbarcelonanoticias.com\/en\/wp-json\/wp\/v2\/posts\/77562","targetHints":{"allow":["GET"]}}],"collection":[{"href":"https:\/\/www.fcbarcelonanoticias.com\/en\/wp-json\/wp\/v2\/posts"}],"about":[{"href":"https:\/\/www.fcbarcelonanoticias.com\/en\/wp-json\/wp\/v2\/types\/post"}],"author":[{"embeddable":true,"href":"https:\/\/www.fcbarcelonanoticias.com\/en\/wp-json\/wp\/v2\/users\/380"}],"replies":[{"embeddable":true,"href":"https:\/\/www.fcbarcelonanoticias.com\/en\/wp-json\/wp\/v2\/comments?post=77562"}],"version-history":[{"count":1,"href":"https:\/\/www.fcbarcelonanoticias.com\/en\/wp-json\/wp\/v2\/posts\/77562\/revisions"}],"predecessor-version":[{"id":123118,"href":"https:\/\/www.fcbarcelonanoticias.com\/en\/wp-json\/wp\/v2\/posts\/77562\/revisions\/123118"}],"wp:featuredmedia":[{"embeddable":true,"href":"https:\/\/www.fcbarcelonanoticias.com\/en\/wp-json\/wp\/v2\/media\/77565"}],"wp:attachment":[{"href":"https:\/\/www.fcbarcelonanoticias.com\/en\/wp-json\/wp\/v2\/media?parent=77562"}],"wp:term":[{"taxonomy":"category","embeddable":true,"href":"https:\/\/www.fcbarcelonanoticias.com\/en\/wp-json\/wp\/v2\/categories?post=77562"},{"taxonomy":"post_tag","embeddable":true,"href":"https:\/\/www.fcbarcelonanoticias.com\/en\/wp-json\/wp\/v2\/tags?post=77562"}],"curies":[{"name":"wp","href":"https:\/\/api.w.org\/{rel}","templated":true}]}}