{"id":77644,"date":"2020-06-05T19:05:00","date_gmt":"2020-06-05T17:05:00","guid":{"rendered":"https:\/\/weisetech.dev\/fc-barcelona-noticias\/en\/sergi-roberto-puts-in-a-wrap-the-hunt-jumping-the-measures-covid_269242_102\/"},"modified":"2020-06-05T19:05:00","modified_gmt":"2020-06-05T17:05:00","slug":"semedo-remains-without-suitors-price_258229_102","status":"publish","type":"post","link":"https:\/\/www.fcbarcelonanoticias.com\/en\/players\/semedo-remains-without-suitors-price_258229_102.html","title":{"rendered":"Semedo remains without one of his suitors because of his price"},"content":{"rendered":"<h2 class=\"wp-block-heading\">N\u00e9lson Semedo Is one of the players of the Bar\u00e7a that they could say goodbye this summer. The side is in the market, but the price that has put him the Bar\u00e7a would have moved away to the Bayern of Munich, that considers that it is too expensive<\/h2>  \r\n<div class=\"article-addons\">\r\n    <a href=\"https:\/\/www.fcbarcelonanoticias.com\/en\/calendar-fc-barcelona.html\"\r\n       target=\"_self\"\r\n       title=\"Calendar of FC Barcelona\"\r\n       class=\"blue-gredient-btn\">\r\n       \r\n        Calendar of FC Barcelona    <\/a>\r\n<\/div>   <p><strong><a data-external=\"0\" data-intl-links-en=\"https:\/\/www.fcbarcelonanoticias.com\/en\/tags\/nelson-semedo\" data-intl-links-es=\"https:\/\/www.fcbarcelonanoticias.com\/tags\/nelson-semedo\" href=\"https:\/\/www.fcbarcelonanoticias.com\/en\/tags\/nelson-semedo.html\" rel=\"follow\" target=\"_self\" title=\"Nelson Semedo\">N\u00e9lson Semedo<\/a> Is one of the players that the <a data-external=\"0\" data-intl-links-en=\"https:\/\/www.fcbarcelonanoticias.com\/en\/fc-barcelona\" data-intl-links-es=\"https:\/\/www.fcbarcelonanoticias.com\/fc-barcelona\" href=\"https:\/\/www.fcbarcelonanoticias.com\/en\/football-soccer\/fc-barcelona.html\" rel=\"follow\" target=\"_self\" title=\"FC Barcelona\">FC Barcelona<\/a>\u200b has put in the market of face to this summer<\/strong>. The Portuguese does not finish to strengthen in the right side and this season has seen like Sergi Roberto ate him the toast in several moments. The ex of the Benfica is one of the carrileros with more conditions of the world, but in three years has not given the jump that expected of him and in the club consider seriously his sale.<\/p>  <p>But the Barcelona do not think to give to the luso and says that the idea is traspasarle by a quantity that oscillate of the 40 to the 50 million euros. The market of right-handed sides does not abound and therefore no can him sell to any price. <strong>Manchester City, Bayern of Munich or Paris Saint-Germain have interested by him and have him in his list of aims<\/strong>. As it aims &#8216;Sport&#8217;, the problem is that his price already would have moved away to one of these three groups.<\/p>  <p>The Bayern wants to incorporate a carrilero by the right for the course that comes and Semedo is one of the candidates that handle. But the Bavarians do not have to the cul\u00e9 like first option, since they consider that <strong>Sergi\u00f1o Dest, that has sounded like replacement of N\u00e9lson in the Bar\u00e7a, is a better alternative<\/strong>. The Ajax values to the jovenc\u00edsimo Dutch of American origin in some 25-30 millions, by what would go out cheaper that the international by Portugal.<\/p>  <p>This difference of price, added to the doubts that has left the Portuguese in his stage in Can Bar\u00e7a would do that the Germans preferred to go to by the Dutch. Nevertheless, <strong>if the operation by the jewel &#8216;ajacied&#8217; twisted , perhaps reactivated the option Semedo, in spite of his valuation<\/strong>. Pavard Is the only right-handed side of the staff germana right now and of face to the year think that is urgent to bend this place with somebody of level.<\/p>  <p>The <strong>problem of the Bayern is that have engaged a lot of millions in the signing of Leroy San\u00e9.<\/strong> The extreme of the Manchester City was the big aim of the club the past summer, but his injury prevented that it went out of the Etihad. But the forward finish agreement in 2021, does not have thought to renew and in this occasion seems that yes it will be able to arrive to the Baviera. In spite of everything, his traspaso seems that it will not cost less than 70 or 80 &#8216;kilos&#8217; and this engages all the planning.<\/p>  <h3>The City, the best option to sell to Semedo<\/h3>  <p>If the team muniqu\u00e9s does not bet by Semedo,<strong> the Manchester City seems the best option to plant to the Portuguese<\/strong>. Pep Guardiola wants to to the side and the &#8216;cityzens&#8217; would be had to offer to Joao Cancel in return. The problem is that the compatriot of N\u00e9lson has a very upper wage and this descuadrar\u00eda the accounts of the Bar\u00e7a. In Barcelona prefer money by the ex of the Benfica to be able to pay for example the signing of Lautaro Mart\u00ednez.<\/p> ","protected":false},"excerpt":{"rendered":"<p>N\u00e9lson Semedo Is one of the players of the Bar\u00e7a that they could say goodbye this summer. The side is in the market, but the price that has put him the Bar\u00e7a would have moved away to the Bayern of Munich, that considers that it is too expensive N\u00e9lson Semedo Is one of the players [&hellip;]<\/p>\n","protected":false},"author":392,"featured_media":77077,"comment_status":"closed","ping_status":"open","sticky":false,"template":"","format":"standard","meta":{"_acf_changed":false,"inline_featured_image":false,"_nextfly_llmd_date_locked":false,"footnotes":""},"categories":[453,107],"tags":[104,303],"class_list":["post-77644","post","type-post","status-publish","format-standard","has-post-thumbnail","hentry","category-players-2","category-players","tag-bayern-munich","tag-nelson-semedo"],"acf":[],"yoast_head":"<!-- This site is optimized with the Yoast SEO plugin v27.3 - https:\/\/yoast.com\/product\/yoast-seo-wordpress\/ -->\n<title>Semedo is left without one of his suitors because of his price<\/title>\n<meta name=\"description\" content=\"N\u00e9lson Semedo Is one of the players of the Bar\u00e7a that they could say goodbye this summer. The side is in the market, but the price that has put him the Bar\u00e7a...\" \/>\n<meta name=\"robots\" content=\"index, follow, max-snippet:-1, max-image-preview:large, max-video-preview:-1\" \/>\n<link rel=\"canonical\" href=\"https:\/\/www.fcbarcelonanoticias.com\/en\/players\/semedo-remains-without-suitors-price_258229_102.html\" \/>\n<meta property=\"og:locale\" content=\"en_US\" \/>\n<meta property=\"og:type\" content=\"article\" \/>\n<meta property=\"og:title\" content=\"Semedo is left without one of his suitors because of his price\" \/>\n<meta property=\"og:description\" content=\"N\u00e9lson Semedo Is one of the players of the Bar\u00e7a that they could say goodbye this summer. The side is in the market, but the price that has put him the Bar\u00e7a...\" \/>\n<meta property=\"og:url\" content=\"https:\/\/www.fcbarcelonanoticias.com\/en\/players\/semedo-remains-without-suitors-price_258229_102.html\" \/>\n<meta property=\"og:site_name\" content=\"EN - FC Barcelona Noticias\" \/>\n<meta property=\"article:published_time\" content=\"2020-06-05T17:05:00+00:00\" \/>\n<meta property=\"og:image\" content=\"https:\/\/www.fcbarcelonanoticias.com\/en\/wp-content\/uploads\/sites\/2\/2020\/05\/nelsonsemedo-entreno6.jpeg\" \/>\n\t<meta property=\"og:image:width\" content=\"1200\" \/>\n\t<meta property=\"og:image:height\" content=\"675\" \/>\n\t<meta property=\"og:image:type\" content=\"image\/jpeg\" \/>\n<meta name=\"author\" content=\"user_4048\" \/>\n<meta name=\"twitter:card\" content=\"summary_large_image\" \/>\n<meta name=\"twitter:label1\" content=\"Written by\" \/>\n\t<meta name=\"twitter:data1\" content=\"user_4048\" \/>\n\t<meta name=\"twitter:label2\" content=\"Est. reading time\" \/>\n\t<meta name=\"twitter:data2\" content=\"3 minutes\" \/>\n<script type=\"application\/ld+json\" class=\"yoast-schema-graph\">{\"@context\":\"https:\\\/\\\/schema.org\",\"@graph\":[{\"@type\":\"Article\",\"@id\":\"https:\\\/\\\/www.fcbarcelonanoticias.com\\\/en\\\/players\\\/semedo-remains-without-suitors-price_258229_102.html#article\",\"isPartOf\":{\"@id\":\"https:\\\/\\\/www.fcbarcelonanoticias.com\\\/en\\\/players\\\/semedo-remains-without-suitors-price_258229_102.html\"},\"author\":{\"name\":\"user_4048\",\"@id\":\"https:\\\/\\\/www.fcbarcelonanoticias.com\\\/en\\\/#\\\/schema\\\/person\\\/fcdad55cab72b8d0e106d75506783b6d\"},\"headline\":\"Semedo remains without one of his suitors because of his price\",\"datePublished\":\"2020-06-05T17:05:00+00:00\",\"mainEntityOfPage\":{\"@id\":\"https:\\\/\\\/www.fcbarcelonanoticias.com\\\/en\\\/players\\\/semedo-remains-without-suitors-price_258229_102.html\"},\"wordCount\":594,\"image\":{\"@id\":\"https:\\\/\\\/www.fcbarcelonanoticias.com\\\/en\\\/players\\\/semedo-remains-without-suitors-price_258229_102.html#primaryimage\"},\"thumbnailUrl\":\"https:\\\/\\\/www.fcbarcelonanoticias.com\\\/en\\\/wp-content\\\/uploads\\\/sites\\\/2\\\/2020\\\/05\\\/nelsonsemedo-entreno6.jpeg\",\"keywords\":[\"Bayern Munich\",\"Nelson Semedo\"],\"articleSection\":[\"Players\",\"Players\"],\"inLanguage\":\"en-US\"},{\"@type\":\"WebPage\",\"@id\":\"https:\\\/\\\/www.fcbarcelonanoticias.com\\\/en\\\/players\\\/semedo-remains-without-suitors-price_258229_102.html\",\"url\":\"https:\\\/\\\/www.fcbarcelonanoticias.com\\\/en\\\/players\\\/semedo-remains-without-suitors-price_258229_102.html\",\"name\":\"Semedo is left without one of his suitors because of his price\",\"isPartOf\":{\"@id\":\"https:\\\/\\\/www.fcbarcelonanoticias.com\\\/en\\\/#website\"},\"primaryImageOfPage\":{\"@id\":\"https:\\\/\\\/www.fcbarcelonanoticias.com\\\/en\\\/players\\\/semedo-remains-without-suitors-price_258229_102.html#primaryimage\"},\"image\":{\"@id\":\"https:\\\/\\\/www.fcbarcelonanoticias.com\\\/en\\\/players\\\/semedo-remains-without-suitors-price_258229_102.html#primaryimage\"},\"thumbnailUrl\":\"https:\\\/\\\/www.fcbarcelonanoticias.com\\\/en\\\/wp-content\\\/uploads\\\/sites\\\/2\\\/2020\\\/05\\\/nelsonsemedo-entreno6.jpeg\",\"datePublished\":\"2020-06-05T17:05:00+00:00\",\"author\":{\"@id\":\"https:\\\/\\\/www.fcbarcelonanoticias.com\\\/en\\\/#\\\/schema\\\/person\\\/fcdad55cab72b8d0e106d75506783b6d\"},\"description\":\"N\u00e9lson Semedo Is one of the players of the Bar\u00e7a that they could say goodbye this summer. The side is in the market, but the price that has put him the Bar\u00e7a...\",\"breadcrumb\":{\"@id\":\"https:\\\/\\\/www.fcbarcelonanoticias.com\\\/en\\\/players\\\/semedo-remains-without-suitors-price_258229_102.html#breadcrumb\"},\"inLanguage\":\"en-US\",\"potentialAction\":[{\"@type\":\"ReadAction\",\"target\":[\"https:\\\/\\\/www.fcbarcelonanoticias.com\\\/en\\\/players\\\/semedo-remains-without-suitors-price_258229_102.html\"]}]},{\"@type\":\"ImageObject\",\"inLanguage\":\"en-US\",\"@id\":\"https:\\\/\\\/www.fcbarcelonanoticias.com\\\/en\\\/players\\\/semedo-remains-without-suitors-price_258229_102.html#primaryimage\",\"url\":\"https:\\\/\\\/www.fcbarcelonanoticias.com\\\/en\\\/wp-content\\\/uploads\\\/sites\\\/2\\\/2020\\\/05\\\/nelsonsemedo-entreno6.jpeg\",\"contentUrl\":\"https:\\\/\\\/www.fcbarcelonanoticias.com\\\/en\\\/wp-content\\\/uploads\\\/sites\\\/2\\\/2020\\\/05\\\/nelsonsemedo-entreno6.jpeg\",\"width\":1200,\"height\":675},{\"@type\":\"BreadcrumbList\",\"@id\":\"https:\\\/\\\/www.fcbarcelonanoticias.com\\\/en\\\/players\\\/semedo-remains-without-suitors-price_258229_102.html#breadcrumb\",\"itemListElement\":[{\"@type\":\"ListItem\",\"position\":1,\"name\":\"Portada\",\"item\":\"https:\\\/\\\/www.fcbarcelonanoticias.com\\\/en\\\/\"},{\"@type\":\"ListItem\",\"position\":2,\"name\":\"Semedo remains without one of his suitors because of his price\"}]},{\"@type\":\"WebSite\",\"@id\":\"https:\\\/\\\/www.fcbarcelonanoticias.com\\\/en\\\/#website\",\"url\":\"https:\\\/\\\/www.fcbarcelonanoticias.com\\\/en\\\/\",\"name\":\"EN - FC Barcelona Noticias\",\"description\":\"\",\"potentialAction\":[{\"@type\":\"SearchAction\",\"target\":{\"@type\":\"EntryPoint\",\"urlTemplate\":\"https:\\\/\\\/www.fcbarcelonanoticias.com\\\/en\\\/?s={search_term_string}\"},\"query-input\":{\"@type\":\"PropertyValueSpecification\",\"valueRequired\":true,\"valueName\":\"search_term_string\"}}],\"inLanguage\":\"en-US\"},{\"@type\":\"Person\",\"@id\":\"https:\\\/\\\/www.fcbarcelonanoticias.com\\\/en\\\/#\\\/schema\\\/person\\\/fcdad55cab72b8d0e106d75506783b6d\",\"name\":\"user_4048\",\"image\":{\"@type\":\"ImageObject\",\"inLanguage\":\"en-US\",\"@id\":\"https:\\\/\\\/secure.gravatar.com\\\/avatar\\\/?s=96&d=mm&r=g\",\"url\":\"https:\\\/\\\/secure.gravatar.com\\\/avatar\\\/?s=96&d=mm&r=g\",\"contentUrl\":\"https:\\\/\\\/secure.gravatar.com\\\/avatar\\\/?s=96&d=mm&r=g\",\"caption\":\"user_4048\"},\"url\":\"https:\\\/\\\/www.fcbarcelonanoticias.com\\\/en\\\/user_4048.html\"}]}<\/script>\n<!-- \/ Yoast SEO plugin. -->","yoast_head_json":{"title":"Semedo is left without one of his suitors because of his price","description":"N\u00e9lson Semedo Is one of the players of the Bar\u00e7a that they could say goodbye this summer. The side is in the market, but the price that has put him the Bar\u00e7a...","robots":{"index":"index","follow":"follow","max-snippet":"max-snippet:-1","max-image-preview":"max-image-preview:large","max-video-preview":"max-video-preview:-1"},"canonical":"https:\/\/www.fcbarcelonanoticias.com\/en\/players\/semedo-remains-without-suitors-price_258229_102.html","og_locale":"en_US","og_type":"article","og_title":"Semedo is left without one of his suitors because of his price","og_description":"N\u00e9lson Semedo Is one of the players of the Bar\u00e7a that they could say goodbye this summer. The side is in the market, but the price that has put him the Bar\u00e7a...","og_url":"https:\/\/www.fcbarcelonanoticias.com\/en\/players\/semedo-remains-without-suitors-price_258229_102.html","og_site_name":"EN - FC Barcelona Noticias","article_published_time":"2020-06-05T17:05:00+00:00","og_image":[{"width":1200,"height":675,"url":"https:\/\/www.fcbarcelonanoticias.com\/en\/wp-content\/uploads\/sites\/2\/2020\/05\/nelsonsemedo-entreno6.jpeg","type":"image\/jpeg"}],"author":"user_4048","twitter_card":"summary_large_image","twitter_misc":{"Written by":"user_4048","Est. reading time":"3 minutes"},"schema":{"@context":"https:\/\/schema.org","@graph":[{"@type":"Article","@id":"https:\/\/www.fcbarcelonanoticias.com\/en\/players\/semedo-remains-without-suitors-price_258229_102.html#article","isPartOf":{"@id":"https:\/\/www.fcbarcelonanoticias.com\/en\/players\/semedo-remains-without-suitors-price_258229_102.html"},"author":{"name":"user_4048","@id":"https:\/\/www.fcbarcelonanoticias.com\/en\/#\/schema\/person\/fcdad55cab72b8d0e106d75506783b6d"},"headline":"Semedo remains without one of his suitors because of his price","datePublished":"2020-06-05T17:05:00+00:00","mainEntityOfPage":{"@id":"https:\/\/www.fcbarcelonanoticias.com\/en\/players\/semedo-remains-without-suitors-price_258229_102.html"},"wordCount":594,"image":{"@id":"https:\/\/www.fcbarcelonanoticias.com\/en\/players\/semedo-remains-without-suitors-price_258229_102.html#primaryimage"},"thumbnailUrl":"https:\/\/www.fcbarcelonanoticias.com\/en\/wp-content\/uploads\/sites\/2\/2020\/05\/nelsonsemedo-entreno6.jpeg","keywords":["Bayern Munich","Nelson Semedo"],"articleSection":["Players","Players"],"inLanguage":"en-US"},{"@type":"WebPage","@id":"https:\/\/www.fcbarcelonanoticias.com\/en\/players\/semedo-remains-without-suitors-price_258229_102.html","url":"https:\/\/www.fcbarcelonanoticias.com\/en\/players\/semedo-remains-without-suitors-price_258229_102.html","name":"Semedo is left without one of his suitors because of his price","isPartOf":{"@id":"https:\/\/www.fcbarcelonanoticias.com\/en\/#website"},"primaryImageOfPage":{"@id":"https:\/\/www.fcbarcelonanoticias.com\/en\/players\/semedo-remains-without-suitors-price_258229_102.html#primaryimage"},"image":{"@id":"https:\/\/www.fcbarcelonanoticias.com\/en\/players\/semedo-remains-without-suitors-price_258229_102.html#primaryimage"},"thumbnailUrl":"https:\/\/www.fcbarcelonanoticias.com\/en\/wp-content\/uploads\/sites\/2\/2020\/05\/nelsonsemedo-entreno6.jpeg","datePublished":"2020-06-05T17:05:00+00:00","author":{"@id":"https:\/\/www.fcbarcelonanoticias.com\/en\/#\/schema\/person\/fcdad55cab72b8d0e106d75506783b6d"},"description":"N\u00e9lson Semedo Is one of the players of the Bar\u00e7a that they could say goodbye this summer. The side is in the market, but the price that has put him the Bar\u00e7a...","breadcrumb":{"@id":"https:\/\/www.fcbarcelonanoticias.com\/en\/players\/semedo-remains-without-suitors-price_258229_102.html#breadcrumb"},"inLanguage":"en-US","potentialAction":[{"@type":"ReadAction","target":["https:\/\/www.fcbarcelonanoticias.com\/en\/players\/semedo-remains-without-suitors-price_258229_102.html"]}]},{"@type":"ImageObject","inLanguage":"en-US","@id":"https:\/\/www.fcbarcelonanoticias.com\/en\/players\/semedo-remains-without-suitors-price_258229_102.html#primaryimage","url":"https:\/\/www.fcbarcelonanoticias.com\/en\/wp-content\/uploads\/sites\/2\/2020\/05\/nelsonsemedo-entreno6.jpeg","contentUrl":"https:\/\/www.fcbarcelonanoticias.com\/en\/wp-content\/uploads\/sites\/2\/2020\/05\/nelsonsemedo-entreno6.jpeg","width":1200,"height":675},{"@type":"BreadcrumbList","@id":"https:\/\/www.fcbarcelonanoticias.com\/en\/players\/semedo-remains-without-suitors-price_258229_102.html#breadcrumb","itemListElement":[{"@type":"ListItem","position":1,"name":"Portada","item":"https:\/\/www.fcbarcelonanoticias.com\/en\/"},{"@type":"ListItem","position":2,"name":"Semedo remains without one of his suitors because of his price"}]},{"@type":"WebSite","@id":"https:\/\/www.fcbarcelonanoticias.com\/en\/#website","url":"https:\/\/www.fcbarcelonanoticias.com\/en\/","name":"EN - FC Barcelona Noticias","description":"","potentialAction":[{"@type":"SearchAction","target":{"@type":"EntryPoint","urlTemplate":"https:\/\/www.fcbarcelonanoticias.com\/en\/?s={search_term_string}"},"query-input":{"@type":"PropertyValueSpecification","valueRequired":true,"valueName":"search_term_string"}}],"inLanguage":"en-US"},{"@type":"Person","@id":"https:\/\/www.fcbarcelonanoticias.com\/en\/#\/schema\/person\/fcdad55cab72b8d0e106d75506783b6d","name":"user_4048","image":{"@type":"ImageObject","inLanguage":"en-US","@id":"https:\/\/secure.gravatar.com\/avatar\/?s=96&d=mm&r=g","url":"https:\/\/secure.gravatar.com\/avatar\/?s=96&d=mm&r=g","contentUrl":"https:\/\/secure.gravatar.com\/avatar\/?s=96&d=mm&r=g","caption":"user_4048"},"url":"https:\/\/www.fcbarcelonanoticias.com\/en\/user_4048.html"}]}},"_links":{"self":[{"href":"https:\/\/www.fcbarcelonanoticias.com\/en\/wp-json\/wp\/v2\/posts\/77644","targetHints":{"allow":["GET"]}}],"collection":[{"href":"https:\/\/www.fcbarcelonanoticias.com\/en\/wp-json\/wp\/v2\/posts"}],"about":[{"href":"https:\/\/www.fcbarcelonanoticias.com\/en\/wp-json\/wp\/v2\/types\/post"}],"author":[{"embeddable":true,"href":"https:\/\/www.fcbarcelonanoticias.com\/en\/wp-json\/wp\/v2\/users\/392"}],"replies":[{"embeddable":true,"href":"https:\/\/www.fcbarcelonanoticias.com\/en\/wp-json\/wp\/v2\/comments?post=77644"}],"version-history":[{"count":2,"href":"https:\/\/www.fcbarcelonanoticias.com\/en\/wp-json\/wp\/v2\/posts\/77644\/revisions"}],"predecessor-version":[{"id":77646,"href":"https:\/\/www.fcbarcelonanoticias.com\/en\/wp-json\/wp\/v2\/posts\/77644\/revisions\/77646"}],"wp:featuredmedia":[{"embeddable":true,"href":"https:\/\/www.fcbarcelonanoticias.com\/en\/wp-json\/wp\/v2\/media\/77077"}],"wp:attachment":[{"href":"https:\/\/www.fcbarcelonanoticias.com\/en\/wp-json\/wp\/v2\/media?parent=77644"}],"wp:term":[{"taxonomy":"category","embeddable":true,"href":"https:\/\/www.fcbarcelonanoticias.com\/en\/wp-json\/wp\/v2\/categories?post=77644"},{"taxonomy":"post_tag","embeddable":true,"href":"https:\/\/www.fcbarcelonanoticias.com\/en\/wp-json\/wp\/v2\/tags?post=77644"}],"curies":[{"name":"wp","href":"https:\/\/api.w.org\/{rel}","templated":true}]}}