{"id":77647,"date":"2020-07-19T23:05:00","date_gmt":"2020-07-19T21:05:00","guid":{"rendered":"https:\/\/weisetech.dev\/fc-barcelona-noticias\/en\/semedo-scorer-this-course-confirmed-his-good-moment_259335_102\/"},"modified":"2026-04-16T09:19:39","modified_gmt":"2026-04-16T07:19:39","slug":"semedo-scorer-this-course-confirmed-his-good-moment_259335_102","status":"publish","type":"post","link":"https:\/\/www.fcbarcelonanoticias.com\/en\/players\/semedo-scorer-this-course-confirmed-his-good-moment_259335_102.html","title":{"rendered":"Semedo premi\u00e8red like scored this course and confirmed his good moment"},"content":{"rendered":"<h2 class=\"wp-block-heading\">N\u00e9lson Semedo scored the fourth goal of the Alav\u00e9s-Bar\u00e7a, the first of the second half, when hadn&#8217;t happened neither eight minutes since he was in the field<\/h2>  \r\n<div class=\"article-addons\">\r\n    <a href=\"https:\/\/www.fcbarcelonanoticias.com\/en\/calendar-fc-barcelona.html\"\r\n       target=\"_self\"\r\n       title=\"Calendar of FC Barcelona\"\r\n       class=\"blue-gredient-btn\">\r\n       \r\n        Calendar of FC Barcelona    <\/a>\r\n<\/div>   <p>In an afternoon in which they marked <strong><a data-external=\"0\" data-intl-links-en=\"https:\/\/www.fcbarcelonanoticias.com\/en\/players\/lionel-messi\" data-intl-links-es=\"https:\/\/www.fcbarcelonanoticias.com\/jugadores\/lionel-messi\" href=\"https:\/\/www.fcbarcelonanoticias.com\/en\/players\/lionel-messi.html\" rel=\"follow\" target=\"_self\" title=\"Lionel Messi\">Leo Messi<\/a> (x2), Luis Su\u00e1rez and Ansu Fati<\/strong>, the one who also aimed to the party was somebody that is not too accustomed to see goal, in spite of incorporating with assiduity to the attack from the right band. It treats of <strong>N\u00e9lson Semedo, that went in entonado to the field in the second half, in replacement of Cl\u00e9ment Lenglet<\/strong>, to transform in the minute 57 the fourth goal of the party in Mendizorroza.<\/p>  <p><strong>The FC Barcelona had remained with only a central pure in the<\/strong>field , and in addition to the filial (Ronald Ara\u00fajo), but in spite of this the team cul\u00e9 followed attacking and found his reward. Semedo, in one of his traditional incorporations, put in the interior of the area and <strong>here received a pass of Riqui Puig<\/strong> for, at first, take out of the basket a powerful shot and crusader.<\/p>  <p><strong>At all it could do Roberto to detain the shot<\/strong>, that went in like an exhalation in the goal and turned into the 0-4 momentary. Semedo, therefore, <strong>sacked LaLiga Santander 2019-20 annotating <a data-external=\"1\" href=\"https:\/\/www.fcbarcelonanoticias.com\/goleadores-fc-barcelona-2019-2020.html\" rel=\"follow\" target=\"_self\" title=\"su \u00fanica diana de la temporada en todas las competiciones\">his only target of the season in all the competitions<\/a><\/strong>, something that results odd for a footballer that, as we say, is used to prodigarse in attack with his rises by the right band.<\/p>  <p><strong>The so much serves to highlight the good moment so that it crosses the Portuguese side<\/strong>, that in hardly some weeks has happened to be in several quinielas of barters to do the cases to consecrate like a fixed in the alignments of Quique Seti\u00e9n.<\/p>  <h3>Semedo Will remain in the Bar\u00e7a except surprise<\/h3>  <p>Unless there is capital surprise, with a possible ofert\u00f3n irrechazable of some big European club, <strong>Semedo will remain in the FC Barcelona to follow confirming as the carrilero right-handed headline of the team<\/strong>, taking into account that Sergi Roberto every time is being more used like interior, his natural position, that like defender.<\/p>  <p>To his 26 years, Semedo finds in the best moment of his career and wishes to follow progressing to turn into one of the pillars of the future Bar\u00e7a. Has all the necessary conditions for this, and <strong>the only that will do him fault is to improve the forcefulness and rigour in defence<\/strong>, with the aim that to the Barcelona do not arrive him so much danger by said band. If it attains it, <strong>it will not take in turning into one of the best sides of the world<\/strong>.<\/p> ","protected":false},"excerpt":{"rendered":"<p>N\u00e9lson Semedo scored the fourth goal of the Alav\u00e9s-Bar\u00e7a, the first of the second half, when hadn&#8217;t happened neither eight minutes since he was in the field In an afternoon in which they marked Leo Messi (x2), Luis Su\u00e1rez and Ansu Fati, the one who also aimed to the party was somebody that is not [&hellip;]<\/p>\n","protected":false},"author":392,"featured_media":75353,"comment_status":"closed","ping_status":"open","sticky":false,"template":"","format":"standard","meta":{"_acf_changed":false,"inline_featured_image":false,"_nextfly_llmd_date_locked":false,"footnotes":""},"categories":[107,453],"tags":[344,303],"class_list":["post-77647","post","type-post","status-publish","format-standard","has-post-thumbnail","hentry","category-players","category-players-2","tag-alaves","tag-nelson-semedo"],"acf":[],"yoast_head":"<!-- This site is optimized with the Yoast SEO plugin v27.3 - https:\/\/yoast.com\/product\/yoast-seo-wordpress\/ -->\n<title>Semedo premi\u00e8red like scored this course and confirmed his good moment<\/title>\n<meta name=\"description\" content=\"N\u00e9lson Semedo scored the fourth goal of the Alav\u00e9s-Bar\u00e7a, the first of the second half, when hadn&#039;t happened neither eight minutes since he was in the field\" \/>\n<meta name=\"robots\" content=\"index, follow, max-snippet:-1, max-image-preview:large, max-video-preview:-1\" \/>\n<link rel=\"canonical\" href=\"https:\/\/www.fcbarcelonanoticias.com\/en\/players\/semedo-scorer-this-course-confirmed-his-good-moment_259335_102.html\" \/>\n<meta property=\"og:locale\" content=\"en_US\" \/>\n<meta property=\"og:type\" content=\"article\" \/>\n<meta property=\"og:title\" content=\"Semedo premi\u00e8red like scored this course and confirmed his good moment\" \/>\n<meta property=\"og:description\" content=\"N\u00e9lson Semedo scored the fourth goal of the Alav\u00e9s-Bar\u00e7a, the first of the second half, when hadn&#039;t happened neither eight minutes since he was in the field\" \/>\n<meta property=\"og:url\" content=\"https:\/\/www.fcbarcelonanoticias.com\/en\/players\/semedo-scorer-this-course-confirmed-his-good-moment_259335_102.html\" \/>\n<meta property=\"og:site_name\" content=\"EN - FC Barcelona Noticias\" \/>\n<meta property=\"article:published_time\" content=\"2020-07-19T21:05:00+00:00\" \/>\n<meta property=\"article:modified_time\" content=\"2026-04-16T07:19:39+00:00\" \/>\n<meta property=\"og:image\" content=\"https:\/\/www.fcbarcelonanoticias.com\/en\/wp-content\/uploads\/sites\/2\/2020\/09\/semedo-suarez.jpeg\" \/>\n\t<meta property=\"og:image:width\" content=\"1200\" \/>\n\t<meta property=\"og:image:height\" content=\"752\" \/>\n\t<meta property=\"og:image:type\" content=\"image\/jpeg\" \/>\n<meta name=\"author\" content=\"user_4048\" \/>\n<meta name=\"twitter:card\" content=\"summary_large_image\" \/>\n<meta name=\"twitter:label1\" content=\"Written by\" \/>\n\t<meta name=\"twitter:data1\" content=\"user_4048\" \/>\n\t<meta name=\"twitter:label2\" content=\"Est. reading time\" \/>\n\t<meta name=\"twitter:data2\" content=\"2 minutes\" \/>\n<script type=\"application\/ld+json\" class=\"yoast-schema-graph\">{\"@context\":\"https:\\\/\\\/schema.org\",\"@graph\":[{\"@type\":\"Article\",\"@id\":\"https:\\\/\\\/www.fcbarcelonanoticias.com\\\/en\\\/players\\\/semedo-scorer-this-course-confirmed-his-good-moment_259335_102.html#article\",\"isPartOf\":{\"@id\":\"https:\\\/\\\/www.fcbarcelonanoticias.com\\\/en\\\/players\\\/semedo-scorer-this-course-confirmed-his-good-moment_259335_102.html\"},\"author\":{\"name\":\"user_4048\",\"@id\":\"https:\\\/\\\/www.fcbarcelonanoticias.com\\\/en\\\/#\\\/schema\\\/person\\\/fcdad55cab72b8d0e106d75506783b6d\"},\"headline\":\"Semedo premi\u00e8red like scored this course and confirmed his good moment\",\"datePublished\":\"2020-07-19T21:05:00+00:00\",\"dateModified\":\"2026-04-16T07:19:39+00:00\",\"mainEntityOfPage\":{\"@id\":\"https:\\\/\\\/www.fcbarcelonanoticias.com\\\/en\\\/players\\\/semedo-scorer-this-course-confirmed-his-good-moment_259335_102.html\"},\"wordCount\":460,\"image\":{\"@id\":\"https:\\\/\\\/www.fcbarcelonanoticias.com\\\/en\\\/players\\\/semedo-scorer-this-course-confirmed-his-good-moment_259335_102.html#primaryimage\"},\"thumbnailUrl\":\"https:\\\/\\\/www.fcbarcelonanoticias.com\\\/en\\\/wp-content\\\/uploads\\\/sites\\\/2\\\/2020\\\/09\\\/semedo-suarez.jpeg\",\"keywords\":[\"Alav\u00e9s\",\"Nelson Semedo\"],\"articleSection\":[\"Players\",\"Players\"],\"inLanguage\":\"en-US\"},{\"@type\":\"WebPage\",\"@id\":\"https:\\\/\\\/www.fcbarcelonanoticias.com\\\/en\\\/players\\\/semedo-scorer-this-course-confirmed-his-good-moment_259335_102.html\",\"url\":\"https:\\\/\\\/www.fcbarcelonanoticias.com\\\/en\\\/players\\\/semedo-scorer-this-course-confirmed-his-good-moment_259335_102.html\",\"name\":\"Semedo premi\u00e8red like scored this course and confirmed his good moment\",\"isPartOf\":{\"@id\":\"https:\\\/\\\/www.fcbarcelonanoticias.com\\\/en\\\/#website\"},\"primaryImageOfPage\":{\"@id\":\"https:\\\/\\\/www.fcbarcelonanoticias.com\\\/en\\\/players\\\/semedo-scorer-this-course-confirmed-his-good-moment_259335_102.html#primaryimage\"},\"image\":{\"@id\":\"https:\\\/\\\/www.fcbarcelonanoticias.com\\\/en\\\/players\\\/semedo-scorer-this-course-confirmed-his-good-moment_259335_102.html#primaryimage\"},\"thumbnailUrl\":\"https:\\\/\\\/www.fcbarcelonanoticias.com\\\/en\\\/wp-content\\\/uploads\\\/sites\\\/2\\\/2020\\\/09\\\/semedo-suarez.jpeg\",\"datePublished\":\"2020-07-19T21:05:00+00:00\",\"dateModified\":\"2026-04-16T07:19:39+00:00\",\"author\":{\"@id\":\"https:\\\/\\\/www.fcbarcelonanoticias.com\\\/en\\\/#\\\/schema\\\/person\\\/fcdad55cab72b8d0e106d75506783b6d\"},\"description\":\"N\u00e9lson Semedo scored the fourth goal of the Alav\u00e9s-Bar\u00e7a, the first of the second half, when hadn't happened neither eight minutes since he was in the field\",\"breadcrumb\":{\"@id\":\"https:\\\/\\\/www.fcbarcelonanoticias.com\\\/en\\\/players\\\/semedo-scorer-this-course-confirmed-his-good-moment_259335_102.html#breadcrumb\"},\"inLanguage\":\"en-US\",\"potentialAction\":[{\"@type\":\"ReadAction\",\"target\":[\"https:\\\/\\\/www.fcbarcelonanoticias.com\\\/en\\\/players\\\/semedo-scorer-this-course-confirmed-his-good-moment_259335_102.html\"]}]},{\"@type\":\"ImageObject\",\"inLanguage\":\"en-US\",\"@id\":\"https:\\\/\\\/www.fcbarcelonanoticias.com\\\/en\\\/players\\\/semedo-scorer-this-course-confirmed-his-good-moment_259335_102.html#primaryimage\",\"url\":\"https:\\\/\\\/www.fcbarcelonanoticias.com\\\/en\\\/wp-content\\\/uploads\\\/sites\\\/2\\\/2020\\\/09\\\/semedo-suarez.jpeg\",\"contentUrl\":\"https:\\\/\\\/www.fcbarcelonanoticias.com\\\/en\\\/wp-content\\\/uploads\\\/sites\\\/2\\\/2020\\\/09\\\/semedo-suarez.jpeg\",\"width\":1200,\"height\":752},{\"@type\":\"BreadcrumbList\",\"@id\":\"https:\\\/\\\/www.fcbarcelonanoticias.com\\\/en\\\/players\\\/semedo-scorer-this-course-confirmed-his-good-moment_259335_102.html#breadcrumb\",\"itemListElement\":[{\"@type\":\"ListItem\",\"position\":1,\"name\":\"Portada\",\"item\":\"https:\\\/\\\/www.fcbarcelonanoticias.com\\\/en\\\/\"},{\"@type\":\"ListItem\",\"position\":2,\"name\":\"Semedo premi\u00e8red like scored this course and confirmed his good moment\"}]},{\"@type\":\"WebSite\",\"@id\":\"https:\\\/\\\/www.fcbarcelonanoticias.com\\\/en\\\/#website\",\"url\":\"https:\\\/\\\/www.fcbarcelonanoticias.com\\\/en\\\/\",\"name\":\"EN - FC Barcelona Noticias\",\"description\":\"\",\"potentialAction\":[{\"@type\":\"SearchAction\",\"target\":{\"@type\":\"EntryPoint\",\"urlTemplate\":\"https:\\\/\\\/www.fcbarcelonanoticias.com\\\/en\\\/?s={search_term_string}\"},\"query-input\":{\"@type\":\"PropertyValueSpecification\",\"valueRequired\":true,\"valueName\":\"search_term_string\"}}],\"inLanguage\":\"en-US\"},{\"@type\":\"Person\",\"@id\":\"https:\\\/\\\/www.fcbarcelonanoticias.com\\\/en\\\/#\\\/schema\\\/person\\\/fcdad55cab72b8d0e106d75506783b6d\",\"name\":\"user_4048\",\"image\":{\"@type\":\"ImageObject\",\"inLanguage\":\"en-US\",\"@id\":\"https:\\\/\\\/secure.gravatar.com\\\/avatar\\\/?s=96&d=mm&r=g\",\"url\":\"https:\\\/\\\/secure.gravatar.com\\\/avatar\\\/?s=96&d=mm&r=g\",\"contentUrl\":\"https:\\\/\\\/secure.gravatar.com\\\/avatar\\\/?s=96&d=mm&r=g\",\"caption\":\"user_4048\"},\"url\":\"https:\\\/\\\/www.fcbarcelonanoticias.com\\\/en\\\/user_4048.html\"}]}<\/script>\n<!-- \/ Yoast SEO plugin. -->","yoast_head_json":{"title":"Semedo premi\u00e8red like scored this course and confirmed his good moment","description":"N\u00e9lson Semedo scored the fourth goal of the Alav\u00e9s-Bar\u00e7a, the first of the second half, when hadn't happened neither eight minutes since he was in the field","robots":{"index":"index","follow":"follow","max-snippet":"max-snippet:-1","max-image-preview":"max-image-preview:large","max-video-preview":"max-video-preview:-1"},"canonical":"https:\/\/www.fcbarcelonanoticias.com\/en\/players\/semedo-scorer-this-course-confirmed-his-good-moment_259335_102.html","og_locale":"en_US","og_type":"article","og_title":"Semedo premi\u00e8red like scored this course and confirmed his good moment","og_description":"N\u00e9lson Semedo scored the fourth goal of the Alav\u00e9s-Bar\u00e7a, the first of the second half, when hadn't happened neither eight minutes since he was in the field","og_url":"https:\/\/www.fcbarcelonanoticias.com\/en\/players\/semedo-scorer-this-course-confirmed-his-good-moment_259335_102.html","og_site_name":"EN - FC Barcelona Noticias","article_published_time":"2020-07-19T21:05:00+00:00","article_modified_time":"2026-04-16T07:19:39+00:00","og_image":[{"width":1200,"height":752,"url":"https:\/\/www.fcbarcelonanoticias.com\/en\/wp-content\/uploads\/sites\/2\/2020\/09\/semedo-suarez.jpeg","type":"image\/jpeg"}],"author":"user_4048","twitter_card":"summary_large_image","twitter_misc":{"Written by":"user_4048","Est. reading time":"2 minutes"},"schema":{"@context":"https:\/\/schema.org","@graph":[{"@type":"Article","@id":"https:\/\/www.fcbarcelonanoticias.com\/en\/players\/semedo-scorer-this-course-confirmed-his-good-moment_259335_102.html#article","isPartOf":{"@id":"https:\/\/www.fcbarcelonanoticias.com\/en\/players\/semedo-scorer-this-course-confirmed-his-good-moment_259335_102.html"},"author":{"name":"user_4048","@id":"https:\/\/www.fcbarcelonanoticias.com\/en\/#\/schema\/person\/fcdad55cab72b8d0e106d75506783b6d"},"headline":"Semedo premi\u00e8red like scored this course and confirmed his good moment","datePublished":"2020-07-19T21:05:00+00:00","dateModified":"2026-04-16T07:19:39+00:00","mainEntityOfPage":{"@id":"https:\/\/www.fcbarcelonanoticias.com\/en\/players\/semedo-scorer-this-course-confirmed-his-good-moment_259335_102.html"},"wordCount":460,"image":{"@id":"https:\/\/www.fcbarcelonanoticias.com\/en\/players\/semedo-scorer-this-course-confirmed-his-good-moment_259335_102.html#primaryimage"},"thumbnailUrl":"https:\/\/www.fcbarcelonanoticias.com\/en\/wp-content\/uploads\/sites\/2\/2020\/09\/semedo-suarez.jpeg","keywords":["Alav\u00e9s","Nelson Semedo"],"articleSection":["Players","Players"],"inLanguage":"en-US"},{"@type":"WebPage","@id":"https:\/\/www.fcbarcelonanoticias.com\/en\/players\/semedo-scorer-this-course-confirmed-his-good-moment_259335_102.html","url":"https:\/\/www.fcbarcelonanoticias.com\/en\/players\/semedo-scorer-this-course-confirmed-his-good-moment_259335_102.html","name":"Semedo premi\u00e8red like scored this course and confirmed his good moment","isPartOf":{"@id":"https:\/\/www.fcbarcelonanoticias.com\/en\/#website"},"primaryImageOfPage":{"@id":"https:\/\/www.fcbarcelonanoticias.com\/en\/players\/semedo-scorer-this-course-confirmed-his-good-moment_259335_102.html#primaryimage"},"image":{"@id":"https:\/\/www.fcbarcelonanoticias.com\/en\/players\/semedo-scorer-this-course-confirmed-his-good-moment_259335_102.html#primaryimage"},"thumbnailUrl":"https:\/\/www.fcbarcelonanoticias.com\/en\/wp-content\/uploads\/sites\/2\/2020\/09\/semedo-suarez.jpeg","datePublished":"2020-07-19T21:05:00+00:00","dateModified":"2026-04-16T07:19:39+00:00","author":{"@id":"https:\/\/www.fcbarcelonanoticias.com\/en\/#\/schema\/person\/fcdad55cab72b8d0e106d75506783b6d"},"description":"N\u00e9lson Semedo scored the fourth goal of the Alav\u00e9s-Bar\u00e7a, the first of the second half, when hadn't happened neither eight minutes since he was in the field","breadcrumb":{"@id":"https:\/\/www.fcbarcelonanoticias.com\/en\/players\/semedo-scorer-this-course-confirmed-his-good-moment_259335_102.html#breadcrumb"},"inLanguage":"en-US","potentialAction":[{"@type":"ReadAction","target":["https:\/\/www.fcbarcelonanoticias.com\/en\/players\/semedo-scorer-this-course-confirmed-his-good-moment_259335_102.html"]}]},{"@type":"ImageObject","inLanguage":"en-US","@id":"https:\/\/www.fcbarcelonanoticias.com\/en\/players\/semedo-scorer-this-course-confirmed-his-good-moment_259335_102.html#primaryimage","url":"https:\/\/www.fcbarcelonanoticias.com\/en\/wp-content\/uploads\/sites\/2\/2020\/09\/semedo-suarez.jpeg","contentUrl":"https:\/\/www.fcbarcelonanoticias.com\/en\/wp-content\/uploads\/sites\/2\/2020\/09\/semedo-suarez.jpeg","width":1200,"height":752},{"@type":"BreadcrumbList","@id":"https:\/\/www.fcbarcelonanoticias.com\/en\/players\/semedo-scorer-this-course-confirmed-his-good-moment_259335_102.html#breadcrumb","itemListElement":[{"@type":"ListItem","position":1,"name":"Portada","item":"https:\/\/www.fcbarcelonanoticias.com\/en\/"},{"@type":"ListItem","position":2,"name":"Semedo premi\u00e8red like scored this course and confirmed his good moment"}]},{"@type":"WebSite","@id":"https:\/\/www.fcbarcelonanoticias.com\/en\/#website","url":"https:\/\/www.fcbarcelonanoticias.com\/en\/","name":"EN - FC Barcelona Noticias","description":"","potentialAction":[{"@type":"SearchAction","target":{"@type":"EntryPoint","urlTemplate":"https:\/\/www.fcbarcelonanoticias.com\/en\/?s={search_term_string}"},"query-input":{"@type":"PropertyValueSpecification","valueRequired":true,"valueName":"search_term_string"}}],"inLanguage":"en-US"},{"@type":"Person","@id":"https:\/\/www.fcbarcelonanoticias.com\/en\/#\/schema\/person\/fcdad55cab72b8d0e106d75506783b6d","name":"user_4048","image":{"@type":"ImageObject","inLanguage":"en-US","@id":"https:\/\/secure.gravatar.com\/avatar\/?s=96&d=mm&r=g","url":"https:\/\/secure.gravatar.com\/avatar\/?s=96&d=mm&r=g","contentUrl":"https:\/\/secure.gravatar.com\/avatar\/?s=96&d=mm&r=g","caption":"user_4048"},"url":"https:\/\/www.fcbarcelonanoticias.com\/en\/user_4048.html"}]}},"_links":{"self":[{"href":"https:\/\/www.fcbarcelonanoticias.com\/en\/wp-json\/wp\/v2\/posts\/77647","targetHints":{"allow":["GET"]}}],"collection":[{"href":"https:\/\/www.fcbarcelonanoticias.com\/en\/wp-json\/wp\/v2\/posts"}],"about":[{"href":"https:\/\/www.fcbarcelonanoticias.com\/en\/wp-json\/wp\/v2\/types\/post"}],"author":[{"embeddable":true,"href":"https:\/\/www.fcbarcelonanoticias.com\/en\/wp-json\/wp\/v2\/users\/392"}],"replies":[{"embeddable":true,"href":"https:\/\/www.fcbarcelonanoticias.com\/en\/wp-json\/wp\/v2\/comments?post=77647"}],"version-history":[{"count":3,"href":"https:\/\/www.fcbarcelonanoticias.com\/en\/wp-json\/wp\/v2\/posts\/77647\/revisions"}],"predecessor-version":[{"id":172091,"href":"https:\/\/www.fcbarcelonanoticias.com\/en\/wp-json\/wp\/v2\/posts\/77647\/revisions\/172091"}],"wp:featuredmedia":[{"embeddable":true,"href":"https:\/\/www.fcbarcelonanoticias.com\/en\/wp-json\/wp\/v2\/media\/75353"}],"wp:attachment":[{"href":"https:\/\/www.fcbarcelonanoticias.com\/en\/wp-json\/wp\/v2\/media?parent=77647"}],"wp:term":[{"taxonomy":"category","embeddable":true,"href":"https:\/\/www.fcbarcelonanoticias.com\/en\/wp-json\/wp\/v2\/categories?post=77647"},{"taxonomy":"post_tag","embeddable":true,"href":"https:\/\/www.fcbarcelonanoticias.com\/en\/wp-json\/wp\/v2\/tags?post=77647"}],"curies":[{"name":"wp","href":"https:\/\/api.w.org\/{rel}","templated":true}]}}