{"id":77832,"date":"2020-07-15T13:47:00","date_gmt":"2020-07-15T11:47:00","guid":{"rendered":"https:\/\/weisetech.dev\/fc-barcelona-noticias\/en\/setien-clears-opposite-situation-arthur-frenkie-de-jong_259216_102\/"},"modified":"2026-04-16T09:33:47","modified_gmt":"2026-04-16T07:33:47","slug":"setien-clears-opposite-situation-arthur-frenkie-de-jong_259216_102","status":"publish","type":"post","link":"https:\/\/www.fcbarcelonanoticias.com\/en\/players\/setien-clears-opposite-situation-arthur-frenkie-de-jong_259216_102.html","title":{"rendered":"Seti\u00e9n clears the opposite situation of Arthur and De Jong in the Bar\u00e7a"},"content":{"rendered":"<h2 class=\"wp-block-heading\">If something has cleared Quique Seti\u00e9n in his last press conference, is that all are wishing that Frenkie de Jong come back to play, whereas Arthur only will play if it doesn&#8217;t remain another option<\/h2>  \r\n<div class=\"article-addons\">\r\n    <a href=\"https:\/\/www.fcbarcelonanoticias.com\/en\/calendar-fc-barcelona.html\"\r\n       target=\"_self\"\r\n       title=\"Calendar of FC Barcelona\"\r\n       class=\"blue-gredient-btn\">\r\n       \r\n        Calendar of FC Barcelona    <\/a>\r\n<\/div>   <p><strong>Arthur Melo hardly will play more minutes with <a data-external=\"0\" data-intl-links-en=\"https:\/\/www.fcbarcelonanoticias.com\/en\/tags\/t-shirt-fc-barcelona\" data-intl-links-es=\"https:\/\/www.fcbarcelonanoticias.com\/tags\/camiseta-fc-barcelona\" href=\"https:\/\/www.fcbarcelonanoticias.com\/en\/tags\/t-shirt-fc-barcelona.html\" rel=\"follow\" target=\"_self\" title=\"Camiseta FC Barcelona\">the T-shirt of the FC Barcelona<\/a><\/strong>. Already it saw come after the occurred in the last parties, and in spite of having recovered of the amigdalitis that prevented him travel to Valladolid this past weekend, does not foresee that the Brazilian go to play neither in the two <strong><a data-external=\"1\" href=\"https:\/\/www.fcbarcelonanoticias.com\/laliga\/2019-20\/jornada-37_598.html\" rel=\"follow\" target=\"_self\" title=\"jornadas restantes de Liga Santander 2019-20 ante Osasuna y Alav\u00e9s\">remaining days of League Santander 2019-20 in front of Osasuna and Alav\u00e9s<\/a><\/strong>.<\/p>  <p>In fact, Quique Seti\u00e9n like this has left it glimpse with his statements in press conference, doing upsetting in that <strong>Arthur Melo only will dress of short if it is strictly necessary<\/strong>, whereas yes it has <strong>Frenkie of Jong<\/strong> so that it go back to have of minutes what before, this same Thursday in front of Osasuna was in the eleven headline or going out from the bench.<\/p>  <p><strong>&#8220;Arthur has gone back to the announcement, is training and will have his option if it is indispensable and necessary&#8221;<\/strong>, remarked the Cantabrian technician, the one who few minutes before had confirmed that <strong>&#8220;Of Jong has done several trainings with the group and is well<\/strong>. We go to see if we decide that it play of start or during the party. Already it is to disposal to play&#8221;.<\/p>  <p>These last parties have showed, in this sense, that Arthur Melo is not indispensable as yes it has been it, at least up to now, Frenkie of Jong in the FC Barcelona. And also <strong>Miralem Pjanic in the Juventus<\/strong>, taking into account that the bosnio has played it almost everything to the orders <strong>of Maurizio Sarri<\/strong>, so much before as after it confirmed his signing by the Bar\u00e7a.<\/p>  <h3>The Bar\u00e7a, with a medullary very powerful<\/h3>  <p>When the midfield player bosnio land in the Camp Nou, the FC Barcelona will have of a room of machines more consistent and balanced. <strong>Of Jong, Busquets and Pjanic will be headlines with probability<\/strong>, but will not be able to trust when having competing by these positions to <strong>Rakitic and Arturo Vidal<\/strong>, if it is that they do not do the cases this summer, and <strong>to Riqui Puig and Sergi Roberto<\/strong>.<\/p>  <p>A centre of the field of full guarantees, populated and with the sufficient talent to carry to the Barcelona again until the highest. And this, without explaining other names that still follow sounding in the &#8216;mercato cul\u00e9&#8217;, as they are <strong>Ndomb\u00e9l\u00e9 or Fabi\u00e1n Ruiz<\/strong>. His hypothetical arrivals, in any case, are what less complicated to the not to treat of <strong><a data-external=\"0\" data-intl-links-en=\"https:\/\/www.fcbarcelonanoticias.com\/en\/transfers\" data-intl-links-es=\"https:\/\/www.fcbarcelonanoticias.com\/fichajes\" href=\"https:\/\/www.fcbarcelonanoticias.com\/en\/fc-barcelona\/transfers.html\" rel=\"follow\" target=\"_self\" title=\"Fichajes\">needs imperiosas in the Barcelona planning<\/a><\/strong>.<\/p> ","protected":false},"excerpt":{"rendered":"<p>If something has cleared Quique Seti\u00e9n in his last press conference, is that all are wishing that Frenkie de Jong come back to play, whereas Arthur only will play if it doesn&#8217;t remain another option Arthur Melo hardly will play more minutes with the T-shirt of the FC Barcelona. Already it saw come after the [&hellip;]<\/p>\n","protected":false},"author":366,"featured_media":77837,"comment_status":"closed","ping_status":"open","sticky":false,"template":"","format":"standard","meta":{"_acf_changed":false,"inline_featured_image":false,"_nextfly_llmd_date_locked":false,"footnotes":""},"categories":[453,107],"tags":[192,208],"class_list":["post-77832","post","type-post","status-publish","format-standard","has-post-thumbnail","hentry","category-players-2","category-players","tag-arthur","tag-quique-setien"],"acf":[],"yoast_head":"<!-- This site is optimized with the Yoast SEO plugin v27.3 - https:\/\/yoast.com\/product\/yoast-seo-wordpress\/ -->\n<title>Seti\u00e9n clears the opposite situation of Arthur and De Jong in the Bar\u00e7a<\/title>\n<meta name=\"description\" content=\"If something has cleared Quique Seti\u00e9n in his last press conference, is that all are wishing that Frenkie de Jong come back to play, whereas Arthur only will play if it doesn&#039;t remain another option\" \/>\n<meta name=\"robots\" content=\"index, follow, max-snippet:-1, max-image-preview:large, max-video-preview:-1\" \/>\n<link rel=\"canonical\" href=\"https:\/\/www.fcbarcelonanoticias.com\/en\/players\/setien-clears-opposite-situation-arthur-frenkie-de-jong_259216_102.html\" \/>\n<meta property=\"og:locale\" content=\"en_US\" \/>\n<meta property=\"og:type\" content=\"article\" \/>\n<meta property=\"og:title\" content=\"Seti\u00e9n clears the opposite situation of Arthur and De Jong in the Bar\u00e7a\" \/>\n<meta property=\"og:description\" content=\"If something has cleared Quique Seti\u00e9n in his last press conference, is that all are wishing that Frenkie de Jong come back to play, whereas Arthur only will play if it doesn&#039;t remain another option\" \/>\n<meta property=\"og:url\" content=\"https:\/\/www.fcbarcelonanoticias.com\/en\/players\/setien-clears-opposite-situation-arthur-frenkie-de-jong_259216_102.html\" \/>\n<meta property=\"og:site_name\" content=\"EN - FC Barcelona Noticias\" \/>\n<meta property=\"article:published_time\" content=\"2020-07-15T11:47:00+00:00\" \/>\n<meta property=\"article:modified_time\" content=\"2026-04-16T07:33:47+00:00\" \/>\n<meta property=\"og:image\" content=\"https:\/\/www.fcbarcelonanoticias.com\/en\/wp-content\/uploads\/sites\/2\/2020\/07\/arthur-de-jong-interrogante-1.jpeg\" \/>\n\t<meta property=\"og:image:width\" content=\"1200\" \/>\n\t<meta property=\"og:image:height\" content=\"675\" \/>\n\t<meta property=\"og:image:type\" content=\"image\/jpeg\" \/>\n<meta name=\"author\" content=\"Carlos Dom\u00ednguez\" \/>\n<meta name=\"twitter:card\" content=\"summary_large_image\" \/>\n<meta name=\"twitter:label1\" content=\"Written by\" \/>\n\t<meta name=\"twitter:data1\" content=\"Carlos Dom\u00ednguez\" \/>\n\t<meta name=\"twitter:label2\" content=\"Est. reading time\" \/>\n\t<meta name=\"twitter:data2\" content=\"2 minutes\" \/>\n<script type=\"application\/ld+json\" class=\"yoast-schema-graph\">{\"@context\":\"https:\\\/\\\/schema.org\",\"@graph\":[{\"@type\":\"Article\",\"@id\":\"https:\\\/\\\/www.fcbarcelonanoticias.com\\\/en\\\/players\\\/setien-clears-opposite-situation-arthur-frenkie-de-jong_259216_102.html#article\",\"isPartOf\":{\"@id\":\"https:\\\/\\\/www.fcbarcelonanoticias.com\\\/en\\\/players\\\/setien-clears-opposite-situation-arthur-frenkie-de-jong_259216_102.html\"},\"author\":{\"name\":\"Carlos Dom\u00ednguez\",\"@id\":\"https:\\\/\\\/www.fcbarcelonanoticias.com\\\/en\\\/#\\\/schema\\\/person\\\/888e29b17b79c70d1c617d8a7bc9b8c6\"},\"headline\":\"Seti\u00e9n clears the opposite situation of Arthur and De Jong in the Bar\u00e7a\",\"datePublished\":\"2020-07-15T11:47:00+00:00\",\"dateModified\":\"2026-04-16T07:33:47+00:00\",\"mainEntityOfPage\":{\"@id\":\"https:\\\/\\\/www.fcbarcelonanoticias.com\\\/en\\\/players\\\/setien-clears-opposite-situation-arthur-frenkie-de-jong_259216_102.html\"},\"wordCount\":474,\"image\":{\"@id\":\"https:\\\/\\\/www.fcbarcelonanoticias.com\\\/en\\\/players\\\/setien-clears-opposite-situation-arthur-frenkie-de-jong_259216_102.html#primaryimage\"},\"thumbnailUrl\":\"https:\\\/\\\/www.fcbarcelonanoticias.com\\\/en\\\/wp-content\\\/uploads\\\/sites\\\/2\\\/2020\\\/07\\\/arthur-de-jong-interrogante-1.jpeg\",\"keywords\":[\"Arthur\",\"Quique Seti\u00e9n\"],\"articleSection\":[\"Players\",\"Players\"],\"inLanguage\":\"en-US\"},{\"@type\":\"WebPage\",\"@id\":\"https:\\\/\\\/www.fcbarcelonanoticias.com\\\/en\\\/players\\\/setien-clears-opposite-situation-arthur-frenkie-de-jong_259216_102.html\",\"url\":\"https:\\\/\\\/www.fcbarcelonanoticias.com\\\/en\\\/players\\\/setien-clears-opposite-situation-arthur-frenkie-de-jong_259216_102.html\",\"name\":\"Seti\u00e9n clears the opposite situation of Arthur and De Jong in the Bar\u00e7a\",\"isPartOf\":{\"@id\":\"https:\\\/\\\/www.fcbarcelonanoticias.com\\\/en\\\/#website\"},\"primaryImageOfPage\":{\"@id\":\"https:\\\/\\\/www.fcbarcelonanoticias.com\\\/en\\\/players\\\/setien-clears-opposite-situation-arthur-frenkie-de-jong_259216_102.html#primaryimage\"},\"image\":{\"@id\":\"https:\\\/\\\/www.fcbarcelonanoticias.com\\\/en\\\/players\\\/setien-clears-opposite-situation-arthur-frenkie-de-jong_259216_102.html#primaryimage\"},\"thumbnailUrl\":\"https:\\\/\\\/www.fcbarcelonanoticias.com\\\/en\\\/wp-content\\\/uploads\\\/sites\\\/2\\\/2020\\\/07\\\/arthur-de-jong-interrogante-1.jpeg\",\"datePublished\":\"2020-07-15T11:47:00+00:00\",\"dateModified\":\"2026-04-16T07:33:47+00:00\",\"author\":{\"@id\":\"https:\\\/\\\/www.fcbarcelonanoticias.com\\\/en\\\/#\\\/schema\\\/person\\\/888e29b17b79c70d1c617d8a7bc9b8c6\"},\"description\":\"If something has cleared Quique Seti\u00e9n in his last press conference, is that all are wishing that Frenkie de Jong come back to play, whereas Arthur only will play if it doesn't remain another option\",\"breadcrumb\":{\"@id\":\"https:\\\/\\\/www.fcbarcelonanoticias.com\\\/en\\\/players\\\/setien-clears-opposite-situation-arthur-frenkie-de-jong_259216_102.html#breadcrumb\"},\"inLanguage\":\"en-US\",\"potentialAction\":[{\"@type\":\"ReadAction\",\"target\":[\"https:\\\/\\\/www.fcbarcelonanoticias.com\\\/en\\\/players\\\/setien-clears-opposite-situation-arthur-frenkie-de-jong_259216_102.html\"]}]},{\"@type\":\"ImageObject\",\"inLanguage\":\"en-US\",\"@id\":\"https:\\\/\\\/www.fcbarcelonanoticias.com\\\/en\\\/players\\\/setien-clears-opposite-situation-arthur-frenkie-de-jong_259216_102.html#primaryimage\",\"url\":\"https:\\\/\\\/www.fcbarcelonanoticias.com\\\/en\\\/wp-content\\\/uploads\\\/sites\\\/2\\\/2020\\\/07\\\/arthur-de-jong-interrogante-1.jpeg\",\"contentUrl\":\"https:\\\/\\\/www.fcbarcelonanoticias.com\\\/en\\\/wp-content\\\/uploads\\\/sites\\\/2\\\/2020\\\/07\\\/arthur-de-jong-interrogante-1.jpeg\",\"width\":1200,\"height\":675},{\"@type\":\"BreadcrumbList\",\"@id\":\"https:\\\/\\\/www.fcbarcelonanoticias.com\\\/en\\\/players\\\/setien-clears-opposite-situation-arthur-frenkie-de-jong_259216_102.html#breadcrumb\",\"itemListElement\":[{\"@type\":\"ListItem\",\"position\":1,\"name\":\"Portada\",\"item\":\"https:\\\/\\\/www.fcbarcelonanoticias.com\\\/en\\\/\"},{\"@type\":\"ListItem\",\"position\":2,\"name\":\"Seti\u00e9n clears the opposite situation of Arthur and De Jong in the Bar\u00e7a\"}]},{\"@type\":\"WebSite\",\"@id\":\"https:\\\/\\\/www.fcbarcelonanoticias.com\\\/en\\\/#website\",\"url\":\"https:\\\/\\\/www.fcbarcelonanoticias.com\\\/en\\\/\",\"name\":\"EN - FC Barcelona Noticias\",\"description\":\"\",\"potentialAction\":[{\"@type\":\"SearchAction\",\"target\":{\"@type\":\"EntryPoint\",\"urlTemplate\":\"https:\\\/\\\/www.fcbarcelonanoticias.com\\\/en\\\/?s={search_term_string}\"},\"query-input\":{\"@type\":\"PropertyValueSpecification\",\"valueRequired\":true,\"valueName\":\"search_term_string\"}}],\"inLanguage\":\"en-US\"},{\"@type\":\"Person\",\"@id\":\"https:\\\/\\\/www.fcbarcelonanoticias.com\\\/en\\\/#\\\/schema\\\/person\\\/888e29b17b79c70d1c617d8a7bc9b8c6\",\"name\":\"Carlos Dom\u00ednguez\",\"image\":{\"@type\":\"ImageObject\",\"inLanguage\":\"en-US\",\"@id\":\"https:\\\/\\\/secure.gravatar.com\\\/avatar\\\/?s=96&d=mm&r=g\",\"url\":\"https:\\\/\\\/secure.gravatar.com\\\/avatar\\\/?s=96&d=mm&r=g\",\"contentUrl\":\"https:\\\/\\\/secure.gravatar.com\\\/avatar\\\/?s=96&d=mm&r=g\",\"caption\":\"Carlos Dom\u00ednguez\"},\"url\":\"https:\\\/\\\/www.fcbarcelonanoticias.com\\\/en\\\/carlos-dominguez_2_115.html\"}]}<\/script>\n<!-- \/ Yoast SEO plugin. -->","yoast_head_json":{"title":"Seti\u00e9n clears the opposite situation of Arthur and De Jong in the Bar\u00e7a","description":"If something has cleared Quique Seti\u00e9n in his last press conference, is that all are wishing that Frenkie de Jong come back to play, whereas Arthur only will play if it doesn't remain another option","robots":{"index":"index","follow":"follow","max-snippet":"max-snippet:-1","max-image-preview":"max-image-preview:large","max-video-preview":"max-video-preview:-1"},"canonical":"https:\/\/www.fcbarcelonanoticias.com\/en\/players\/setien-clears-opposite-situation-arthur-frenkie-de-jong_259216_102.html","og_locale":"en_US","og_type":"article","og_title":"Seti\u00e9n clears the opposite situation of Arthur and De Jong in the Bar\u00e7a","og_description":"If something has cleared Quique Seti\u00e9n in his last press conference, is that all are wishing that Frenkie de Jong come back to play, whereas Arthur only will play if it doesn't remain another option","og_url":"https:\/\/www.fcbarcelonanoticias.com\/en\/players\/setien-clears-opposite-situation-arthur-frenkie-de-jong_259216_102.html","og_site_name":"EN - FC Barcelona Noticias","article_published_time":"2020-07-15T11:47:00+00:00","article_modified_time":"2026-04-16T07:33:47+00:00","og_image":[{"width":1200,"height":675,"url":"https:\/\/www.fcbarcelonanoticias.com\/en\/wp-content\/uploads\/sites\/2\/2020\/07\/arthur-de-jong-interrogante-1.jpeg","type":"image\/jpeg"}],"author":"Carlos Dom\u00ednguez","twitter_card":"summary_large_image","twitter_misc":{"Written by":"Carlos Dom\u00ednguez","Est. reading time":"2 minutes"},"schema":{"@context":"https:\/\/schema.org","@graph":[{"@type":"Article","@id":"https:\/\/www.fcbarcelonanoticias.com\/en\/players\/setien-clears-opposite-situation-arthur-frenkie-de-jong_259216_102.html#article","isPartOf":{"@id":"https:\/\/www.fcbarcelonanoticias.com\/en\/players\/setien-clears-opposite-situation-arthur-frenkie-de-jong_259216_102.html"},"author":{"name":"Carlos Dom\u00ednguez","@id":"https:\/\/www.fcbarcelonanoticias.com\/en\/#\/schema\/person\/888e29b17b79c70d1c617d8a7bc9b8c6"},"headline":"Seti\u00e9n clears the opposite situation of Arthur and De Jong in the Bar\u00e7a","datePublished":"2020-07-15T11:47:00+00:00","dateModified":"2026-04-16T07:33:47+00:00","mainEntityOfPage":{"@id":"https:\/\/www.fcbarcelonanoticias.com\/en\/players\/setien-clears-opposite-situation-arthur-frenkie-de-jong_259216_102.html"},"wordCount":474,"image":{"@id":"https:\/\/www.fcbarcelonanoticias.com\/en\/players\/setien-clears-opposite-situation-arthur-frenkie-de-jong_259216_102.html#primaryimage"},"thumbnailUrl":"https:\/\/www.fcbarcelonanoticias.com\/en\/wp-content\/uploads\/sites\/2\/2020\/07\/arthur-de-jong-interrogante-1.jpeg","keywords":["Arthur","Quique Seti\u00e9n"],"articleSection":["Players","Players"],"inLanguage":"en-US"},{"@type":"WebPage","@id":"https:\/\/www.fcbarcelonanoticias.com\/en\/players\/setien-clears-opposite-situation-arthur-frenkie-de-jong_259216_102.html","url":"https:\/\/www.fcbarcelonanoticias.com\/en\/players\/setien-clears-opposite-situation-arthur-frenkie-de-jong_259216_102.html","name":"Seti\u00e9n clears the opposite situation of Arthur and De Jong in the Bar\u00e7a","isPartOf":{"@id":"https:\/\/www.fcbarcelonanoticias.com\/en\/#website"},"primaryImageOfPage":{"@id":"https:\/\/www.fcbarcelonanoticias.com\/en\/players\/setien-clears-opposite-situation-arthur-frenkie-de-jong_259216_102.html#primaryimage"},"image":{"@id":"https:\/\/www.fcbarcelonanoticias.com\/en\/players\/setien-clears-opposite-situation-arthur-frenkie-de-jong_259216_102.html#primaryimage"},"thumbnailUrl":"https:\/\/www.fcbarcelonanoticias.com\/en\/wp-content\/uploads\/sites\/2\/2020\/07\/arthur-de-jong-interrogante-1.jpeg","datePublished":"2020-07-15T11:47:00+00:00","dateModified":"2026-04-16T07:33:47+00:00","author":{"@id":"https:\/\/www.fcbarcelonanoticias.com\/en\/#\/schema\/person\/888e29b17b79c70d1c617d8a7bc9b8c6"},"description":"If something has cleared Quique Seti\u00e9n in his last press conference, is that all are wishing that Frenkie de Jong come back to play, whereas Arthur only will play if it doesn't remain another option","breadcrumb":{"@id":"https:\/\/www.fcbarcelonanoticias.com\/en\/players\/setien-clears-opposite-situation-arthur-frenkie-de-jong_259216_102.html#breadcrumb"},"inLanguage":"en-US","potentialAction":[{"@type":"ReadAction","target":["https:\/\/www.fcbarcelonanoticias.com\/en\/players\/setien-clears-opposite-situation-arthur-frenkie-de-jong_259216_102.html"]}]},{"@type":"ImageObject","inLanguage":"en-US","@id":"https:\/\/www.fcbarcelonanoticias.com\/en\/players\/setien-clears-opposite-situation-arthur-frenkie-de-jong_259216_102.html#primaryimage","url":"https:\/\/www.fcbarcelonanoticias.com\/en\/wp-content\/uploads\/sites\/2\/2020\/07\/arthur-de-jong-interrogante-1.jpeg","contentUrl":"https:\/\/www.fcbarcelonanoticias.com\/en\/wp-content\/uploads\/sites\/2\/2020\/07\/arthur-de-jong-interrogante-1.jpeg","width":1200,"height":675},{"@type":"BreadcrumbList","@id":"https:\/\/www.fcbarcelonanoticias.com\/en\/players\/setien-clears-opposite-situation-arthur-frenkie-de-jong_259216_102.html#breadcrumb","itemListElement":[{"@type":"ListItem","position":1,"name":"Portada","item":"https:\/\/www.fcbarcelonanoticias.com\/en\/"},{"@type":"ListItem","position":2,"name":"Seti\u00e9n clears the opposite situation of Arthur and De Jong in the Bar\u00e7a"}]},{"@type":"WebSite","@id":"https:\/\/www.fcbarcelonanoticias.com\/en\/#website","url":"https:\/\/www.fcbarcelonanoticias.com\/en\/","name":"EN - FC Barcelona Noticias","description":"","potentialAction":[{"@type":"SearchAction","target":{"@type":"EntryPoint","urlTemplate":"https:\/\/www.fcbarcelonanoticias.com\/en\/?s={search_term_string}"},"query-input":{"@type":"PropertyValueSpecification","valueRequired":true,"valueName":"search_term_string"}}],"inLanguage":"en-US"},{"@type":"Person","@id":"https:\/\/www.fcbarcelonanoticias.com\/en\/#\/schema\/person\/888e29b17b79c70d1c617d8a7bc9b8c6","name":"Carlos Dom\u00ednguez","image":{"@type":"ImageObject","inLanguage":"en-US","@id":"https:\/\/secure.gravatar.com\/avatar\/?s=96&d=mm&r=g","url":"https:\/\/secure.gravatar.com\/avatar\/?s=96&d=mm&r=g","contentUrl":"https:\/\/secure.gravatar.com\/avatar\/?s=96&d=mm&r=g","caption":"Carlos Dom\u00ednguez"},"url":"https:\/\/www.fcbarcelonanoticias.com\/en\/carlos-dominguez_2_115.html"}]}},"_links":{"self":[{"href":"https:\/\/www.fcbarcelonanoticias.com\/en\/wp-json\/wp\/v2\/posts\/77832","targetHints":{"allow":["GET"]}}],"collection":[{"href":"https:\/\/www.fcbarcelonanoticias.com\/en\/wp-json\/wp\/v2\/posts"}],"about":[{"href":"https:\/\/www.fcbarcelonanoticias.com\/en\/wp-json\/wp\/v2\/types\/post"}],"author":[{"embeddable":true,"href":"https:\/\/www.fcbarcelonanoticias.com\/en\/wp-json\/wp\/v2\/users\/366"}],"replies":[{"embeddable":true,"href":"https:\/\/www.fcbarcelonanoticias.com\/en\/wp-json\/wp\/v2\/comments?post=77832"}],"version-history":[{"count":3,"href":"https:\/\/www.fcbarcelonanoticias.com\/en\/wp-json\/wp\/v2\/posts\/77832\/revisions"}],"predecessor-version":[{"id":176646,"href":"https:\/\/www.fcbarcelonanoticias.com\/en\/wp-json\/wp\/v2\/posts\/77832\/revisions\/176646"}],"wp:featuredmedia":[{"embeddable":true,"href":"https:\/\/www.fcbarcelonanoticias.com\/en\/wp-json\/wp\/v2\/media\/77837"}],"wp:attachment":[{"href":"https:\/\/www.fcbarcelonanoticias.com\/en\/wp-json\/wp\/v2\/media?parent=77832"}],"wp:term":[{"taxonomy":"category","embeddable":true,"href":"https:\/\/www.fcbarcelonanoticias.com\/en\/wp-json\/wp\/v2\/categories?post=77832"},{"taxonomy":"post_tag","embeddable":true,"href":"https:\/\/www.fcbarcelonanoticias.com\/en\/wp-json\/wp\/v2\/tags?post=77832"}],"curies":[{"name":"wp","href":"https:\/\/api.w.org\/{rel}","templated":true}]}}