{"id":78000,"date":"2024-01-03T18:36:00","date_gmt":"2024-01-03T17:36:00","guid":{"rendered":"https:\/\/weisetech.dev\/fc-barcelona-noticias\/en\/the-return-date-planned-by-xavi-for-inigo-martinez_299571_102\/"},"modified":"2024-01-03T18:36:00","modified_gmt":"2024-01-03T17:36:00","slug":"the-return-date-planned-by-xavi-for-inigo-martinez_299571_102","status":"publish","type":"post","link":"https:\/\/www.fcbarcelonanoticias.com\/en\/players\/the-return-date-planned-by-xavi-for-inigo-martinez_299571_102.html","title":{"rendered":"The return date planned by Xavi for I\u00f1igo Mart\u00ednez"},"content":{"rendered":"<h2 class=\"wp-block-heading\">I\u00f1igo Mart\u00ednez has not finally entered the squad for Las Palmas-Bar\u00e7a, but he will be next weekend against Barbastro to play in the Copa del Rey. Xavi himself confirmed the center-back&#8217;s almost recovery<\/h2>  \r\n<div class=\"article-addons\">\r\n    <a href=\"https:\/\/www.fcbarcelonanoticias.com\/en\/calendar-fc-barcelona.html\"\r\n       target=\"_self\"\r\n       title=\"Calendar of FC Barcelona\"\r\n       class=\"blue-gredient-btn\">\r\n       \r\n        Calendar of FC Barcelona    <\/a>\r\n<\/div>   <p><strong>Xavi Hern\u00e1ndez will recover for the debut in Glass of the King against the Barbastro to one of his players &#8216;fetish&#8217;<\/strong>. I\u00f1igo Mart\u00ednez, that lesion\u00f3 does a month in the warming in front of the Athletic of Madrid, will be available for the meeting copero in front of the Aragoneses. The own trainer barcelonista has recognised in press conference this Wednesday that the Basque is already almost recovered and that will arrive to 100% to this commitment.<\/p>  <p>The ex head office of the Athletic Club returned to the work of group this past 2 January and completed a part of the training beside all his mates. <strong>For the crash in front of The Palms of morning, 4 January, the defender will not be available because it is missing him rhythm of competition<\/strong>, but the next weekend, with several sessions of work in his legs, yes will be able to play.<\/p>  <h2>Xavi could change his plans in defence by I\u00f1igo<\/h2>  <p><strong>With I\u00f1igo almost recovered, it will be necessary to see which decisions takes Xavi in the defence<\/strong>. Ronald Ara\u00fajo is fixed in the centre, but his companion is not it so much, especially with the one of Ondarroa healthy. Jules Kound\u00e9 is quite unsure and is being very irregular, whereas Andreas Christensen neither is doing his best season. Thus, if the one of the Basque Country recovers the good level showed before his injury, has serious possibilities to be headline.<\/p>  <p>When the ex of the Athletic lesion\u00f3, was settling in the centre of the saga, adding five consecutive parties to title, contesting the 90 minutes. <strong>His good exit of ball from backwards, his condition of left-handed head office and his intelligence and speed to the crossing did that his technician bet by him<\/strong> and no by Andreas Christensen, displacing to Jules Kound\u00e9 to the right. When it was to 100% can not descartarse that suceda something alike<\/p> ","protected":false},"excerpt":{"rendered":"<p>I\u00f1igo Mart\u00ednez has not finally entered the squad for Las Palmas-Bar\u00e7a, but he will be next weekend against Barbastro to play in the Copa del Rey. Xavi himself confirmed the center-back&#8217;s almost recovery Xavi Hern\u00e1ndez will recover for the debut in Glass of the King against the Barbastro to one of his players &#8216;fetish&#8217;. I\u00f1igo [&hellip;]<\/p>\n","protected":false},"author":359,"featured_media":56391,"comment_status":"closed","ping_status":"open","sticky":false,"template":"","format":"standard","meta":{"_acf_changed":false,"inline_featured_image":false,"_nextfly_llmd_date_locked":false,"footnotes":""},"categories":[453,107],"tags":[136],"class_list":["post-78000","post","type-post","status-publish","format-standard","has-post-thumbnail","hentry","category-players-2","category-players","tag-injured"],"acf":[],"yoast_head":"<!-- This site is optimized with the Yoast SEO plugin v27.3 - https:\/\/yoast.com\/product\/yoast-seo-wordpress\/ -->\n<title>The return date planned by Xavi for I\u00f1igo Mart\u00ednez<\/title>\n<meta name=\"description\" content=\"I\u00f1igo Mart\u00ednez has not gone in finally in the announcement for the The Palms-Bar\u00e7a, but yes will be the next weekend against the Barbastro to play the Glass of Rey. The own Xavi confirmed the almost recovery of the central\" \/>\n<meta name=\"robots\" content=\"index, follow, max-snippet:-1, max-image-preview:large, max-video-preview:-1\" \/>\n<link rel=\"canonical\" href=\"https:\/\/www.fcbarcelonanoticias.com\/en\/players\/the-return-date-planned-by-xavi-for-inigo-martinez_299571_102.html\" \/>\n<meta property=\"og:locale\" content=\"en_US\" \/>\n<meta property=\"og:type\" content=\"article\" \/>\n<meta property=\"og:title\" content=\"The return date planned by Xavi for I\u00f1igo Mart\u00ednez\" \/>\n<meta property=\"og:description\" content=\"I\u00f1igo Mart\u00ednez has not gone in finally in the announcement for the The Palms-Bar\u00e7a, but yes will be the next weekend against the Barbastro to play the Glass of Rey. The own Xavi confirmed the almost recovery of the central\" \/>\n<meta property=\"og:url\" content=\"https:\/\/www.fcbarcelonanoticias.com\/en\/players\/the-return-date-planned-by-xavi-for-inigo-martinez_299571_102.html\" \/>\n<meta property=\"og:site_name\" content=\"EN - FC Barcelona Noticias\" \/>\n<meta property=\"article:published_time\" content=\"2024-01-03T17:36:00+00:00\" \/>\n<meta property=\"og:image\" content=\"https:\/\/www.fcbarcelonanoticias.com\/en\/wp-content\/uploads\/sites\/2\/2023\/12\/in-igo-marti-nez-en-un-calentamiento.jpeg\" \/>\n\t<meta property=\"og:image:width\" content=\"1200\" \/>\n\t<meta property=\"og:image:height\" content=\"675\" \/>\n\t<meta property=\"og:image:type\" content=\"image\/jpeg\" \/>\n<meta name=\"author\" content=\"Eduardo Mart\u00edn Santos\" \/>\n<meta name=\"twitter:card\" content=\"summary_large_image\" \/>\n<meta name=\"twitter:label1\" content=\"Written by\" \/>\n\t<meta name=\"twitter:data1\" content=\"Eduardo Mart\u00edn Santos\" \/>\n\t<meta name=\"twitter:label2\" content=\"Est. reading time\" \/>\n\t<meta name=\"twitter:data2\" content=\"2 minutes\" \/>\n<script type=\"application\/ld+json\" class=\"yoast-schema-graph\">{\"@context\":\"https:\\\/\\\/schema.org\",\"@graph\":[{\"@type\":\"Article\",\"@id\":\"https:\\\/\\\/www.fcbarcelonanoticias.com\\\/en\\\/players\\\/the-return-date-planned-by-xavi-for-inigo-martinez_299571_102.html#article\",\"isPartOf\":{\"@id\":\"https:\\\/\\\/www.fcbarcelonanoticias.com\\\/en\\\/players\\\/the-return-date-planned-by-xavi-for-inigo-martinez_299571_102.html\"},\"author\":{\"name\":\"Eduardo Mart\u00edn Santos\",\"@id\":\"https:\\\/\\\/www.fcbarcelonanoticias.com\\\/en\\\/#\\\/schema\\\/person\\\/4bdbc782ba6060d3f7005b61e97fb753\"},\"headline\":\"The return date planned by Xavi for I\u00f1igo Mart\u00ednez\",\"datePublished\":\"2024-01-03T17:36:00+00:00\",\"mainEntityOfPage\":{\"@id\":\"https:\\\/\\\/www.fcbarcelonanoticias.com\\\/en\\\/players\\\/the-return-date-planned-by-xavi-for-inigo-martinez_299571_102.html\"},\"wordCount\":365,\"image\":{\"@id\":\"https:\\\/\\\/www.fcbarcelonanoticias.com\\\/en\\\/players\\\/the-return-date-planned-by-xavi-for-inigo-martinez_299571_102.html#primaryimage\"},\"thumbnailUrl\":\"https:\\\/\\\/www.fcbarcelonanoticias.com\\\/en\\\/wp-content\\\/uploads\\\/sites\\\/2\\\/2023\\\/12\\\/in-igo-marti-nez-en-un-calentamiento.jpeg\",\"keywords\":[\"injured\"],\"articleSection\":[\"Players\",\"Players\"],\"inLanguage\":\"en-US\"},{\"@type\":\"WebPage\",\"@id\":\"https:\\\/\\\/www.fcbarcelonanoticias.com\\\/en\\\/players\\\/the-return-date-planned-by-xavi-for-inigo-martinez_299571_102.html\",\"url\":\"https:\\\/\\\/www.fcbarcelonanoticias.com\\\/en\\\/players\\\/the-return-date-planned-by-xavi-for-inigo-martinez_299571_102.html\",\"name\":\"The return date planned by Xavi for I\u00f1igo Mart\u00ednez\",\"isPartOf\":{\"@id\":\"https:\\\/\\\/www.fcbarcelonanoticias.com\\\/en\\\/#website\"},\"primaryImageOfPage\":{\"@id\":\"https:\\\/\\\/www.fcbarcelonanoticias.com\\\/en\\\/players\\\/the-return-date-planned-by-xavi-for-inigo-martinez_299571_102.html#primaryimage\"},\"image\":{\"@id\":\"https:\\\/\\\/www.fcbarcelonanoticias.com\\\/en\\\/players\\\/the-return-date-planned-by-xavi-for-inigo-martinez_299571_102.html#primaryimage\"},\"thumbnailUrl\":\"https:\\\/\\\/www.fcbarcelonanoticias.com\\\/en\\\/wp-content\\\/uploads\\\/sites\\\/2\\\/2023\\\/12\\\/in-igo-marti-nez-en-un-calentamiento.jpeg\",\"datePublished\":\"2024-01-03T17:36:00+00:00\",\"author\":{\"@id\":\"https:\\\/\\\/www.fcbarcelonanoticias.com\\\/en\\\/#\\\/schema\\\/person\\\/4bdbc782ba6060d3f7005b61e97fb753\"},\"description\":\"I\u00f1igo Mart\u00ednez has not gone in finally in the announcement for the The Palms-Bar\u00e7a, but yes will be the next weekend against the Barbastro to play the Glass of Rey. The own Xavi confirmed the almost recovery of the central\",\"breadcrumb\":{\"@id\":\"https:\\\/\\\/www.fcbarcelonanoticias.com\\\/en\\\/players\\\/the-return-date-planned-by-xavi-for-inigo-martinez_299571_102.html#breadcrumb\"},\"inLanguage\":\"en-US\",\"potentialAction\":[{\"@type\":\"ReadAction\",\"target\":[\"https:\\\/\\\/www.fcbarcelonanoticias.com\\\/en\\\/players\\\/the-return-date-planned-by-xavi-for-inigo-martinez_299571_102.html\"]}]},{\"@type\":\"ImageObject\",\"inLanguage\":\"en-US\",\"@id\":\"https:\\\/\\\/www.fcbarcelonanoticias.com\\\/en\\\/players\\\/the-return-date-planned-by-xavi-for-inigo-martinez_299571_102.html#primaryimage\",\"url\":\"https:\\\/\\\/www.fcbarcelonanoticias.com\\\/en\\\/wp-content\\\/uploads\\\/sites\\\/2\\\/2023\\\/12\\\/in-igo-marti-nez-en-un-calentamiento.jpeg\",\"contentUrl\":\"https:\\\/\\\/www.fcbarcelonanoticias.com\\\/en\\\/wp-content\\\/uploads\\\/sites\\\/2\\\/2023\\\/12\\\/in-igo-marti-nez-en-un-calentamiento.jpeg\",\"width\":1200,\"height\":675},{\"@type\":\"BreadcrumbList\",\"@id\":\"https:\\\/\\\/www.fcbarcelonanoticias.com\\\/en\\\/players\\\/the-return-date-planned-by-xavi-for-inigo-martinez_299571_102.html#breadcrumb\",\"itemListElement\":[{\"@type\":\"ListItem\",\"position\":1,\"name\":\"Portada\",\"item\":\"https:\\\/\\\/www.fcbarcelonanoticias.com\\\/en\\\/\"},{\"@type\":\"ListItem\",\"position\":2,\"name\":\"The return date planned by Xavi for I\u00f1igo Mart\u00ednez\"}]},{\"@type\":\"WebSite\",\"@id\":\"https:\\\/\\\/www.fcbarcelonanoticias.com\\\/en\\\/#website\",\"url\":\"https:\\\/\\\/www.fcbarcelonanoticias.com\\\/en\\\/\",\"name\":\"EN - FC Barcelona Noticias\",\"description\":\"\",\"potentialAction\":[{\"@type\":\"SearchAction\",\"target\":{\"@type\":\"EntryPoint\",\"urlTemplate\":\"https:\\\/\\\/www.fcbarcelonanoticias.com\\\/en\\\/?s={search_term_string}\"},\"query-input\":{\"@type\":\"PropertyValueSpecification\",\"valueRequired\":true,\"valueName\":\"search_term_string\"}}],\"inLanguage\":\"en-US\"},{\"@type\":\"Person\",\"@id\":\"https:\\\/\\\/www.fcbarcelonanoticias.com\\\/en\\\/#\\\/schema\\\/person\\\/4bdbc782ba6060d3f7005b61e97fb753\",\"name\":\"Eduardo Mart\u00edn Santos\",\"image\":{\"@type\":\"ImageObject\",\"inLanguage\":\"en-US\",\"@id\":\"https:\\\/\\\/secure.gravatar.com\\\/avatar\\\/?s=96&d=mm&r=g\",\"url\":\"https:\\\/\\\/secure.gravatar.com\\\/avatar\\\/?s=96&d=mm&r=g\",\"contentUrl\":\"https:\\\/\\\/secure.gravatar.com\\\/avatar\\\/?s=96&d=mm&r=g\",\"caption\":\"Eduardo Mart\u00edn Santos\"},\"url\":\"https:\\\/\\\/www.fcbarcelonanoticias.com\\\/en\\\/eduardo-martin_3_115.html\"}]}<\/script>\n<!-- \/ Yoast SEO plugin. -->","yoast_head_json":{"title":"The return date planned by Xavi for I\u00f1igo Mart\u00ednez","description":"I\u00f1igo Mart\u00ednez has not gone in finally in the announcement for the The Palms-Bar\u00e7a, but yes will be the next weekend against the Barbastro to play the Glass of Rey. The own Xavi confirmed the almost recovery of the central","robots":{"index":"index","follow":"follow","max-snippet":"max-snippet:-1","max-image-preview":"max-image-preview:large","max-video-preview":"max-video-preview:-1"},"canonical":"https:\/\/www.fcbarcelonanoticias.com\/en\/players\/the-return-date-planned-by-xavi-for-inigo-martinez_299571_102.html","og_locale":"en_US","og_type":"article","og_title":"The return date planned by Xavi for I\u00f1igo Mart\u00ednez","og_description":"I\u00f1igo Mart\u00ednez has not gone in finally in the announcement for the The Palms-Bar\u00e7a, but yes will be the next weekend against the Barbastro to play the Glass of Rey. The own Xavi confirmed the almost recovery of the central","og_url":"https:\/\/www.fcbarcelonanoticias.com\/en\/players\/the-return-date-planned-by-xavi-for-inigo-martinez_299571_102.html","og_site_name":"EN - FC Barcelona Noticias","article_published_time":"2024-01-03T17:36:00+00:00","og_image":[{"width":1200,"height":675,"url":"https:\/\/www.fcbarcelonanoticias.com\/en\/wp-content\/uploads\/sites\/2\/2023\/12\/in-igo-marti-nez-en-un-calentamiento.jpeg","type":"image\/jpeg"}],"author":"Eduardo Mart\u00edn Santos","twitter_card":"summary_large_image","twitter_misc":{"Written by":"Eduardo Mart\u00edn Santos","Est. reading time":"2 minutes"},"schema":{"@context":"https:\/\/schema.org","@graph":[{"@type":"Article","@id":"https:\/\/www.fcbarcelonanoticias.com\/en\/players\/the-return-date-planned-by-xavi-for-inigo-martinez_299571_102.html#article","isPartOf":{"@id":"https:\/\/www.fcbarcelonanoticias.com\/en\/players\/the-return-date-planned-by-xavi-for-inigo-martinez_299571_102.html"},"author":{"name":"Eduardo Mart\u00edn Santos","@id":"https:\/\/www.fcbarcelonanoticias.com\/en\/#\/schema\/person\/4bdbc782ba6060d3f7005b61e97fb753"},"headline":"The return date planned by Xavi for I\u00f1igo Mart\u00ednez","datePublished":"2024-01-03T17:36:00+00:00","mainEntityOfPage":{"@id":"https:\/\/www.fcbarcelonanoticias.com\/en\/players\/the-return-date-planned-by-xavi-for-inigo-martinez_299571_102.html"},"wordCount":365,"image":{"@id":"https:\/\/www.fcbarcelonanoticias.com\/en\/players\/the-return-date-planned-by-xavi-for-inigo-martinez_299571_102.html#primaryimage"},"thumbnailUrl":"https:\/\/www.fcbarcelonanoticias.com\/en\/wp-content\/uploads\/sites\/2\/2023\/12\/in-igo-marti-nez-en-un-calentamiento.jpeg","keywords":["injured"],"articleSection":["Players","Players"],"inLanguage":"en-US"},{"@type":"WebPage","@id":"https:\/\/www.fcbarcelonanoticias.com\/en\/players\/the-return-date-planned-by-xavi-for-inigo-martinez_299571_102.html","url":"https:\/\/www.fcbarcelonanoticias.com\/en\/players\/the-return-date-planned-by-xavi-for-inigo-martinez_299571_102.html","name":"The return date planned by Xavi for I\u00f1igo Mart\u00ednez","isPartOf":{"@id":"https:\/\/www.fcbarcelonanoticias.com\/en\/#website"},"primaryImageOfPage":{"@id":"https:\/\/www.fcbarcelonanoticias.com\/en\/players\/the-return-date-planned-by-xavi-for-inigo-martinez_299571_102.html#primaryimage"},"image":{"@id":"https:\/\/www.fcbarcelonanoticias.com\/en\/players\/the-return-date-planned-by-xavi-for-inigo-martinez_299571_102.html#primaryimage"},"thumbnailUrl":"https:\/\/www.fcbarcelonanoticias.com\/en\/wp-content\/uploads\/sites\/2\/2023\/12\/in-igo-marti-nez-en-un-calentamiento.jpeg","datePublished":"2024-01-03T17:36:00+00:00","author":{"@id":"https:\/\/www.fcbarcelonanoticias.com\/en\/#\/schema\/person\/4bdbc782ba6060d3f7005b61e97fb753"},"description":"I\u00f1igo Mart\u00ednez has not gone in finally in the announcement for the The Palms-Bar\u00e7a, but yes will be the next weekend against the Barbastro to play the Glass of Rey. The own Xavi confirmed the almost recovery of the central","breadcrumb":{"@id":"https:\/\/www.fcbarcelonanoticias.com\/en\/players\/the-return-date-planned-by-xavi-for-inigo-martinez_299571_102.html#breadcrumb"},"inLanguage":"en-US","potentialAction":[{"@type":"ReadAction","target":["https:\/\/www.fcbarcelonanoticias.com\/en\/players\/the-return-date-planned-by-xavi-for-inigo-martinez_299571_102.html"]}]},{"@type":"ImageObject","inLanguage":"en-US","@id":"https:\/\/www.fcbarcelonanoticias.com\/en\/players\/the-return-date-planned-by-xavi-for-inigo-martinez_299571_102.html#primaryimage","url":"https:\/\/www.fcbarcelonanoticias.com\/en\/wp-content\/uploads\/sites\/2\/2023\/12\/in-igo-marti-nez-en-un-calentamiento.jpeg","contentUrl":"https:\/\/www.fcbarcelonanoticias.com\/en\/wp-content\/uploads\/sites\/2\/2023\/12\/in-igo-marti-nez-en-un-calentamiento.jpeg","width":1200,"height":675},{"@type":"BreadcrumbList","@id":"https:\/\/www.fcbarcelonanoticias.com\/en\/players\/the-return-date-planned-by-xavi-for-inigo-martinez_299571_102.html#breadcrumb","itemListElement":[{"@type":"ListItem","position":1,"name":"Portada","item":"https:\/\/www.fcbarcelonanoticias.com\/en\/"},{"@type":"ListItem","position":2,"name":"The return date planned by Xavi for I\u00f1igo Mart\u00ednez"}]},{"@type":"WebSite","@id":"https:\/\/www.fcbarcelonanoticias.com\/en\/#website","url":"https:\/\/www.fcbarcelonanoticias.com\/en\/","name":"EN - FC Barcelona Noticias","description":"","potentialAction":[{"@type":"SearchAction","target":{"@type":"EntryPoint","urlTemplate":"https:\/\/www.fcbarcelonanoticias.com\/en\/?s={search_term_string}"},"query-input":{"@type":"PropertyValueSpecification","valueRequired":true,"valueName":"search_term_string"}}],"inLanguage":"en-US"},{"@type":"Person","@id":"https:\/\/www.fcbarcelonanoticias.com\/en\/#\/schema\/person\/4bdbc782ba6060d3f7005b61e97fb753","name":"Eduardo Mart\u00edn Santos","image":{"@type":"ImageObject","inLanguage":"en-US","@id":"https:\/\/secure.gravatar.com\/avatar\/?s=96&d=mm&r=g","url":"https:\/\/secure.gravatar.com\/avatar\/?s=96&d=mm&r=g","contentUrl":"https:\/\/secure.gravatar.com\/avatar\/?s=96&d=mm&r=g","caption":"Eduardo Mart\u00edn Santos"},"url":"https:\/\/www.fcbarcelonanoticias.com\/en\/eduardo-martin_3_115.html"}]}},"_links":{"self":[{"href":"https:\/\/www.fcbarcelonanoticias.com\/en\/wp-json\/wp\/v2\/posts\/78000","targetHints":{"allow":["GET"]}}],"collection":[{"href":"https:\/\/www.fcbarcelonanoticias.com\/en\/wp-json\/wp\/v2\/posts"}],"about":[{"href":"https:\/\/www.fcbarcelonanoticias.com\/en\/wp-json\/wp\/v2\/types\/post"}],"author":[{"embeddable":true,"href":"https:\/\/www.fcbarcelonanoticias.com\/en\/wp-json\/wp\/v2\/users\/359"}],"replies":[{"embeddable":true,"href":"https:\/\/www.fcbarcelonanoticias.com\/en\/wp-json\/wp\/v2\/comments?post=78000"}],"version-history":[{"count":1,"href":"https:\/\/www.fcbarcelonanoticias.com\/en\/wp-json\/wp\/v2\/posts\/78000\/revisions"}],"predecessor-version":[{"id":122596,"href":"https:\/\/www.fcbarcelonanoticias.com\/en\/wp-json\/wp\/v2\/posts\/78000\/revisions\/122596"}],"wp:featuredmedia":[{"embeddable":true,"href":"https:\/\/www.fcbarcelonanoticias.com\/en\/wp-json\/wp\/v2\/media\/56391"}],"wp:attachment":[{"href":"https:\/\/www.fcbarcelonanoticias.com\/en\/wp-json\/wp\/v2\/media?parent=78000"}],"wp:term":[{"taxonomy":"category","embeddable":true,"href":"https:\/\/www.fcbarcelonanoticias.com\/en\/wp-json\/wp\/v2\/categories?post=78000"},{"taxonomy":"post_tag","embeddable":true,"href":"https:\/\/www.fcbarcelonanoticias.com\/en\/wp-json\/wp\/v2\/tags?post=78000"}],"curies":[{"name":"wp","href":"https:\/\/api.w.org\/{rel}","templated":true}]}}