{"id":78164,"date":"2023-02-03T22:57:00","date_gmt":"2023-02-03T21:57:00","guid":{"rendered":"https:\/\/weisetech.dev\/fc-barcelona-noticias\/en\/surprise-in-london-chelsea-leave-out-champions-to-aubameyang_289278_102\/"},"modified":"2023-02-03T22:57:00","modified_gmt":"2023-02-03T21:57:00","slug":"surprise-in-london-chelsea-leave-out-champions-to-aubameyang_289278_102","status":"publish","type":"post","link":"https:\/\/www.fcbarcelonanoticias.com\/en\/players\/surprise-in-london-chelsea-leave-out-champions-to-aubameyang_289278_102.html","title":{"rendered":"Surprise in London! Chelsea leaves Aubameyang out of the Champions League"},"content":{"rendered":"<h2 class=\"wp-block-heading\">If there are any symptoms to feel left out of a team surely it must be to be out of the list for the Champions League, something that has finally happened to Aubameyang<\/h2>  \r\n<div class=\"article-addons\">\r\n    <a href=\"https:\/\/www.fcbarcelonanoticias.com\/en\/calendar-fc-barcelona.html\"\r\n       target=\"_self\"\r\n       title=\"Calendar of FC Barcelona\"\r\n       class=\"blue-gredient-btn\">\r\n       \r\n        Calendar of FC Barcelona    <\/a>\r\n<\/div>   <p>Perhaps the go back to the <a data-external=\"0\" data-intl-links-en=\"https:\/\/www.fcbarcelonanoticias.com\/en\/fc-barcelona\" data-intl-links-es=\"https:\/\/www.fcbarcelonanoticias.com\/fc-barcelona\" href=\"https:\/\/www.fcbarcelonanoticias.com\/en\/football-soccer\/fc-barcelona.html\" rel=\"follow\" target=\"_self\" title=\"FC Barcelona\">FC Barcelona<\/a> in winter would have been the best for the career <a data-external=\"0\" data-intl-links-en=\"https:\/\/www.fcbarcelonanoticias.com\/en\/tags\/aubameyang\" data-intl-links-es=\"https:\/\/www.fcbarcelonanoticias.com\/tags\/aubameyang\" href=\"https:\/\/www.fcbarcelonanoticias.com\/en\/tags\/aubameyang.html\" rel=\"follow\" target=\"_self\" title=\"Aubameyang\">of Pierre-Emerick Aubameyang<\/a>, at least for this season. <strong>Afterwards that the rules of LaLiga and FIFA did not allow that the forward went through three registrations in a same course,<\/strong> the African footballer kept in Chelsea that it does not explain too much with him and this Friday have gone back it to him to confirm.<\/p>  <p>From England have confirmed that the attacker has been omitted of the team of 25 players of the English team for the second part of the season. The big market of winter in Stamford Bridge, <strong>and the little confidence of the technician Graham Potter, have finished refusing to a footballer that arrived being the big hope of goal in the end of the past market of summer. <\/strong><\/p>  <p>The m\u00edster remained with a problem after the club fich\u00f3 to eight players during the window of transfer of January. <strong>Chelsea could register only three signings for the eighth of final and has chosen to Enzo Fern\u00e1ndez, Jo\u00e3or F\u00e9lix and Mykhailo Mudryk,<\/strong> doing besides that Auba went out of the options to confront to the Borussia Dortmund.<\/p>  <p>The English team will measure to the Germans with the absence also of Jorginho the one who finally left to the Arsenal by 10 million euros, more other two in variables. <strong>The gabon\u00e9s has found in an important crossing in his career, since it will arrive to the summer surely with very few minutes and without having been able to show that it still can follow to the maximum level.<\/strong><\/p>  <h3>It does not explain for nothing<\/h3>  <p>The possibility to return free, or by very little, to the Bar\u00e7a surely will cross the head of an Aubameyang that seems sentenced inside the sportive project of Chelsea. In fact, <strong>Potter preferred to leave in the list to Carney Chukwuemeka, of 19 years or to the third goalkeeper, Marcus Bettinelli, the one who in case of injury of Kepa Arrizabalaga or \u00c9douard Mendy could ingresar a guardameta of the juvenile team. <\/strong><\/p> ","protected":false},"excerpt":{"rendered":"<p>If there are any symptoms to feel left out of a team surely it must be to be out of the list for the Champions League, something that has finally happened to Aubameyang Perhaps the go back to the FC Barcelona in winter would have been the best for the career of Pierre-Emerick Aubameyang, at [&hellip;]<\/p>\n","protected":false},"author":345,"featured_media":68390,"comment_status":"closed","ping_status":"open","sticky":false,"template":"","format":"standard","meta":{"_acf_changed":false,"inline_featured_image":false,"_nextfly_llmd_date_locked":false,"footnotes":""},"categories":[453,107],"tags":[230,161,162],"class_list":["post-78164","post","type-post","status-publish","format-standard","has-post-thumbnail","hentry","category-players-2","category-players","tag-aubameyang","tag-chelsea","tag-fifa"],"acf":[],"yoast_head":"<!-- This site is optimized with the Yoast SEO plugin v27.3 - https:\/\/yoast.com\/product\/yoast-seo-wordpress\/ -->\n<title>Surprise in London! Chelsea leaves Aubameyang out of the Champions League<\/title>\n<meta name=\"description\" content=\"If there are any symptoms to feel left out of a team surely it must be to be out of the list for the Champions League, something that has finally happened to Aubameyang\" \/>\n<meta name=\"robots\" content=\"index, follow, max-snippet:-1, max-image-preview:large, max-video-preview:-1\" \/>\n<link rel=\"canonical\" href=\"https:\/\/www.fcbarcelonanoticias.com\/en\/players\/surprise-in-london-chelsea-leave-out-champions-to-aubameyang_289278_102.html\" \/>\n<meta property=\"og:locale\" content=\"en_US\" \/>\n<meta property=\"og:type\" content=\"article\" \/>\n<meta property=\"og:title\" content=\"Surprise in London! Chelsea leaves Aubameyang out of the Champions League\" \/>\n<meta property=\"og:description\" content=\"If there are any symptoms to feel left out of a team surely it must be to be out of the list for the Champions League, something that has finally happened to Aubameyang\" \/>\n<meta property=\"og:url\" content=\"https:\/\/www.fcbarcelonanoticias.com\/en\/players\/surprise-in-london-chelsea-leave-out-champions-to-aubameyang_289278_102.html\" \/>\n<meta property=\"og:site_name\" content=\"EN - FC Barcelona Noticias\" \/>\n<meta property=\"article:published_time\" content=\"2023-02-03T21:57:00+00:00\" \/>\n<meta property=\"og:image\" content=\"https:\/\/www.fcbarcelonanoticias.com\/en\/wp-content\/uploads\/sites\/2\/2023\/01\/aubameyang-partido-chelsea.jpeg\" \/>\n\t<meta property=\"og:image:width\" content=\"1300\" \/>\n\t<meta property=\"og:image:height\" content=\"734\" \/>\n\t<meta property=\"og:image:type\" content=\"image\/jpeg\" \/>\n<meta name=\"author\" content=\"Carlos Montenegro\" \/>\n<meta name=\"twitter:card\" content=\"summary_large_image\" \/>\n<meta name=\"twitter:label1\" content=\"Written by\" \/>\n\t<meta name=\"twitter:data1\" content=\"Carlos Montenegro\" \/>\n\t<meta name=\"twitter:label2\" content=\"Est. reading time\" \/>\n\t<meta name=\"twitter:data2\" content=\"2 minutes\" \/>\n<script type=\"application\/ld+json\" class=\"yoast-schema-graph\">{\"@context\":\"https:\\\/\\\/schema.org\",\"@graph\":[{\"@type\":\"Article\",\"@id\":\"https:\\\/\\\/www.fcbarcelonanoticias.com\\\/en\\\/players\\\/surprise-in-london-chelsea-leave-out-champions-to-aubameyang_289278_102.html#article\",\"isPartOf\":{\"@id\":\"https:\\\/\\\/www.fcbarcelonanoticias.com\\\/en\\\/players\\\/surprise-in-london-chelsea-leave-out-champions-to-aubameyang_289278_102.html\"},\"author\":{\"name\":\"Carlos Montenegro\",\"@id\":\"https:\\\/\\\/www.fcbarcelonanoticias.com\\\/en\\\/#\\\/schema\\\/person\\\/aa1d038709c262cb247e240f6b39bbf5\"},\"headline\":\"Surprise in London! Chelsea leaves Aubameyang out of the Champions League\",\"datePublished\":\"2023-02-03T21:57:00+00:00\",\"mainEntityOfPage\":{\"@id\":\"https:\\\/\\\/www.fcbarcelonanoticias.com\\\/en\\\/players\\\/surprise-in-london-chelsea-leave-out-champions-to-aubameyang_289278_102.html\"},\"wordCount\":393,\"image\":{\"@id\":\"https:\\\/\\\/www.fcbarcelonanoticias.com\\\/en\\\/players\\\/surprise-in-london-chelsea-leave-out-champions-to-aubameyang_289278_102.html#primaryimage\"},\"thumbnailUrl\":\"https:\\\/\\\/www.fcbarcelonanoticias.com\\\/en\\\/wp-content\\\/uploads\\\/sites\\\/2\\\/2023\\\/01\\\/aubameyang-partido-chelsea.jpeg\",\"keywords\":[\"Aubameyang\",\"Chelsea\",\"FIFA\"],\"articleSection\":[\"Players\",\"Players\"],\"inLanguage\":\"en-US\"},{\"@type\":\"WebPage\",\"@id\":\"https:\\\/\\\/www.fcbarcelonanoticias.com\\\/en\\\/players\\\/surprise-in-london-chelsea-leave-out-champions-to-aubameyang_289278_102.html\",\"url\":\"https:\\\/\\\/www.fcbarcelonanoticias.com\\\/en\\\/players\\\/surprise-in-london-chelsea-leave-out-champions-to-aubameyang_289278_102.html\",\"name\":\"Surprise in London! Chelsea leaves Aubameyang out of the Champions League\",\"isPartOf\":{\"@id\":\"https:\\\/\\\/www.fcbarcelonanoticias.com\\\/en\\\/#website\"},\"primaryImageOfPage\":{\"@id\":\"https:\\\/\\\/www.fcbarcelonanoticias.com\\\/en\\\/players\\\/surprise-in-london-chelsea-leave-out-champions-to-aubameyang_289278_102.html#primaryimage\"},\"image\":{\"@id\":\"https:\\\/\\\/www.fcbarcelonanoticias.com\\\/en\\\/players\\\/surprise-in-london-chelsea-leave-out-champions-to-aubameyang_289278_102.html#primaryimage\"},\"thumbnailUrl\":\"https:\\\/\\\/www.fcbarcelonanoticias.com\\\/en\\\/wp-content\\\/uploads\\\/sites\\\/2\\\/2023\\\/01\\\/aubameyang-partido-chelsea.jpeg\",\"datePublished\":\"2023-02-03T21:57:00+00:00\",\"author\":{\"@id\":\"https:\\\/\\\/www.fcbarcelonanoticias.com\\\/en\\\/#\\\/schema\\\/person\\\/aa1d038709c262cb247e240f6b39bbf5\"},\"description\":\"If there are any symptoms to feel left out of a team surely it must be to be out of the list for the Champions League, something that has finally happened to Aubameyang\",\"breadcrumb\":{\"@id\":\"https:\\\/\\\/www.fcbarcelonanoticias.com\\\/en\\\/players\\\/surprise-in-london-chelsea-leave-out-champions-to-aubameyang_289278_102.html#breadcrumb\"},\"inLanguage\":\"en-US\",\"potentialAction\":[{\"@type\":\"ReadAction\",\"target\":[\"https:\\\/\\\/www.fcbarcelonanoticias.com\\\/en\\\/players\\\/surprise-in-london-chelsea-leave-out-champions-to-aubameyang_289278_102.html\"]}]},{\"@type\":\"ImageObject\",\"inLanguage\":\"en-US\",\"@id\":\"https:\\\/\\\/www.fcbarcelonanoticias.com\\\/en\\\/players\\\/surprise-in-london-chelsea-leave-out-champions-to-aubameyang_289278_102.html#primaryimage\",\"url\":\"https:\\\/\\\/www.fcbarcelonanoticias.com\\\/en\\\/wp-content\\\/uploads\\\/sites\\\/2\\\/2023\\\/01\\\/aubameyang-partido-chelsea.jpeg\",\"contentUrl\":\"https:\\\/\\\/www.fcbarcelonanoticias.com\\\/en\\\/wp-content\\\/uploads\\\/sites\\\/2\\\/2023\\\/01\\\/aubameyang-partido-chelsea.jpeg\",\"width\":1300,\"height\":734},{\"@type\":\"BreadcrumbList\",\"@id\":\"https:\\\/\\\/www.fcbarcelonanoticias.com\\\/en\\\/players\\\/surprise-in-london-chelsea-leave-out-champions-to-aubameyang_289278_102.html#breadcrumb\",\"itemListElement\":[{\"@type\":\"ListItem\",\"position\":1,\"name\":\"Portada\",\"item\":\"https:\\\/\\\/www.fcbarcelonanoticias.com\\\/en\\\/\"},{\"@type\":\"ListItem\",\"position\":2,\"name\":\"Surprise in London! Chelsea leaves Aubameyang out of the Champions League\"}]},{\"@type\":\"WebSite\",\"@id\":\"https:\\\/\\\/www.fcbarcelonanoticias.com\\\/en\\\/#website\",\"url\":\"https:\\\/\\\/www.fcbarcelonanoticias.com\\\/en\\\/\",\"name\":\"EN - FC Barcelona Noticias\",\"description\":\"\",\"potentialAction\":[{\"@type\":\"SearchAction\",\"target\":{\"@type\":\"EntryPoint\",\"urlTemplate\":\"https:\\\/\\\/www.fcbarcelonanoticias.com\\\/en\\\/?s={search_term_string}\"},\"query-input\":{\"@type\":\"PropertyValueSpecification\",\"valueRequired\":true,\"valueName\":\"search_term_string\"}}],\"inLanguage\":\"en-US\"},{\"@type\":\"Person\",\"@id\":\"https:\\\/\\\/www.fcbarcelonanoticias.com\\\/en\\\/#\\\/schema\\\/person\\\/aa1d038709c262cb247e240f6b39bbf5\",\"name\":\"Carlos Montenegro\",\"image\":{\"@type\":\"ImageObject\",\"inLanguage\":\"en-US\",\"@id\":\"https:\\\/\\\/secure.gravatar.com\\\/avatar\\\/?s=96&d=mm&r=g\",\"url\":\"https:\\\/\\\/secure.gravatar.com\\\/avatar\\\/?s=96&d=mm&r=g\",\"contentUrl\":\"https:\\\/\\\/secure.gravatar.com\\\/avatar\\\/?s=96&d=mm&r=g\",\"caption\":\"Carlos Montenegro\"},\"url\":\"https:\\\/\\\/www.fcbarcelonanoticias.com\\\/en\\\/carlos-montenegro_20_115.html\"}]}<\/script>\n<!-- \/ Yoast SEO plugin. -->","yoast_head_json":{"title":"Surprise in London! Chelsea leaves Aubameyang out of the Champions League","description":"If there are any symptoms to feel left out of a team surely it must be to be out of the list for the Champions League, something that has finally happened to Aubameyang","robots":{"index":"index","follow":"follow","max-snippet":"max-snippet:-1","max-image-preview":"max-image-preview:large","max-video-preview":"max-video-preview:-1"},"canonical":"https:\/\/www.fcbarcelonanoticias.com\/en\/players\/surprise-in-london-chelsea-leave-out-champions-to-aubameyang_289278_102.html","og_locale":"en_US","og_type":"article","og_title":"Surprise in London! Chelsea leaves Aubameyang out of the Champions League","og_description":"If there are any symptoms to feel left out of a team surely it must be to be out of the list for the Champions League, something that has finally happened to Aubameyang","og_url":"https:\/\/www.fcbarcelonanoticias.com\/en\/players\/surprise-in-london-chelsea-leave-out-champions-to-aubameyang_289278_102.html","og_site_name":"EN - FC Barcelona Noticias","article_published_time":"2023-02-03T21:57:00+00:00","og_image":[{"width":1300,"height":734,"url":"https:\/\/www.fcbarcelonanoticias.com\/en\/wp-content\/uploads\/sites\/2\/2023\/01\/aubameyang-partido-chelsea.jpeg","type":"image\/jpeg"}],"author":"Carlos Montenegro","twitter_card":"summary_large_image","twitter_misc":{"Written by":"Carlos Montenegro","Est. reading time":"2 minutes"},"schema":{"@context":"https:\/\/schema.org","@graph":[{"@type":"Article","@id":"https:\/\/www.fcbarcelonanoticias.com\/en\/players\/surprise-in-london-chelsea-leave-out-champions-to-aubameyang_289278_102.html#article","isPartOf":{"@id":"https:\/\/www.fcbarcelonanoticias.com\/en\/players\/surprise-in-london-chelsea-leave-out-champions-to-aubameyang_289278_102.html"},"author":{"name":"Carlos Montenegro","@id":"https:\/\/www.fcbarcelonanoticias.com\/en\/#\/schema\/person\/aa1d038709c262cb247e240f6b39bbf5"},"headline":"Surprise in London! Chelsea leaves Aubameyang out of the Champions League","datePublished":"2023-02-03T21:57:00+00:00","mainEntityOfPage":{"@id":"https:\/\/www.fcbarcelonanoticias.com\/en\/players\/surprise-in-london-chelsea-leave-out-champions-to-aubameyang_289278_102.html"},"wordCount":393,"image":{"@id":"https:\/\/www.fcbarcelonanoticias.com\/en\/players\/surprise-in-london-chelsea-leave-out-champions-to-aubameyang_289278_102.html#primaryimage"},"thumbnailUrl":"https:\/\/www.fcbarcelonanoticias.com\/en\/wp-content\/uploads\/sites\/2\/2023\/01\/aubameyang-partido-chelsea.jpeg","keywords":["Aubameyang","Chelsea","FIFA"],"articleSection":["Players","Players"],"inLanguage":"en-US"},{"@type":"WebPage","@id":"https:\/\/www.fcbarcelonanoticias.com\/en\/players\/surprise-in-london-chelsea-leave-out-champions-to-aubameyang_289278_102.html","url":"https:\/\/www.fcbarcelonanoticias.com\/en\/players\/surprise-in-london-chelsea-leave-out-champions-to-aubameyang_289278_102.html","name":"Surprise in London! Chelsea leaves Aubameyang out of the Champions League","isPartOf":{"@id":"https:\/\/www.fcbarcelonanoticias.com\/en\/#website"},"primaryImageOfPage":{"@id":"https:\/\/www.fcbarcelonanoticias.com\/en\/players\/surprise-in-london-chelsea-leave-out-champions-to-aubameyang_289278_102.html#primaryimage"},"image":{"@id":"https:\/\/www.fcbarcelonanoticias.com\/en\/players\/surprise-in-london-chelsea-leave-out-champions-to-aubameyang_289278_102.html#primaryimage"},"thumbnailUrl":"https:\/\/www.fcbarcelonanoticias.com\/en\/wp-content\/uploads\/sites\/2\/2023\/01\/aubameyang-partido-chelsea.jpeg","datePublished":"2023-02-03T21:57:00+00:00","author":{"@id":"https:\/\/www.fcbarcelonanoticias.com\/en\/#\/schema\/person\/aa1d038709c262cb247e240f6b39bbf5"},"description":"If there are any symptoms to feel left out of a team surely it must be to be out of the list for the Champions League, something that has finally happened to Aubameyang","breadcrumb":{"@id":"https:\/\/www.fcbarcelonanoticias.com\/en\/players\/surprise-in-london-chelsea-leave-out-champions-to-aubameyang_289278_102.html#breadcrumb"},"inLanguage":"en-US","potentialAction":[{"@type":"ReadAction","target":["https:\/\/www.fcbarcelonanoticias.com\/en\/players\/surprise-in-london-chelsea-leave-out-champions-to-aubameyang_289278_102.html"]}]},{"@type":"ImageObject","inLanguage":"en-US","@id":"https:\/\/www.fcbarcelonanoticias.com\/en\/players\/surprise-in-london-chelsea-leave-out-champions-to-aubameyang_289278_102.html#primaryimage","url":"https:\/\/www.fcbarcelonanoticias.com\/en\/wp-content\/uploads\/sites\/2\/2023\/01\/aubameyang-partido-chelsea.jpeg","contentUrl":"https:\/\/www.fcbarcelonanoticias.com\/en\/wp-content\/uploads\/sites\/2\/2023\/01\/aubameyang-partido-chelsea.jpeg","width":1300,"height":734},{"@type":"BreadcrumbList","@id":"https:\/\/www.fcbarcelonanoticias.com\/en\/players\/surprise-in-london-chelsea-leave-out-champions-to-aubameyang_289278_102.html#breadcrumb","itemListElement":[{"@type":"ListItem","position":1,"name":"Portada","item":"https:\/\/www.fcbarcelonanoticias.com\/en\/"},{"@type":"ListItem","position":2,"name":"Surprise in London! Chelsea leaves Aubameyang out of the Champions League"}]},{"@type":"WebSite","@id":"https:\/\/www.fcbarcelonanoticias.com\/en\/#website","url":"https:\/\/www.fcbarcelonanoticias.com\/en\/","name":"EN - FC Barcelona Noticias","description":"","potentialAction":[{"@type":"SearchAction","target":{"@type":"EntryPoint","urlTemplate":"https:\/\/www.fcbarcelonanoticias.com\/en\/?s={search_term_string}"},"query-input":{"@type":"PropertyValueSpecification","valueRequired":true,"valueName":"search_term_string"}}],"inLanguage":"en-US"},{"@type":"Person","@id":"https:\/\/www.fcbarcelonanoticias.com\/en\/#\/schema\/person\/aa1d038709c262cb247e240f6b39bbf5","name":"Carlos Montenegro","image":{"@type":"ImageObject","inLanguage":"en-US","@id":"https:\/\/secure.gravatar.com\/avatar\/?s=96&d=mm&r=g","url":"https:\/\/secure.gravatar.com\/avatar\/?s=96&d=mm&r=g","contentUrl":"https:\/\/secure.gravatar.com\/avatar\/?s=96&d=mm&r=g","caption":"Carlos Montenegro"},"url":"https:\/\/www.fcbarcelonanoticias.com\/en\/carlos-montenegro_20_115.html"}]}},"_links":{"self":[{"href":"https:\/\/www.fcbarcelonanoticias.com\/en\/wp-json\/wp\/v2\/posts\/78164","targetHints":{"allow":["GET"]}}],"collection":[{"href":"https:\/\/www.fcbarcelonanoticias.com\/en\/wp-json\/wp\/v2\/posts"}],"about":[{"href":"https:\/\/www.fcbarcelonanoticias.com\/en\/wp-json\/wp\/v2\/types\/post"}],"author":[{"embeddable":true,"href":"https:\/\/www.fcbarcelonanoticias.com\/en\/wp-json\/wp\/v2\/users\/345"}],"replies":[{"embeddable":true,"href":"https:\/\/www.fcbarcelonanoticias.com\/en\/wp-json\/wp\/v2\/comments?post=78164"}],"version-history":[{"count":1,"href":"https:\/\/www.fcbarcelonanoticias.com\/en\/wp-json\/wp\/v2\/posts\/78164\/revisions"}],"predecessor-version":[{"id":78165,"href":"https:\/\/www.fcbarcelonanoticias.com\/en\/wp-json\/wp\/v2\/posts\/78164\/revisions\/78165"}],"wp:featuredmedia":[{"embeddable":true,"href":"https:\/\/www.fcbarcelonanoticias.com\/en\/wp-json\/wp\/v2\/media\/68390"}],"wp:attachment":[{"href":"https:\/\/www.fcbarcelonanoticias.com\/en\/wp-json\/wp\/v2\/media?parent=78164"}],"wp:term":[{"taxonomy":"category","embeddable":true,"href":"https:\/\/www.fcbarcelonanoticias.com\/en\/wp-json\/wp\/v2\/categories?post=78164"},{"taxonomy":"post_tag","embeddable":true,"href":"https:\/\/www.fcbarcelonanoticias.com\/en\/wp-json\/wp\/v2\/tags?post=78164"}],"curies":[{"name":"wp","href":"https:\/\/api.w.org\/{rel}","templated":true}]}}