{"id":7857,"date":"2021-02-03T22:59:00","date_gmt":"2021-02-03T21:59:00","guid":{"rendered":"https:\/\/weisetech.dev\/fc-barcelona-noticias\/en\/spirit-and-faith-griezmann-jordi-alba-open-grave-tied-granada-barca_264864_102\/"},"modified":"2026-04-16T09:18:49","modified_gmt":"2026-04-16T07:18:49","slug":"spirit-and-faith-griezmann-jordi-alba-open-grave-tied-granada-barca_264864_102","status":"publish","type":"post","link":"https:\/\/www.fcbarcelonanoticias.com\/en\/copa-del-rey\/spirit-and-faith-griezmann-jordi-alba-open-grave-tied-granada-barca_264864_102.html","title":{"rendered":"SPIRIT AND FAITH: Griezmann and Jordi Alba, to open grave, tied the Granada-Bar\u00e7a"},"content":{"rendered":"<h2 class=\"wp-block-heading\">In spite of going losing 2-0 until the minute 88, the FC Barcelona believed like anybody and achieved two goals &#8216;in extremis&#8217;, work of Griezmann and Jordi Alba, to force the extention<\/h2>  \r\n<div class=\"article-addons\">\r\n    <a href=\"https:\/\/www.fcbarcelonanoticias.com\/en\/calendar-fc-barcelona.html\"\r\n       target=\"_self\"\r\n       title=\"Calendar of FC Barcelona\"\r\n       class=\"blue-gredient-btn\">\r\n       \r\n        Calendar of FC Barcelona    <\/a>\r\n<\/div>   <p><strong>It can that <a data-external=\"0\" data-intl-links-en=\"https:\/\/www.fcbarcelonanoticias.com\/en\/copa-del-rey\/granada-fc-barcelona-3-5-copa-rey-2020-21_264849_102.html\" data-intl-links-es=\"https:\/\/www.fcbarcelonanoticias.com\/copa-del-rey\/granada-fc-barcelona-3-5-copa-rey-2020-21_264849_102.html\" href=\"https:\/\/www.fcbarcelonanoticias.com\/en\/copa-del-rey\/granada-fc-barcelona-3-5-copa-rey-2020-21_264849_102.html\" rel=\"follow\" target=\"_self\" title=\"Un heroico Bar\u00e7a remonta en Granada y se mete en las 'semis' en la pr\u00f3rroga (3-5)\">sometimes it seem that the FC Barcelona was died<\/a><\/strong>, but this Wednesday showed that has soul and spirit combativo. <strong>In the minutes 88 and 92, Antoine Griezmann and Jordi Alba empataron<\/strong> &#8216;in extremis&#8217; the party to force it to an extention that anybody imagined, or only the cul\u00e9s more believer. By dint of trying it to the end, the Bar\u00e7a obtained a deserved reward.<\/p>  <p><strong>It was not easy, there were three shots to the crossbar of Trincao, Messi and Demb\u00e9l\u00e9&#8230; <\/strong>And in spite of everything, the Bar\u00e7a attained to impose his law. They were missing only two minutes for the end of the meeting when Leo Messi planted a perfect balloon to the left band, that Griezmann punte\u00f3 with the boot to the stick, with the fortune that the balloon rebounded, touched in the goalkeeper and col\u00f3 in the goal nazar\u00ed.<\/p>  <div class=\"article-video-wrapper\" data-ck-asset-wrapper=\"\"> <div class=\"article-video\"> <div> <div style=\"position: relative; padding-bottom:56.25%; height: 0; overflow: hidden; \"><\/div> <\/div> <\/div> <\/div>  <p>The 2-1 did that the players of the Granada put something nervous, and <strong>the Bar\u00e7a smelt the blood to deepen in the wound and empatar four minutes afterwards<\/strong>, in the addition, again thanks to a deep balloon that Griezmann, with the head, directed to Jordi Alba that expected in the small area to finish at the end of the meshes, putting like this the tie in the marker.<\/p>  <p><strong>Griezmann And Jordi Alba were the two big protagonists<\/strong> of the traced back, or at least his visible faces. The one of Macon marked two goals and delivered two assistances, whereas the one of L&#8217;Hospitalet annotated also a doublet and delivered a pass of goal precisely for &#8216;Grizi&#8217;, in the played of the 2-3.<\/p>  <h3>Griezmann-Alba, boundless society<\/h3>  <p><strong>Both are forming a society of big level<\/strong>, still far of which forms the own Alba with Leo Messi, but definitely promising. There is not discussion to the hour to value the character and the capacity of sacrifice of the players cul\u00e9s, that showed a big commitment and the ambition, in the New The C\u00e1rmenes, to struggle to the end by the title of <strong><a data-external=\"1\" href=\"https:\/\/www.fcbarcelonanoticias.com\/copa-del-rey-calendario-y-resultados.html\" rel=\"follow\" target=\"_self\" title=\"Copa del Rey 2020-21\">the Glass of the King 2020-21<\/a><\/strong>.<\/p>  <p>For the moment, already they are in semifinals waiting for the draw that will celebrate this Friday, with <strong>Raise, Seville, Athletic and Betis like possible rival<\/strong>. The two last will confront this Thursday, and from here will go out the third possible rival for the ones of <strong>Koeman<\/strong>. It gives the same who was. The Barcelona, as it comes doing from the month of January, will have to play his game and not doing grantings.<\/p> ","protected":false},"excerpt":{"rendered":"<p>In spite of going losing 2-0 until the minute 88, the FC Barcelona believed like anybody and achieved two goals &#8216;in extremis&#8217;, work of Griezmann and Jordi Alba, to force the extention It can that sometimes it seem that the FC Barcelona was died, but this Wednesday showed that has soul and spirit combativo. In [&hellip;]<\/p>\n","protected":false},"author":366,"featured_media":7858,"comment_status":"closed","ping_status":"open","sticky":false,"template":"","format":"standard","meta":{"_acf_changed":false,"inline_featured_image":false,"_nextfly_llmd_date_locked":false,"footnotes":""},"categories":[446,118],"tags":[73,145,280],"class_list":["post-7857","post","type-post","status-publish","format-standard","has-post-thumbnail","hentry","category-copa-del-rey-2","category-copa-del-rey","tag-granada-cf","tag-griezmann","tag-jordi-alba"],"acf":[],"yoast_head":"<!-- This site is optimized with the Yoast SEO plugin v27.3 - https:\/\/yoast.com\/product\/yoast-seo-wordpress\/ -->\n<title>SPIRIT AND FAITH: Griezmann and Jordi Alba, to open grave, tied the Granada-Bar\u00e7a<\/title>\n<meta name=\"description\" content=\"In spite of going losing 2-0 until the minute 88, the FC Barcelona believed like anybody and achieved two goals &#039;in extremis&#039;, work of Griezmann and Jordi Alba, to force the extention\" \/>\n<meta name=\"robots\" content=\"index, follow, max-snippet:-1, max-image-preview:large, max-video-preview:-1\" \/>\n<link rel=\"canonical\" href=\"https:\/\/www.fcbarcelonanoticias.com\/en\/copa-del-rey\/spirit-and-faith-griezmann-jordi-alba-open-grave-tied-granada-barca_264864_102.html\" \/>\n<meta property=\"og:locale\" content=\"en_US\" \/>\n<meta property=\"og:type\" content=\"article\" \/>\n<meta property=\"og:title\" content=\"SPIRIT AND FAITH: Griezmann and Jordi Alba, to open grave, tied the Granada-Bar\u00e7a\" \/>\n<meta property=\"og:description\" content=\"In spite of going losing 2-0 until the minute 88, the FC Barcelona believed like anybody and achieved two goals &#039;in extremis&#039;, work of Griezmann and Jordi Alba, to force the extention\" \/>\n<meta property=\"og:url\" content=\"https:\/\/www.fcbarcelonanoticias.com\/en\/copa-del-rey\/spirit-and-faith-griezmann-jordi-alba-open-grave-tied-granada-barca_264864_102.html\" \/>\n<meta property=\"og:site_name\" content=\"EN - FC Barcelona Noticias\" \/>\n<meta property=\"article:published_time\" content=\"2021-02-03T21:59:00+00:00\" \/>\n<meta property=\"article:modified_time\" content=\"2026-04-16T07:18:49+00:00\" \/>\n<meta property=\"og:image\" content=\"https:\/\/www.fcbarcelonanoticias.com\/en\/wp-content\/uploads\/sites\/2\/2021\/02\/griezmann-alba-granada.jpeg\" \/>\n\t<meta property=\"og:image:width\" content=\"1200\" \/>\n\t<meta property=\"og:image:height\" content=\"675\" \/>\n\t<meta property=\"og:image:type\" content=\"image\/jpeg\" \/>\n<meta name=\"author\" content=\"Carlos Dom\u00ednguez\" \/>\n<meta name=\"twitter:card\" content=\"summary_large_image\" \/>\n<meta name=\"twitter:label1\" content=\"Written by\" \/>\n\t<meta name=\"twitter:data1\" content=\"Carlos Dom\u00ednguez\" \/>\n\t<meta name=\"twitter:label2\" content=\"Est. reading time\" \/>\n\t<meta name=\"twitter:data2\" content=\"2 minutes\" \/>\n<script type=\"application\/ld+json\" class=\"yoast-schema-graph\">{\"@context\":\"https:\\\/\\\/schema.org\",\"@graph\":[{\"@type\":\"Article\",\"@id\":\"https:\\\/\\\/www.fcbarcelonanoticias.com\\\/en\\\/copa-del-rey\\\/spirit-and-faith-griezmann-jordi-alba-open-grave-tied-granada-barca_264864_102.html#article\",\"isPartOf\":{\"@id\":\"https:\\\/\\\/www.fcbarcelonanoticias.com\\\/en\\\/copa-del-rey\\\/spirit-and-faith-griezmann-jordi-alba-open-grave-tied-granada-barca_264864_102.html\"},\"author\":{\"name\":\"Carlos Dom\u00ednguez\",\"@id\":\"https:\\\/\\\/www.fcbarcelonanoticias.com\\\/en\\\/#\\\/schema\\\/person\\\/888e29b17b79c70d1c617d8a7bc9b8c6\"},\"headline\":\"SPIRIT AND FAITH: Griezmann and Jordi Alba, to open grave, tied the Granada-Bar\u00e7a\",\"datePublished\":\"2021-02-03T21:59:00+00:00\",\"dateModified\":\"2026-04-16T07:18:49+00:00\",\"mainEntityOfPage\":{\"@id\":\"https:\\\/\\\/www.fcbarcelonanoticias.com\\\/en\\\/copa-del-rey\\\/spirit-and-faith-griezmann-jordi-alba-open-grave-tied-granada-barca_264864_102.html\"},\"wordCount\":465,\"image\":{\"@id\":\"https:\\\/\\\/www.fcbarcelonanoticias.com\\\/en\\\/copa-del-rey\\\/spirit-and-faith-griezmann-jordi-alba-open-grave-tied-granada-barca_264864_102.html#primaryimage\"},\"thumbnailUrl\":\"https:\\\/\\\/www.fcbarcelonanoticias.com\\\/en\\\/wp-content\\\/uploads\\\/sites\\\/2\\\/2021\\\/02\\\/griezmann-alba-granada.jpeg\",\"keywords\":[\"Granada CF\",\"Griezmann\",\"Jordi Alba\"],\"articleSection\":[\"Copa del Rey\",\"Copa del Rey\"],\"inLanguage\":\"en-US\"},{\"@type\":\"WebPage\",\"@id\":\"https:\\\/\\\/www.fcbarcelonanoticias.com\\\/en\\\/copa-del-rey\\\/spirit-and-faith-griezmann-jordi-alba-open-grave-tied-granada-barca_264864_102.html\",\"url\":\"https:\\\/\\\/www.fcbarcelonanoticias.com\\\/en\\\/copa-del-rey\\\/spirit-and-faith-griezmann-jordi-alba-open-grave-tied-granada-barca_264864_102.html\",\"name\":\"SPIRIT AND FAITH: Griezmann and Jordi Alba, to open grave, tied the Granada-Bar\u00e7a\",\"isPartOf\":{\"@id\":\"https:\\\/\\\/www.fcbarcelonanoticias.com\\\/en\\\/#website\"},\"primaryImageOfPage\":{\"@id\":\"https:\\\/\\\/www.fcbarcelonanoticias.com\\\/en\\\/copa-del-rey\\\/spirit-and-faith-griezmann-jordi-alba-open-grave-tied-granada-barca_264864_102.html#primaryimage\"},\"image\":{\"@id\":\"https:\\\/\\\/www.fcbarcelonanoticias.com\\\/en\\\/copa-del-rey\\\/spirit-and-faith-griezmann-jordi-alba-open-grave-tied-granada-barca_264864_102.html#primaryimage\"},\"thumbnailUrl\":\"https:\\\/\\\/www.fcbarcelonanoticias.com\\\/en\\\/wp-content\\\/uploads\\\/sites\\\/2\\\/2021\\\/02\\\/griezmann-alba-granada.jpeg\",\"datePublished\":\"2021-02-03T21:59:00+00:00\",\"dateModified\":\"2026-04-16T07:18:49+00:00\",\"author\":{\"@id\":\"https:\\\/\\\/www.fcbarcelonanoticias.com\\\/en\\\/#\\\/schema\\\/person\\\/888e29b17b79c70d1c617d8a7bc9b8c6\"},\"description\":\"In spite of going losing 2-0 until the minute 88, the FC Barcelona believed like anybody and achieved two goals 'in extremis', work of Griezmann and Jordi Alba, to force the extention\",\"breadcrumb\":{\"@id\":\"https:\\\/\\\/www.fcbarcelonanoticias.com\\\/en\\\/copa-del-rey\\\/spirit-and-faith-griezmann-jordi-alba-open-grave-tied-granada-barca_264864_102.html#breadcrumb\"},\"inLanguage\":\"en-US\",\"potentialAction\":[{\"@type\":\"ReadAction\",\"target\":[\"https:\\\/\\\/www.fcbarcelonanoticias.com\\\/en\\\/copa-del-rey\\\/spirit-and-faith-griezmann-jordi-alba-open-grave-tied-granada-barca_264864_102.html\"]}]},{\"@type\":\"ImageObject\",\"inLanguage\":\"en-US\",\"@id\":\"https:\\\/\\\/www.fcbarcelonanoticias.com\\\/en\\\/copa-del-rey\\\/spirit-and-faith-griezmann-jordi-alba-open-grave-tied-granada-barca_264864_102.html#primaryimage\",\"url\":\"https:\\\/\\\/www.fcbarcelonanoticias.com\\\/en\\\/wp-content\\\/uploads\\\/sites\\\/2\\\/2021\\\/02\\\/griezmann-alba-granada.jpeg\",\"contentUrl\":\"https:\\\/\\\/www.fcbarcelonanoticias.com\\\/en\\\/wp-content\\\/uploads\\\/sites\\\/2\\\/2021\\\/02\\\/griezmann-alba-granada.jpeg\",\"width\":1200,\"height\":675},{\"@type\":\"BreadcrumbList\",\"@id\":\"https:\\\/\\\/www.fcbarcelonanoticias.com\\\/en\\\/copa-del-rey\\\/spirit-and-faith-griezmann-jordi-alba-open-grave-tied-granada-barca_264864_102.html#breadcrumb\",\"itemListElement\":[{\"@type\":\"ListItem\",\"position\":1,\"name\":\"Portada\",\"item\":\"https:\\\/\\\/www.fcbarcelonanoticias.com\\\/en\\\/\"},{\"@type\":\"ListItem\",\"position\":2,\"name\":\"SPIRIT AND FAITH: Griezmann and Jordi Alba, to open grave, tied the Granada-Bar\u00e7a\"}]},{\"@type\":\"WebSite\",\"@id\":\"https:\\\/\\\/www.fcbarcelonanoticias.com\\\/en\\\/#website\",\"url\":\"https:\\\/\\\/www.fcbarcelonanoticias.com\\\/en\\\/\",\"name\":\"EN - FC Barcelona Noticias\",\"description\":\"\",\"potentialAction\":[{\"@type\":\"SearchAction\",\"target\":{\"@type\":\"EntryPoint\",\"urlTemplate\":\"https:\\\/\\\/www.fcbarcelonanoticias.com\\\/en\\\/?s={search_term_string}\"},\"query-input\":{\"@type\":\"PropertyValueSpecification\",\"valueRequired\":true,\"valueName\":\"search_term_string\"}}],\"inLanguage\":\"en-US\"},{\"@type\":\"Person\",\"@id\":\"https:\\\/\\\/www.fcbarcelonanoticias.com\\\/en\\\/#\\\/schema\\\/person\\\/888e29b17b79c70d1c617d8a7bc9b8c6\",\"name\":\"Carlos Dom\u00ednguez\",\"image\":{\"@type\":\"ImageObject\",\"inLanguage\":\"en-US\",\"@id\":\"https:\\\/\\\/secure.gravatar.com\\\/avatar\\\/?s=96&d=mm&r=g\",\"url\":\"https:\\\/\\\/secure.gravatar.com\\\/avatar\\\/?s=96&d=mm&r=g\",\"contentUrl\":\"https:\\\/\\\/secure.gravatar.com\\\/avatar\\\/?s=96&d=mm&r=g\",\"caption\":\"Carlos Dom\u00ednguez\"},\"url\":\"https:\\\/\\\/www.fcbarcelonanoticias.com\\\/en\\\/carlos-dominguez_2_115.html\"}]}<\/script>\n<!-- \/ Yoast SEO plugin. -->","yoast_head_json":{"title":"SPIRIT AND FAITH: Griezmann and Jordi Alba, to open grave, tied the Granada-Bar\u00e7a","description":"In spite of going losing 2-0 until the minute 88, the FC Barcelona believed like anybody and achieved two goals 'in extremis', work of Griezmann and Jordi Alba, to force the extention","robots":{"index":"index","follow":"follow","max-snippet":"max-snippet:-1","max-image-preview":"max-image-preview:large","max-video-preview":"max-video-preview:-1"},"canonical":"https:\/\/www.fcbarcelonanoticias.com\/en\/copa-del-rey\/spirit-and-faith-griezmann-jordi-alba-open-grave-tied-granada-barca_264864_102.html","og_locale":"en_US","og_type":"article","og_title":"SPIRIT AND FAITH: Griezmann and Jordi Alba, to open grave, tied the Granada-Bar\u00e7a","og_description":"In spite of going losing 2-0 until the minute 88, the FC Barcelona believed like anybody and achieved two goals 'in extremis', work of Griezmann and Jordi Alba, to force the extention","og_url":"https:\/\/www.fcbarcelonanoticias.com\/en\/copa-del-rey\/spirit-and-faith-griezmann-jordi-alba-open-grave-tied-granada-barca_264864_102.html","og_site_name":"EN - FC Barcelona Noticias","article_published_time":"2021-02-03T21:59:00+00:00","article_modified_time":"2026-04-16T07:18:49+00:00","og_image":[{"width":1200,"height":675,"url":"https:\/\/www.fcbarcelonanoticias.com\/en\/wp-content\/uploads\/sites\/2\/2021\/02\/griezmann-alba-granada.jpeg","type":"image\/jpeg"}],"author":"Carlos Dom\u00ednguez","twitter_card":"summary_large_image","twitter_misc":{"Written by":"Carlos Dom\u00ednguez","Est. reading time":"2 minutes"},"schema":{"@context":"https:\/\/schema.org","@graph":[{"@type":"Article","@id":"https:\/\/www.fcbarcelonanoticias.com\/en\/copa-del-rey\/spirit-and-faith-griezmann-jordi-alba-open-grave-tied-granada-barca_264864_102.html#article","isPartOf":{"@id":"https:\/\/www.fcbarcelonanoticias.com\/en\/copa-del-rey\/spirit-and-faith-griezmann-jordi-alba-open-grave-tied-granada-barca_264864_102.html"},"author":{"name":"Carlos Dom\u00ednguez","@id":"https:\/\/www.fcbarcelonanoticias.com\/en\/#\/schema\/person\/888e29b17b79c70d1c617d8a7bc9b8c6"},"headline":"SPIRIT AND FAITH: Griezmann and Jordi Alba, to open grave, tied the Granada-Bar\u00e7a","datePublished":"2021-02-03T21:59:00+00:00","dateModified":"2026-04-16T07:18:49+00:00","mainEntityOfPage":{"@id":"https:\/\/www.fcbarcelonanoticias.com\/en\/copa-del-rey\/spirit-and-faith-griezmann-jordi-alba-open-grave-tied-granada-barca_264864_102.html"},"wordCount":465,"image":{"@id":"https:\/\/www.fcbarcelonanoticias.com\/en\/copa-del-rey\/spirit-and-faith-griezmann-jordi-alba-open-grave-tied-granada-barca_264864_102.html#primaryimage"},"thumbnailUrl":"https:\/\/www.fcbarcelonanoticias.com\/en\/wp-content\/uploads\/sites\/2\/2021\/02\/griezmann-alba-granada.jpeg","keywords":["Granada CF","Griezmann","Jordi Alba"],"articleSection":["Copa del Rey","Copa del Rey"],"inLanguage":"en-US"},{"@type":"WebPage","@id":"https:\/\/www.fcbarcelonanoticias.com\/en\/copa-del-rey\/spirit-and-faith-griezmann-jordi-alba-open-grave-tied-granada-barca_264864_102.html","url":"https:\/\/www.fcbarcelonanoticias.com\/en\/copa-del-rey\/spirit-and-faith-griezmann-jordi-alba-open-grave-tied-granada-barca_264864_102.html","name":"SPIRIT AND FAITH: Griezmann and Jordi Alba, to open grave, tied the Granada-Bar\u00e7a","isPartOf":{"@id":"https:\/\/www.fcbarcelonanoticias.com\/en\/#website"},"primaryImageOfPage":{"@id":"https:\/\/www.fcbarcelonanoticias.com\/en\/copa-del-rey\/spirit-and-faith-griezmann-jordi-alba-open-grave-tied-granada-barca_264864_102.html#primaryimage"},"image":{"@id":"https:\/\/www.fcbarcelonanoticias.com\/en\/copa-del-rey\/spirit-and-faith-griezmann-jordi-alba-open-grave-tied-granada-barca_264864_102.html#primaryimage"},"thumbnailUrl":"https:\/\/www.fcbarcelonanoticias.com\/en\/wp-content\/uploads\/sites\/2\/2021\/02\/griezmann-alba-granada.jpeg","datePublished":"2021-02-03T21:59:00+00:00","dateModified":"2026-04-16T07:18:49+00:00","author":{"@id":"https:\/\/www.fcbarcelonanoticias.com\/en\/#\/schema\/person\/888e29b17b79c70d1c617d8a7bc9b8c6"},"description":"In spite of going losing 2-0 until the minute 88, the FC Barcelona believed like anybody and achieved two goals 'in extremis', work of Griezmann and Jordi Alba, to force the extention","breadcrumb":{"@id":"https:\/\/www.fcbarcelonanoticias.com\/en\/copa-del-rey\/spirit-and-faith-griezmann-jordi-alba-open-grave-tied-granada-barca_264864_102.html#breadcrumb"},"inLanguage":"en-US","potentialAction":[{"@type":"ReadAction","target":["https:\/\/www.fcbarcelonanoticias.com\/en\/copa-del-rey\/spirit-and-faith-griezmann-jordi-alba-open-grave-tied-granada-barca_264864_102.html"]}]},{"@type":"ImageObject","inLanguage":"en-US","@id":"https:\/\/www.fcbarcelonanoticias.com\/en\/copa-del-rey\/spirit-and-faith-griezmann-jordi-alba-open-grave-tied-granada-barca_264864_102.html#primaryimage","url":"https:\/\/www.fcbarcelonanoticias.com\/en\/wp-content\/uploads\/sites\/2\/2021\/02\/griezmann-alba-granada.jpeg","contentUrl":"https:\/\/www.fcbarcelonanoticias.com\/en\/wp-content\/uploads\/sites\/2\/2021\/02\/griezmann-alba-granada.jpeg","width":1200,"height":675},{"@type":"BreadcrumbList","@id":"https:\/\/www.fcbarcelonanoticias.com\/en\/copa-del-rey\/spirit-and-faith-griezmann-jordi-alba-open-grave-tied-granada-barca_264864_102.html#breadcrumb","itemListElement":[{"@type":"ListItem","position":1,"name":"Portada","item":"https:\/\/www.fcbarcelonanoticias.com\/en\/"},{"@type":"ListItem","position":2,"name":"SPIRIT AND FAITH: Griezmann and Jordi Alba, to open grave, tied the Granada-Bar\u00e7a"}]},{"@type":"WebSite","@id":"https:\/\/www.fcbarcelonanoticias.com\/en\/#website","url":"https:\/\/www.fcbarcelonanoticias.com\/en\/","name":"EN - FC Barcelona Noticias","description":"","potentialAction":[{"@type":"SearchAction","target":{"@type":"EntryPoint","urlTemplate":"https:\/\/www.fcbarcelonanoticias.com\/en\/?s={search_term_string}"},"query-input":{"@type":"PropertyValueSpecification","valueRequired":true,"valueName":"search_term_string"}}],"inLanguage":"en-US"},{"@type":"Person","@id":"https:\/\/www.fcbarcelonanoticias.com\/en\/#\/schema\/person\/888e29b17b79c70d1c617d8a7bc9b8c6","name":"Carlos Dom\u00ednguez","image":{"@type":"ImageObject","inLanguage":"en-US","@id":"https:\/\/secure.gravatar.com\/avatar\/?s=96&d=mm&r=g","url":"https:\/\/secure.gravatar.com\/avatar\/?s=96&d=mm&r=g","contentUrl":"https:\/\/secure.gravatar.com\/avatar\/?s=96&d=mm&r=g","caption":"Carlos Dom\u00ednguez"},"url":"https:\/\/www.fcbarcelonanoticias.com\/en\/carlos-dominguez_2_115.html"}]}},"_links":{"self":[{"href":"https:\/\/www.fcbarcelonanoticias.com\/en\/wp-json\/wp\/v2\/posts\/7857","targetHints":{"allow":["GET"]}}],"collection":[{"href":"https:\/\/www.fcbarcelonanoticias.com\/en\/wp-json\/wp\/v2\/posts"}],"about":[{"href":"https:\/\/www.fcbarcelonanoticias.com\/en\/wp-json\/wp\/v2\/types\/post"}],"author":[{"embeddable":true,"href":"https:\/\/www.fcbarcelonanoticias.com\/en\/wp-json\/wp\/v2\/users\/366"}],"replies":[{"embeddable":true,"href":"https:\/\/www.fcbarcelonanoticias.com\/en\/wp-json\/wp\/v2\/comments?post=7857"}],"version-history":[{"count":2,"href":"https:\/\/www.fcbarcelonanoticias.com\/en\/wp-json\/wp\/v2\/posts\/7857\/revisions"}],"predecessor-version":[{"id":171739,"href":"https:\/\/www.fcbarcelonanoticias.com\/en\/wp-json\/wp\/v2\/posts\/7857\/revisions\/171739"}],"wp:featuredmedia":[{"embeddable":true,"href":"https:\/\/www.fcbarcelonanoticias.com\/en\/wp-json\/wp\/v2\/media\/7858"}],"wp:attachment":[{"href":"https:\/\/www.fcbarcelonanoticias.com\/en\/wp-json\/wp\/v2\/media?parent=7857"}],"wp:term":[{"taxonomy":"category","embeddable":true,"href":"https:\/\/www.fcbarcelonanoticias.com\/en\/wp-json\/wp\/v2\/categories?post=7857"},{"taxonomy":"post_tag","embeddable":true,"href":"https:\/\/www.fcbarcelonanoticias.com\/en\/wp-json\/wp\/v2\/tags?post=7857"}],"curies":[{"name":"wp","href":"https:\/\/api.w.org\/{rel}","templated":true}]}}