{"id":78621,"date":"2024-01-25T22:41:00","date_gmt":"2024-01-25T21:41:00","guid":{"rendered":"https:\/\/weisetech.dev\/fc-barcelona-noticias\/en\/the-alternatives-of-the-barca-for-suplir-the-likely-drop-of-long-length-of-balde_300256_102\/"},"modified":"2024-01-25T22:41:00","modified_gmt":"2024-01-25T21:41:00","slug":"the-alternatives-of-the-barca-for-suplir-the-likely-drop-of-long-length-of-balde_300256_102","status":"publish","type":"post","link":"https:\/\/www.fcbarcelonanoticias.com\/en\/players\/the-alternatives-of-the-barca-for-suplir-the-likely-drop-of-long-length-of-balde_300256_102.html","title":{"rendered":"Bar\u00e7a&#8217;s alternatives to make up for Balde&#8217;s probable long-term absence"},"content":{"rendered":"<h2 class=\"wp-block-heading\">Alejandro Balde, in the absence of confirmation, could miss the remainder of the 2023\/2024 season and opens a new debate: What can Xavi Hern\u00e1ndez do so that his absence is not &#8216;noticed&#8217;?<\/h2>  \r\n<div class=\"article-addons\">\r\n    <a href=\"https:\/\/www.fcbarcelonanoticias.com\/en\/calendar-fc-barcelona.html\"\r\n       target=\"_self\"\r\n       title=\"Calendar of FC Barcelona\"\r\n       class=\"blue-gredient-btn\">\r\n       \r\n        Calendar of FC Barcelona    <\/a>\r\n<\/div>   <p>They are very bad the prognoses of the FC Barcelona with<strong> Alejandro Balde that, after falling lesionado in the visit to Saint Mam\u00e9s by the Glass of Rey, <a data-external=\"0\" data-intl-links-en=\"https:\/\/www.fcbarcelonanoticias.com\/en\/players\/concern-in-barcelona-alejandro-balde-could-have-to-undergo-surgery_300251_102.html\" data-intl-links-es=\"https:\/\/www.fcbarcelonanoticias.com\/jugadores\/inquietud-en-barcelona-alejandro-balde-podria-perderes-resto-temporada_300251_102.html\" href=\"https:\/\/www.fcbarcelonanoticias.com\/en\/players\/concern-in-barcelona-alejandro-balde-could-have-to-undergo-surgery_300251_102.html\" rel=\"follow\" target=\"_self\" title=\"Inquietud en Barcelona: Alejandro Balde podr\u00eda perderse lo que resta de campa\u00f1a\">could say him goodbye to the season 2023\/2024<\/a><\/strong>. Everything seems to indicate to that the player formed in The Masia could go through the operating theatre. The medical services are expecting to complete all the proofs to determine if it is &#8216;only&#8217; a break in the isquitibiales or also has affected the sinew. In case that it was the second option, seems unfeasible that &#8216;esquive&#8217; the surgical intervention.<\/p>  <p>The absence of the left side leaves to Xavi Hern\u00e1ndez in a quite delicate situation, because no him &#8216;sobran&#8217; the alternatives to play in the left-handed band. The natural replacement would be Marcos Alonso, but has been in the infirmary from principles of December by some annoyances in the back -that forced him to operate &#8211; and no expects him until mediated of February or principles of March.<strong> To the trainer cul\u00e9 him &#8216;touch&#8217; take out his blackboard and bet the changes of position. <\/strong><\/p>  <h2>The list of alternatives of Xavi<\/h2>  <p>Against the Athletic in Saint Mam\u00e9s, Xavi bet by H\u00e9ctor Fort for the left. <strong>It was one of the most favourable points of the Bar\u00e7a in the quarter-finals and signed a performance more than hopeful, although it is the second time that plays by the left-handed band. <\/strong>It registered five &#8216;tackles&#8217;, 87% of precision of passes (41\/47), nine duels won (of 20) and three clear. It finished the crash with muscular fatigue and a titanic tiredness, but will be available for the visit of the Villarreal to the Estadi Ol\u00edmpic Llu\u00eds Compannys.<\/p>  <p>It is the bet more &#8216;logical&#8217;, because it is the one who has more shooting, but in the rec\u00e1mara will be the possibility that it play Joao Cancel by the left band. <strong>The Portuguese went in in the announcement to visit to the Athletic, but remained in the bench, without minutes, to avoid surprises with his physical state.<\/strong> It is an alternative more than viable, put already has stood out in said position and has been decisive, remembering his performance against the Port wine in the Champions League.<\/p>  <h2>The formula to configure the defence<\/h2>  <p>In case that I Cancel was the &#8216;bet&#8217; to replace to Balde in the Bar\u00e7a, would leave the right-handed band so that him it &#8216;contest&#8217; between Ronald Ara\u00fajo and Jules Kound\u00e9, with the alternatives of H\u00e9ctor Fort and Sergi Roberto. It would be a form of &#8216;swing&#8217; the side and have a more defensive profile, so that the offensive rises of the Portuguese no &#8216;weigh&#8217; so much. By the contrary, if Xavi decides to bet by the player of 17 years, the right-handed band would remain for Joao and the axis of the defensive saga would contest it to him between Ara\u00fajo, Kound\u00e9 and Christensen, waiting for that it go back I\u00f1igo Mart\u00ednez.<\/p> ","protected":false},"excerpt":{"rendered":"<p>Alejandro Balde, in the absence of confirmation, could miss the remainder of the 2023\/2024 season and opens a new debate: What can Xavi Hern\u00e1ndez do so that his absence is not &#8216;noticed&#8217;? They are very bad the prognoses of the FC Barcelona with Alejandro Balde that, after falling lesionado in the visit to Saint Mam\u00e9s [&hellip;]<\/p>\n","protected":false},"author":0,"featured_media":66924,"comment_status":"closed","ping_status":"open","sticky":false,"template":"","format":"standard","meta":{"_acf_changed":false,"inline_featured_image":false,"_nextfly_llmd_date_locked":false,"footnotes":""},"categories":[107,453],"tags":[48],"class_list":["post-78621","post","type-post","status-publish","format-standard","has-post-thumbnail","hentry","category-players","category-players-2","tag-xavi-hernandez"],"acf":[],"yoast_head":"<!-- This site is optimized with the Yoast SEO plugin v27.3 - https:\/\/yoast.com\/product\/yoast-seo-wordpress\/ -->\n<title>The alternatives of the Bar\u00e7a for suplir the likely drop of long length of Balde<\/title>\n<meta name=\"description\" content=\"Alejandro Balde, to fault of confirmation, could lose what subtracts of the season 2023\/2024 and opens a new debate: What can do Xavi Hern\u00e1ndez so that no &#039;notice&#039; his absence?\" \/>\n<meta name=\"robots\" content=\"index, follow, max-snippet:-1, max-image-preview:large, max-video-preview:-1\" \/>\n<link rel=\"canonical\" href=\"https:\/\/www.fcbarcelonanoticias.com\/en\/players\/the-alternatives-of-the-barca-for-suplir-the-likely-drop-of-long-length-of-balde_300256_102.html\" \/>\n<meta property=\"og:locale\" content=\"en_US\" \/>\n<meta property=\"og:type\" content=\"article\" \/>\n<meta property=\"og:title\" content=\"The alternatives of the Bar\u00e7a for suplir the likely drop of long length of Balde\" \/>\n<meta property=\"og:description\" content=\"Alejandro Balde, to fault of confirmation, could lose what subtracts of the season 2023\/2024 and opens a new debate: What can do Xavi Hern\u00e1ndez so that no &#039;notice&#039; his absence?\" \/>\n<meta property=\"og:url\" content=\"https:\/\/www.fcbarcelonanoticias.com\/en\/players\/the-alternatives-of-the-barca-for-suplir-the-likely-drop-of-long-length-of-balde_300256_102.html\" \/>\n<meta property=\"og:site_name\" content=\"EN - FC Barcelona Noticias\" \/>\n<meta property=\"article:published_time\" content=\"2024-01-25T21:41:00+00:00\" \/>\n<meta property=\"og:image\" content=\"https:\/\/www.fcbarcelonanoticias.com\/en\/wp-content\/uploads\/sites\/2\/2023\/07\/alejandro-balde-partido.jpeg\" \/>\n\t<meta property=\"og:image:width\" content=\"1300\" \/>\n\t<meta property=\"og:image:height\" content=\"732\" \/>\n\t<meta property=\"og:image:type\" content=\"image\/jpeg\" \/>\n<meta name=\"twitter:card\" content=\"summary_large_image\" \/>\n<meta name=\"twitter:label1\" content=\"Est. reading time\" \/>\n\t<meta name=\"twitter:data1\" content=\"3 minutes\" \/>\n<script type=\"application\/ld+json\" class=\"yoast-schema-graph\">{\"@context\":\"https:\\\/\\\/schema.org\",\"@graph\":[{\"@type\":\"Article\",\"@id\":\"https:\\\/\\\/www.fcbarcelonanoticias.com\\\/en\\\/players\\\/the-alternatives-of-the-barca-for-suplir-the-likely-drop-of-long-length-of-balde_300256_102.html#article\",\"isPartOf\":{\"@id\":\"https:\\\/\\\/www.fcbarcelonanoticias.com\\\/en\\\/players\\\/the-alternatives-of-the-barca-for-suplir-the-likely-drop-of-long-length-of-balde_300256_102.html\"},\"author\":{\"name\":\"\",\"@id\":\"\"},\"headline\":\"Bar\u00e7a&#8217;s alternatives to make up for Balde&#8217;s probable long-term absence\",\"datePublished\":\"2024-01-25T21:41:00+00:00\",\"mainEntityOfPage\":{\"@id\":\"https:\\\/\\\/www.fcbarcelonanoticias.com\\\/en\\\/players\\\/the-alternatives-of-the-barca-for-suplir-the-likely-drop-of-long-length-of-balde_300256_102.html\"},\"wordCount\":539,\"image\":{\"@id\":\"https:\\\/\\\/www.fcbarcelonanoticias.com\\\/en\\\/players\\\/the-alternatives-of-the-barca-for-suplir-the-likely-drop-of-long-length-of-balde_300256_102.html#primaryimage\"},\"thumbnailUrl\":\"https:\\\/\\\/www.fcbarcelonanoticias.com\\\/en\\\/wp-content\\\/uploads\\\/sites\\\/2\\\/2023\\\/07\\\/alejandro-balde-partido.jpeg\",\"keywords\":[\"Xavi Hern\u00e1ndez\"],\"articleSection\":[\"Players\",\"Players\"],\"inLanguage\":\"en-US\"},{\"@type\":\"WebPage\",\"@id\":\"https:\\\/\\\/www.fcbarcelonanoticias.com\\\/en\\\/players\\\/the-alternatives-of-the-barca-for-suplir-the-likely-drop-of-long-length-of-balde_300256_102.html\",\"url\":\"https:\\\/\\\/www.fcbarcelonanoticias.com\\\/en\\\/players\\\/the-alternatives-of-the-barca-for-suplir-the-likely-drop-of-long-length-of-balde_300256_102.html\",\"name\":\"The alternatives of the Bar\u00e7a for suplir the likely drop of long length of Balde\",\"isPartOf\":{\"@id\":\"https:\\\/\\\/www.fcbarcelonanoticias.com\\\/en\\\/#website\"},\"primaryImageOfPage\":{\"@id\":\"https:\\\/\\\/www.fcbarcelonanoticias.com\\\/en\\\/players\\\/the-alternatives-of-the-barca-for-suplir-the-likely-drop-of-long-length-of-balde_300256_102.html#primaryimage\"},\"image\":{\"@id\":\"https:\\\/\\\/www.fcbarcelonanoticias.com\\\/en\\\/players\\\/the-alternatives-of-the-barca-for-suplir-the-likely-drop-of-long-length-of-balde_300256_102.html#primaryimage\"},\"thumbnailUrl\":\"https:\\\/\\\/www.fcbarcelonanoticias.com\\\/en\\\/wp-content\\\/uploads\\\/sites\\\/2\\\/2023\\\/07\\\/alejandro-balde-partido.jpeg\",\"datePublished\":\"2024-01-25T21:41:00+00:00\",\"author\":{\"@id\":\"\"},\"description\":\"Alejandro Balde, to fault of confirmation, could lose what subtracts of the season 2023\\\/2024 and opens a new debate: What can do Xavi Hern\u00e1ndez so that no 'notice' his absence?\",\"breadcrumb\":{\"@id\":\"https:\\\/\\\/www.fcbarcelonanoticias.com\\\/en\\\/players\\\/the-alternatives-of-the-barca-for-suplir-the-likely-drop-of-long-length-of-balde_300256_102.html#breadcrumb\"},\"inLanguage\":\"en-US\",\"potentialAction\":[{\"@type\":\"ReadAction\",\"target\":[\"https:\\\/\\\/www.fcbarcelonanoticias.com\\\/en\\\/players\\\/the-alternatives-of-the-barca-for-suplir-the-likely-drop-of-long-length-of-balde_300256_102.html\"]}]},{\"@type\":\"ImageObject\",\"inLanguage\":\"en-US\",\"@id\":\"https:\\\/\\\/www.fcbarcelonanoticias.com\\\/en\\\/players\\\/the-alternatives-of-the-barca-for-suplir-the-likely-drop-of-long-length-of-balde_300256_102.html#primaryimage\",\"url\":\"https:\\\/\\\/www.fcbarcelonanoticias.com\\\/en\\\/wp-content\\\/uploads\\\/sites\\\/2\\\/2023\\\/07\\\/alejandro-balde-partido.jpeg\",\"contentUrl\":\"https:\\\/\\\/www.fcbarcelonanoticias.com\\\/en\\\/wp-content\\\/uploads\\\/sites\\\/2\\\/2023\\\/07\\\/alejandro-balde-partido.jpeg\",\"width\":1300,\"height\":732},{\"@type\":\"BreadcrumbList\",\"@id\":\"https:\\\/\\\/www.fcbarcelonanoticias.com\\\/en\\\/players\\\/the-alternatives-of-the-barca-for-suplir-the-likely-drop-of-long-length-of-balde_300256_102.html#breadcrumb\",\"itemListElement\":[{\"@type\":\"ListItem\",\"position\":1,\"name\":\"Portada\",\"item\":\"https:\\\/\\\/www.fcbarcelonanoticias.com\\\/en\\\/\"},{\"@type\":\"ListItem\",\"position\":2,\"name\":\"Bar\u00e7a&#8217;s alternatives to make up for Balde&#8217;s probable long-term absence\"}]},{\"@type\":\"WebSite\",\"@id\":\"https:\\\/\\\/www.fcbarcelonanoticias.com\\\/en\\\/#website\",\"url\":\"https:\\\/\\\/www.fcbarcelonanoticias.com\\\/en\\\/\",\"name\":\"EN - FC Barcelona Noticias\",\"description\":\"\",\"potentialAction\":[{\"@type\":\"SearchAction\",\"target\":{\"@type\":\"EntryPoint\",\"urlTemplate\":\"https:\\\/\\\/www.fcbarcelonanoticias.com\\\/en\\\/?s={search_term_string}\"},\"query-input\":{\"@type\":\"PropertyValueSpecification\",\"valueRequired\":true,\"valueName\":\"search_term_string\"}}],\"inLanguage\":\"en-US\"}]}<\/script>\n<!-- \/ Yoast SEO plugin. -->","yoast_head_json":{"title":"The alternatives of the Bar\u00e7a for suplir the likely drop of long length of Balde","description":"Alejandro Balde, to fault of confirmation, could lose what subtracts of the season 2023\/2024 and opens a new debate: What can do Xavi Hern\u00e1ndez so that no 'notice' his absence?","robots":{"index":"index","follow":"follow","max-snippet":"max-snippet:-1","max-image-preview":"max-image-preview:large","max-video-preview":"max-video-preview:-1"},"canonical":"https:\/\/www.fcbarcelonanoticias.com\/en\/players\/the-alternatives-of-the-barca-for-suplir-the-likely-drop-of-long-length-of-balde_300256_102.html","og_locale":"en_US","og_type":"article","og_title":"The alternatives of the Bar\u00e7a for suplir the likely drop of long length of Balde","og_description":"Alejandro Balde, to fault of confirmation, could lose what subtracts of the season 2023\/2024 and opens a new debate: What can do Xavi Hern\u00e1ndez so that no 'notice' his absence?","og_url":"https:\/\/www.fcbarcelonanoticias.com\/en\/players\/the-alternatives-of-the-barca-for-suplir-the-likely-drop-of-long-length-of-balde_300256_102.html","og_site_name":"EN - FC Barcelona Noticias","article_published_time":"2024-01-25T21:41:00+00:00","og_image":[{"width":1300,"height":732,"url":"https:\/\/www.fcbarcelonanoticias.com\/en\/wp-content\/uploads\/sites\/2\/2023\/07\/alejandro-balde-partido.jpeg","type":"image\/jpeg"}],"twitter_card":"summary_large_image","twitter_misc":{"Est. reading time":"3 minutes"},"schema":{"@context":"https:\/\/schema.org","@graph":[{"@type":"Article","@id":"https:\/\/www.fcbarcelonanoticias.com\/en\/players\/the-alternatives-of-the-barca-for-suplir-the-likely-drop-of-long-length-of-balde_300256_102.html#article","isPartOf":{"@id":"https:\/\/www.fcbarcelonanoticias.com\/en\/players\/the-alternatives-of-the-barca-for-suplir-the-likely-drop-of-long-length-of-balde_300256_102.html"},"author":{"name":"","@id":""},"headline":"Bar\u00e7a&#8217;s alternatives to make up for Balde&#8217;s probable long-term absence","datePublished":"2024-01-25T21:41:00+00:00","mainEntityOfPage":{"@id":"https:\/\/www.fcbarcelonanoticias.com\/en\/players\/the-alternatives-of-the-barca-for-suplir-the-likely-drop-of-long-length-of-balde_300256_102.html"},"wordCount":539,"image":{"@id":"https:\/\/www.fcbarcelonanoticias.com\/en\/players\/the-alternatives-of-the-barca-for-suplir-the-likely-drop-of-long-length-of-balde_300256_102.html#primaryimage"},"thumbnailUrl":"https:\/\/www.fcbarcelonanoticias.com\/en\/wp-content\/uploads\/sites\/2\/2023\/07\/alejandro-balde-partido.jpeg","keywords":["Xavi Hern\u00e1ndez"],"articleSection":["Players","Players"],"inLanguage":"en-US"},{"@type":"WebPage","@id":"https:\/\/www.fcbarcelonanoticias.com\/en\/players\/the-alternatives-of-the-barca-for-suplir-the-likely-drop-of-long-length-of-balde_300256_102.html","url":"https:\/\/www.fcbarcelonanoticias.com\/en\/players\/the-alternatives-of-the-barca-for-suplir-the-likely-drop-of-long-length-of-balde_300256_102.html","name":"The alternatives of the Bar\u00e7a for suplir the likely drop of long length of Balde","isPartOf":{"@id":"https:\/\/www.fcbarcelonanoticias.com\/en\/#website"},"primaryImageOfPage":{"@id":"https:\/\/www.fcbarcelonanoticias.com\/en\/players\/the-alternatives-of-the-barca-for-suplir-the-likely-drop-of-long-length-of-balde_300256_102.html#primaryimage"},"image":{"@id":"https:\/\/www.fcbarcelonanoticias.com\/en\/players\/the-alternatives-of-the-barca-for-suplir-the-likely-drop-of-long-length-of-balde_300256_102.html#primaryimage"},"thumbnailUrl":"https:\/\/www.fcbarcelonanoticias.com\/en\/wp-content\/uploads\/sites\/2\/2023\/07\/alejandro-balde-partido.jpeg","datePublished":"2024-01-25T21:41:00+00:00","author":{"@id":""},"description":"Alejandro Balde, to fault of confirmation, could lose what subtracts of the season 2023\/2024 and opens a new debate: What can do Xavi Hern\u00e1ndez so that no 'notice' his absence?","breadcrumb":{"@id":"https:\/\/www.fcbarcelonanoticias.com\/en\/players\/the-alternatives-of-the-barca-for-suplir-the-likely-drop-of-long-length-of-balde_300256_102.html#breadcrumb"},"inLanguage":"en-US","potentialAction":[{"@type":"ReadAction","target":["https:\/\/www.fcbarcelonanoticias.com\/en\/players\/the-alternatives-of-the-barca-for-suplir-the-likely-drop-of-long-length-of-balde_300256_102.html"]}]},{"@type":"ImageObject","inLanguage":"en-US","@id":"https:\/\/www.fcbarcelonanoticias.com\/en\/players\/the-alternatives-of-the-barca-for-suplir-the-likely-drop-of-long-length-of-balde_300256_102.html#primaryimage","url":"https:\/\/www.fcbarcelonanoticias.com\/en\/wp-content\/uploads\/sites\/2\/2023\/07\/alejandro-balde-partido.jpeg","contentUrl":"https:\/\/www.fcbarcelonanoticias.com\/en\/wp-content\/uploads\/sites\/2\/2023\/07\/alejandro-balde-partido.jpeg","width":1300,"height":732},{"@type":"BreadcrumbList","@id":"https:\/\/www.fcbarcelonanoticias.com\/en\/players\/the-alternatives-of-the-barca-for-suplir-the-likely-drop-of-long-length-of-balde_300256_102.html#breadcrumb","itemListElement":[{"@type":"ListItem","position":1,"name":"Portada","item":"https:\/\/www.fcbarcelonanoticias.com\/en\/"},{"@type":"ListItem","position":2,"name":"Bar\u00e7a&#8217;s alternatives to make up for Balde&#8217;s probable long-term absence"}]},{"@type":"WebSite","@id":"https:\/\/www.fcbarcelonanoticias.com\/en\/#website","url":"https:\/\/www.fcbarcelonanoticias.com\/en\/","name":"EN - FC Barcelona Noticias","description":"","potentialAction":[{"@type":"SearchAction","target":{"@type":"EntryPoint","urlTemplate":"https:\/\/www.fcbarcelonanoticias.com\/en\/?s={search_term_string}"},"query-input":{"@type":"PropertyValueSpecification","valueRequired":true,"valueName":"search_term_string"}}],"inLanguage":"en-US"}]}},"_links":{"self":[{"href":"https:\/\/www.fcbarcelonanoticias.com\/en\/wp-json\/wp\/v2\/posts\/78621","targetHints":{"allow":["GET"]}}],"collection":[{"href":"https:\/\/www.fcbarcelonanoticias.com\/en\/wp-json\/wp\/v2\/posts"}],"about":[{"href":"https:\/\/www.fcbarcelonanoticias.com\/en\/wp-json\/wp\/v2\/types\/post"}],"replies":[{"embeddable":true,"href":"https:\/\/www.fcbarcelonanoticias.com\/en\/wp-json\/wp\/v2\/comments?post=78621"}],"version-history":[{"count":1,"href":"https:\/\/www.fcbarcelonanoticias.com\/en\/wp-json\/wp\/v2\/posts\/78621\/revisions"}],"predecessor-version":[{"id":123805,"href":"https:\/\/www.fcbarcelonanoticias.com\/en\/wp-json\/wp\/v2\/posts\/78621\/revisions\/123805"}],"wp:featuredmedia":[{"embeddable":true,"href":"https:\/\/www.fcbarcelonanoticias.com\/en\/wp-json\/wp\/v2\/media\/66924"}],"wp:attachment":[{"href":"https:\/\/www.fcbarcelonanoticias.com\/en\/wp-json\/wp\/v2\/media?parent=78621"}],"wp:term":[{"taxonomy":"category","embeddable":true,"href":"https:\/\/www.fcbarcelonanoticias.com\/en\/wp-json\/wp\/v2\/categories?post=78621"},{"taxonomy":"post_tag","embeddable":true,"href":"https:\/\/www.fcbarcelonanoticias.com\/en\/wp-json\/wp\/v2\/tags?post=78621"}],"curies":[{"name":"wp","href":"https:\/\/api.w.org\/{rel}","templated":true}]}}