{"id":78669,"date":"2022-06-18T20:42:00","date_gmt":"2022-06-18T18:42:00","guid":{"rendered":"https:\/\/weisetech.dev\/fc-barcelona-noticias\/en\/the-barca-looks-for-to-free-contingents-in-the-staff-with-two-sali_281380_102\/"},"modified":"2022-06-18T20:45:00","modified_gmt":"2022-06-18T18:45:00","slug":"the-barca-looks-for-to-free-contingents-in-the-staff-with-two-sali_281380_102","status":"publish","type":"post","link":"https:\/\/www.fcbarcelonanoticias.com\/en\/players\/the-barca-looks-for-to-free-contingents-in-the-staff-with-two-sali_281380_102.html","title":{"rendered":"Bar\u00e7a seeks to release quotas in the squad with two forced departures"},"content":{"rendered":"<h2 class=\"wp-block-heading\">The FC Barcelona directive is clear about the need to release quotas in the squad to facilitate the incorporation of reinforcements. In that sense, the club could give a letter of freedom to players who do not get offers to leave<\/h2>  \r\n<div class=\"article-addons\">\r\n    <a href=\"https:\/\/www.fcbarcelonanoticias.com\/en\/calendar-fc-barcelona.html\"\r\n       target=\"_self\"\r\n       title=\"Calendar of FC Barcelona\"\r\n       class=\"blue-gredient-btn\">\r\n       \r\n        Calendar of FC Barcelona    <\/a>\r\n<\/div>   <p>Net Walled and Samuel Umtiti could abandon the club in brief. Although they have not arrived formal offers by any of the two, <strong>the directive of the <a data-external=\"0\" data-intl-links-en=\"https:\/\/www.fcbarcelonanoticias.com\/en\/transfers\/the-barca-attentive-to-the-new-fair-play-financial-of-uefa_281373_102.html\" data-intl-links-es=\"https:\/\/www.fcbarcelonanoticias.com\/fichajes\/fc-barcelona-atento-nuevo-fair-play-financiero-uefa-fichar-kounde_281373_102.html\" href=\"https:\/\/www.fcbarcelonanoticias.com\/en\/transfers\/the-barca-attentive-to-the-new-fair-play-financial-of-uefa_281373_102.html\" rel=\"follow\" target=\"_self\" title=\"El Bar\u00e7a, atento al nuevo 'fair play' financiero de UEFA para fichar a Kound\u00e9\">FC Barcelona<\/a> is conscious of the urgency for freeing mass salarial in the staff<\/strong> and, thus, contemplates the possibility to give them letter of freedom to both. This same strategy could apply with <strong>Martin Braithwaite<\/strong>, another player that does not explain for Xavi Hern\u00e1ndez and whose future luce uncertain.<\/p>  <p>The case of Net luce like the one of greater haste. <strong>The Brazilian earns almost 5 million net euros by temporad<\/strong>to, a very high figure for an acting goalkeeper, by which the directive prioritises his traspaso in summer. However, the one of Arax\u00e1 has not attained to achieve an offer that satisfy his expectations neither the ones of the club, by which the option to terminate his agreement to fault of a season (will remain free in June of 2023) is on the table.<\/p>  <p>In the 2021-22, Net contested the first two parties of LaLiga in front of the drop of Marc-Andr\u00e9 Ter Stegen by injury. Afterwards only it saw action in the date 35 in front of the Betis (victory 1-2) and in the dieciseisavos of final of the Glass of the King in January (triumph 1-2 in front of the Linares). <strong>This week especul\u00f3 with his possible traspaso to the Arsenal<\/strong>, although up to now they have not arrived formal offers to the offices of the Bar\u00e7a.<\/p>  <p>In the case of Samuel Umititi, <strong>the central renewed agreement until 2026 to go down his wage<\/strong> and was had to go out in January, but one a fracture in a finger of the right foot truncated this possibility. Prpers having contested only a party during all the 2021-22, <strong>the player of 28 years wants to return to France, but up to now there are not offers of any club of Tie it 1<\/strong>. His agent looked for him team in Turkey, without success up to now.<\/p>  <h3>The &#8216;case Braithwaite&#8217;, very similar<\/h3>  <p>Martin Braithwaite also confronts an alike situation. <strong>The Danish alone played 236 minutes the past season<\/strong> and, in spite of knowing separated of the sportive project of <a data-external=\"0\" data-intl-links-en=\"https:\/\/www.fcbarcelonanoticias.com\/en\/fc-barcelona\/xavi-hernandez-has-confirmed-signing-july-1_281354_102.html\" data-intl-links-es=\"https:\/\/www.fcbarcelonanoticias.com\/fc-barcelona\/xavi-hernandez-tiene-fichaje-confirmado-1-julio_281354_102.html\" href=\"https:\/\/www.fcbarcelonanoticias.com\/en\/fc-barcelona\/xavi-hernandez-has-confirmed-signing-july-1_281354_102.html\" rel=\"follow\" target=\"_self\" title=\"Xavi Hern\u00e1ndez tiene un 'fichaje' confirmado para el 1 de julio\">Xavi Hern\u00e1ndez<\/a>, does not want to go out of the club. <strong>Neither there are offers by him, so his situation is really complex<\/strong>. In these cases, the managerial cul\u00e9 contemplates the option to deliver letters of freedom like only solution to free contingents in a staff that needs adjust urgent to go back to compete by everything in the 2022-23.<\/p> ","protected":false},"excerpt":{"rendered":"<p>The FC Barcelona directive is clear about the need to release quotas in the squad to facilitate the incorporation of reinforcements. In that sense, the club could give a letter of freedom to players who do not get offers to leave Net Walled and Samuel Umtiti could abandon the club in brief. Although they have [&hellip;]<\/p>\n","protected":false},"author":347,"featured_media":78671,"comment_status":"closed","ping_status":"open","sticky":false,"template":"","format":"standard","meta":{"_acf_changed":false,"inline_featured_image":false,"_nextfly_llmd_date_locked":false,"footnotes":""},"categories":[453,107],"tags":[357,298,309],"class_list":["post-78669","post","type-post","status-publish","format-standard","has-post-thumbnail","hentry","category-players-2","category-players","tag-martin-braithwaite","tag-neto","tag-samuel-umtiti"],"acf":[],"yoast_head":"<!-- This site is optimized with the Yoast SEO plugin v27.3 - https:\/\/yoast.com\/product\/yoast-seo-wordpress\/ -->\n<title>Bar\u00e7a seeks to release quotas in the squad with two forced departures<\/title>\n<meta name=\"description\" content=\"The directive of the FC Barcelona has clear the need to free contingents in the staff to facilitate the incorporation of reinforcements. In this sense, the club...\" \/>\n<meta name=\"robots\" content=\"index, follow, max-snippet:-1, max-image-preview:large, max-video-preview:-1\" \/>\n<link rel=\"canonical\" href=\"https:\/\/www.fcbarcelonanoticias.com\/en\/players\/the-barca-looks-for-to-free-contingents-in-the-staff-with-two-sali_281380_102.html\" \/>\n<meta property=\"og:locale\" content=\"en_US\" \/>\n<meta property=\"og:type\" content=\"article\" \/>\n<meta property=\"og:title\" content=\"Bar\u00e7a seeks to release quotas in the squad with two forced departures\" \/>\n<meta property=\"og:description\" content=\"The directive of the FC Barcelona has clear the need to free contingents in the staff to facilitate the incorporation of reinforcements. In this sense, the club...\" \/>\n<meta property=\"og:url\" content=\"https:\/\/www.fcbarcelonanoticias.com\/en\/players\/the-barca-looks-for-to-free-contingents-in-the-staff-with-two-sali_281380_102.html\" \/>\n<meta property=\"og:site_name\" content=\"EN - FC Barcelona Noticias\" \/>\n<meta property=\"article:published_time\" content=\"2022-06-18T18:42:00+00:00\" \/>\n<meta property=\"article:modified_time\" content=\"2022-06-18T18:45:00+00:00\" \/>\n<meta property=\"og:image\" content=\"https:\/\/www.fcbarcelonanoticias.com\/en\/wp-content\/uploads\/sites\/2\/2022\/06\/neto-y-umtiti-fc-barcelona.jpeg\" \/>\n\t<meta property=\"og:image:width\" content=\"1300\" \/>\n\t<meta property=\"og:image:height\" content=\"732\" \/>\n\t<meta property=\"og:image:type\" content=\"image\/jpeg\" \/>\n<meta name=\"author\" content=\"Andr\u00e9s Quiroz\" \/>\n<meta name=\"twitter:card\" content=\"summary_large_image\" \/>\n<meta name=\"twitter:label1\" content=\"Written by\" \/>\n\t<meta name=\"twitter:data1\" content=\"Andr\u00e9s Quiroz\" \/>\n\t<meta name=\"twitter:label2\" content=\"Est. reading time\" \/>\n\t<meta name=\"twitter:data2\" content=\"2 minutes\" \/>\n<script type=\"application\/ld+json\" class=\"yoast-schema-graph\">{\"@context\":\"https:\\\/\\\/schema.org\",\"@graph\":[{\"@type\":\"Article\",\"@id\":\"https:\\\/\\\/www.fcbarcelonanoticias.com\\\/en\\\/players\\\/the-barca-looks-for-to-free-contingents-in-the-staff-with-two-sali_281380_102.html#article\",\"isPartOf\":{\"@id\":\"https:\\\/\\\/www.fcbarcelonanoticias.com\\\/en\\\/players\\\/the-barca-looks-for-to-free-contingents-in-the-staff-with-two-sali_281380_102.html\"},\"author\":{\"name\":\"Andr\u00e9s Quiroz\",\"@id\":\"https:\\\/\\\/www.fcbarcelonanoticias.com\\\/en\\\/#\\\/schema\\\/person\\\/c2cd9f6fa1af5c0d0eccd0fefa575c88\"},\"headline\":\"Bar\u00e7a seeks to release quotas in the squad with two forced departures\",\"datePublished\":\"2022-06-18T18:42:00+00:00\",\"dateModified\":\"2022-06-18T18:45:00+00:00\",\"mainEntityOfPage\":{\"@id\":\"https:\\\/\\\/www.fcbarcelonanoticias.com\\\/en\\\/players\\\/the-barca-looks-for-to-free-contingents-in-the-staff-with-two-sali_281380_102.html\"},\"wordCount\":474,\"image\":{\"@id\":\"https:\\\/\\\/www.fcbarcelonanoticias.com\\\/en\\\/players\\\/the-barca-looks-for-to-free-contingents-in-the-staff-with-two-sali_281380_102.html#primaryimage\"},\"thumbnailUrl\":\"https:\\\/\\\/www.fcbarcelonanoticias.com\\\/en\\\/wp-content\\\/uploads\\\/sites\\\/2\\\/2022\\\/06\\\/neto-y-umtiti-fc-barcelona.jpeg\",\"keywords\":[\"Martin Braithwaite\",\"Neto\",\"Samuel Umtiti\"],\"articleSection\":[\"Players\",\"Players\"],\"inLanguage\":\"en-US\"},{\"@type\":\"WebPage\",\"@id\":\"https:\\\/\\\/www.fcbarcelonanoticias.com\\\/en\\\/players\\\/the-barca-looks-for-to-free-contingents-in-the-staff-with-two-sali_281380_102.html\",\"url\":\"https:\\\/\\\/www.fcbarcelonanoticias.com\\\/en\\\/players\\\/the-barca-looks-for-to-free-contingents-in-the-staff-with-two-sali_281380_102.html\",\"name\":\"Bar\u00e7a seeks to release quotas in the squad with two forced departures\",\"isPartOf\":{\"@id\":\"https:\\\/\\\/www.fcbarcelonanoticias.com\\\/en\\\/#website\"},\"primaryImageOfPage\":{\"@id\":\"https:\\\/\\\/www.fcbarcelonanoticias.com\\\/en\\\/players\\\/the-barca-looks-for-to-free-contingents-in-the-staff-with-two-sali_281380_102.html#primaryimage\"},\"image\":{\"@id\":\"https:\\\/\\\/www.fcbarcelonanoticias.com\\\/en\\\/players\\\/the-barca-looks-for-to-free-contingents-in-the-staff-with-two-sali_281380_102.html#primaryimage\"},\"thumbnailUrl\":\"https:\\\/\\\/www.fcbarcelonanoticias.com\\\/en\\\/wp-content\\\/uploads\\\/sites\\\/2\\\/2022\\\/06\\\/neto-y-umtiti-fc-barcelona.jpeg\",\"datePublished\":\"2022-06-18T18:42:00+00:00\",\"dateModified\":\"2022-06-18T18:45:00+00:00\",\"author\":{\"@id\":\"https:\\\/\\\/www.fcbarcelonanoticias.com\\\/en\\\/#\\\/schema\\\/person\\\/c2cd9f6fa1af5c0d0eccd0fefa575c88\"},\"description\":\"The directive of the FC Barcelona has clear the need to free contingents in the staff to facilitate the incorporation of reinforcements. In this sense, the club...\",\"breadcrumb\":{\"@id\":\"https:\\\/\\\/www.fcbarcelonanoticias.com\\\/en\\\/players\\\/the-barca-looks-for-to-free-contingents-in-the-staff-with-two-sali_281380_102.html#breadcrumb\"},\"inLanguage\":\"en-US\",\"potentialAction\":[{\"@type\":\"ReadAction\",\"target\":[\"https:\\\/\\\/www.fcbarcelonanoticias.com\\\/en\\\/players\\\/the-barca-looks-for-to-free-contingents-in-the-staff-with-two-sali_281380_102.html\"]}]},{\"@type\":\"ImageObject\",\"inLanguage\":\"en-US\",\"@id\":\"https:\\\/\\\/www.fcbarcelonanoticias.com\\\/en\\\/players\\\/the-barca-looks-for-to-free-contingents-in-the-staff-with-two-sali_281380_102.html#primaryimage\",\"url\":\"https:\\\/\\\/www.fcbarcelonanoticias.com\\\/en\\\/wp-content\\\/uploads\\\/sites\\\/2\\\/2022\\\/06\\\/neto-y-umtiti-fc-barcelona.jpeg\",\"contentUrl\":\"https:\\\/\\\/www.fcbarcelonanoticias.com\\\/en\\\/wp-content\\\/uploads\\\/sites\\\/2\\\/2022\\\/06\\\/neto-y-umtiti-fc-barcelona.jpeg\",\"width\":1300,\"height\":732},{\"@type\":\"BreadcrumbList\",\"@id\":\"https:\\\/\\\/www.fcbarcelonanoticias.com\\\/en\\\/players\\\/the-barca-looks-for-to-free-contingents-in-the-staff-with-two-sali_281380_102.html#breadcrumb\",\"itemListElement\":[{\"@type\":\"ListItem\",\"position\":1,\"name\":\"Portada\",\"item\":\"https:\\\/\\\/www.fcbarcelonanoticias.com\\\/en\\\/\"},{\"@type\":\"ListItem\",\"position\":2,\"name\":\"Bar\u00e7a seeks to release quotas in the squad with two forced departures\"}]},{\"@type\":\"WebSite\",\"@id\":\"https:\\\/\\\/www.fcbarcelonanoticias.com\\\/en\\\/#website\",\"url\":\"https:\\\/\\\/www.fcbarcelonanoticias.com\\\/en\\\/\",\"name\":\"EN - FC Barcelona Noticias\",\"description\":\"\",\"potentialAction\":[{\"@type\":\"SearchAction\",\"target\":{\"@type\":\"EntryPoint\",\"urlTemplate\":\"https:\\\/\\\/www.fcbarcelonanoticias.com\\\/en\\\/?s={search_term_string}\"},\"query-input\":{\"@type\":\"PropertyValueSpecification\",\"valueRequired\":true,\"valueName\":\"search_term_string\"}}],\"inLanguage\":\"en-US\"},{\"@type\":\"Person\",\"@id\":\"https:\\\/\\\/www.fcbarcelonanoticias.com\\\/en\\\/#\\\/schema\\\/person\\\/c2cd9f6fa1af5c0d0eccd0fefa575c88\",\"name\":\"Andr\u00e9s Quiroz\",\"image\":{\"@type\":\"ImageObject\",\"inLanguage\":\"en-US\",\"@id\":\"https:\\\/\\\/secure.gravatar.com\\\/avatar\\\/?s=96&d=mm&r=g\",\"url\":\"https:\\\/\\\/secure.gravatar.com\\\/avatar\\\/?s=96&d=mm&r=g\",\"contentUrl\":\"https:\\\/\\\/secure.gravatar.com\\\/avatar\\\/?s=96&d=mm&r=g\",\"caption\":\"Andr\u00e9s Quiroz\"},\"description\":\"Licenciado en Periodismo por la Universidad de los Andes. Me encargo de analizar y compartir los contenidos m\u00e1s destacados de la\u00a0actualidad del F\u00fatbol Club Barcelona, Mercado de Fichajes y F\u00fatbol Internacional en FCBN. La informaci\u00f3n es poder, pero tambi\u00e9n conocimiento.\",\"url\":\"https:\\\/\\\/www.fcbarcelonanoticias.com\\\/en\\\/fc-barcelona\\\/andres-quiroz_17_115.html\"}]}<\/script>\n<!-- \/ Yoast SEO plugin. -->","yoast_head_json":{"title":"Bar\u00e7a seeks to release quotas in the squad with two forced departures","description":"The directive of the FC Barcelona has clear the need to free contingents in the staff to facilitate the incorporation of reinforcements. In this sense, the club...","robots":{"index":"index","follow":"follow","max-snippet":"max-snippet:-1","max-image-preview":"max-image-preview:large","max-video-preview":"max-video-preview:-1"},"canonical":"https:\/\/www.fcbarcelonanoticias.com\/en\/players\/the-barca-looks-for-to-free-contingents-in-the-staff-with-two-sali_281380_102.html","og_locale":"en_US","og_type":"article","og_title":"Bar\u00e7a seeks to release quotas in the squad with two forced departures","og_description":"The directive of the FC Barcelona has clear the need to free contingents in the staff to facilitate the incorporation of reinforcements. In this sense, the club...","og_url":"https:\/\/www.fcbarcelonanoticias.com\/en\/players\/the-barca-looks-for-to-free-contingents-in-the-staff-with-two-sali_281380_102.html","og_site_name":"EN - FC Barcelona Noticias","article_published_time":"2022-06-18T18:42:00+00:00","article_modified_time":"2022-06-18T18:45:00+00:00","og_image":[{"width":1300,"height":732,"url":"https:\/\/www.fcbarcelonanoticias.com\/en\/wp-content\/uploads\/sites\/2\/2022\/06\/neto-y-umtiti-fc-barcelona.jpeg","type":"image\/jpeg"}],"author":"Andr\u00e9s Quiroz","twitter_card":"summary_large_image","twitter_misc":{"Written by":"Andr\u00e9s Quiroz","Est. reading time":"2 minutes"},"schema":{"@context":"https:\/\/schema.org","@graph":[{"@type":"Article","@id":"https:\/\/www.fcbarcelonanoticias.com\/en\/players\/the-barca-looks-for-to-free-contingents-in-the-staff-with-two-sali_281380_102.html#article","isPartOf":{"@id":"https:\/\/www.fcbarcelonanoticias.com\/en\/players\/the-barca-looks-for-to-free-contingents-in-the-staff-with-two-sali_281380_102.html"},"author":{"name":"Andr\u00e9s Quiroz","@id":"https:\/\/www.fcbarcelonanoticias.com\/en\/#\/schema\/person\/c2cd9f6fa1af5c0d0eccd0fefa575c88"},"headline":"Bar\u00e7a seeks to release quotas in the squad with two forced departures","datePublished":"2022-06-18T18:42:00+00:00","dateModified":"2022-06-18T18:45:00+00:00","mainEntityOfPage":{"@id":"https:\/\/www.fcbarcelonanoticias.com\/en\/players\/the-barca-looks-for-to-free-contingents-in-the-staff-with-two-sali_281380_102.html"},"wordCount":474,"image":{"@id":"https:\/\/www.fcbarcelonanoticias.com\/en\/players\/the-barca-looks-for-to-free-contingents-in-the-staff-with-two-sali_281380_102.html#primaryimage"},"thumbnailUrl":"https:\/\/www.fcbarcelonanoticias.com\/en\/wp-content\/uploads\/sites\/2\/2022\/06\/neto-y-umtiti-fc-barcelona.jpeg","keywords":["Martin Braithwaite","Neto","Samuel Umtiti"],"articleSection":["Players","Players"],"inLanguage":"en-US"},{"@type":"WebPage","@id":"https:\/\/www.fcbarcelonanoticias.com\/en\/players\/the-barca-looks-for-to-free-contingents-in-the-staff-with-two-sali_281380_102.html","url":"https:\/\/www.fcbarcelonanoticias.com\/en\/players\/the-barca-looks-for-to-free-contingents-in-the-staff-with-two-sali_281380_102.html","name":"Bar\u00e7a seeks to release quotas in the squad with two forced departures","isPartOf":{"@id":"https:\/\/www.fcbarcelonanoticias.com\/en\/#website"},"primaryImageOfPage":{"@id":"https:\/\/www.fcbarcelonanoticias.com\/en\/players\/the-barca-looks-for-to-free-contingents-in-the-staff-with-two-sali_281380_102.html#primaryimage"},"image":{"@id":"https:\/\/www.fcbarcelonanoticias.com\/en\/players\/the-barca-looks-for-to-free-contingents-in-the-staff-with-two-sali_281380_102.html#primaryimage"},"thumbnailUrl":"https:\/\/www.fcbarcelonanoticias.com\/en\/wp-content\/uploads\/sites\/2\/2022\/06\/neto-y-umtiti-fc-barcelona.jpeg","datePublished":"2022-06-18T18:42:00+00:00","dateModified":"2022-06-18T18:45:00+00:00","author":{"@id":"https:\/\/www.fcbarcelonanoticias.com\/en\/#\/schema\/person\/c2cd9f6fa1af5c0d0eccd0fefa575c88"},"description":"The directive of the FC Barcelona has clear the need to free contingents in the staff to facilitate the incorporation of reinforcements. In this sense, the club...","breadcrumb":{"@id":"https:\/\/www.fcbarcelonanoticias.com\/en\/players\/the-barca-looks-for-to-free-contingents-in-the-staff-with-two-sali_281380_102.html#breadcrumb"},"inLanguage":"en-US","potentialAction":[{"@type":"ReadAction","target":["https:\/\/www.fcbarcelonanoticias.com\/en\/players\/the-barca-looks-for-to-free-contingents-in-the-staff-with-two-sali_281380_102.html"]}]},{"@type":"ImageObject","inLanguage":"en-US","@id":"https:\/\/www.fcbarcelonanoticias.com\/en\/players\/the-barca-looks-for-to-free-contingents-in-the-staff-with-two-sali_281380_102.html#primaryimage","url":"https:\/\/www.fcbarcelonanoticias.com\/en\/wp-content\/uploads\/sites\/2\/2022\/06\/neto-y-umtiti-fc-barcelona.jpeg","contentUrl":"https:\/\/www.fcbarcelonanoticias.com\/en\/wp-content\/uploads\/sites\/2\/2022\/06\/neto-y-umtiti-fc-barcelona.jpeg","width":1300,"height":732},{"@type":"BreadcrumbList","@id":"https:\/\/www.fcbarcelonanoticias.com\/en\/players\/the-barca-looks-for-to-free-contingents-in-the-staff-with-two-sali_281380_102.html#breadcrumb","itemListElement":[{"@type":"ListItem","position":1,"name":"Portada","item":"https:\/\/www.fcbarcelonanoticias.com\/en\/"},{"@type":"ListItem","position":2,"name":"Bar\u00e7a seeks to release quotas in the squad with two forced departures"}]},{"@type":"WebSite","@id":"https:\/\/www.fcbarcelonanoticias.com\/en\/#website","url":"https:\/\/www.fcbarcelonanoticias.com\/en\/","name":"EN - FC Barcelona Noticias","description":"","potentialAction":[{"@type":"SearchAction","target":{"@type":"EntryPoint","urlTemplate":"https:\/\/www.fcbarcelonanoticias.com\/en\/?s={search_term_string}"},"query-input":{"@type":"PropertyValueSpecification","valueRequired":true,"valueName":"search_term_string"}}],"inLanguage":"en-US"},{"@type":"Person","@id":"https:\/\/www.fcbarcelonanoticias.com\/en\/#\/schema\/person\/c2cd9f6fa1af5c0d0eccd0fefa575c88","name":"Andr\u00e9s Quiroz","image":{"@type":"ImageObject","inLanguage":"en-US","@id":"https:\/\/secure.gravatar.com\/avatar\/?s=96&d=mm&r=g","url":"https:\/\/secure.gravatar.com\/avatar\/?s=96&d=mm&r=g","contentUrl":"https:\/\/secure.gravatar.com\/avatar\/?s=96&d=mm&r=g","caption":"Andr\u00e9s Quiroz"},"description":"Licenciado en Periodismo por la Universidad de los Andes. Me encargo de analizar y compartir los contenidos m\u00e1s destacados de la\u00a0actualidad del F\u00fatbol Club Barcelona, Mercado de Fichajes y F\u00fatbol Internacional en FCBN. La informaci\u00f3n es poder, pero tambi\u00e9n conocimiento.","url":"https:\/\/www.fcbarcelonanoticias.com\/en\/fc-barcelona\/andres-quiroz_17_115.html"}]}},"_links":{"self":[{"href":"https:\/\/www.fcbarcelonanoticias.com\/en\/wp-json\/wp\/v2\/posts\/78669","targetHints":{"allow":["GET"]}}],"collection":[{"href":"https:\/\/www.fcbarcelonanoticias.com\/en\/wp-json\/wp\/v2\/posts"}],"about":[{"href":"https:\/\/www.fcbarcelonanoticias.com\/en\/wp-json\/wp\/v2\/types\/post"}],"author":[{"embeddable":true,"href":"https:\/\/www.fcbarcelonanoticias.com\/en\/wp-json\/wp\/v2\/users\/347"}],"replies":[{"embeddable":true,"href":"https:\/\/www.fcbarcelonanoticias.com\/en\/wp-json\/wp\/v2\/comments?post=78669"}],"version-history":[{"count":1,"href":"https:\/\/www.fcbarcelonanoticias.com\/en\/wp-json\/wp\/v2\/posts\/78669\/revisions"}],"predecessor-version":[{"id":78670,"href":"https:\/\/www.fcbarcelonanoticias.com\/en\/wp-json\/wp\/v2\/posts\/78669\/revisions\/78670"}],"wp:featuredmedia":[{"embeddable":true,"href":"https:\/\/www.fcbarcelonanoticias.com\/en\/wp-json\/wp\/v2\/media\/78671"}],"wp:attachment":[{"href":"https:\/\/www.fcbarcelonanoticias.com\/en\/wp-json\/wp\/v2\/media?parent=78669"}],"wp:term":[{"taxonomy":"category","embeddable":true,"href":"https:\/\/www.fcbarcelonanoticias.com\/en\/wp-json\/wp\/v2\/categories?post=78669"},{"taxonomy":"post_tag","embeddable":true,"href":"https:\/\/www.fcbarcelonanoticias.com\/en\/wp-json\/wp\/v2\/tags?post=78669"}],"curies":[{"name":"wp","href":"https:\/\/api.w.org\/{rel}","templated":true}]}}