{"id":7897,"date":"2023-03-01T00:18:00","date_gmt":"2023-02-28T23:18:00","guid":{"rendered":"https:\/\/weisetech.dev\/fc-barcelona-noticias\/en\/like-this-history-duels-barcelona-real-madrid-in-copa-rey_290087_102\/"},"modified":"2023-03-01T13:42:00","modified_gmt":"2023-03-01T12:42:00","slug":"like-this-history-duels-barcelona-real-madrid-in-copa-rey_290087_102","status":"publish","type":"post","link":"https:\/\/www.fcbarcelonanoticias.com\/en\/copa-del-rey\/like-this-history-duels-barcelona-real-madrid-in-copa-rey_290087_102.html","title":{"rendered":"This is the history of the Bar\u00e7a-Real Madrid duels in the Copa del Rey"},"content":{"rendered":"<h2 class=\"wp-block-heading\">With more titles than anyone else in the tournament, and more victories against their greatest rival, FC Barcelona will begin its journey in the semifinals of the Copa del Rey this coming Thursday.<\/h2>  \r\n<div class=\"article-addons\">\r\n    <a href=\"https:\/\/www.fcbarcelonanoticias.com\/en\/calendar-fc-barcelona.html\"\r\n       target=\"_self\"\r\n       title=\"Calendar of FC Barcelona\"\r\n       class=\"blue-gredient-btn\">\r\n       \r\n        Calendar of FC Barcelona    <\/a>\r\n<\/div>   <p>FC Barcelona and Real Madrid will measure <a data-external=\"0\" data-intl-links-en=\"https:\/\/www.fcbarcelonanoticias.com\/en\/copa-del-rey\/real-madrid-fc-barcelona-on-tv-when-where-to-watch-semifinals-copa-rey_290049_102.html\" data-intl-links-es=\"https:\/\/www.fcbarcelonanoticias.com\/copa-del-rey\/real-madrid-fc-barcelona-en-tv-cuando-donde-ver-semifinales-copa-rey_290049_102.html\" href=\"https:\/\/www.fcbarcelonanoticias.com\/en\/copa-del-rey\/real-madrid-fc-barcelona-on-tv-when-where-to-watch-semifinals-copa-rey_290049_102.html\" rel=\"follow\" target=\"_self\" title=\"Real Madrid-FC Barcelona en TV: Cu\u00e1ndo y d\u00f3nde ver las semifinales de la Copa del Rey de F\u00fatbol\">this Thursday in Santiago Bernab\u00e9u (21.00 hours)<\/a> in a new Classical of the Spanish and world-wide football, this time in the party of gone of the semifinals of <a data-external=\"0\" data-intl-links-en=\"https:\/\/www.fcbarcelonanoticias.com\/en\/copa-del-rey-schedule-and-results.html\" data-intl-links-es=\"https:\/\/www.fcbarcelonanoticias.com\/copa-del-rey-calendario-y-resultados.html\" href=\"https:\/\/www.fcbarcelonanoticias.com\/en\/copa-del-rey-schedule-and-results.html\" rel=\"follow\" target=\"_self\" title=\"Copa del Rey - Calendario y Resultados\">the Glass of Rey<\/a>. With the turn playing a month afterwards, <strong>the cul\u00e9s will look for to arrive with advantage to the Camp Nou, or in the middle of a complicated present, not adding the third consecutive defeat. <\/strong><\/p>  <p>This eliminatory in the Glass will be the clash number 37 between Barcelona and madridistas in a tournament that dominate the cul\u00e9s with 31 titles, the greater quantity of all the history. <strong>The balance of eliminatory won is favourable also to the Bar\u00e7a, that has imposed in 8 of the 14 times that have crossed with the Madrid in the Glass.<\/strong><\/p>  <p>Regarding the finals contested, seven in total, the white team himself is much better after having remained champion in four occasions in front of the cul\u00e9s. In fact, the two last times that have measured in the decisive party, both in Mestalla, the victory fell of the white side by the minimum. <strong>In 2011 the Madrid of Mou imposed to the Bar\u00e7a of Guardiola 1-0 with a so much of Cristiano Ronaldo in the extention. <\/strong><\/p>  <p>Already in the 2014, with Ancelotti in the white bench and the Tata Martino in the one of the Catalan club, the Madrid won 2-1 with goals of Gave Mar\u00eda and Bleat, the one who star a run that many remember almost 10 years afterwards. <strong>Already in the case of eliminatory to double party, the last precedent was in 2019. The gone in the Camp finalised with 1-1 but in the turn in the Bernab\u00e9u the Barcelona attained another goleada by 0-3.<\/strong><\/p>  <h3>The duels of this century<\/h3>  <p>&nbsp;<\/p>  <ol> <li>2010-11 (Final in Valencia) FCB-RM 0-1 (Madrid champion)<\/li> \t<li>2011-12 (Fourth) RM-FCB 1-2\/FCB-RM 2-2 (Bar\u00e7a classified)<\/li> \t<li>2012-13 (Semis) RM-FCB 1-1\/Bar\u00e7a-RM 1-3 (classified Madrid)<\/li> \t<li>2013-14 (Final in Valencia) FCB-RM 1-2 (Madrid champion)<\/li> \t<li>2018-19 (Semis) FCB-RM 1-1\/RM-FCB 0-3 (Bar\u00e7a classified)<\/li> <\/ol> ","protected":false},"excerpt":{"rendered":"<p>With more titles than anyone else in the tournament, and more victories against their greatest rival, FC Barcelona will begin its journey in the semifinals of the Copa del Rey this coming Thursday. FC Barcelona and Real Madrid will measure this Thursday in Santiago Bernab\u00e9u (21.00 hours) in a new Classical of the Spanish and [&hellip;]<\/p>\n","protected":false},"author":345,"featured_media":7898,"comment_status":"closed","ping_status":"open","sticky":false,"template":"","format":"standard","meta":{"_acf_changed":false,"inline_featured_image":false,"_nextfly_llmd_date_locked":false,"footnotes":""},"categories":[446,118],"tags":[177,158,157],"class_list":["post-7897","post","type-post","status-publish","format-standard","has-post-thumbnail","hentry","category-copa-del-rey-2","category-copa-del-rey","tag-florentino-perez","tag-joan-laporta","tag-statistics"],"acf":[],"yoast_head":"<!-- This site is optimized with the Yoast SEO plugin v27.3 - https:\/\/yoast.com\/product\/yoast-seo-wordpress\/ -->\n<title>This is the history of the Bar\u00e7a-Real Madrid duels in the Copa del Rey<\/title>\n<meta name=\"description\" content=\"With more titles than anyone else in the tournament, and more victories against their greatest rival, FC Barcelona will begin its journey in the semifinals of the Copa del Rey this coming Thursday.\" \/>\n<meta name=\"robots\" content=\"index, follow, max-snippet:-1, max-image-preview:large, max-video-preview:-1\" \/>\n<link rel=\"canonical\" href=\"https:\/\/www.fcbarcelonanoticias.com\/en\/copa-del-rey\/like-this-history-duels-barcelona-real-madrid-in-copa-rey_290087_102.html\" \/>\n<meta property=\"og:locale\" content=\"en_US\" \/>\n<meta property=\"og:type\" content=\"article\" \/>\n<meta property=\"og:title\" content=\"This is the history of the Bar\u00e7a-Real Madrid duels in the Copa del Rey\" \/>\n<meta property=\"og:description\" content=\"With more titles than anyone else in the tournament, and more victories against their greatest rival, FC Barcelona will begin its journey in the semifinals of the Copa del Rey this coming Thursday.\" \/>\n<meta property=\"og:url\" content=\"https:\/\/www.fcbarcelonanoticias.com\/en\/copa-del-rey\/like-this-history-duels-barcelona-real-madrid-in-copa-rey_290087_102.html\" \/>\n<meta property=\"og:site_name\" content=\"EN - FC Barcelona Noticias\" \/>\n<meta property=\"article:published_time\" content=\"2023-02-28T23:18:00+00:00\" \/>\n<meta property=\"article:modified_time\" content=\"2023-03-01T12:42:00+00:00\" \/>\n<meta property=\"og:image\" content=\"https:\/\/www.fcbarcelonanoticias.com\/en\/wp-content\/uploads\/sites\/2\/2023\/03\/sergio-busquets-valderde.jpeg\" \/>\n\t<meta property=\"og:image:width\" content=\"1300\" \/>\n\t<meta property=\"og:image:height\" content=\"738\" \/>\n\t<meta property=\"og:image:type\" content=\"image\/jpeg\" \/>\n<meta name=\"author\" content=\"Carlos Montenegro\" \/>\n<meta name=\"twitter:card\" content=\"summary_large_image\" \/>\n<meta name=\"twitter:label1\" content=\"Written by\" \/>\n\t<meta name=\"twitter:data1\" content=\"Carlos Montenegro\" \/>\n\t<meta name=\"twitter:label2\" content=\"Est. reading time\" \/>\n\t<meta name=\"twitter:data2\" content=\"2 minutes\" \/>\n<script type=\"application\/ld+json\" class=\"yoast-schema-graph\">{\"@context\":\"https:\\\/\\\/schema.org\",\"@graph\":[{\"@type\":\"Article\",\"@id\":\"https:\\\/\\\/www.fcbarcelonanoticias.com\\\/en\\\/copa-del-rey\\\/like-this-history-duels-barcelona-real-madrid-in-copa-rey_290087_102.html#article\",\"isPartOf\":{\"@id\":\"https:\\\/\\\/www.fcbarcelonanoticias.com\\\/en\\\/copa-del-rey\\\/like-this-history-duels-barcelona-real-madrid-in-copa-rey_290087_102.html\"},\"author\":{\"name\":\"Carlos Montenegro\",\"@id\":\"https:\\\/\\\/www.fcbarcelonanoticias.com\\\/en\\\/#\\\/schema\\\/person\\\/aa1d038709c262cb247e240f6b39bbf5\"},\"headline\":\"This is the history of the Bar\u00e7a-Real Madrid duels in the Copa del Rey\",\"datePublished\":\"2023-02-28T23:18:00+00:00\",\"dateModified\":\"2023-03-01T12:42:00+00:00\",\"mainEntityOfPage\":{\"@id\":\"https:\\\/\\\/www.fcbarcelonanoticias.com\\\/en\\\/copa-del-rey\\\/like-this-history-duels-barcelona-real-madrid-in-copa-rey_290087_102.html\"},\"wordCount\":387,\"image\":{\"@id\":\"https:\\\/\\\/www.fcbarcelonanoticias.com\\\/en\\\/copa-del-rey\\\/like-this-history-duels-barcelona-real-madrid-in-copa-rey_290087_102.html#primaryimage\"},\"thumbnailUrl\":\"https:\\\/\\\/www.fcbarcelonanoticias.com\\\/en\\\/wp-content\\\/uploads\\\/sites\\\/2\\\/2023\\\/03\\\/sergio-busquets-valderde.jpeg\",\"keywords\":[\"Florentino P\u00e9rez\",\"Joan Laporta\",\"Statistics\"],\"articleSection\":[\"Copa del Rey\",\"Copa del Rey\"],\"inLanguage\":\"en-US\"},{\"@type\":\"WebPage\",\"@id\":\"https:\\\/\\\/www.fcbarcelonanoticias.com\\\/en\\\/copa-del-rey\\\/like-this-history-duels-barcelona-real-madrid-in-copa-rey_290087_102.html\",\"url\":\"https:\\\/\\\/www.fcbarcelonanoticias.com\\\/en\\\/copa-del-rey\\\/like-this-history-duels-barcelona-real-madrid-in-copa-rey_290087_102.html\",\"name\":\"This is the history of the Bar\u00e7a-Real Madrid duels in the Copa del Rey\",\"isPartOf\":{\"@id\":\"https:\\\/\\\/www.fcbarcelonanoticias.com\\\/en\\\/#website\"},\"primaryImageOfPage\":{\"@id\":\"https:\\\/\\\/www.fcbarcelonanoticias.com\\\/en\\\/copa-del-rey\\\/like-this-history-duels-barcelona-real-madrid-in-copa-rey_290087_102.html#primaryimage\"},\"image\":{\"@id\":\"https:\\\/\\\/www.fcbarcelonanoticias.com\\\/en\\\/copa-del-rey\\\/like-this-history-duels-barcelona-real-madrid-in-copa-rey_290087_102.html#primaryimage\"},\"thumbnailUrl\":\"https:\\\/\\\/www.fcbarcelonanoticias.com\\\/en\\\/wp-content\\\/uploads\\\/sites\\\/2\\\/2023\\\/03\\\/sergio-busquets-valderde.jpeg\",\"datePublished\":\"2023-02-28T23:18:00+00:00\",\"dateModified\":\"2023-03-01T12:42:00+00:00\",\"author\":{\"@id\":\"https:\\\/\\\/www.fcbarcelonanoticias.com\\\/en\\\/#\\\/schema\\\/person\\\/aa1d038709c262cb247e240f6b39bbf5\"},\"description\":\"With more titles than anyone else in the tournament, and more victories against their greatest rival, FC Barcelona will begin its journey in the semifinals of the Copa del Rey this coming Thursday.\",\"breadcrumb\":{\"@id\":\"https:\\\/\\\/www.fcbarcelonanoticias.com\\\/en\\\/copa-del-rey\\\/like-this-history-duels-barcelona-real-madrid-in-copa-rey_290087_102.html#breadcrumb\"},\"inLanguage\":\"en-US\",\"potentialAction\":[{\"@type\":\"ReadAction\",\"target\":[\"https:\\\/\\\/www.fcbarcelonanoticias.com\\\/en\\\/copa-del-rey\\\/like-this-history-duels-barcelona-real-madrid-in-copa-rey_290087_102.html\"]}]},{\"@type\":\"ImageObject\",\"inLanguage\":\"en-US\",\"@id\":\"https:\\\/\\\/www.fcbarcelonanoticias.com\\\/en\\\/copa-del-rey\\\/like-this-history-duels-barcelona-real-madrid-in-copa-rey_290087_102.html#primaryimage\",\"url\":\"https:\\\/\\\/www.fcbarcelonanoticias.com\\\/en\\\/wp-content\\\/uploads\\\/sites\\\/2\\\/2023\\\/03\\\/sergio-busquets-valderde.jpeg\",\"contentUrl\":\"https:\\\/\\\/www.fcbarcelonanoticias.com\\\/en\\\/wp-content\\\/uploads\\\/sites\\\/2\\\/2023\\\/03\\\/sergio-busquets-valderde.jpeg\",\"width\":1300,\"height\":738},{\"@type\":\"BreadcrumbList\",\"@id\":\"https:\\\/\\\/www.fcbarcelonanoticias.com\\\/en\\\/copa-del-rey\\\/like-this-history-duels-barcelona-real-madrid-in-copa-rey_290087_102.html#breadcrumb\",\"itemListElement\":[{\"@type\":\"ListItem\",\"position\":1,\"name\":\"Portada\",\"item\":\"https:\\\/\\\/www.fcbarcelonanoticias.com\\\/en\\\/\"},{\"@type\":\"ListItem\",\"position\":2,\"name\":\"This is the history of the Bar\u00e7a-Real Madrid duels in the Copa del Rey\"}]},{\"@type\":\"WebSite\",\"@id\":\"https:\\\/\\\/www.fcbarcelonanoticias.com\\\/en\\\/#website\",\"url\":\"https:\\\/\\\/www.fcbarcelonanoticias.com\\\/en\\\/\",\"name\":\"EN - FC Barcelona Noticias\",\"description\":\"\",\"potentialAction\":[{\"@type\":\"SearchAction\",\"target\":{\"@type\":\"EntryPoint\",\"urlTemplate\":\"https:\\\/\\\/www.fcbarcelonanoticias.com\\\/en\\\/?s={search_term_string}\"},\"query-input\":{\"@type\":\"PropertyValueSpecification\",\"valueRequired\":true,\"valueName\":\"search_term_string\"}}],\"inLanguage\":\"en-US\"},{\"@type\":\"Person\",\"@id\":\"https:\\\/\\\/www.fcbarcelonanoticias.com\\\/en\\\/#\\\/schema\\\/person\\\/aa1d038709c262cb247e240f6b39bbf5\",\"name\":\"Carlos Montenegro\",\"image\":{\"@type\":\"ImageObject\",\"inLanguage\":\"en-US\",\"@id\":\"https:\\\/\\\/secure.gravatar.com\\\/avatar\\\/?s=96&d=mm&r=g\",\"url\":\"https:\\\/\\\/secure.gravatar.com\\\/avatar\\\/?s=96&d=mm&r=g\",\"contentUrl\":\"https:\\\/\\\/secure.gravatar.com\\\/avatar\\\/?s=96&d=mm&r=g\",\"caption\":\"Carlos Montenegro\"},\"url\":\"https:\\\/\\\/www.fcbarcelonanoticias.com\\\/en\\\/carlos-montenegro_20_115.html\"}]}<\/script>\n<!-- \/ Yoast SEO plugin. -->","yoast_head_json":{"title":"This is the history of the Bar\u00e7a-Real Madrid duels in the Copa del Rey","description":"With more titles than anyone else in the tournament, and more victories against their greatest rival, FC Barcelona will begin its journey in the semifinals of the Copa del Rey this coming Thursday.","robots":{"index":"index","follow":"follow","max-snippet":"max-snippet:-1","max-image-preview":"max-image-preview:large","max-video-preview":"max-video-preview:-1"},"canonical":"https:\/\/www.fcbarcelonanoticias.com\/en\/copa-del-rey\/like-this-history-duels-barcelona-real-madrid-in-copa-rey_290087_102.html","og_locale":"en_US","og_type":"article","og_title":"This is the history of the Bar\u00e7a-Real Madrid duels in the Copa del Rey","og_description":"With more titles than anyone else in the tournament, and more victories against their greatest rival, FC Barcelona will begin its journey in the semifinals of the Copa del Rey this coming Thursday.","og_url":"https:\/\/www.fcbarcelonanoticias.com\/en\/copa-del-rey\/like-this-history-duels-barcelona-real-madrid-in-copa-rey_290087_102.html","og_site_name":"EN - FC Barcelona Noticias","article_published_time":"2023-02-28T23:18:00+00:00","article_modified_time":"2023-03-01T12:42:00+00:00","og_image":[{"width":1300,"height":738,"url":"https:\/\/www.fcbarcelonanoticias.com\/en\/wp-content\/uploads\/sites\/2\/2023\/03\/sergio-busquets-valderde.jpeg","type":"image\/jpeg"}],"author":"Carlos Montenegro","twitter_card":"summary_large_image","twitter_misc":{"Written by":"Carlos Montenegro","Est. reading time":"2 minutes"},"schema":{"@context":"https:\/\/schema.org","@graph":[{"@type":"Article","@id":"https:\/\/www.fcbarcelonanoticias.com\/en\/copa-del-rey\/like-this-history-duels-barcelona-real-madrid-in-copa-rey_290087_102.html#article","isPartOf":{"@id":"https:\/\/www.fcbarcelonanoticias.com\/en\/copa-del-rey\/like-this-history-duels-barcelona-real-madrid-in-copa-rey_290087_102.html"},"author":{"name":"Carlos Montenegro","@id":"https:\/\/www.fcbarcelonanoticias.com\/en\/#\/schema\/person\/aa1d038709c262cb247e240f6b39bbf5"},"headline":"This is the history of the Bar\u00e7a-Real Madrid duels in the Copa del Rey","datePublished":"2023-02-28T23:18:00+00:00","dateModified":"2023-03-01T12:42:00+00:00","mainEntityOfPage":{"@id":"https:\/\/www.fcbarcelonanoticias.com\/en\/copa-del-rey\/like-this-history-duels-barcelona-real-madrid-in-copa-rey_290087_102.html"},"wordCount":387,"image":{"@id":"https:\/\/www.fcbarcelonanoticias.com\/en\/copa-del-rey\/like-this-history-duels-barcelona-real-madrid-in-copa-rey_290087_102.html#primaryimage"},"thumbnailUrl":"https:\/\/www.fcbarcelonanoticias.com\/en\/wp-content\/uploads\/sites\/2\/2023\/03\/sergio-busquets-valderde.jpeg","keywords":["Florentino P\u00e9rez","Joan Laporta","Statistics"],"articleSection":["Copa del Rey","Copa del Rey"],"inLanguage":"en-US"},{"@type":"WebPage","@id":"https:\/\/www.fcbarcelonanoticias.com\/en\/copa-del-rey\/like-this-history-duels-barcelona-real-madrid-in-copa-rey_290087_102.html","url":"https:\/\/www.fcbarcelonanoticias.com\/en\/copa-del-rey\/like-this-history-duels-barcelona-real-madrid-in-copa-rey_290087_102.html","name":"This is the history of the Bar\u00e7a-Real Madrid duels in the Copa del Rey","isPartOf":{"@id":"https:\/\/www.fcbarcelonanoticias.com\/en\/#website"},"primaryImageOfPage":{"@id":"https:\/\/www.fcbarcelonanoticias.com\/en\/copa-del-rey\/like-this-history-duels-barcelona-real-madrid-in-copa-rey_290087_102.html#primaryimage"},"image":{"@id":"https:\/\/www.fcbarcelonanoticias.com\/en\/copa-del-rey\/like-this-history-duels-barcelona-real-madrid-in-copa-rey_290087_102.html#primaryimage"},"thumbnailUrl":"https:\/\/www.fcbarcelonanoticias.com\/en\/wp-content\/uploads\/sites\/2\/2023\/03\/sergio-busquets-valderde.jpeg","datePublished":"2023-02-28T23:18:00+00:00","dateModified":"2023-03-01T12:42:00+00:00","author":{"@id":"https:\/\/www.fcbarcelonanoticias.com\/en\/#\/schema\/person\/aa1d038709c262cb247e240f6b39bbf5"},"description":"With more titles than anyone else in the tournament, and more victories against their greatest rival, FC Barcelona will begin its journey in the semifinals of the Copa del Rey this coming Thursday.","breadcrumb":{"@id":"https:\/\/www.fcbarcelonanoticias.com\/en\/copa-del-rey\/like-this-history-duels-barcelona-real-madrid-in-copa-rey_290087_102.html#breadcrumb"},"inLanguage":"en-US","potentialAction":[{"@type":"ReadAction","target":["https:\/\/www.fcbarcelonanoticias.com\/en\/copa-del-rey\/like-this-history-duels-barcelona-real-madrid-in-copa-rey_290087_102.html"]}]},{"@type":"ImageObject","inLanguage":"en-US","@id":"https:\/\/www.fcbarcelonanoticias.com\/en\/copa-del-rey\/like-this-history-duels-barcelona-real-madrid-in-copa-rey_290087_102.html#primaryimage","url":"https:\/\/www.fcbarcelonanoticias.com\/en\/wp-content\/uploads\/sites\/2\/2023\/03\/sergio-busquets-valderde.jpeg","contentUrl":"https:\/\/www.fcbarcelonanoticias.com\/en\/wp-content\/uploads\/sites\/2\/2023\/03\/sergio-busquets-valderde.jpeg","width":1300,"height":738},{"@type":"BreadcrumbList","@id":"https:\/\/www.fcbarcelonanoticias.com\/en\/copa-del-rey\/like-this-history-duels-barcelona-real-madrid-in-copa-rey_290087_102.html#breadcrumb","itemListElement":[{"@type":"ListItem","position":1,"name":"Portada","item":"https:\/\/www.fcbarcelonanoticias.com\/en\/"},{"@type":"ListItem","position":2,"name":"This is the history of the Bar\u00e7a-Real Madrid duels in the Copa del Rey"}]},{"@type":"WebSite","@id":"https:\/\/www.fcbarcelonanoticias.com\/en\/#website","url":"https:\/\/www.fcbarcelonanoticias.com\/en\/","name":"EN - FC Barcelona Noticias","description":"","potentialAction":[{"@type":"SearchAction","target":{"@type":"EntryPoint","urlTemplate":"https:\/\/www.fcbarcelonanoticias.com\/en\/?s={search_term_string}"},"query-input":{"@type":"PropertyValueSpecification","valueRequired":true,"valueName":"search_term_string"}}],"inLanguage":"en-US"},{"@type":"Person","@id":"https:\/\/www.fcbarcelonanoticias.com\/en\/#\/schema\/person\/aa1d038709c262cb247e240f6b39bbf5","name":"Carlos Montenegro","image":{"@type":"ImageObject","inLanguage":"en-US","@id":"https:\/\/secure.gravatar.com\/avatar\/?s=96&d=mm&r=g","url":"https:\/\/secure.gravatar.com\/avatar\/?s=96&d=mm&r=g","contentUrl":"https:\/\/secure.gravatar.com\/avatar\/?s=96&d=mm&r=g","caption":"Carlos Montenegro"},"url":"https:\/\/www.fcbarcelonanoticias.com\/en\/carlos-montenegro_20_115.html"}]}},"_links":{"self":[{"href":"https:\/\/www.fcbarcelonanoticias.com\/en\/wp-json\/wp\/v2\/posts\/7897","targetHints":{"allow":["GET"]}}],"collection":[{"href":"https:\/\/www.fcbarcelonanoticias.com\/en\/wp-json\/wp\/v2\/posts"}],"about":[{"href":"https:\/\/www.fcbarcelonanoticias.com\/en\/wp-json\/wp\/v2\/types\/post"}],"author":[{"embeddable":true,"href":"https:\/\/www.fcbarcelonanoticias.com\/en\/wp-json\/wp\/v2\/users\/345"}],"replies":[{"embeddable":true,"href":"https:\/\/www.fcbarcelonanoticias.com\/en\/wp-json\/wp\/v2\/comments?post=7897"}],"version-history":[{"count":1,"href":"https:\/\/www.fcbarcelonanoticias.com\/en\/wp-json\/wp\/v2\/posts\/7897\/revisions"}],"predecessor-version":[{"id":104483,"href":"https:\/\/www.fcbarcelonanoticias.com\/en\/wp-json\/wp\/v2\/posts\/7897\/revisions\/104483"}],"wp:featuredmedia":[{"embeddable":true,"href":"https:\/\/www.fcbarcelonanoticias.com\/en\/wp-json\/wp\/v2\/media\/7898"}],"wp:attachment":[{"href":"https:\/\/www.fcbarcelonanoticias.com\/en\/wp-json\/wp\/v2\/media?parent=7897"}],"wp:term":[{"taxonomy":"category","embeddable":true,"href":"https:\/\/www.fcbarcelonanoticias.com\/en\/wp-json\/wp\/v2\/categories?post=7897"},{"taxonomy":"post_tag","embeddable":true,"href":"https:\/\/www.fcbarcelonanoticias.com\/en\/wp-json\/wp\/v2\/tags?post=7897"}],"curies":[{"name":"wp","href":"https:\/\/api.w.org\/{rel}","templated":true}]}}