{"id":78978,"date":"2022-03-28T02:16:00","date_gmt":"2022-03-28T00:16:00","guid":{"rendered":"https:\/\/weisetech.dev\/fc-barcelona-noticias\/en\/the-clause-that-would-force-to-adama-to-return-to-england_278912_102\/"},"modified":"2022-03-28T02:22:00","modified_gmt":"2022-03-28T00:22:00","slug":"the-clause-that-would-force-to-adama-to-return-to-england_278912_102","status":"publish","type":"post","link":"https:\/\/www.fcbarcelonanoticias.com\/en\/players\/the-clause-that-would-force-to-adama-to-return-to-england_278912_102.html","title":{"rendered":"The clause that would force Adama to return to England"},"content":{"rendered":"<h2 class=\"wp-block-heading\">Adama Traor\u00e9&#8217;s loan with FC Barcelona expires on June 30 and its continuity seems increasingly complicated. Wolverhampton demands 30 million euros for his transfer, a figure that at this time the club is not willing to pay<\/h2>  \r\n<div class=\"article-addons\">\r\n    <a href=\"https:\/\/www.fcbarcelonanoticias.com\/en\/calendar-fc-barcelona.html\"\r\n       target=\"_self\"\r\n       title=\"Calendar of FC Barcelona\"\r\n       class=\"blue-gredient-btn\">\r\n       \r\n        Calendar of FC Barcelona    <\/a>\r\n<\/div>   <p>From his arrival to the Camp Nou the past 30 January, Adama Traor\u00e9 has turned into one of the key players for the backstitch of the team in LaLiga and in the Europe League. Although the one of L&#8217;Hospitalet Llobregat has not attained to annotate still his first goal with the group directed by Xavi Hern\u00e1ndez, <strong>the technician egarense considers him a fundamental piece in the attack cul\u00e9, although this does not guarantee his continuity of face to the 2022-23<\/strong>.<\/p>  <p>The forward arrived <a data-external=\"0\" data-intl-links-en=\"https:\/\/www.fcbarcelonanoticias.com\/en\/players\/only-xavi-can-do-that-sergi-roberto-was-still-in-the-boat_278911_102.html\" data-intl-links-es=\"https:\/\/www.fcbarcelonanoticias.com\/jugadores\/solo-xavi-puede-hacer-sergi-roberto-siga-fc-barcelona_278911_102.html\" href=\"https:\/\/www.fcbarcelonanoticias.com\/en\/players\/only-xavi-can-do-that-sergi-roberto-was-still-in-the-boat_278911_102.html\" rel=\"follow\" target=\"_self\" title=\"Solo Xavi puede hacer que Sergi Roberto siga en el Barca\">to the Bar\u00e7a<\/a> yielded by six months, with an option of purchase no compulsory.<strong> The &#8216;Wolves&#8217; ask 30 million euros by his traspaso, enciphers that the directive is not had to credit<\/strong>r, since the priorities of the club in this moment aim to signings to &#8216;low cost&#8217;, at least in the next market of summer, or until so much concretise the sale of the actions of the Espai Bar\u00e7a and the eventual agreement with CVC.<\/p>  <p>In this way, the return to England seems the most viable option for the player formed in The Masia, the one who left of Catalonia in 2015 course to the Aston Villa. <strong>In the Premier, clubs like the Tottenham already have asked after he<\/strong>, by which could leave another season yielded, this time course to London, since for the moment Adama does not explain in the plans of the technician Bruno lage for the next season.<\/p>  <p>The only way in which the negotiations with the Wolverhampton could resolve so that Adama remain in the Bar\u00e7a <strong>would be that the &#8216;wolves&#8217; fichen to Francisco Trincao<\/strong>, with which the clubs would close a &#8216;barter&#8217; that would leave the finances of both to the day. <strong>Nevertheless, the English club does not wish to pay the clause of 30 &#8216;kilos&#8217; by the Portuguese<\/strong>, by which this option is descartada.<\/p>  <h3>The explosion of Demb\u00e9l\u00e9 can complicate even more to Adama<\/h3>  <p>Although the renewal of <a data-external=\"0\" data-intl-links-en=\"https:\/\/www.fcbarcelonanoticias.com\/en\/players\/laporta-makes-clear-knows-nothing-about-dembele-interest-in-renewing_278861_102.html\" data-intl-links-es=\"https:\/\/www.fcbarcelonanoticias.com\/jugadores\/laporta-deja-claro-no-sabe-nada-sobre-interes-dembele-por-renovar_278861_102.html\" href=\"https:\/\/www.fcbarcelonanoticias.com\/en\/players\/laporta-makes-clear-knows-nothing-about-dembele-interest-in-renewing_278861_102.html\" nada=\"\" no=\"\" rel=\"follow\" sabe=\"\" target=\"_self\" title=\"Laporta deja claro que \">Ousmane<\/a> would not be a direct conditioning for the purchase of the Spanish, yes could be it regarding his sportive future in the club. For the moment, <strong>Demb\u00e9l\u00e9 seems to have won terrain by the titularity in the right extreme with his explosion goleadora<\/strong>, with which Adama would lose whole to convince to the technical body and to the directive to bet by him of face to the next season. Between less it play, more it could complicate him the future to the of L&#8217;Hospitalet.<\/p> ","protected":false},"excerpt":{"rendered":"<p>Adama Traor\u00e9&#8217;s loan with FC Barcelona expires on June 30 and its continuity seems increasingly complicated. Wolverhampton demands 30 million euros for his transfer, a figure that at this time the club is not willing to pay From his arrival to the Camp Nou the past 30 January, Adama Traor\u00e9 has turned into one of [&hellip;]<\/p>\n","protected":false},"author":347,"featured_media":0,"comment_status":"closed","ping_status":"open","sticky":false,"template":"","format":"standard","meta":{"_acf_changed":false,"inline_featured_image":false,"_nextfly_llmd_date_locked":false,"footnotes":""},"categories":[453,107],"tags":[371],"class_list":["post-78978","post","type-post","status-publish","format-standard","hentry","category-players-2","category-players","tag-adama-traore"],"acf":[],"yoast_head":"<!-- This site is optimized with the Yoast SEO plugin v27.3 - https:\/\/yoast.com\/product\/yoast-seo-wordpress\/ -->\n<title>The clause that would force to Adama to return to England<\/title>\n<meta name=\"description\" content=\"The loan of Adama Traor\u00e9 with the FC Barcelona wins the next 30 June and his continuity every time seems more complicated. The Wolverhampton demands 30 millo...\" \/>\n<meta name=\"robots\" content=\"index, follow, max-snippet:-1, max-image-preview:large, max-video-preview:-1\" \/>\n<link rel=\"canonical\" href=\"https:\/\/www.fcbarcelonanoticias.com\/en\/players\/the-clause-that-would-force-to-adama-to-return-to-england_278912_102.html\" \/>\n<meta property=\"og:locale\" content=\"en_US\" \/>\n<meta property=\"og:type\" content=\"article\" \/>\n<meta property=\"og:title\" content=\"The clause that would force to Adama to return to England\" \/>\n<meta property=\"og:description\" content=\"The loan of Adama Traor\u00e9 with the FC Barcelona wins the next 30 June and his continuity every time seems more complicated. The Wolverhampton demands 30 millo...\" \/>\n<meta property=\"og:url\" content=\"https:\/\/www.fcbarcelonanoticias.com\/en\/players\/the-clause-that-would-force-to-adama-to-return-to-england_278912_102.html\" \/>\n<meta property=\"og:site_name\" content=\"EN - FC Barcelona Noticias\" \/>\n<meta property=\"article:published_time\" content=\"2022-03-28T00:16:00+00:00\" \/>\n<meta property=\"article:modified_time\" content=\"2022-03-28T00:22:00+00:00\" \/>\n<meta name=\"author\" content=\"Andr\u00e9s Quiroz\" \/>\n<meta name=\"twitter:card\" content=\"summary_large_image\" \/>\n<meta name=\"twitter:label1\" content=\"Written by\" \/>\n\t<meta name=\"twitter:data1\" content=\"Andr\u00e9s Quiroz\" \/>\n\t<meta name=\"twitter:label2\" content=\"Est. reading time\" \/>\n\t<meta name=\"twitter:data2\" content=\"2 minutes\" \/>\n<script type=\"application\/ld+json\" class=\"yoast-schema-graph\">{\"@context\":\"https:\\\/\\\/schema.org\",\"@graph\":[{\"@type\":\"Article\",\"@id\":\"https:\\\/\\\/www.fcbarcelonanoticias.com\\\/en\\\/players\\\/the-clause-that-would-force-to-adama-to-return-to-england_278912_102.html#article\",\"isPartOf\":{\"@id\":\"https:\\\/\\\/www.fcbarcelonanoticias.com\\\/en\\\/players\\\/the-clause-that-would-force-to-adama-to-return-to-england_278912_102.html\"},\"author\":{\"name\":\"Andr\u00e9s Quiroz\",\"@id\":\"https:\\\/\\\/www.fcbarcelonanoticias.com\\\/en\\\/#\\\/schema\\\/person\\\/c2cd9f6fa1af5c0d0eccd0fefa575c88\"},\"headline\":\"The clause that would force Adama to return to England\",\"datePublished\":\"2022-03-28T00:16:00+00:00\",\"dateModified\":\"2022-03-28T00:22:00+00:00\",\"mainEntityOfPage\":{\"@id\":\"https:\\\/\\\/www.fcbarcelonanoticias.com\\\/en\\\/players\\\/the-clause-that-would-force-to-adama-to-return-to-england_278912_102.html\"},\"wordCount\":452,\"keywords\":[\"Adama Traor\u00e9\"],\"articleSection\":[\"Players\",\"Players\"],\"inLanguage\":\"en-US\"},{\"@type\":\"WebPage\",\"@id\":\"https:\\\/\\\/www.fcbarcelonanoticias.com\\\/en\\\/players\\\/the-clause-that-would-force-to-adama-to-return-to-england_278912_102.html\",\"url\":\"https:\\\/\\\/www.fcbarcelonanoticias.com\\\/en\\\/players\\\/the-clause-that-would-force-to-adama-to-return-to-england_278912_102.html\",\"name\":\"The clause that would force to Adama to return to England\",\"isPartOf\":{\"@id\":\"https:\\\/\\\/www.fcbarcelonanoticias.com\\\/en\\\/#website\"},\"datePublished\":\"2022-03-28T00:16:00+00:00\",\"dateModified\":\"2022-03-28T00:22:00+00:00\",\"author\":{\"@id\":\"https:\\\/\\\/www.fcbarcelonanoticias.com\\\/en\\\/#\\\/schema\\\/person\\\/c2cd9f6fa1af5c0d0eccd0fefa575c88\"},\"description\":\"The loan of Adama Traor\u00e9 with the FC Barcelona wins the next 30 June and his continuity every time seems more complicated. The Wolverhampton demands 30 millo...\",\"breadcrumb\":{\"@id\":\"https:\\\/\\\/www.fcbarcelonanoticias.com\\\/en\\\/players\\\/the-clause-that-would-force-to-adama-to-return-to-england_278912_102.html#breadcrumb\"},\"inLanguage\":\"en-US\",\"potentialAction\":[{\"@type\":\"ReadAction\",\"target\":[\"https:\\\/\\\/www.fcbarcelonanoticias.com\\\/en\\\/players\\\/the-clause-that-would-force-to-adama-to-return-to-england_278912_102.html\"]}]},{\"@type\":\"BreadcrumbList\",\"@id\":\"https:\\\/\\\/www.fcbarcelonanoticias.com\\\/en\\\/players\\\/the-clause-that-would-force-to-adama-to-return-to-england_278912_102.html#breadcrumb\",\"itemListElement\":[{\"@type\":\"ListItem\",\"position\":1,\"name\":\"Portada\",\"item\":\"https:\\\/\\\/www.fcbarcelonanoticias.com\\\/en\\\/\"},{\"@type\":\"ListItem\",\"position\":2,\"name\":\"The clause that would force Adama to return to England\"}]},{\"@type\":\"WebSite\",\"@id\":\"https:\\\/\\\/www.fcbarcelonanoticias.com\\\/en\\\/#website\",\"url\":\"https:\\\/\\\/www.fcbarcelonanoticias.com\\\/en\\\/\",\"name\":\"EN - FC Barcelona Noticias\",\"description\":\"\",\"potentialAction\":[{\"@type\":\"SearchAction\",\"target\":{\"@type\":\"EntryPoint\",\"urlTemplate\":\"https:\\\/\\\/www.fcbarcelonanoticias.com\\\/en\\\/?s={search_term_string}\"},\"query-input\":{\"@type\":\"PropertyValueSpecification\",\"valueRequired\":true,\"valueName\":\"search_term_string\"}}],\"inLanguage\":\"en-US\"},{\"@type\":\"Person\",\"@id\":\"https:\\\/\\\/www.fcbarcelonanoticias.com\\\/en\\\/#\\\/schema\\\/person\\\/c2cd9f6fa1af5c0d0eccd0fefa575c88\",\"name\":\"Andr\u00e9s Quiroz\",\"image\":{\"@type\":\"ImageObject\",\"inLanguage\":\"en-US\",\"@id\":\"https:\\\/\\\/secure.gravatar.com\\\/avatar\\\/?s=96&d=mm&r=g\",\"url\":\"https:\\\/\\\/secure.gravatar.com\\\/avatar\\\/?s=96&d=mm&r=g\",\"contentUrl\":\"https:\\\/\\\/secure.gravatar.com\\\/avatar\\\/?s=96&d=mm&r=g\",\"caption\":\"Andr\u00e9s Quiroz\"},\"description\":\"Licenciado en Periodismo por la Universidad de los Andes. Me encargo de analizar y compartir los contenidos m\u00e1s destacados de la\u00a0actualidad del F\u00fatbol Club Barcelona, Mercado de Fichajes y F\u00fatbol Internacional en FCBN. La informaci\u00f3n es poder, pero tambi\u00e9n conocimiento.\",\"url\":\"https:\\\/\\\/www.fcbarcelonanoticias.com\\\/en\\\/fc-barcelona\\\/andres-quiroz_17_115.html\"}]}<\/script>\n<!-- \/ Yoast SEO plugin. -->","yoast_head_json":{"title":"The clause that would force to Adama to return to England","description":"The loan of Adama Traor\u00e9 with the FC Barcelona wins the next 30 June and his continuity every time seems more complicated. The Wolverhampton demands 30 millo...","robots":{"index":"index","follow":"follow","max-snippet":"max-snippet:-1","max-image-preview":"max-image-preview:large","max-video-preview":"max-video-preview:-1"},"canonical":"https:\/\/www.fcbarcelonanoticias.com\/en\/players\/the-clause-that-would-force-to-adama-to-return-to-england_278912_102.html","og_locale":"en_US","og_type":"article","og_title":"The clause that would force to Adama to return to England","og_description":"The loan of Adama Traor\u00e9 with the FC Barcelona wins the next 30 June and his continuity every time seems more complicated. The Wolverhampton demands 30 millo...","og_url":"https:\/\/www.fcbarcelonanoticias.com\/en\/players\/the-clause-that-would-force-to-adama-to-return-to-england_278912_102.html","og_site_name":"EN - FC Barcelona Noticias","article_published_time":"2022-03-28T00:16:00+00:00","article_modified_time":"2022-03-28T00:22:00+00:00","author":"Andr\u00e9s Quiroz","twitter_card":"summary_large_image","twitter_misc":{"Written by":"Andr\u00e9s Quiroz","Est. reading time":"2 minutes"},"schema":{"@context":"https:\/\/schema.org","@graph":[{"@type":"Article","@id":"https:\/\/www.fcbarcelonanoticias.com\/en\/players\/the-clause-that-would-force-to-adama-to-return-to-england_278912_102.html#article","isPartOf":{"@id":"https:\/\/www.fcbarcelonanoticias.com\/en\/players\/the-clause-that-would-force-to-adama-to-return-to-england_278912_102.html"},"author":{"name":"Andr\u00e9s Quiroz","@id":"https:\/\/www.fcbarcelonanoticias.com\/en\/#\/schema\/person\/c2cd9f6fa1af5c0d0eccd0fefa575c88"},"headline":"The clause that would force Adama to return to England","datePublished":"2022-03-28T00:16:00+00:00","dateModified":"2022-03-28T00:22:00+00:00","mainEntityOfPage":{"@id":"https:\/\/www.fcbarcelonanoticias.com\/en\/players\/the-clause-that-would-force-to-adama-to-return-to-england_278912_102.html"},"wordCount":452,"keywords":["Adama Traor\u00e9"],"articleSection":["Players","Players"],"inLanguage":"en-US"},{"@type":"WebPage","@id":"https:\/\/www.fcbarcelonanoticias.com\/en\/players\/the-clause-that-would-force-to-adama-to-return-to-england_278912_102.html","url":"https:\/\/www.fcbarcelonanoticias.com\/en\/players\/the-clause-that-would-force-to-adama-to-return-to-england_278912_102.html","name":"The clause that would force to Adama to return to England","isPartOf":{"@id":"https:\/\/www.fcbarcelonanoticias.com\/en\/#website"},"datePublished":"2022-03-28T00:16:00+00:00","dateModified":"2022-03-28T00:22:00+00:00","author":{"@id":"https:\/\/www.fcbarcelonanoticias.com\/en\/#\/schema\/person\/c2cd9f6fa1af5c0d0eccd0fefa575c88"},"description":"The loan of Adama Traor\u00e9 with the FC Barcelona wins the next 30 June and his continuity every time seems more complicated. The Wolverhampton demands 30 millo...","breadcrumb":{"@id":"https:\/\/www.fcbarcelonanoticias.com\/en\/players\/the-clause-that-would-force-to-adama-to-return-to-england_278912_102.html#breadcrumb"},"inLanguage":"en-US","potentialAction":[{"@type":"ReadAction","target":["https:\/\/www.fcbarcelonanoticias.com\/en\/players\/the-clause-that-would-force-to-adama-to-return-to-england_278912_102.html"]}]},{"@type":"BreadcrumbList","@id":"https:\/\/www.fcbarcelonanoticias.com\/en\/players\/the-clause-that-would-force-to-adama-to-return-to-england_278912_102.html#breadcrumb","itemListElement":[{"@type":"ListItem","position":1,"name":"Portada","item":"https:\/\/www.fcbarcelonanoticias.com\/en\/"},{"@type":"ListItem","position":2,"name":"The clause that would force Adama to return to England"}]},{"@type":"WebSite","@id":"https:\/\/www.fcbarcelonanoticias.com\/en\/#website","url":"https:\/\/www.fcbarcelonanoticias.com\/en\/","name":"EN - FC Barcelona Noticias","description":"","potentialAction":[{"@type":"SearchAction","target":{"@type":"EntryPoint","urlTemplate":"https:\/\/www.fcbarcelonanoticias.com\/en\/?s={search_term_string}"},"query-input":{"@type":"PropertyValueSpecification","valueRequired":true,"valueName":"search_term_string"}}],"inLanguage":"en-US"},{"@type":"Person","@id":"https:\/\/www.fcbarcelonanoticias.com\/en\/#\/schema\/person\/c2cd9f6fa1af5c0d0eccd0fefa575c88","name":"Andr\u00e9s Quiroz","image":{"@type":"ImageObject","inLanguage":"en-US","@id":"https:\/\/secure.gravatar.com\/avatar\/?s=96&d=mm&r=g","url":"https:\/\/secure.gravatar.com\/avatar\/?s=96&d=mm&r=g","contentUrl":"https:\/\/secure.gravatar.com\/avatar\/?s=96&d=mm&r=g","caption":"Andr\u00e9s Quiroz"},"description":"Licenciado en Periodismo por la Universidad de los Andes. Me encargo de analizar y compartir los contenidos m\u00e1s destacados de la\u00a0actualidad del F\u00fatbol Club Barcelona, Mercado de Fichajes y F\u00fatbol Internacional en FCBN. La informaci\u00f3n es poder, pero tambi\u00e9n conocimiento.","url":"https:\/\/www.fcbarcelonanoticias.com\/en\/fc-barcelona\/andres-quiroz_17_115.html"}]}},"_links":{"self":[{"href":"https:\/\/www.fcbarcelonanoticias.com\/en\/wp-json\/wp\/v2\/posts\/78978","targetHints":{"allow":["GET"]}}],"collection":[{"href":"https:\/\/www.fcbarcelonanoticias.com\/en\/wp-json\/wp\/v2\/posts"}],"about":[{"href":"https:\/\/www.fcbarcelonanoticias.com\/en\/wp-json\/wp\/v2\/types\/post"}],"author":[{"embeddable":true,"href":"https:\/\/www.fcbarcelonanoticias.com\/en\/wp-json\/wp\/v2\/users\/347"}],"replies":[{"embeddable":true,"href":"https:\/\/www.fcbarcelonanoticias.com\/en\/wp-json\/wp\/v2\/comments?post=78978"}],"version-history":[{"count":4,"href":"https:\/\/www.fcbarcelonanoticias.com\/en\/wp-json\/wp\/v2\/posts\/78978\/revisions"}],"predecessor-version":[{"id":78981,"href":"https:\/\/www.fcbarcelonanoticias.com\/en\/wp-json\/wp\/v2\/posts\/78978\/revisions\/78981"}],"wp:attachment":[{"href":"https:\/\/www.fcbarcelonanoticias.com\/en\/wp-json\/wp\/v2\/media?parent=78978"}],"wp:term":[{"taxonomy":"category","embeddable":true,"href":"https:\/\/www.fcbarcelonanoticias.com\/en\/wp-json\/wp\/v2\/categories?post=78978"},{"taxonomy":"post_tag","embeddable":true,"href":"https:\/\/www.fcbarcelonanoticias.com\/en\/wp-json\/wp\/v2\/tags?post=78978"}],"curies":[{"name":"wp","href":"https:\/\/api.w.org\/{rel}","templated":true}]}}