{"id":79085,"date":"2024-04-01T22:34:00","date_gmt":"2024-04-01T20:34:00","guid":{"rendered":"https:\/\/weisetech.dev\/fc-barcelona-noticias\/en\/the-central-problem-that-avecina-in-the-fc-barcelona_302230_102\/"},"modified":"2024-04-02T10:03:00","modified_gmt":"2024-04-02T08:03:00","slug":"the-central-problem-that-avecina-in-the-fc-barcelona_302230_102","status":"publish","type":"post","link":"https:\/\/www.fcbarcelonanoticias.com\/en\/players\/the-central-problem-that-avecina-in-the-fc-barcelona_302230_102.html","title":{"rendered":"The &#8216;central problem&#8217; that is looming at FC Barcelona"},"content":{"rendered":"<h2 class=\"wp-block-heading\">There will be &#8216;overbooking&#8217; in the defense of FC Barcelona when the season ends. Between the players in the squad, the &#8216;promises&#8217; of La Masia and the cul\u00e9s who will return from their loans, there will be nine centre-backs available for 2024\/2025<\/h2>  \r\n<div class=\"article-addons\">\r\n    <a href=\"https:\/\/www.fcbarcelonanoticias.com\/en\/calendar-fc-barcelona.html\"\r\n       target=\"_self\"\r\n       title=\"Calendar of FC Barcelona\"\r\n       class=\"blue-gredient-btn\">\r\n       \r\n        Calendar of FC Barcelona    <\/a>\r\n<\/div>   <p>The <a data-external=\"0\" data-intl-links-en=\"https:\/\/www.fcbarcelonanoticias.com\/en\/fc-barcelona\" data-intl-links-es=\"https:\/\/www.fcbarcelonanoticias.com\/fc-barcelona\" href=\"https:\/\/www.fcbarcelonanoticias.com\/en\/football-soccer\/fc-barcelona.html\" rel=\"follow\" target=\"_self\" title=\"FC Barcelona\">FC Barcelona<\/a> is &#8216;advancing&#8217; the work of face to the next season. They can not do a lot of plans neither take important decisions, because they are expecting to define who will be in the bench, but<strong> will try to resolve the greater quantity of possible problems of here to the month of June. <\/strong>It is an authentic challenge, but the sportive direction has the intention to advance as much as possible. In the defence is where more find problems.<\/p>  <p>And it is that, of face to the 2024\/2025, the overbooking in the axis of the retaguardia will be absolute. To day of today, in the first staff are <strong>Ronald Ara\u00fajo, Jules Kound\u00e9, Andreas Christensen and I\u00f1igo Mart\u00ednez<\/strong>. It adds them <strong>Pau Cubars\u00ed,<\/strong> installed in the team, and the &#8216;promise&#8217; of <strong>Mika Faye<\/strong>, that has options of &#8216;rise&#8217; this summer. Besides, they return of his cessions <strong>Cl\u00e9ment Lenglet and Eric Garc\u00eda,<\/strong> whereas it remains slope the case of<strong> a Chadi Riad <\/strong>that the cul\u00e9s pretend to repurchase in summer.<\/p>  <h2>Only there is two intocables in the defence of the Bar\u00e7a<\/h2>  <p>In total, the Bar\u00e7a has nine head offices for the next season. It can remain in seven, considering that Jules Kound\u00e9 is settled in the right side and that Andreas Christensen has advanced his position to play like pivote, but is a grave problem for the sportive direction. &#8216;SPORT&#8217; Has explained that will try to give exit to several players and that only <strong>two have the label of intocables: Cubars\u00ed, to the that will try to renew and add a clause of exit of billion, and Ronald Ara\u00fajo that has the interest of clubs like the Bayern of Munich. <\/strong><\/p>  <p>From there, they will begin to study all the stages. Cl\u00e9ment Lenglet returns of the Aston Villa, where has been able to have a lot of continuity, especially in 2024. The intention of the blaugrana is to find him a definite destination, after chaining two consecutive cessions. His sale outlines like the most reliable option, but plays against that has agreement until 2026 and a very high wage. <strong>No any team will be in conditions to assume it. <\/strong><\/p>  <p>In the case of Eric Garc\u00eda, still has not defined the plan. It has reached a good level in the Girona, but<strong> in the Bar\u00e7a have very clear that would not be to title by in front of, for example, Cubars\u00ed or Araujo.<\/strong> The player has stood out that it wants to return, but the most likely is that it go back to go out in condition of yielded. With Chadi Riad, on the other hand, will evaluate the stage. &#8216;SPORT&#8217; Has explained that exists the possibility that they execute the clause of repurchase to sell him by a mount higher.<\/p>  <h2>The two &#8216;problems&#8217; of the Bar\u00e7a<\/h2>  <p>I\u00f1igo Mart\u00ednez will be a case aside. Recently it trascended that in LaLiga only computes a year of agreement, although they are two, and that the club would try to look for him gone out to generate income and free a square. The Athletic of Madrid would be interested in his incorporation, although it has not concretised a movement. <strong>The Bar\u00e7a thinks that could include it in a possible negotiation by the traspaso of Joao F\u00e9lix, but there is not absolutely at all concretised. All the contrary. <\/strong><\/p>  <p>The one who will give more headaches, without place to doubts, is Mika Faye. By characteristics,<strong> talent and takeoff is a player that would have to be installed in the first team, but the reality is that it has not debuted and looks for him a &#8216;hollow&#8217; before it finish the course.<\/strong> His good performance has caused that several clubs touch the door by his traspaso and values the possibility to yield him or concretise his sale with an option of repurchase for &#8216;ensure&#8217; the rights of the player. The plan still is not defined.<\/p> ","protected":false},"excerpt":{"rendered":"<p>There will be &#8216;overbooking&#8217; in the defense of FC Barcelona when the season ends. Between the players in the squad, the &#8216;promises&#8217; of La Masia and the cul\u00e9s who will return from their loans, there will be nine centre-backs available for 2024\/2025 The FC Barcelona is &#8216;advancing&#8217; the work of face to the next season. [&hellip;]<\/p>\n","protected":false},"author":0,"featured_media":124250,"comment_status":"closed","ping_status":"open","sticky":false,"template":"","format":"standard","meta":{"_acf_changed":false,"inline_featured_image":false,"_nextfly_llmd_date_locked":false,"footnotes":""},"categories":[453,107],"tags":[335],"class_list":["post-79085","post","type-post","status-publish","format-standard","has-post-thumbnail","hentry","category-players-2","category-players","tag-deco"],"acf":[],"yoast_head":"<!-- This site is optimized with the Yoast SEO plugin v27.3 - https:\/\/yoast.com\/product\/yoast-seo-wordpress\/ -->\n<title>The &#039;central problem&#039; that avecina in the FC Barcelona<\/title>\n<meta name=\"description\" content=\"There will be &#039;overbooking&#039; in the defence of the FC Barcelona when it finish the season. Between the players of the staff, the &#039;promises&#039; of The Masia and the cul\u00e9s that will return of his cessions, will be nine the available head offices for the 2024\/2025\" \/>\n<meta name=\"robots\" content=\"index, follow, max-snippet:-1, max-image-preview:large, max-video-preview:-1\" \/>\n<link rel=\"canonical\" href=\"https:\/\/www.fcbarcelonanoticias.com\/en\/players\/the-central-problem-that-avecina-in-the-fc-barcelona_302230_102.html\" \/>\n<meta property=\"og:locale\" content=\"en_US\" \/>\n<meta property=\"og:type\" content=\"article\" \/>\n<meta property=\"og:title\" content=\"The &#039;central problem&#039; that avecina in the FC Barcelona\" \/>\n<meta property=\"og:description\" content=\"There will be &#039;overbooking&#039; in the defence of the FC Barcelona when it finish the season. Between the players of the staff, the &#039;promises&#039; of The Masia and the cul\u00e9s that will return of his cessions, will be nine the available head offices for the 2024\/2025\" \/>\n<meta property=\"og:url\" content=\"https:\/\/www.fcbarcelonanoticias.com\/en\/players\/the-central-problem-that-avecina-in-the-fc-barcelona_302230_102.html\" \/>\n<meta property=\"og:site_name\" content=\"EN - FC Barcelona Noticias\" \/>\n<meta property=\"article:published_time\" content=\"2024-04-01T20:34:00+00:00\" \/>\n<meta property=\"article:modified_time\" content=\"2024-04-02T08:03:00+00:00\" \/>\n<meta property=\"og:image\" content=\"https:\/\/www.fcbarcelonanoticias.com\/en\/wp-content\/uploads\/sites\/2\/2024\/04\/cuatro-de-los-nueve-centrales-que-tendra-el-fc-barcelona-en-la-24-25-1.jpeg\" \/>\n\t<meta property=\"og:image:width\" content=\"1200\" \/>\n\t<meta property=\"og:image:height\" content=\"675\" \/>\n\t<meta property=\"og:image:type\" content=\"image\/jpeg\" \/>\n<meta name=\"twitter:card\" content=\"summary_large_image\" \/>\n<meta name=\"twitter:label1\" content=\"Est. reading time\" \/>\n\t<meta name=\"twitter:data1\" content=\"4 minutes\" \/>\n<script type=\"application\/ld+json\" class=\"yoast-schema-graph\">{\"@context\":\"https:\\\/\\\/schema.org\",\"@graph\":[{\"@type\":\"Article\",\"@id\":\"https:\\\/\\\/www.fcbarcelonanoticias.com\\\/en\\\/players\\\/the-central-problem-that-avecina-in-the-fc-barcelona_302230_102.html#article\",\"isPartOf\":{\"@id\":\"https:\\\/\\\/www.fcbarcelonanoticias.com\\\/en\\\/players\\\/the-central-problem-that-avecina-in-the-fc-barcelona_302230_102.html\"},\"author\":{\"name\":\"\",\"@id\":\"\"},\"headline\":\"The &#8216;central problem&#8217; that is looming at FC Barcelona\",\"datePublished\":\"2024-04-01T20:34:00+00:00\",\"dateModified\":\"2024-04-02T08:03:00+00:00\",\"mainEntityOfPage\":{\"@id\":\"https:\\\/\\\/www.fcbarcelonanoticias.com\\\/en\\\/players\\\/the-central-problem-that-avecina-in-the-fc-barcelona_302230_102.html\"},\"wordCount\":712,\"image\":{\"@id\":\"https:\\\/\\\/www.fcbarcelonanoticias.com\\\/en\\\/players\\\/the-central-problem-that-avecina-in-the-fc-barcelona_302230_102.html#primaryimage\"},\"thumbnailUrl\":\"https:\\\/\\\/www.fcbarcelonanoticias.com\\\/en\\\/wp-content\\\/uploads\\\/sites\\\/2\\\/2024\\\/04\\\/cuatro-de-los-nueve-centrales-que-tendra-el-fc-barcelona-en-la-24-25-1.jpeg\",\"keywords\":[\"Deco\"],\"articleSection\":[\"Players\",\"Players\"],\"inLanguage\":\"en-US\"},{\"@type\":\"WebPage\",\"@id\":\"https:\\\/\\\/www.fcbarcelonanoticias.com\\\/en\\\/players\\\/the-central-problem-that-avecina-in-the-fc-barcelona_302230_102.html\",\"url\":\"https:\\\/\\\/www.fcbarcelonanoticias.com\\\/en\\\/players\\\/the-central-problem-that-avecina-in-the-fc-barcelona_302230_102.html\",\"name\":\"The 'central problem' that avecina in the FC Barcelona\",\"isPartOf\":{\"@id\":\"https:\\\/\\\/www.fcbarcelonanoticias.com\\\/en\\\/#website\"},\"primaryImageOfPage\":{\"@id\":\"https:\\\/\\\/www.fcbarcelonanoticias.com\\\/en\\\/players\\\/the-central-problem-that-avecina-in-the-fc-barcelona_302230_102.html#primaryimage\"},\"image\":{\"@id\":\"https:\\\/\\\/www.fcbarcelonanoticias.com\\\/en\\\/players\\\/the-central-problem-that-avecina-in-the-fc-barcelona_302230_102.html#primaryimage\"},\"thumbnailUrl\":\"https:\\\/\\\/www.fcbarcelonanoticias.com\\\/en\\\/wp-content\\\/uploads\\\/sites\\\/2\\\/2024\\\/04\\\/cuatro-de-los-nueve-centrales-que-tendra-el-fc-barcelona-en-la-24-25-1.jpeg\",\"datePublished\":\"2024-04-01T20:34:00+00:00\",\"dateModified\":\"2024-04-02T08:03:00+00:00\",\"author\":{\"@id\":\"\"},\"description\":\"There will be 'overbooking' in the defence of the FC Barcelona when it finish the season. Between the players of the staff, the 'promises' of The Masia and the cul\u00e9s that will return of his cessions, will be nine the available head offices for the 2024\\\/2025\",\"breadcrumb\":{\"@id\":\"https:\\\/\\\/www.fcbarcelonanoticias.com\\\/en\\\/players\\\/the-central-problem-that-avecina-in-the-fc-barcelona_302230_102.html#breadcrumb\"},\"inLanguage\":\"en-US\",\"potentialAction\":[{\"@type\":\"ReadAction\",\"target\":[\"https:\\\/\\\/www.fcbarcelonanoticias.com\\\/en\\\/players\\\/the-central-problem-that-avecina-in-the-fc-barcelona_302230_102.html\"]}]},{\"@type\":\"ImageObject\",\"inLanguage\":\"en-US\",\"@id\":\"https:\\\/\\\/www.fcbarcelonanoticias.com\\\/en\\\/players\\\/the-central-problem-that-avecina-in-the-fc-barcelona_302230_102.html#primaryimage\",\"url\":\"https:\\\/\\\/www.fcbarcelonanoticias.com\\\/en\\\/wp-content\\\/uploads\\\/sites\\\/2\\\/2024\\\/04\\\/cuatro-de-los-nueve-centrales-que-tendra-el-fc-barcelona-en-la-24-25-1.jpeg\",\"contentUrl\":\"https:\\\/\\\/www.fcbarcelonanoticias.com\\\/en\\\/wp-content\\\/uploads\\\/sites\\\/2\\\/2024\\\/04\\\/cuatro-de-los-nueve-centrales-que-tendra-el-fc-barcelona-en-la-24-25-1.jpeg\",\"width\":1200,\"height\":675},{\"@type\":\"BreadcrumbList\",\"@id\":\"https:\\\/\\\/www.fcbarcelonanoticias.com\\\/en\\\/players\\\/the-central-problem-that-avecina-in-the-fc-barcelona_302230_102.html#breadcrumb\",\"itemListElement\":[{\"@type\":\"ListItem\",\"position\":1,\"name\":\"Portada\",\"item\":\"https:\\\/\\\/www.fcbarcelonanoticias.com\\\/en\\\/\"},{\"@type\":\"ListItem\",\"position\":2,\"name\":\"The &#8216;central problem&#8217; that is looming at FC Barcelona\"}]},{\"@type\":\"WebSite\",\"@id\":\"https:\\\/\\\/www.fcbarcelonanoticias.com\\\/en\\\/#website\",\"url\":\"https:\\\/\\\/www.fcbarcelonanoticias.com\\\/en\\\/\",\"name\":\"EN - FC Barcelona Noticias\",\"description\":\"\",\"potentialAction\":[{\"@type\":\"SearchAction\",\"target\":{\"@type\":\"EntryPoint\",\"urlTemplate\":\"https:\\\/\\\/www.fcbarcelonanoticias.com\\\/en\\\/?s={search_term_string}\"},\"query-input\":{\"@type\":\"PropertyValueSpecification\",\"valueRequired\":true,\"valueName\":\"search_term_string\"}}],\"inLanguage\":\"en-US\"}]}<\/script>\n<!-- \/ Yoast SEO plugin. -->","yoast_head_json":{"title":"The 'central problem' that avecina in the FC Barcelona","description":"There will be 'overbooking' in the defence of the FC Barcelona when it finish the season. Between the players of the staff, the 'promises' of The Masia and the cul\u00e9s that will return of his cessions, will be nine the available head offices for the 2024\/2025","robots":{"index":"index","follow":"follow","max-snippet":"max-snippet:-1","max-image-preview":"max-image-preview:large","max-video-preview":"max-video-preview:-1"},"canonical":"https:\/\/www.fcbarcelonanoticias.com\/en\/players\/the-central-problem-that-avecina-in-the-fc-barcelona_302230_102.html","og_locale":"en_US","og_type":"article","og_title":"The 'central problem' that avecina in the FC Barcelona","og_description":"There will be 'overbooking' in the defence of the FC Barcelona when it finish the season. Between the players of the staff, the 'promises' of The Masia and the cul\u00e9s that will return of his cessions, will be nine the available head offices for the 2024\/2025","og_url":"https:\/\/www.fcbarcelonanoticias.com\/en\/players\/the-central-problem-that-avecina-in-the-fc-barcelona_302230_102.html","og_site_name":"EN - FC Barcelona Noticias","article_published_time":"2024-04-01T20:34:00+00:00","article_modified_time":"2024-04-02T08:03:00+00:00","og_image":[{"width":1200,"height":675,"url":"https:\/\/www.fcbarcelonanoticias.com\/en\/wp-content\/uploads\/sites\/2\/2024\/04\/cuatro-de-los-nueve-centrales-que-tendra-el-fc-barcelona-en-la-24-25-1.jpeg","type":"image\/jpeg"}],"twitter_card":"summary_large_image","twitter_misc":{"Est. reading time":"4 minutes"},"schema":{"@context":"https:\/\/schema.org","@graph":[{"@type":"Article","@id":"https:\/\/www.fcbarcelonanoticias.com\/en\/players\/the-central-problem-that-avecina-in-the-fc-barcelona_302230_102.html#article","isPartOf":{"@id":"https:\/\/www.fcbarcelonanoticias.com\/en\/players\/the-central-problem-that-avecina-in-the-fc-barcelona_302230_102.html"},"author":{"name":"","@id":""},"headline":"The &#8216;central problem&#8217; that is looming at FC Barcelona","datePublished":"2024-04-01T20:34:00+00:00","dateModified":"2024-04-02T08:03:00+00:00","mainEntityOfPage":{"@id":"https:\/\/www.fcbarcelonanoticias.com\/en\/players\/the-central-problem-that-avecina-in-the-fc-barcelona_302230_102.html"},"wordCount":712,"image":{"@id":"https:\/\/www.fcbarcelonanoticias.com\/en\/players\/the-central-problem-that-avecina-in-the-fc-barcelona_302230_102.html#primaryimage"},"thumbnailUrl":"https:\/\/www.fcbarcelonanoticias.com\/en\/wp-content\/uploads\/sites\/2\/2024\/04\/cuatro-de-los-nueve-centrales-que-tendra-el-fc-barcelona-en-la-24-25-1.jpeg","keywords":["Deco"],"articleSection":["Players","Players"],"inLanguage":"en-US"},{"@type":"WebPage","@id":"https:\/\/www.fcbarcelonanoticias.com\/en\/players\/the-central-problem-that-avecina-in-the-fc-barcelona_302230_102.html","url":"https:\/\/www.fcbarcelonanoticias.com\/en\/players\/the-central-problem-that-avecina-in-the-fc-barcelona_302230_102.html","name":"The 'central problem' that avecina in the FC Barcelona","isPartOf":{"@id":"https:\/\/www.fcbarcelonanoticias.com\/en\/#website"},"primaryImageOfPage":{"@id":"https:\/\/www.fcbarcelonanoticias.com\/en\/players\/the-central-problem-that-avecina-in-the-fc-barcelona_302230_102.html#primaryimage"},"image":{"@id":"https:\/\/www.fcbarcelonanoticias.com\/en\/players\/the-central-problem-that-avecina-in-the-fc-barcelona_302230_102.html#primaryimage"},"thumbnailUrl":"https:\/\/www.fcbarcelonanoticias.com\/en\/wp-content\/uploads\/sites\/2\/2024\/04\/cuatro-de-los-nueve-centrales-que-tendra-el-fc-barcelona-en-la-24-25-1.jpeg","datePublished":"2024-04-01T20:34:00+00:00","dateModified":"2024-04-02T08:03:00+00:00","author":{"@id":""},"description":"There will be 'overbooking' in the defence of the FC Barcelona when it finish the season. Between the players of the staff, the 'promises' of The Masia and the cul\u00e9s that will return of his cessions, will be nine the available head offices for the 2024\/2025","breadcrumb":{"@id":"https:\/\/www.fcbarcelonanoticias.com\/en\/players\/the-central-problem-that-avecina-in-the-fc-barcelona_302230_102.html#breadcrumb"},"inLanguage":"en-US","potentialAction":[{"@type":"ReadAction","target":["https:\/\/www.fcbarcelonanoticias.com\/en\/players\/the-central-problem-that-avecina-in-the-fc-barcelona_302230_102.html"]}]},{"@type":"ImageObject","inLanguage":"en-US","@id":"https:\/\/www.fcbarcelonanoticias.com\/en\/players\/the-central-problem-that-avecina-in-the-fc-barcelona_302230_102.html#primaryimage","url":"https:\/\/www.fcbarcelonanoticias.com\/en\/wp-content\/uploads\/sites\/2\/2024\/04\/cuatro-de-los-nueve-centrales-que-tendra-el-fc-barcelona-en-la-24-25-1.jpeg","contentUrl":"https:\/\/www.fcbarcelonanoticias.com\/en\/wp-content\/uploads\/sites\/2\/2024\/04\/cuatro-de-los-nueve-centrales-que-tendra-el-fc-barcelona-en-la-24-25-1.jpeg","width":1200,"height":675},{"@type":"BreadcrumbList","@id":"https:\/\/www.fcbarcelonanoticias.com\/en\/players\/the-central-problem-that-avecina-in-the-fc-barcelona_302230_102.html#breadcrumb","itemListElement":[{"@type":"ListItem","position":1,"name":"Portada","item":"https:\/\/www.fcbarcelonanoticias.com\/en\/"},{"@type":"ListItem","position":2,"name":"The &#8216;central problem&#8217; that is looming at FC Barcelona"}]},{"@type":"WebSite","@id":"https:\/\/www.fcbarcelonanoticias.com\/en\/#website","url":"https:\/\/www.fcbarcelonanoticias.com\/en\/","name":"EN - FC Barcelona Noticias","description":"","potentialAction":[{"@type":"SearchAction","target":{"@type":"EntryPoint","urlTemplate":"https:\/\/www.fcbarcelonanoticias.com\/en\/?s={search_term_string}"},"query-input":{"@type":"PropertyValueSpecification","valueRequired":true,"valueName":"search_term_string"}}],"inLanguage":"en-US"}]}},"_links":{"self":[{"href":"https:\/\/www.fcbarcelonanoticias.com\/en\/wp-json\/wp\/v2\/posts\/79085","targetHints":{"allow":["GET"]}}],"collection":[{"href":"https:\/\/www.fcbarcelonanoticias.com\/en\/wp-json\/wp\/v2\/posts"}],"about":[{"href":"https:\/\/www.fcbarcelonanoticias.com\/en\/wp-json\/wp\/v2\/types\/post"}],"replies":[{"embeddable":true,"href":"https:\/\/www.fcbarcelonanoticias.com\/en\/wp-json\/wp\/v2\/comments?post=79085"}],"version-history":[{"count":1,"href":"https:\/\/www.fcbarcelonanoticias.com\/en\/wp-json\/wp\/v2\/posts\/79085\/revisions"}],"predecessor-version":[{"id":124249,"href":"https:\/\/www.fcbarcelonanoticias.com\/en\/wp-json\/wp\/v2\/posts\/79085\/revisions\/124249"}],"wp:featuredmedia":[{"embeddable":true,"href":"https:\/\/www.fcbarcelonanoticias.com\/en\/wp-json\/wp\/v2\/media\/124250"}],"wp:attachment":[{"href":"https:\/\/www.fcbarcelonanoticias.com\/en\/wp-json\/wp\/v2\/media?parent=79085"}],"wp:term":[{"taxonomy":"category","embeddable":true,"href":"https:\/\/www.fcbarcelonanoticias.com\/en\/wp-json\/wp\/v2\/categories?post=79085"},{"taxonomy":"post_tag","embeddable":true,"href":"https:\/\/www.fcbarcelonanoticias.com\/en\/wp-json\/wp\/v2\/tags?post=79085"}],"curies":[{"name":"wp","href":"https:\/\/api.w.org\/{rel}","templated":true}]}}