{"id":79167,"date":"2022-09-20T23:20:00","date_gmt":"2022-09-20T21:20:00","guid":{"rendered":"https:\/\/weisetech.dev\/fc-barcelona-noticias\/en\/the-ex-canterano-of-the-barca-that-is-shining-in-the-premier_284578_102\/"},"modified":"2022-09-20T23:20:00","modified_gmt":"2022-09-20T21:20:00","slug":"the-ex-canterano-of-the-barca-that-is-shining-in-the-premier_284578_102","status":"publish","type":"post","link":"https:\/\/www.fcbarcelonanoticias.com\/en\/players\/the-ex-canterano-of-the-barca-that-is-shining-in-the-premier_284578_102.html","title":{"rendered":"The former Bar\u00e7a youth squad who is shining in the Premier"},"content":{"rendered":"<h2 class=\"wp-block-heading\">La Masia continues to produce defensive talent, but many of them leave FC Barcelona in the face of tough competition to reach the first team. One of them is Juan Larios, a left-back who, at just 18 years old, already made his debut in the Premie League<\/h2>  \r\n<div class=\"article-addons\">\r\n    <a href=\"https:\/\/www.fcbarcelonanoticias.com\/en\/calendar-fc-barcelona.html\"\r\n       target=\"_self\"\r\n       title=\"Calendar of FC Barcelona\"\r\n       class=\"blue-gredient-btn\">\r\n       \r\n        Calendar of FC Barcelona    <\/a>\r\n<\/div>   <p>Juan Larios is one of the players formed in The Masia with greater projection of the English football. <strong>The one of Took fulfilled 18 years in January and debuted the weekend in the Premier League with the Southampton<\/strong>, club that him fich\u00f3 on the end of the market of summer in return of 7 million pertinent euros of the Manchester City. The left side had abandoned the <a data-external=\"0\" data-intl-links-en=\"https:\/\/www.fcbarcelonanoticias.com\/en\/transfers\/barcelona-plans-to-negotiate-bellerin-renewal-in-january_284573_102.html\" data-intl-links-es=\"https:\/\/www.fcbarcelonanoticias.com\/fichajes\/barcelona-planea-negociar-renovacion-bellerin-en-enero_284573_102.html\" href=\"https:\/\/www.fcbarcelonanoticias.com\/en\/transfers\/barcelona-plans-to-negotiate-bellerin-renewal-in-january_284573_102.html\" rel=\"follow\" target=\"_self\" title=\"El Bar\u00e7a planea negociar la renovaci\u00f3n de Beller\u00edn en enero\">FC Barcelona<\/a> in 2020 to leave to the group &#8216;sky blue&#8217;.<\/p>  <p>When it left Catalonia, Juan was part of the Juvenile B of the Bar\u00e7a. After two years in the inferior of the City, the group directed by Ralph Hasenh\u00fcttl decided to bet by the Spanish to reinforce the left lane, where at present the French Romain Perraud (24 years) is the only natural player for this position. <strong>The ex canterano cul\u00e9 replaced to the Frenchman in the rest of the defeat in front of Aston Villa of the past Friday (1-0)<\/strong>.<\/p>  <p>In his debut, Larios left good feelings, after four parties with the filial of &#8216;The Saints&#8217; in where it added 353 minutes. <strong>The player of 18 years had arrived <a data-external=\"0\" data-intl-links-en=\"https:\/\/www.fcbarcelonanoticias.com\/en\/fc-barcelona\/the-barca-much-better-negotiator-that-the-real-madrid_284575_102.html\" data-intl-links-es=\"https:\/\/www.fcbarcelonanoticias.com\/fc-barcelona\/barcelona-mucho-mejor-negociador-real-madrid_284575_102.html\" href=\"https:\/\/www.fcbarcelonanoticias.com\/en\/fc-barcelona\/the-barca-much-better-negotiator-that-the-real-madrid_284575_102.html\" rel=\"follow\" target=\"_self\" title=\"El Bar\u00e7a, mucho mejor negociador que el Real Madrid\">to the Bar\u00e7a<\/a> in July of 2016<\/strong> free from the inferior of the Seville and was risen to the Juvenile B in the summer of 2019, <strong>leaving a year later to the City by a mount that it was not desvelado<\/strong>. Like this, the group blaugrana lost to one of his &#8216;jewels&#8217; in full pandemia.<\/p>  <p>In principle, the club expected to give him his first agreement like professional when it fulfilled 16 years, but <strong>a grave injury and the interest of the &#8216;cityzens&#8217; did feasible his traspaso to the English football<\/strong>, where expects to consolidate like professional. The Southampton him fich\u00f3 with agreement by five years, until June of 2027 and his current value of market in Transfermarkt round the 5 million euros.<\/p>  <h3>Other sides that left &#8216;escape&#8217; the Bar\u00e7a<\/h3>  <p>With Juan Larios, are varied the left-handed sides formed in The Masia that has left to go the group cul\u00e9. In spite of having Alejandro Balde in the first team, are striking the cases of <strong>Sergio G\u00f3mez<\/strong> (Manchester City), <strong>Alex Grimaldo<\/strong> (Benfica), <strong>Marc Cucurella<\/strong> (Chelsea), <strong>\u00c1lex Moreno and<\/strong> <strong>Juan Miranda<\/strong>,<strong> (<\/strong>both in the Betis). Also they stand out<strong> Jos\u00e9 Mars\u00e0<\/strong> (Sporting of Portugal),<strong> Arnau Sol\u00e0<\/strong> (yielded by the Almer\u00eda to the Murcia), <strong>Mart\u00ed Vil\u00e0<\/strong> (Andorra), <strong>Xavi Quintill\u00e0<\/strong> (Santa Clara of Portugal) and <strong>Brian Oliv\u00e1n<\/strong> (Espanyol).<\/p> ","protected":false},"excerpt":{"rendered":"<p>La Masia continues to produce defensive talent, but many of them leave FC Barcelona in the face of tough competition to reach the first team. One of them is Juan Larios, a left-back who, at just 18 years old, already made his debut in the Premie League Juan Larios is one of the players formed [&hellip;]<\/p>\n","protected":false},"author":347,"featured_media":79169,"comment_status":"closed","ping_status":"open","sticky":false,"template":"","format":"standard","meta":{"_acf_changed":false,"inline_featured_image":false,"_nextfly_llmd_date_locked":false,"footnotes":""},"categories":[107,453],"tags":[],"class_list":["post-79167","post","type-post","status-publish","format-standard","has-post-thumbnail","hentry","category-players","category-players-2"],"acf":[],"yoast_head":"<!-- This site is optimized with the Yoast SEO plugin v27.3 - https:\/\/yoast.com\/product\/yoast-seo-wordpress\/ -->\n<title>The ex canterano of the Bar\u00e7a that is shining in the Premier<\/title>\n<meta name=\"description\" content=\"The Masia follows producing talents in defence, but many of them abandon the FC Barcelona in front of the hard competition to arrive to the first team. One of...\" \/>\n<meta name=\"robots\" content=\"index, follow, max-snippet:-1, max-image-preview:large, max-video-preview:-1\" \/>\n<link rel=\"canonical\" href=\"https:\/\/www.fcbarcelonanoticias.com\/en\/players\/the-ex-canterano-of-the-barca-that-is-shining-in-the-premier_284578_102.html\" \/>\n<meta property=\"og:locale\" content=\"en_US\" \/>\n<meta property=\"og:type\" content=\"article\" \/>\n<meta property=\"og:title\" content=\"The ex canterano of the Bar\u00e7a that is shining in the Premier\" \/>\n<meta property=\"og:description\" content=\"The Masia follows producing talents in defence, but many of them abandon the FC Barcelona in front of the hard competition to arrive to the first team. One of...\" \/>\n<meta property=\"og:url\" content=\"https:\/\/www.fcbarcelonanoticias.com\/en\/players\/the-ex-canterano-of-the-barca-that-is-shining-in-the-premier_284578_102.html\" \/>\n<meta property=\"og:site_name\" content=\"EN - FC Barcelona Noticias\" \/>\n<meta property=\"article:published_time\" content=\"2022-09-20T21:20:00+00:00\" \/>\n<meta property=\"og:image\" content=\"https:\/\/www.fcbarcelonanoticias.com\/en\/wp-content\/uploads\/sites\/2\/2022\/09\/juan-larios-southhampton.jpeg\" \/>\n\t<meta property=\"og:image:width\" content=\"1300\" \/>\n\t<meta property=\"og:image:height\" content=\"732\" \/>\n\t<meta property=\"og:image:type\" content=\"image\/jpeg\" \/>\n<meta name=\"author\" content=\"Andr\u00e9s Quiroz\" \/>\n<meta name=\"twitter:card\" content=\"summary_large_image\" \/>\n<meta name=\"twitter:label1\" content=\"Written by\" \/>\n\t<meta name=\"twitter:data1\" content=\"Andr\u00e9s Quiroz\" \/>\n\t<meta name=\"twitter:label2\" content=\"Est. reading time\" \/>\n\t<meta name=\"twitter:data2\" content=\"2 minutes\" \/>\n<script type=\"application\/ld+json\" class=\"yoast-schema-graph\">{\"@context\":\"https:\\\/\\\/schema.org\",\"@graph\":[{\"@type\":\"Article\",\"@id\":\"https:\\\/\\\/www.fcbarcelonanoticias.com\\\/en\\\/players\\\/the-ex-canterano-of-the-barca-that-is-shining-in-the-premier_284578_102.html#article\",\"isPartOf\":{\"@id\":\"https:\\\/\\\/www.fcbarcelonanoticias.com\\\/en\\\/players\\\/the-ex-canterano-of-the-barca-that-is-shining-in-the-premier_284578_102.html\"},\"author\":{\"name\":\"Andr\u00e9s Quiroz\",\"@id\":\"https:\\\/\\\/www.fcbarcelonanoticias.com\\\/en\\\/#\\\/schema\\\/person\\\/c2cd9f6fa1af5c0d0eccd0fefa575c88\"},\"headline\":\"The former Bar\u00e7a youth squad who is shining in the Premier\",\"datePublished\":\"2022-09-20T21:20:00+00:00\",\"mainEntityOfPage\":{\"@id\":\"https:\\\/\\\/www.fcbarcelonanoticias.com\\\/en\\\/players\\\/the-ex-canterano-of-the-barca-that-is-shining-in-the-premier_284578_102.html\"},\"wordCount\":457,\"image\":{\"@id\":\"https:\\\/\\\/www.fcbarcelonanoticias.com\\\/en\\\/players\\\/the-ex-canterano-of-the-barca-that-is-shining-in-the-premier_284578_102.html#primaryimage\"},\"thumbnailUrl\":\"https:\\\/\\\/www.fcbarcelonanoticias.com\\\/en\\\/wp-content\\\/uploads\\\/sites\\\/2\\\/2022\\\/09\\\/juan-larios-southhampton.jpeg\",\"articleSection\":[\"Players\",\"Players\"],\"inLanguage\":\"en-US\"},{\"@type\":\"WebPage\",\"@id\":\"https:\\\/\\\/www.fcbarcelonanoticias.com\\\/en\\\/players\\\/the-ex-canterano-of-the-barca-that-is-shining-in-the-premier_284578_102.html\",\"url\":\"https:\\\/\\\/www.fcbarcelonanoticias.com\\\/en\\\/players\\\/the-ex-canterano-of-the-barca-that-is-shining-in-the-premier_284578_102.html\",\"name\":\"The ex canterano of the Bar\u00e7a that is shining in the Premier\",\"isPartOf\":{\"@id\":\"https:\\\/\\\/www.fcbarcelonanoticias.com\\\/en\\\/#website\"},\"primaryImageOfPage\":{\"@id\":\"https:\\\/\\\/www.fcbarcelonanoticias.com\\\/en\\\/players\\\/the-ex-canterano-of-the-barca-that-is-shining-in-the-premier_284578_102.html#primaryimage\"},\"image\":{\"@id\":\"https:\\\/\\\/www.fcbarcelonanoticias.com\\\/en\\\/players\\\/the-ex-canterano-of-the-barca-that-is-shining-in-the-premier_284578_102.html#primaryimage\"},\"thumbnailUrl\":\"https:\\\/\\\/www.fcbarcelonanoticias.com\\\/en\\\/wp-content\\\/uploads\\\/sites\\\/2\\\/2022\\\/09\\\/juan-larios-southhampton.jpeg\",\"datePublished\":\"2022-09-20T21:20:00+00:00\",\"author\":{\"@id\":\"https:\\\/\\\/www.fcbarcelonanoticias.com\\\/en\\\/#\\\/schema\\\/person\\\/c2cd9f6fa1af5c0d0eccd0fefa575c88\"},\"description\":\"The Masia follows producing talents in defence, but many of them abandon the FC Barcelona in front of the hard competition to arrive to the first team. One of...\",\"breadcrumb\":{\"@id\":\"https:\\\/\\\/www.fcbarcelonanoticias.com\\\/en\\\/players\\\/the-ex-canterano-of-the-barca-that-is-shining-in-the-premier_284578_102.html#breadcrumb\"},\"inLanguage\":\"en-US\",\"potentialAction\":[{\"@type\":\"ReadAction\",\"target\":[\"https:\\\/\\\/www.fcbarcelonanoticias.com\\\/en\\\/players\\\/the-ex-canterano-of-the-barca-that-is-shining-in-the-premier_284578_102.html\"]}]},{\"@type\":\"ImageObject\",\"inLanguage\":\"en-US\",\"@id\":\"https:\\\/\\\/www.fcbarcelonanoticias.com\\\/en\\\/players\\\/the-ex-canterano-of-the-barca-that-is-shining-in-the-premier_284578_102.html#primaryimage\",\"url\":\"https:\\\/\\\/www.fcbarcelonanoticias.com\\\/en\\\/wp-content\\\/uploads\\\/sites\\\/2\\\/2022\\\/09\\\/juan-larios-southhampton.jpeg\",\"contentUrl\":\"https:\\\/\\\/www.fcbarcelonanoticias.com\\\/en\\\/wp-content\\\/uploads\\\/sites\\\/2\\\/2022\\\/09\\\/juan-larios-southhampton.jpeg\",\"width\":1300,\"height\":732},{\"@type\":\"BreadcrumbList\",\"@id\":\"https:\\\/\\\/www.fcbarcelonanoticias.com\\\/en\\\/players\\\/the-ex-canterano-of-the-barca-that-is-shining-in-the-premier_284578_102.html#breadcrumb\",\"itemListElement\":[{\"@type\":\"ListItem\",\"position\":1,\"name\":\"Portada\",\"item\":\"https:\\\/\\\/www.fcbarcelonanoticias.com\\\/en\\\/\"},{\"@type\":\"ListItem\",\"position\":2,\"name\":\"The former Bar\u00e7a youth squad who is shining in the Premier\"}]},{\"@type\":\"WebSite\",\"@id\":\"https:\\\/\\\/www.fcbarcelonanoticias.com\\\/en\\\/#website\",\"url\":\"https:\\\/\\\/www.fcbarcelonanoticias.com\\\/en\\\/\",\"name\":\"EN - FC Barcelona Noticias\",\"description\":\"\",\"potentialAction\":[{\"@type\":\"SearchAction\",\"target\":{\"@type\":\"EntryPoint\",\"urlTemplate\":\"https:\\\/\\\/www.fcbarcelonanoticias.com\\\/en\\\/?s={search_term_string}\"},\"query-input\":{\"@type\":\"PropertyValueSpecification\",\"valueRequired\":true,\"valueName\":\"search_term_string\"}}],\"inLanguage\":\"en-US\"},{\"@type\":\"Person\",\"@id\":\"https:\\\/\\\/www.fcbarcelonanoticias.com\\\/en\\\/#\\\/schema\\\/person\\\/c2cd9f6fa1af5c0d0eccd0fefa575c88\",\"name\":\"Andr\u00e9s Quiroz\",\"image\":{\"@type\":\"ImageObject\",\"inLanguage\":\"en-US\",\"@id\":\"https:\\\/\\\/secure.gravatar.com\\\/avatar\\\/?s=96&d=mm&r=g\",\"url\":\"https:\\\/\\\/secure.gravatar.com\\\/avatar\\\/?s=96&d=mm&r=g\",\"contentUrl\":\"https:\\\/\\\/secure.gravatar.com\\\/avatar\\\/?s=96&d=mm&r=g\",\"caption\":\"Andr\u00e9s Quiroz\"},\"description\":\"Licenciado en Periodismo por la Universidad de los Andes. Me encargo de analizar y compartir los contenidos m\u00e1s destacados de la\u00a0actualidad del F\u00fatbol Club Barcelona, Mercado de Fichajes y F\u00fatbol Internacional en FCBN. La informaci\u00f3n es poder, pero tambi\u00e9n conocimiento.\",\"url\":\"https:\\\/\\\/www.fcbarcelonanoticias.com\\\/en\\\/fc-barcelona\\\/andres-quiroz_17_115.html\"}]}<\/script>\n<!-- \/ Yoast SEO plugin. -->","yoast_head_json":{"title":"The ex canterano of the Bar\u00e7a that is shining in the Premier","description":"The Masia follows producing talents in defence, but many of them abandon the FC Barcelona in front of the hard competition to arrive to the first team. One of...","robots":{"index":"index","follow":"follow","max-snippet":"max-snippet:-1","max-image-preview":"max-image-preview:large","max-video-preview":"max-video-preview:-1"},"canonical":"https:\/\/www.fcbarcelonanoticias.com\/en\/players\/the-ex-canterano-of-the-barca-that-is-shining-in-the-premier_284578_102.html","og_locale":"en_US","og_type":"article","og_title":"The ex canterano of the Bar\u00e7a that is shining in the Premier","og_description":"The Masia follows producing talents in defence, but many of them abandon the FC Barcelona in front of the hard competition to arrive to the first team. One of...","og_url":"https:\/\/www.fcbarcelonanoticias.com\/en\/players\/the-ex-canterano-of-the-barca-that-is-shining-in-the-premier_284578_102.html","og_site_name":"EN - FC Barcelona Noticias","article_published_time":"2022-09-20T21:20:00+00:00","og_image":[{"width":1300,"height":732,"url":"https:\/\/www.fcbarcelonanoticias.com\/en\/wp-content\/uploads\/sites\/2\/2022\/09\/juan-larios-southhampton.jpeg","type":"image\/jpeg"}],"author":"Andr\u00e9s Quiroz","twitter_card":"summary_large_image","twitter_misc":{"Written by":"Andr\u00e9s Quiroz","Est. reading time":"2 minutes"},"schema":{"@context":"https:\/\/schema.org","@graph":[{"@type":"Article","@id":"https:\/\/www.fcbarcelonanoticias.com\/en\/players\/the-ex-canterano-of-the-barca-that-is-shining-in-the-premier_284578_102.html#article","isPartOf":{"@id":"https:\/\/www.fcbarcelonanoticias.com\/en\/players\/the-ex-canterano-of-the-barca-that-is-shining-in-the-premier_284578_102.html"},"author":{"name":"Andr\u00e9s Quiroz","@id":"https:\/\/www.fcbarcelonanoticias.com\/en\/#\/schema\/person\/c2cd9f6fa1af5c0d0eccd0fefa575c88"},"headline":"The former Bar\u00e7a youth squad who is shining in the Premier","datePublished":"2022-09-20T21:20:00+00:00","mainEntityOfPage":{"@id":"https:\/\/www.fcbarcelonanoticias.com\/en\/players\/the-ex-canterano-of-the-barca-that-is-shining-in-the-premier_284578_102.html"},"wordCount":457,"image":{"@id":"https:\/\/www.fcbarcelonanoticias.com\/en\/players\/the-ex-canterano-of-the-barca-that-is-shining-in-the-premier_284578_102.html#primaryimage"},"thumbnailUrl":"https:\/\/www.fcbarcelonanoticias.com\/en\/wp-content\/uploads\/sites\/2\/2022\/09\/juan-larios-southhampton.jpeg","articleSection":["Players","Players"],"inLanguage":"en-US"},{"@type":"WebPage","@id":"https:\/\/www.fcbarcelonanoticias.com\/en\/players\/the-ex-canterano-of-the-barca-that-is-shining-in-the-premier_284578_102.html","url":"https:\/\/www.fcbarcelonanoticias.com\/en\/players\/the-ex-canterano-of-the-barca-that-is-shining-in-the-premier_284578_102.html","name":"The ex canterano of the Bar\u00e7a that is shining in the Premier","isPartOf":{"@id":"https:\/\/www.fcbarcelonanoticias.com\/en\/#website"},"primaryImageOfPage":{"@id":"https:\/\/www.fcbarcelonanoticias.com\/en\/players\/the-ex-canterano-of-the-barca-that-is-shining-in-the-premier_284578_102.html#primaryimage"},"image":{"@id":"https:\/\/www.fcbarcelonanoticias.com\/en\/players\/the-ex-canterano-of-the-barca-that-is-shining-in-the-premier_284578_102.html#primaryimage"},"thumbnailUrl":"https:\/\/www.fcbarcelonanoticias.com\/en\/wp-content\/uploads\/sites\/2\/2022\/09\/juan-larios-southhampton.jpeg","datePublished":"2022-09-20T21:20:00+00:00","author":{"@id":"https:\/\/www.fcbarcelonanoticias.com\/en\/#\/schema\/person\/c2cd9f6fa1af5c0d0eccd0fefa575c88"},"description":"The Masia follows producing talents in defence, but many of them abandon the FC Barcelona in front of the hard competition to arrive to the first team. One of...","breadcrumb":{"@id":"https:\/\/www.fcbarcelonanoticias.com\/en\/players\/the-ex-canterano-of-the-barca-that-is-shining-in-the-premier_284578_102.html#breadcrumb"},"inLanguage":"en-US","potentialAction":[{"@type":"ReadAction","target":["https:\/\/www.fcbarcelonanoticias.com\/en\/players\/the-ex-canterano-of-the-barca-that-is-shining-in-the-premier_284578_102.html"]}]},{"@type":"ImageObject","inLanguage":"en-US","@id":"https:\/\/www.fcbarcelonanoticias.com\/en\/players\/the-ex-canterano-of-the-barca-that-is-shining-in-the-premier_284578_102.html#primaryimage","url":"https:\/\/www.fcbarcelonanoticias.com\/en\/wp-content\/uploads\/sites\/2\/2022\/09\/juan-larios-southhampton.jpeg","contentUrl":"https:\/\/www.fcbarcelonanoticias.com\/en\/wp-content\/uploads\/sites\/2\/2022\/09\/juan-larios-southhampton.jpeg","width":1300,"height":732},{"@type":"BreadcrumbList","@id":"https:\/\/www.fcbarcelonanoticias.com\/en\/players\/the-ex-canterano-of-the-barca-that-is-shining-in-the-premier_284578_102.html#breadcrumb","itemListElement":[{"@type":"ListItem","position":1,"name":"Portada","item":"https:\/\/www.fcbarcelonanoticias.com\/en\/"},{"@type":"ListItem","position":2,"name":"The former Bar\u00e7a youth squad who is shining in the Premier"}]},{"@type":"WebSite","@id":"https:\/\/www.fcbarcelonanoticias.com\/en\/#website","url":"https:\/\/www.fcbarcelonanoticias.com\/en\/","name":"EN - FC Barcelona Noticias","description":"","potentialAction":[{"@type":"SearchAction","target":{"@type":"EntryPoint","urlTemplate":"https:\/\/www.fcbarcelonanoticias.com\/en\/?s={search_term_string}"},"query-input":{"@type":"PropertyValueSpecification","valueRequired":true,"valueName":"search_term_string"}}],"inLanguage":"en-US"},{"@type":"Person","@id":"https:\/\/www.fcbarcelonanoticias.com\/en\/#\/schema\/person\/c2cd9f6fa1af5c0d0eccd0fefa575c88","name":"Andr\u00e9s Quiroz","image":{"@type":"ImageObject","inLanguage":"en-US","@id":"https:\/\/secure.gravatar.com\/avatar\/?s=96&d=mm&r=g","url":"https:\/\/secure.gravatar.com\/avatar\/?s=96&d=mm&r=g","contentUrl":"https:\/\/secure.gravatar.com\/avatar\/?s=96&d=mm&r=g","caption":"Andr\u00e9s Quiroz"},"description":"Licenciado en Periodismo por la Universidad de los Andes. Me encargo de analizar y compartir los contenidos m\u00e1s destacados de la\u00a0actualidad del F\u00fatbol Club Barcelona, Mercado de Fichajes y F\u00fatbol Internacional en FCBN. La informaci\u00f3n es poder, pero tambi\u00e9n conocimiento.","url":"https:\/\/www.fcbarcelonanoticias.com\/en\/fc-barcelona\/andres-quiroz_17_115.html"}]}},"_links":{"self":[{"href":"https:\/\/www.fcbarcelonanoticias.com\/en\/wp-json\/wp\/v2\/posts\/79167","targetHints":{"allow":["GET"]}}],"collection":[{"href":"https:\/\/www.fcbarcelonanoticias.com\/en\/wp-json\/wp\/v2\/posts"}],"about":[{"href":"https:\/\/www.fcbarcelonanoticias.com\/en\/wp-json\/wp\/v2\/types\/post"}],"author":[{"embeddable":true,"href":"https:\/\/www.fcbarcelonanoticias.com\/en\/wp-json\/wp\/v2\/users\/347"}],"replies":[{"embeddable":true,"href":"https:\/\/www.fcbarcelonanoticias.com\/en\/wp-json\/wp\/v2\/comments?post=79167"}],"version-history":[{"count":1,"href":"https:\/\/www.fcbarcelonanoticias.com\/en\/wp-json\/wp\/v2\/posts\/79167\/revisions"}],"predecessor-version":[{"id":79168,"href":"https:\/\/www.fcbarcelonanoticias.com\/en\/wp-json\/wp\/v2\/posts\/79167\/revisions\/79168"}],"wp:featuredmedia":[{"embeddable":true,"href":"https:\/\/www.fcbarcelonanoticias.com\/en\/wp-json\/wp\/v2\/media\/79169"}],"wp:attachment":[{"href":"https:\/\/www.fcbarcelonanoticias.com\/en\/wp-json\/wp\/v2\/media?parent=79167"}],"wp:term":[{"taxonomy":"category","embeddable":true,"href":"https:\/\/www.fcbarcelonanoticias.com\/en\/wp-json\/wp\/v2\/categories?post=79167"},{"taxonomy":"post_tag","embeddable":true,"href":"https:\/\/www.fcbarcelonanoticias.com\/en\/wp-json\/wp\/v2\/tags?post=79167"}],"curies":[{"name":"wp","href":"https:\/\/api.w.org\/{rel}","templated":true}]}}