{"id":79396,"date":"2023-12-05T23:44:00","date_gmt":"2023-12-05T22:44:00","guid":{"rendered":"https:\/\/weisetech.dev\/fc-barcelona-noticias\/en\/the-girona-loses-effective-for-the-party-in-front-of-the-barca_298751_102\/"},"modified":"2023-12-05T23:44:00","modified_gmt":"2023-12-05T22:44:00","slug":"the-girona-loses-effective-for-the-party-in-front-of-the-barca_298751_102","status":"publish","type":"post","link":"https:\/\/www.fcbarcelonanoticias.com\/en\/players\/the-girona-loses-effective-for-the-party-in-front-of-the-barca_298751_102.html","title":{"rendered":"The Girona loses effective for the party in front of the Bar\u00e7a"},"content":{"rendered":"<h2 class=\"wp-block-heading\">M\u00edchel S\u00e1nchez, trainer of the Girona, will not be able to have Yangel Herrera for the party of the Sunday in front of the Bar\u00e7a. The Venezuelan midfield player  lesi\u00f3no in the last meeting of League and the medical proofs confirmed that has an injury miotendinosa in the biceps femoral of his right leg. An injury that will have him of drop a month and half<\/h2>  \r\n<div class=\"article-addons\">\r\n    <a href=\"https:\/\/www.fcbarcelonanoticias.com\/en\/calendar-fc-barcelona.html\"\r\n       target=\"_self\"\r\n       title=\"Calendar of FC Barcelona\"\r\n       class=\"blue-gredient-btn\">\r\n       \r\n        Calendar of FC Barcelona    <\/a>\r\n<\/div>   <p style=\"text-align: justify;\"><strong>They fulfilled the worst prognoses with Yangel Herrera.<\/strong> M\u00edchel S\u00e1nchez, trainer of the Girona, will not be able to have the Venezuelan midfield player for the big derbi of the Sunday in front of the Bar\u00e7a. The exfutbolista of the Granada fell lesionado in the meeting in front of the Valency after noticing some small annoyances in the biceps femoral of the right leg. <strong>&#8220;It has noticed an annoyance or prick in an action&#8221;<\/strong>, said the trainer of the Catalan team. A sensitive drop for M\u00edchel that loses to a player, that in spite of being midfield player, has annotated 4 goals in what we carry of season and has turned into one of the most important footballers of the staff.<br><br><strong>Three days afterwards, the proofs made by the medical services of the Girona confirmed an injury miotendinosa in the biceps femoral of his right leg.<\/strong> An injury that will have him of drop a month and half (six weeks roughly). The exjugador of the Spanish will not go back to play until next year and will lose the parties in front of the Orihuela, Bar\u00e7a, Alav\u00e9s, Betis and Athletic of Madrid. <strong>His turn to the terrains of game could arrive on 14 January, in front of the Almer\u00eda, or on 21 January, in front of the Seville.<\/strong><\/p>  <h2 style=\"text-align: justify;\"><b>A sensitive drop for M\u00edchel that will look for to assault Montju\u00efc<\/b><\/h2>  <p style=\"text-align: justify;\"><strong>The Girona is still in the highest of the classification and will look for to assault this Sunday Montju\u00efc. <\/strong>The ones of Xavi Hern\u00e1ndez will see the faces with a team that is making history this season. Like this they explain it the numbers, since the Girona is col\u00edder empatado to points (38) with the Real Madrid. The men of M\u00edchel want to take advantage of his excellent state of form to carry the three points. The blaugrana, instead, that need the victory to follow the trail of the leader, want to show that they can give him continuity to what saw in front of the Athletic of Madrid.<\/p> ","protected":false},"excerpt":{"rendered":"<p>M\u00edchel S\u00e1nchez, trainer of the Girona, will not be able to have Yangel Herrera for the party of the Sunday in front of the Bar\u00e7a. The Venezuelan midfield player lesi\u00f3no in the last meeting of League and the medical proofs confirmed that has an injury miotendinosa in the biceps femoral of his right leg. An [&hellip;]<\/p>\n","protected":false},"author":356,"featured_media":79398,"comment_status":"closed","ping_status":"open","sticky":false,"template":"","format":"standard","meta":{"_acf_changed":false,"inline_featured_image":false,"_nextfly_llmd_date_locked":false,"footnotes":""},"categories":[107,453],"tags":[50],"class_list":["post-79396","post","type-post","status-publish","format-standard","has-post-thumbnail","hentry","category-players","category-players-2","tag-girona"],"acf":[],"yoast_head":"<!-- This site is optimized with the Yoast SEO plugin v27.3 - https:\/\/yoast.com\/product\/yoast-seo-wordpress\/ -->\n<title>The Girona loses effective for the party in front of the Bar\u00e7a<\/title>\n<meta name=\"description\" content=\"M\u00edchel S\u00e1nchez, trainer of the Girona, will not be able to have Yangel Herrera for the party of the Sunday in front of the Bar\u00e7a. The Venezuelan midfield player lesi\u00f3no in the last meeting of League and the medical proofs confirmed that has an injury miotendinosa in the biceps femoral of his leg derec...\" \/>\n<meta name=\"robots\" content=\"index, follow, max-snippet:-1, max-image-preview:large, max-video-preview:-1\" \/>\n<link rel=\"canonical\" href=\"https:\/\/www.fcbarcelonanoticias.com\/en\/players\/the-girona-loses-effective-for-the-party-in-front-of-the-barca_298751_102.html\" \/>\n<meta property=\"og:locale\" content=\"en_US\" \/>\n<meta property=\"og:type\" content=\"article\" \/>\n<meta property=\"og:title\" content=\"The Girona loses effective for the party in front of the Bar\u00e7a\" \/>\n<meta property=\"og:description\" content=\"M\u00edchel S\u00e1nchez, trainer of the Girona, will not be able to have Yangel Herrera for the party of the Sunday in front of the Bar\u00e7a. The Venezuelan midfield player lesi\u00f3no in the last meeting of League and the medical proofs confirmed that has an injury miotendinosa in the biceps femoral of his leg derec...\" \/>\n<meta property=\"og:url\" content=\"https:\/\/www.fcbarcelonanoticias.com\/en\/players\/the-girona-loses-effective-for-the-party-in-front-of-the-barca_298751_102.html\" \/>\n<meta property=\"og:site_name\" content=\"EN - FC Barcelona Noticias\" \/>\n<meta property=\"article:published_time\" content=\"2023-12-05T22:44:00+00:00\" \/>\n<meta property=\"og:image\" content=\"https:\/\/www.fcbarcelonanoticias.com\/en\/wp-content\/uploads\/sites\/2\/2023\/12\/yangel-herrera-jugador-del-girona-scaled.jpeg\" \/>\n\t<meta property=\"og:image:width\" content=\"2560\" \/>\n\t<meta property=\"og:image:height\" content=\"1707\" \/>\n\t<meta property=\"og:image:type\" content=\"image\/jpeg\" \/>\n<meta name=\"author\" content=\"Jordi Muntan\u00e9\" \/>\n<meta name=\"twitter:card\" content=\"summary_large_image\" \/>\n<meta name=\"twitter:label1\" content=\"Written by\" \/>\n\t<meta name=\"twitter:data1\" content=\"Jordi Muntan\u00e9\" \/>\n\t<meta name=\"twitter:label2\" content=\"Est. reading time\" \/>\n\t<meta name=\"twitter:data2\" content=\"2 minutes\" \/>\n<script type=\"application\/ld+json\" class=\"yoast-schema-graph\">{\"@context\":\"https:\\\/\\\/schema.org\",\"@graph\":[{\"@type\":\"Article\",\"@id\":\"https:\\\/\\\/www.fcbarcelonanoticias.com\\\/en\\\/players\\\/the-girona-loses-effective-for-the-party-in-front-of-the-barca_298751_102.html#article\",\"isPartOf\":{\"@id\":\"https:\\\/\\\/www.fcbarcelonanoticias.com\\\/en\\\/players\\\/the-girona-loses-effective-for-the-party-in-front-of-the-barca_298751_102.html\"},\"author\":{\"name\":\"Jordi Muntan\u00e9\",\"@id\":\"https:\\\/\\\/www.fcbarcelonanoticias.com\\\/en\\\/#\\\/schema\\\/person\\\/72a7d90f54fb1c7fe34d5e0677e8b574\"},\"headline\":\"The Girona loses effective for the party in front of the Bar\u00e7a\",\"datePublished\":\"2023-12-05T22:44:00+00:00\",\"mainEntityOfPage\":{\"@id\":\"https:\\\/\\\/www.fcbarcelonanoticias.com\\\/en\\\/players\\\/the-girona-loses-effective-for-the-party-in-front-of-the-barca_298751_102.html\"},\"wordCount\":431,\"image\":{\"@id\":\"https:\\\/\\\/www.fcbarcelonanoticias.com\\\/en\\\/players\\\/the-girona-loses-effective-for-the-party-in-front-of-the-barca_298751_102.html#primaryimage\"},\"thumbnailUrl\":\"https:\\\/\\\/www.fcbarcelonanoticias.com\\\/en\\\/wp-content\\\/uploads\\\/sites\\\/2\\\/2023\\\/12\\\/yangel-herrera-jugador-del-girona-scaled.jpeg\",\"keywords\":[\"Girona\"],\"articleSection\":[\"Players\",\"Players\"],\"inLanguage\":\"en-US\"},{\"@type\":\"WebPage\",\"@id\":\"https:\\\/\\\/www.fcbarcelonanoticias.com\\\/en\\\/players\\\/the-girona-loses-effective-for-the-party-in-front-of-the-barca_298751_102.html\",\"url\":\"https:\\\/\\\/www.fcbarcelonanoticias.com\\\/en\\\/players\\\/the-girona-loses-effective-for-the-party-in-front-of-the-barca_298751_102.html\",\"name\":\"The Girona loses effective for the party in front of the Bar\u00e7a\",\"isPartOf\":{\"@id\":\"https:\\\/\\\/www.fcbarcelonanoticias.com\\\/en\\\/#website\"},\"primaryImageOfPage\":{\"@id\":\"https:\\\/\\\/www.fcbarcelonanoticias.com\\\/en\\\/players\\\/the-girona-loses-effective-for-the-party-in-front-of-the-barca_298751_102.html#primaryimage\"},\"image\":{\"@id\":\"https:\\\/\\\/www.fcbarcelonanoticias.com\\\/en\\\/players\\\/the-girona-loses-effective-for-the-party-in-front-of-the-barca_298751_102.html#primaryimage\"},\"thumbnailUrl\":\"https:\\\/\\\/www.fcbarcelonanoticias.com\\\/en\\\/wp-content\\\/uploads\\\/sites\\\/2\\\/2023\\\/12\\\/yangel-herrera-jugador-del-girona-scaled.jpeg\",\"datePublished\":\"2023-12-05T22:44:00+00:00\",\"author\":{\"@id\":\"https:\\\/\\\/www.fcbarcelonanoticias.com\\\/en\\\/#\\\/schema\\\/person\\\/72a7d90f54fb1c7fe34d5e0677e8b574\"},\"description\":\"M\u00edchel S\u00e1nchez, trainer of the Girona, will not be able to have Yangel Herrera for the party of the Sunday in front of the Bar\u00e7a. The Venezuelan midfield player lesi\u00f3no in the last meeting of League and the medical proofs confirmed that has an injury miotendinosa in the biceps femoral of his leg derec...\",\"breadcrumb\":{\"@id\":\"https:\\\/\\\/www.fcbarcelonanoticias.com\\\/en\\\/players\\\/the-girona-loses-effective-for-the-party-in-front-of-the-barca_298751_102.html#breadcrumb\"},\"inLanguage\":\"en-US\",\"potentialAction\":[{\"@type\":\"ReadAction\",\"target\":[\"https:\\\/\\\/www.fcbarcelonanoticias.com\\\/en\\\/players\\\/the-girona-loses-effective-for-the-party-in-front-of-the-barca_298751_102.html\"]}]},{\"@type\":\"ImageObject\",\"inLanguage\":\"en-US\",\"@id\":\"https:\\\/\\\/www.fcbarcelonanoticias.com\\\/en\\\/players\\\/the-girona-loses-effective-for-the-party-in-front-of-the-barca_298751_102.html#primaryimage\",\"url\":\"https:\\\/\\\/www.fcbarcelonanoticias.com\\\/en\\\/wp-content\\\/uploads\\\/sites\\\/2\\\/2023\\\/12\\\/yangel-herrera-jugador-del-girona-scaled.jpeg\",\"contentUrl\":\"https:\\\/\\\/www.fcbarcelonanoticias.com\\\/en\\\/wp-content\\\/uploads\\\/sites\\\/2\\\/2023\\\/12\\\/yangel-herrera-jugador-del-girona-scaled.jpeg\",\"width\":2560,\"height\":1707},{\"@type\":\"BreadcrumbList\",\"@id\":\"https:\\\/\\\/www.fcbarcelonanoticias.com\\\/en\\\/players\\\/the-girona-loses-effective-for-the-party-in-front-of-the-barca_298751_102.html#breadcrumb\",\"itemListElement\":[{\"@type\":\"ListItem\",\"position\":1,\"name\":\"Portada\",\"item\":\"https:\\\/\\\/www.fcbarcelonanoticias.com\\\/en\\\/\"},{\"@type\":\"ListItem\",\"position\":2,\"name\":\"The Girona loses effective for the party in front of the Bar\u00e7a\"}]},{\"@type\":\"WebSite\",\"@id\":\"https:\\\/\\\/www.fcbarcelonanoticias.com\\\/en\\\/#website\",\"url\":\"https:\\\/\\\/www.fcbarcelonanoticias.com\\\/en\\\/\",\"name\":\"EN - FC Barcelona Noticias\",\"description\":\"\",\"potentialAction\":[{\"@type\":\"SearchAction\",\"target\":{\"@type\":\"EntryPoint\",\"urlTemplate\":\"https:\\\/\\\/www.fcbarcelonanoticias.com\\\/en\\\/?s={search_term_string}\"},\"query-input\":{\"@type\":\"PropertyValueSpecification\",\"valueRequired\":true,\"valueName\":\"search_term_string\"}}],\"inLanguage\":\"en-US\"},{\"@type\":\"Person\",\"@id\":\"https:\\\/\\\/www.fcbarcelonanoticias.com\\\/en\\\/#\\\/schema\\\/person\\\/72a7d90f54fb1c7fe34d5e0677e8b574\",\"name\":\"Jordi Muntan\u00e9\",\"image\":{\"@type\":\"ImageObject\",\"inLanguage\":\"en-US\",\"@id\":\"https:\\\/\\\/secure.gravatar.com\\\/avatar\\\/?s=96&d=mm&r=g\",\"url\":\"https:\\\/\\\/secure.gravatar.com\\\/avatar\\\/?s=96&d=mm&r=g\",\"contentUrl\":\"https:\\\/\\\/secure.gravatar.com\\\/avatar\\\/?s=96&d=mm&r=g\",\"caption\":\"Jordi Muntan\u00e9\"},\"url\":\"https:\\\/\\\/www.fcbarcelonanoticias.com\\\/en\\\/jordi-muntane_25_115.html\"}]}<\/script>\n<!-- \/ Yoast SEO plugin. -->","yoast_head_json":{"title":"The Girona loses effective for the party in front of the Bar\u00e7a","description":"M\u00edchel S\u00e1nchez, trainer of the Girona, will not be able to have Yangel Herrera for the party of the Sunday in front of the Bar\u00e7a. The Venezuelan midfield player lesi\u00f3no in the last meeting of League and the medical proofs confirmed that has an injury miotendinosa in the biceps femoral of his leg derec...","robots":{"index":"index","follow":"follow","max-snippet":"max-snippet:-1","max-image-preview":"max-image-preview:large","max-video-preview":"max-video-preview:-1"},"canonical":"https:\/\/www.fcbarcelonanoticias.com\/en\/players\/the-girona-loses-effective-for-the-party-in-front-of-the-barca_298751_102.html","og_locale":"en_US","og_type":"article","og_title":"The Girona loses effective for the party in front of the Bar\u00e7a","og_description":"M\u00edchel S\u00e1nchez, trainer of the Girona, will not be able to have Yangel Herrera for the party of the Sunday in front of the Bar\u00e7a. The Venezuelan midfield player lesi\u00f3no in the last meeting of League and the medical proofs confirmed that has an injury miotendinosa in the biceps femoral of his leg derec...","og_url":"https:\/\/www.fcbarcelonanoticias.com\/en\/players\/the-girona-loses-effective-for-the-party-in-front-of-the-barca_298751_102.html","og_site_name":"EN - FC Barcelona Noticias","article_published_time":"2023-12-05T22:44:00+00:00","og_image":[{"width":2560,"height":1707,"url":"https:\/\/www.fcbarcelonanoticias.com\/en\/wp-content\/uploads\/sites\/2\/2023\/12\/yangel-herrera-jugador-del-girona-scaled.jpeg","type":"image\/jpeg"}],"author":"Jordi Muntan\u00e9","twitter_card":"summary_large_image","twitter_misc":{"Written by":"Jordi Muntan\u00e9","Est. reading time":"2 minutes"},"schema":{"@context":"https:\/\/schema.org","@graph":[{"@type":"Article","@id":"https:\/\/www.fcbarcelonanoticias.com\/en\/players\/the-girona-loses-effective-for-the-party-in-front-of-the-barca_298751_102.html#article","isPartOf":{"@id":"https:\/\/www.fcbarcelonanoticias.com\/en\/players\/the-girona-loses-effective-for-the-party-in-front-of-the-barca_298751_102.html"},"author":{"name":"Jordi Muntan\u00e9","@id":"https:\/\/www.fcbarcelonanoticias.com\/en\/#\/schema\/person\/72a7d90f54fb1c7fe34d5e0677e8b574"},"headline":"The Girona loses effective for the party in front of the Bar\u00e7a","datePublished":"2023-12-05T22:44:00+00:00","mainEntityOfPage":{"@id":"https:\/\/www.fcbarcelonanoticias.com\/en\/players\/the-girona-loses-effective-for-the-party-in-front-of-the-barca_298751_102.html"},"wordCount":431,"image":{"@id":"https:\/\/www.fcbarcelonanoticias.com\/en\/players\/the-girona-loses-effective-for-the-party-in-front-of-the-barca_298751_102.html#primaryimage"},"thumbnailUrl":"https:\/\/www.fcbarcelonanoticias.com\/en\/wp-content\/uploads\/sites\/2\/2023\/12\/yangel-herrera-jugador-del-girona-scaled.jpeg","keywords":["Girona"],"articleSection":["Players","Players"],"inLanguage":"en-US"},{"@type":"WebPage","@id":"https:\/\/www.fcbarcelonanoticias.com\/en\/players\/the-girona-loses-effective-for-the-party-in-front-of-the-barca_298751_102.html","url":"https:\/\/www.fcbarcelonanoticias.com\/en\/players\/the-girona-loses-effective-for-the-party-in-front-of-the-barca_298751_102.html","name":"The Girona loses effective for the party in front of the Bar\u00e7a","isPartOf":{"@id":"https:\/\/www.fcbarcelonanoticias.com\/en\/#website"},"primaryImageOfPage":{"@id":"https:\/\/www.fcbarcelonanoticias.com\/en\/players\/the-girona-loses-effective-for-the-party-in-front-of-the-barca_298751_102.html#primaryimage"},"image":{"@id":"https:\/\/www.fcbarcelonanoticias.com\/en\/players\/the-girona-loses-effective-for-the-party-in-front-of-the-barca_298751_102.html#primaryimage"},"thumbnailUrl":"https:\/\/www.fcbarcelonanoticias.com\/en\/wp-content\/uploads\/sites\/2\/2023\/12\/yangel-herrera-jugador-del-girona-scaled.jpeg","datePublished":"2023-12-05T22:44:00+00:00","author":{"@id":"https:\/\/www.fcbarcelonanoticias.com\/en\/#\/schema\/person\/72a7d90f54fb1c7fe34d5e0677e8b574"},"description":"M\u00edchel S\u00e1nchez, trainer of the Girona, will not be able to have Yangel Herrera for the party of the Sunday in front of the Bar\u00e7a. The Venezuelan midfield player lesi\u00f3no in the last meeting of League and the medical proofs confirmed that has an injury miotendinosa in the biceps femoral of his leg derec...","breadcrumb":{"@id":"https:\/\/www.fcbarcelonanoticias.com\/en\/players\/the-girona-loses-effective-for-the-party-in-front-of-the-barca_298751_102.html#breadcrumb"},"inLanguage":"en-US","potentialAction":[{"@type":"ReadAction","target":["https:\/\/www.fcbarcelonanoticias.com\/en\/players\/the-girona-loses-effective-for-the-party-in-front-of-the-barca_298751_102.html"]}]},{"@type":"ImageObject","inLanguage":"en-US","@id":"https:\/\/www.fcbarcelonanoticias.com\/en\/players\/the-girona-loses-effective-for-the-party-in-front-of-the-barca_298751_102.html#primaryimage","url":"https:\/\/www.fcbarcelonanoticias.com\/en\/wp-content\/uploads\/sites\/2\/2023\/12\/yangel-herrera-jugador-del-girona-scaled.jpeg","contentUrl":"https:\/\/www.fcbarcelonanoticias.com\/en\/wp-content\/uploads\/sites\/2\/2023\/12\/yangel-herrera-jugador-del-girona-scaled.jpeg","width":2560,"height":1707},{"@type":"BreadcrumbList","@id":"https:\/\/www.fcbarcelonanoticias.com\/en\/players\/the-girona-loses-effective-for-the-party-in-front-of-the-barca_298751_102.html#breadcrumb","itemListElement":[{"@type":"ListItem","position":1,"name":"Portada","item":"https:\/\/www.fcbarcelonanoticias.com\/en\/"},{"@type":"ListItem","position":2,"name":"The Girona loses effective for the party in front of the Bar\u00e7a"}]},{"@type":"WebSite","@id":"https:\/\/www.fcbarcelonanoticias.com\/en\/#website","url":"https:\/\/www.fcbarcelonanoticias.com\/en\/","name":"EN - FC Barcelona Noticias","description":"","potentialAction":[{"@type":"SearchAction","target":{"@type":"EntryPoint","urlTemplate":"https:\/\/www.fcbarcelonanoticias.com\/en\/?s={search_term_string}"},"query-input":{"@type":"PropertyValueSpecification","valueRequired":true,"valueName":"search_term_string"}}],"inLanguage":"en-US"},{"@type":"Person","@id":"https:\/\/www.fcbarcelonanoticias.com\/en\/#\/schema\/person\/72a7d90f54fb1c7fe34d5e0677e8b574","name":"Jordi Muntan\u00e9","image":{"@type":"ImageObject","inLanguage":"en-US","@id":"https:\/\/secure.gravatar.com\/avatar\/?s=96&d=mm&r=g","url":"https:\/\/secure.gravatar.com\/avatar\/?s=96&d=mm&r=g","contentUrl":"https:\/\/secure.gravatar.com\/avatar\/?s=96&d=mm&r=g","caption":"Jordi Muntan\u00e9"},"url":"https:\/\/www.fcbarcelonanoticias.com\/en\/jordi-muntane_25_115.html"}]}},"_links":{"self":[{"href":"https:\/\/www.fcbarcelonanoticias.com\/en\/wp-json\/wp\/v2\/posts\/79396","targetHints":{"allow":["GET"]}}],"collection":[{"href":"https:\/\/www.fcbarcelonanoticias.com\/en\/wp-json\/wp\/v2\/posts"}],"about":[{"href":"https:\/\/www.fcbarcelonanoticias.com\/en\/wp-json\/wp\/v2\/types\/post"}],"author":[{"embeddable":true,"href":"https:\/\/www.fcbarcelonanoticias.com\/en\/wp-json\/wp\/v2\/users\/356"}],"replies":[{"embeddable":true,"href":"https:\/\/www.fcbarcelonanoticias.com\/en\/wp-json\/wp\/v2\/comments?post=79396"}],"version-history":[{"count":3,"href":"https:\/\/www.fcbarcelonanoticias.com\/en\/wp-json\/wp\/v2\/posts\/79396\/revisions"}],"predecessor-version":[{"id":79397,"href":"https:\/\/www.fcbarcelonanoticias.com\/en\/wp-json\/wp\/v2\/posts\/79396\/revisions\/79397"}],"wp:featuredmedia":[{"embeddable":true,"href":"https:\/\/www.fcbarcelonanoticias.com\/en\/wp-json\/wp\/v2\/media\/79398"}],"wp:attachment":[{"href":"https:\/\/www.fcbarcelonanoticias.com\/en\/wp-json\/wp\/v2\/media?parent=79396"}],"wp:term":[{"taxonomy":"category","embeddable":true,"href":"https:\/\/www.fcbarcelonanoticias.com\/en\/wp-json\/wp\/v2\/categories?post=79396"},{"taxonomy":"post_tag","embeddable":true,"href":"https:\/\/www.fcbarcelonanoticias.com\/en\/wp-json\/wp\/v2\/tags?post=79396"}],"curies":[{"name":"wp","href":"https:\/\/api.w.org\/{rel}","templated":true}]}}