{"id":79567,"date":"2024-02-02T10:23:00","date_gmt":"2024-02-02T09:23:00","guid":{"rendered":"https:\/\/weisetech.dev\/fc-barcelona-noticias\/en\/the-hopeful-message-of-ferran-torres-who-will-do-the-impossible-to-play-at-napoli_300481_102\/"},"modified":"2024-02-02T10:23:00","modified_gmt":"2024-02-02T09:23:00","slug":"the-hopeful-message-of-ferran-torres-who-will-do-the-impossible-to-play-at-napoli_300481_102","status":"publish","type":"post","link":"https:\/\/www.fcbarcelonanoticias.com\/en\/players\/the-hopeful-message-of-ferran-torres-who-will-do-the-impossible-to-play-at-napoli_300481_102.html","title":{"rendered":"The hopeful message of Ferran Torres who will do the impossible to play at Napoli"},"content":{"rendered":"<h2 class=\"wp-block-heading\">FC Barcelona could return to the Champions League this month with several important absentees in their squad, although Ferran Torres will try until the last minute not to be one of those players who continue to be &#8216;KO&#8217;<\/h2>  \r\n<div class=\"article-addons\">\r\n    <a href=\"https:\/\/www.fcbarcelonanoticias.com\/en\/calendar-fc-barcelona.html\"\r\n       target=\"_self\"\r\n       title=\"Calendar of FC Barcelona\"\r\n       class=\"blue-gredient-btn\">\r\n       \r\n        Calendar of FC Barcelona    <\/a>\r\n<\/div>   <p>The last player of the FC Barcelona <a data-external=\"0\" data-intl-links-en=\"https:\/\/www.fcbarcelonanoticias.com\/en\/players\/terms-injuries-like-this-is-the-pobladisima-infirmary-of-the-barca_300459_102.html\" data-intl-links-es=\"https:\/\/www.fcbarcelonanoticias.com\/jugadores\/plazos-lesiones-esta-pobladisima-enfermeria-barca_300459_102.html\" href=\"https:\/\/www.fcbarcelonanoticias.com\/en\/players\/terms-injuries-like-this-is-the-pobladisima-infirmary-of-the-barca_300459_102.html\" rel=\"follow\" target=\"_self\" title=\"Plazos, lesiones\u2026 As\u00ed est\u00e1 la poblad\u00edsima enfermer\u00eda del Bar\u00e7a\">in lesionarse this season<\/a> has been Ferran Torres. The forward grieve could play five minutes the past Wednesday in front of Osasuna, lesion\u00e1ndose of haphazard way when it ran in search of a long pass. <strong>Quickly it touched the backside of the right thigh and the proofs later finish confirming that the player suffers a break in the biceps femoral of the right leg that will force him to be between four to five weeks in the dry dam.<\/strong><\/p>  <p>This initial prognosis is the one who is used to to see for this type of injuries, <strong>by what in principle everything indicates that his presence in the return of the Bar\u00e7a to the Champions League the next 21 February is descartada.<\/strong> But the journalist Santi Ovalle of &#8216;BE&#8217; has ensured that the Valencian has between his plans of recovery the can be available that day to confront to the Napoli in Diego Armando Maradona by the party of gone.<\/p>  <p>The information signals that the forward plans to reduce his 4 or 5 weeks of recovery to alone three and can receive the high medical one or two days before the parties. <strong>Although the possibility seems very complicated, everything will depend of the process that carry the player and if the technical body of Xavi Hern\u00e1ndez decides to bet by him in spite of the risk of a relapse,<\/strong> still when it would be to be available from the bench to add some minutes if necessary.<\/p>  <h2>Ferran goes back to show that his mentality follows stronger that never<\/h2>  <p>Already in his own communiqu\u00e9, Ferran showed very ilusionado in his social networks with a motivating message in which it left clear that will go back in style. <strong>&#8220;The mentality is the same. The work and the motivation, still greater. I will go back to tope and with more win to bite that never to attain the aims. Thank you! It wants you , sharks!&#8221;,<\/strong> it wrote Ferran Torres, appreciating the support of his followers in these moments complicated.<\/p>  <p>Like this, everything seemed to indicate that Xavi could no descartar his presence in Italy, at least until last hour.<strong> The importance of the party, and of the eliminatory, does that the Bar\u00e7a was conscious to need all the possible help, especially with Joao F\u00e9lix returning also of the sprain of ankle that suffered the past Tuesday. <\/strong>The m\u00edster would have to have <a data-external=\"0\" data-intl-links-en=\"https:\/\/www.fcbarcelonanoticias.com\/en\/players\/vitor-roque-remedy-for-barca-needed-of-spark_300461_102.html\" data-intl-links-es=\"https:\/\/www.fcbarcelonanoticias.com\/jugadores\/vitor-roque-remedio-barca-necesitado-chispa_300461_102.html\" href=\"https:\/\/www.fcbarcelonanoticias.com\/en\/players\/vitor-roque-remedy-for-barca-needed-of-spark_300461_102.html\" rel=\"follow\" target=\"_self\" title=\"Vitor Roque, 'remedio' para un Bar\u00e7a necesitado de chispa\">Vitor Roque<\/a> like extreme surely, waiting also of the return of Raphinha of his muscular injury, similar to which suffered Ferran Torres.<\/p> ","protected":false},"excerpt":{"rendered":"<p>FC Barcelona could return to the Champions League this month with several important absentees in their squad, although Ferran Torres will try until the last minute not to be one of those players who continue to be &#8216;KO&#8217; The last player of the FC Barcelona in lesionarse this season has been Ferran Torres. The forward [&hellip;]<\/p>\n","protected":false},"author":345,"featured_media":18163,"comment_status":"closed","ping_status":"open","sticky":false,"template":"","format":"standard","meta":{"_acf_changed":false,"inline_featured_image":false,"_nextfly_llmd_date_locked":false,"footnotes":""},"categories":[107,453],"tags":[51,54,48],"class_list":["post-79567","post","type-post","status-publish","format-standard","has-post-thumbnail","hentry","category-players","category-players-2","tag-napoli","tag-uefa","tag-xavi-hernandez"],"acf":[],"yoast_head":"<!-- This site is optimized with the Yoast SEO plugin v27.3 - https:\/\/yoast.com\/product\/yoast-seo-wordpress\/ -->\n<title>The hopeful message of Ferran Torres who will do the impossible to play at Napoli<\/title>\n<meta name=\"description\" content=\"FC Barcelona could return to the Champions League this month with several important absentees in their squad, although Ferran Torres will try until the last minute not to be one of those players who continue to be &#039;KO&#039;\" \/>\n<meta name=\"robots\" content=\"index, follow, max-snippet:-1, max-image-preview:large, max-video-preview:-1\" \/>\n<link rel=\"canonical\" href=\"https:\/\/www.fcbarcelonanoticias.com\/en\/players\/the-hopeful-message-of-ferran-torres-who-will-do-the-impossible-to-play-at-napoli_300481_102.html\" \/>\n<meta property=\"og:locale\" content=\"en_US\" \/>\n<meta property=\"og:type\" content=\"article\" \/>\n<meta property=\"og:title\" content=\"The hopeful message of Ferran Torres who will do the impossible to play at Napoli\" \/>\n<meta property=\"og:description\" content=\"FC Barcelona could return to the Champions League this month with several important absentees in their squad, although Ferran Torres will try until the last minute not to be one of those players who continue to be &#039;KO&#039;\" \/>\n<meta property=\"og:url\" content=\"https:\/\/www.fcbarcelonanoticias.com\/en\/players\/the-hopeful-message-of-ferran-torres-who-will-do-the-impossible-to-play-at-napoli_300481_102.html\" \/>\n<meta property=\"og:site_name\" content=\"EN - FC Barcelona Noticias\" \/>\n<meta property=\"article:published_time\" content=\"2024-02-02T09:23:00+00:00\" \/>\n<meta property=\"og:image\" content=\"https:\/\/www.fcbarcelonanoticias.com\/en\/wp-content\/uploads\/sites\/2\/2024\/03\/ferran-torres-festejando-su-gol-ante-el-amberes.png\" \/>\n\t<meta property=\"og:image:width\" content=\"1300\" \/>\n\t<meta property=\"og:image:height\" content=\"732\" \/>\n\t<meta property=\"og:image:type\" content=\"image\/png\" \/>\n<meta name=\"author\" content=\"Carlos Montenegro\" \/>\n<meta name=\"twitter:card\" content=\"summary_large_image\" \/>\n<meta name=\"twitter:label1\" content=\"Written by\" \/>\n\t<meta name=\"twitter:data1\" content=\"Carlos Montenegro\" \/>\n\t<meta name=\"twitter:label2\" content=\"Est. reading time\" \/>\n\t<meta name=\"twitter:data2\" content=\"2 minutes\" \/>\n<script type=\"application\/ld+json\" class=\"yoast-schema-graph\">{\"@context\":\"https:\\\/\\\/schema.org\",\"@graph\":[{\"@type\":\"Article\",\"@id\":\"https:\\\/\\\/www.fcbarcelonanoticias.com\\\/en\\\/players\\\/the-hopeful-message-of-ferran-torres-who-will-do-the-impossible-to-play-at-napoli_300481_102.html#article\",\"isPartOf\":{\"@id\":\"https:\\\/\\\/www.fcbarcelonanoticias.com\\\/en\\\/players\\\/the-hopeful-message-of-ferran-torres-who-will-do-the-impossible-to-play-at-napoli_300481_102.html\"},\"author\":{\"name\":\"Carlos Montenegro\",\"@id\":\"https:\\\/\\\/www.fcbarcelonanoticias.com\\\/en\\\/#\\\/schema\\\/person\\\/aa1d038709c262cb247e240f6b39bbf5\"},\"headline\":\"The hopeful message of Ferran Torres who will do the impossible to play at Napoli\",\"datePublished\":\"2024-02-02T09:23:00+00:00\",\"mainEntityOfPage\":{\"@id\":\"https:\\\/\\\/www.fcbarcelonanoticias.com\\\/en\\\/players\\\/the-hopeful-message-of-ferran-torres-who-will-do-the-impossible-to-play-at-napoli_300481_102.html\"},\"wordCount\":483,\"image\":{\"@id\":\"https:\\\/\\\/www.fcbarcelonanoticias.com\\\/en\\\/players\\\/the-hopeful-message-of-ferran-torres-who-will-do-the-impossible-to-play-at-napoli_300481_102.html#primaryimage\"},\"thumbnailUrl\":\"https:\\\/\\\/www.fcbarcelonanoticias.com\\\/en\\\/wp-content\\\/uploads\\\/sites\\\/2\\\/2024\\\/03\\\/ferran-torres-festejando-su-gol-ante-el-amberes.png\",\"keywords\":[\"Napoli\",\"UEFA\",\"Xavi Hern\u00e1ndez\"],\"articleSection\":[\"Players\",\"Players\"],\"inLanguage\":\"en-US\"},{\"@type\":\"WebPage\",\"@id\":\"https:\\\/\\\/www.fcbarcelonanoticias.com\\\/en\\\/players\\\/the-hopeful-message-of-ferran-torres-who-will-do-the-impossible-to-play-at-napoli_300481_102.html\",\"url\":\"https:\\\/\\\/www.fcbarcelonanoticias.com\\\/en\\\/players\\\/the-hopeful-message-of-ferran-torres-who-will-do-the-impossible-to-play-at-napoli_300481_102.html\",\"name\":\"The hopeful message of Ferran Torres who will do the impossible to play at Napoli\",\"isPartOf\":{\"@id\":\"https:\\\/\\\/www.fcbarcelonanoticias.com\\\/en\\\/#website\"},\"primaryImageOfPage\":{\"@id\":\"https:\\\/\\\/www.fcbarcelonanoticias.com\\\/en\\\/players\\\/the-hopeful-message-of-ferran-torres-who-will-do-the-impossible-to-play-at-napoli_300481_102.html#primaryimage\"},\"image\":{\"@id\":\"https:\\\/\\\/www.fcbarcelonanoticias.com\\\/en\\\/players\\\/the-hopeful-message-of-ferran-torres-who-will-do-the-impossible-to-play-at-napoli_300481_102.html#primaryimage\"},\"thumbnailUrl\":\"https:\\\/\\\/www.fcbarcelonanoticias.com\\\/en\\\/wp-content\\\/uploads\\\/sites\\\/2\\\/2024\\\/03\\\/ferran-torres-festejando-su-gol-ante-el-amberes.png\",\"datePublished\":\"2024-02-02T09:23:00+00:00\",\"author\":{\"@id\":\"https:\\\/\\\/www.fcbarcelonanoticias.com\\\/en\\\/#\\\/schema\\\/person\\\/aa1d038709c262cb247e240f6b39bbf5\"},\"description\":\"FC Barcelona could return to the Champions League this month with several important absentees in their squad, although Ferran Torres will try until the last minute not to be one of those players who continue to be 'KO'\",\"breadcrumb\":{\"@id\":\"https:\\\/\\\/www.fcbarcelonanoticias.com\\\/en\\\/players\\\/the-hopeful-message-of-ferran-torres-who-will-do-the-impossible-to-play-at-napoli_300481_102.html#breadcrumb\"},\"inLanguage\":\"en-US\",\"potentialAction\":[{\"@type\":\"ReadAction\",\"target\":[\"https:\\\/\\\/www.fcbarcelonanoticias.com\\\/en\\\/players\\\/the-hopeful-message-of-ferran-torres-who-will-do-the-impossible-to-play-at-napoli_300481_102.html\"]}]},{\"@type\":\"ImageObject\",\"inLanguage\":\"en-US\",\"@id\":\"https:\\\/\\\/www.fcbarcelonanoticias.com\\\/en\\\/players\\\/the-hopeful-message-of-ferran-torres-who-will-do-the-impossible-to-play-at-napoli_300481_102.html#primaryimage\",\"url\":\"https:\\\/\\\/www.fcbarcelonanoticias.com\\\/en\\\/wp-content\\\/uploads\\\/sites\\\/2\\\/2024\\\/03\\\/ferran-torres-festejando-su-gol-ante-el-amberes.png\",\"contentUrl\":\"https:\\\/\\\/www.fcbarcelonanoticias.com\\\/en\\\/wp-content\\\/uploads\\\/sites\\\/2\\\/2024\\\/03\\\/ferran-torres-festejando-su-gol-ante-el-amberes.png\",\"width\":1300,\"height\":732},{\"@type\":\"BreadcrumbList\",\"@id\":\"https:\\\/\\\/www.fcbarcelonanoticias.com\\\/en\\\/players\\\/the-hopeful-message-of-ferran-torres-who-will-do-the-impossible-to-play-at-napoli_300481_102.html#breadcrumb\",\"itemListElement\":[{\"@type\":\"ListItem\",\"position\":1,\"name\":\"Portada\",\"item\":\"https:\\\/\\\/www.fcbarcelonanoticias.com\\\/en\\\/\"},{\"@type\":\"ListItem\",\"position\":2,\"name\":\"The hopeful message of Ferran Torres who will do the impossible to play at Napoli\"}]},{\"@type\":\"WebSite\",\"@id\":\"https:\\\/\\\/www.fcbarcelonanoticias.com\\\/en\\\/#website\",\"url\":\"https:\\\/\\\/www.fcbarcelonanoticias.com\\\/en\\\/\",\"name\":\"EN - FC Barcelona Noticias\",\"description\":\"\",\"potentialAction\":[{\"@type\":\"SearchAction\",\"target\":{\"@type\":\"EntryPoint\",\"urlTemplate\":\"https:\\\/\\\/www.fcbarcelonanoticias.com\\\/en\\\/?s={search_term_string}\"},\"query-input\":{\"@type\":\"PropertyValueSpecification\",\"valueRequired\":true,\"valueName\":\"search_term_string\"}}],\"inLanguage\":\"en-US\"},{\"@type\":\"Person\",\"@id\":\"https:\\\/\\\/www.fcbarcelonanoticias.com\\\/en\\\/#\\\/schema\\\/person\\\/aa1d038709c262cb247e240f6b39bbf5\",\"name\":\"Carlos Montenegro\",\"image\":{\"@type\":\"ImageObject\",\"inLanguage\":\"en-US\",\"@id\":\"https:\\\/\\\/secure.gravatar.com\\\/avatar\\\/?s=96&d=mm&r=g\",\"url\":\"https:\\\/\\\/secure.gravatar.com\\\/avatar\\\/?s=96&d=mm&r=g\",\"contentUrl\":\"https:\\\/\\\/secure.gravatar.com\\\/avatar\\\/?s=96&d=mm&r=g\",\"caption\":\"Carlos Montenegro\"},\"url\":\"https:\\\/\\\/www.fcbarcelonanoticias.com\\\/en\\\/carlos-montenegro_20_115.html\"}]}<\/script>\n<!-- \/ Yoast SEO plugin. -->","yoast_head_json":{"title":"The hopeful message of Ferran Torres who will do the impossible to play at Napoli","description":"FC Barcelona could return to the Champions League this month with several important absentees in their squad, although Ferran Torres will try until the last minute not to be one of those players who continue to be 'KO'","robots":{"index":"index","follow":"follow","max-snippet":"max-snippet:-1","max-image-preview":"max-image-preview:large","max-video-preview":"max-video-preview:-1"},"canonical":"https:\/\/www.fcbarcelonanoticias.com\/en\/players\/the-hopeful-message-of-ferran-torres-who-will-do-the-impossible-to-play-at-napoli_300481_102.html","og_locale":"en_US","og_type":"article","og_title":"The hopeful message of Ferran Torres who will do the impossible to play at Napoli","og_description":"FC Barcelona could return to the Champions League this month with several important absentees in their squad, although Ferran Torres will try until the last minute not to be one of those players who continue to be 'KO'","og_url":"https:\/\/www.fcbarcelonanoticias.com\/en\/players\/the-hopeful-message-of-ferran-torres-who-will-do-the-impossible-to-play-at-napoli_300481_102.html","og_site_name":"EN - FC Barcelona Noticias","article_published_time":"2024-02-02T09:23:00+00:00","og_image":[{"width":1300,"height":732,"url":"https:\/\/www.fcbarcelonanoticias.com\/en\/wp-content\/uploads\/sites\/2\/2024\/03\/ferran-torres-festejando-su-gol-ante-el-amberes.png","type":"image\/png"}],"author":"Carlos Montenegro","twitter_card":"summary_large_image","twitter_misc":{"Written by":"Carlos Montenegro","Est. reading time":"2 minutes"},"schema":{"@context":"https:\/\/schema.org","@graph":[{"@type":"Article","@id":"https:\/\/www.fcbarcelonanoticias.com\/en\/players\/the-hopeful-message-of-ferran-torres-who-will-do-the-impossible-to-play-at-napoli_300481_102.html#article","isPartOf":{"@id":"https:\/\/www.fcbarcelonanoticias.com\/en\/players\/the-hopeful-message-of-ferran-torres-who-will-do-the-impossible-to-play-at-napoli_300481_102.html"},"author":{"name":"Carlos Montenegro","@id":"https:\/\/www.fcbarcelonanoticias.com\/en\/#\/schema\/person\/aa1d038709c262cb247e240f6b39bbf5"},"headline":"The hopeful message of Ferran Torres who will do the impossible to play at Napoli","datePublished":"2024-02-02T09:23:00+00:00","mainEntityOfPage":{"@id":"https:\/\/www.fcbarcelonanoticias.com\/en\/players\/the-hopeful-message-of-ferran-torres-who-will-do-the-impossible-to-play-at-napoli_300481_102.html"},"wordCount":483,"image":{"@id":"https:\/\/www.fcbarcelonanoticias.com\/en\/players\/the-hopeful-message-of-ferran-torres-who-will-do-the-impossible-to-play-at-napoli_300481_102.html#primaryimage"},"thumbnailUrl":"https:\/\/www.fcbarcelonanoticias.com\/en\/wp-content\/uploads\/sites\/2\/2024\/03\/ferran-torres-festejando-su-gol-ante-el-amberes.png","keywords":["Napoli","UEFA","Xavi Hern\u00e1ndez"],"articleSection":["Players","Players"],"inLanguage":"en-US"},{"@type":"WebPage","@id":"https:\/\/www.fcbarcelonanoticias.com\/en\/players\/the-hopeful-message-of-ferran-torres-who-will-do-the-impossible-to-play-at-napoli_300481_102.html","url":"https:\/\/www.fcbarcelonanoticias.com\/en\/players\/the-hopeful-message-of-ferran-torres-who-will-do-the-impossible-to-play-at-napoli_300481_102.html","name":"The hopeful message of Ferran Torres who will do the impossible to play at Napoli","isPartOf":{"@id":"https:\/\/www.fcbarcelonanoticias.com\/en\/#website"},"primaryImageOfPage":{"@id":"https:\/\/www.fcbarcelonanoticias.com\/en\/players\/the-hopeful-message-of-ferran-torres-who-will-do-the-impossible-to-play-at-napoli_300481_102.html#primaryimage"},"image":{"@id":"https:\/\/www.fcbarcelonanoticias.com\/en\/players\/the-hopeful-message-of-ferran-torres-who-will-do-the-impossible-to-play-at-napoli_300481_102.html#primaryimage"},"thumbnailUrl":"https:\/\/www.fcbarcelonanoticias.com\/en\/wp-content\/uploads\/sites\/2\/2024\/03\/ferran-torres-festejando-su-gol-ante-el-amberes.png","datePublished":"2024-02-02T09:23:00+00:00","author":{"@id":"https:\/\/www.fcbarcelonanoticias.com\/en\/#\/schema\/person\/aa1d038709c262cb247e240f6b39bbf5"},"description":"FC Barcelona could return to the Champions League this month with several important absentees in their squad, although Ferran Torres will try until the last minute not to be one of those players who continue to be 'KO'","breadcrumb":{"@id":"https:\/\/www.fcbarcelonanoticias.com\/en\/players\/the-hopeful-message-of-ferran-torres-who-will-do-the-impossible-to-play-at-napoli_300481_102.html#breadcrumb"},"inLanguage":"en-US","potentialAction":[{"@type":"ReadAction","target":["https:\/\/www.fcbarcelonanoticias.com\/en\/players\/the-hopeful-message-of-ferran-torres-who-will-do-the-impossible-to-play-at-napoli_300481_102.html"]}]},{"@type":"ImageObject","inLanguage":"en-US","@id":"https:\/\/www.fcbarcelonanoticias.com\/en\/players\/the-hopeful-message-of-ferran-torres-who-will-do-the-impossible-to-play-at-napoli_300481_102.html#primaryimage","url":"https:\/\/www.fcbarcelonanoticias.com\/en\/wp-content\/uploads\/sites\/2\/2024\/03\/ferran-torres-festejando-su-gol-ante-el-amberes.png","contentUrl":"https:\/\/www.fcbarcelonanoticias.com\/en\/wp-content\/uploads\/sites\/2\/2024\/03\/ferran-torres-festejando-su-gol-ante-el-amberes.png","width":1300,"height":732},{"@type":"BreadcrumbList","@id":"https:\/\/www.fcbarcelonanoticias.com\/en\/players\/the-hopeful-message-of-ferran-torres-who-will-do-the-impossible-to-play-at-napoli_300481_102.html#breadcrumb","itemListElement":[{"@type":"ListItem","position":1,"name":"Portada","item":"https:\/\/www.fcbarcelonanoticias.com\/en\/"},{"@type":"ListItem","position":2,"name":"The hopeful message of Ferran Torres who will do the impossible to play at Napoli"}]},{"@type":"WebSite","@id":"https:\/\/www.fcbarcelonanoticias.com\/en\/#website","url":"https:\/\/www.fcbarcelonanoticias.com\/en\/","name":"EN - FC Barcelona Noticias","description":"","potentialAction":[{"@type":"SearchAction","target":{"@type":"EntryPoint","urlTemplate":"https:\/\/www.fcbarcelonanoticias.com\/en\/?s={search_term_string}"},"query-input":{"@type":"PropertyValueSpecification","valueRequired":true,"valueName":"search_term_string"}}],"inLanguage":"en-US"},{"@type":"Person","@id":"https:\/\/www.fcbarcelonanoticias.com\/en\/#\/schema\/person\/aa1d038709c262cb247e240f6b39bbf5","name":"Carlos Montenegro","image":{"@type":"ImageObject","inLanguage":"en-US","@id":"https:\/\/secure.gravatar.com\/avatar\/?s=96&d=mm&r=g","url":"https:\/\/secure.gravatar.com\/avatar\/?s=96&d=mm&r=g","contentUrl":"https:\/\/secure.gravatar.com\/avatar\/?s=96&d=mm&r=g","caption":"Carlos Montenegro"},"url":"https:\/\/www.fcbarcelonanoticias.com\/en\/carlos-montenegro_20_115.html"}]}},"_links":{"self":[{"href":"https:\/\/www.fcbarcelonanoticias.com\/en\/wp-json\/wp\/v2\/posts\/79567","targetHints":{"allow":["GET"]}}],"collection":[{"href":"https:\/\/www.fcbarcelonanoticias.com\/en\/wp-json\/wp\/v2\/posts"}],"about":[{"href":"https:\/\/www.fcbarcelonanoticias.com\/en\/wp-json\/wp\/v2\/types\/post"}],"author":[{"embeddable":true,"href":"https:\/\/www.fcbarcelonanoticias.com\/en\/wp-json\/wp\/v2\/users\/345"}],"replies":[{"embeddable":true,"href":"https:\/\/www.fcbarcelonanoticias.com\/en\/wp-json\/wp\/v2\/comments?post=79567"}],"version-history":[{"count":1,"href":"https:\/\/www.fcbarcelonanoticias.com\/en\/wp-json\/wp\/v2\/posts\/79567\/revisions"}],"predecessor-version":[{"id":124438,"href":"https:\/\/www.fcbarcelonanoticias.com\/en\/wp-json\/wp\/v2\/posts\/79567\/revisions\/124438"}],"wp:featuredmedia":[{"embeddable":true,"href":"https:\/\/www.fcbarcelonanoticias.com\/en\/wp-json\/wp\/v2\/media\/18163"}],"wp:attachment":[{"href":"https:\/\/www.fcbarcelonanoticias.com\/en\/wp-json\/wp\/v2\/media?parent=79567"}],"wp:term":[{"taxonomy":"category","embeddable":true,"href":"https:\/\/www.fcbarcelonanoticias.com\/en\/wp-json\/wp\/v2\/categories?post=79567"},{"taxonomy":"post_tag","embeddable":true,"href":"https:\/\/www.fcbarcelonanoticias.com\/en\/wp-json\/wp\/v2\/tags?post=79567"}],"curies":[{"name":"wp","href":"https:\/\/api.w.org\/{rel}","templated":true}]}}