{"id":79616,"date":"2020-05-27T10:34:00","date_gmt":"2020-05-27T08:34:00","guid":{"rendered":"https:\/\/weisetech.dev\/fc-barcelona-noticias\/en\/the-yielded-of-the-barca-that-have-complicated-to-go-back-to-the-cam_257999_102\/"},"modified":"2020-05-27T11:00:00","modified_gmt":"2020-05-27T09:00:00","slug":"the-yielded-of-the-barca-that-have-complicated-to-go-back-to-the-cam_257999_102","status":"publish","type":"post","link":"https:\/\/www.fcbarcelonanoticias.com\/en\/players\/the-yielded-of-the-barca-that-have-complicated-to-go-back-to-the-cam_257999_102.html","title":{"rendered":"On loan from Bar\u00e7a who have a difficult time returning to Camp Nou"},"content":{"rendered":"<h2 class=\"wp-block-heading\">Some players that the FC Barcelona yielded have it complicated to go back to dress of Barcelona and aim to possible sales this same summer<\/h2>  \r\n<div class=\"article-addons\">\r\n    <a href=\"https:\/\/www.fcbarcelonanoticias.com\/en\/calendar-fc-barcelona.html\"\r\n       target=\"_self\"\r\n       title=\"Calendar of FC Barcelona\"\r\n       class=\"blue-gredient-btn\">\r\n       \r\n        Calendar of FC Barcelona    <\/a>\r\n<\/div>   <p>In the current season, the <a href=\"https:\/\/www.fcbarcelonanoticias.com\/en\/jugadores.html\" title=\"Jugadores\">staff of the FC Barcelona<\/a> has seen reduced in number of effective, since the main intention was to avoid cases like which in previous years suffered the footballers that had by in front too many options as to have opportunities. As no all the players with which did not explain in the present could be sold, many were yielded to other teams.<\/p>  <p>In these moments the cul\u00e9s have nine players to loan and there is a lot of that will not go back to dress of Barcelona except that no find them team of face to the next campaign. <strong>Some of them could go in in barters to close other operations,<\/strong> others could give effective to the arks cul\u00e9s to be reinvertido and others could go back to be yielded like measure of urgency.<\/p>  <p>Of all they, <strong>Philippe Coutinho<\/strong> is the most dramatic case, since has a very high index card that few clubs can allow and, besides, the FC Barcelona wants to amortise it and will not accept offers to the drop. In <strong>the Premier League,<\/strong> the carioca has a lot of beaux as they can be the<strong> Manchester United,<\/strong> Chelsea, the <strong>Leicester <\/strong>or the <strong>Newcastle<\/strong>. If any of them could assume the traspaso, the club cul\u00e9 would see forced to another cession.<\/p>  <p><a data-external=\"0\" data-intl-links-en=\"https:\/\/www.fcbarcelonanoticias.com\/en\/players\/ancelotti-insists-todibo-french-move-closer-everton_257987_102.html\" data-intl-links-es=\"https:\/\/www.fcbarcelonanoticias.com\/jugadores\/ancelotti-insiste-todibo-frances-acerca-mas-everton_257987_102.html\" href=\"https:\/\/www.fcbarcelonanoticias.com\/en\/players\/ancelotti-insists-todibo-french-move-closer-everton_257987_102.html\" rel=\"follow\" target=\"_self\" title=\"Ancelotti insiste en Todibo y el franc\u00e9s se acerca a\u00fan m\u00e1s al Everton\">Clearer is the case of Jean-Clair Todibo<\/a>\u200b that, the same that the Brazilian, has a lot of beaux &#8211;<strong>Everton, Juventus<\/strong> or<strong> Inter of Milan<\/strong>&#8211; but in this case has an index card and a much more affordable price in time of crisis. Also it expects the exit of <strong>Moussa Wagu\u00e9,<\/strong> yielded to the <strong>Nice,<\/strong> by which have asked clubs like Valencia or the <strong>Seville <\/strong>according to the informations of Mark.<\/p>  <p><strong>Rafinha Alc\u00e1ntara,<\/strong> yielded to the <strong>Celtic <strong> of Vigo,<\/strong> also is another of the players that possibly do not go back to dress of Barcelona and in the FC Barcelona expect that some team pay the 16 million euros in which it is fixed his clausula of rescission. These cases are those that the club contemplates like safe exits, so much by poster as by not going in in the plans of the sportive direction. <\/strong><\/p>  <h3><strong>Yielded that yes they explain<\/strong><\/h3>  <p><strong>There is cass distinct in which himself expects a turn. <strong>Carles Ale\u00f1\u00e1,<\/strong> yielded to the <strong>Betis<\/strong>, could form part of the first team the next season. <strong>Oriol Busquets <\/strong>could go back to play in the filial if east rises to <strong>Second Division,<\/strong> whereas <strong>Pedri <\/strong>-yielded to <strong>the UD The<\/strong>Palms &#8211; is a fundamental value of face to the future and the safest is that it go back to go yielded for foguearse. By his part, <strong>Juan Miranda<\/strong> and <strong>Emerson <\/strong>have another year of cession.<\/strong><\/p> ","protected":false},"excerpt":{"rendered":"<p>Some players that the FC Barcelona yielded have it complicated to go back to dress of Barcelona and aim to possible sales this same summer In the current season, the staff of the FC Barcelona has seen reduced in number of effective, since the main intention was to avoid cases like which in previous years [&hellip;]<\/p>\n","protected":false},"author":392,"featured_media":79617,"comment_status":"closed","ping_status":"open","sticky":false,"template":"","format":"standard","meta":{"_acf_changed":false,"inline_featured_image":false,"_nextfly_llmd_date_locked":false,"footnotes":""},"categories":[453,107],"tags":[268,299,297],"class_list":["post-79616","post","type-post","status-publish","format-standard","has-post-thumbnail","hentry","category-players-2","category-players","tag-coutinho","tag-moussa-wague","tag-todibo"],"acf":[],"yoast_head":"<!-- This site is optimized with the Yoast SEO plugin v27.3 - https:\/\/yoast.com\/product\/yoast-seo-wordpress\/ -->\n<title>On loan from Bar\u00e7a who have a difficult time returning to Camp Nou<\/title>\n<meta name=\"description\" content=\"Some players that the FC Barcelona yielded have it complicated to go back to dress of Barcelona and aim to possible sales this same summer\" \/>\n<meta name=\"robots\" content=\"index, follow, max-snippet:-1, max-image-preview:large, max-video-preview:-1\" \/>\n<link rel=\"canonical\" href=\"https:\/\/www.fcbarcelonanoticias.com\/en\/players\/the-yielded-of-the-barca-that-have-complicated-to-go-back-to-the-cam_257999_102.html\" \/>\n<meta property=\"og:locale\" content=\"en_US\" \/>\n<meta property=\"og:type\" content=\"article\" \/>\n<meta property=\"og:title\" content=\"On loan from Bar\u00e7a who have a difficult time returning to Camp Nou\" \/>\n<meta property=\"og:description\" content=\"Some players that the FC Barcelona yielded have it complicated to go back to dress of Barcelona and aim to possible sales this same summer\" \/>\n<meta property=\"og:url\" content=\"https:\/\/www.fcbarcelonanoticias.com\/en\/players\/the-yielded-of-the-barca-that-have-complicated-to-go-back-to-the-cam_257999_102.html\" \/>\n<meta property=\"og:site_name\" content=\"EN - FC Barcelona Noticias\" \/>\n<meta property=\"article:published_time\" content=\"2020-05-27T08:34:00+00:00\" \/>\n<meta property=\"article:modified_time\" content=\"2020-05-27T09:00:00+00:00\" \/>\n<meta property=\"og:image\" content=\"https:\/\/www.fcbarcelonanoticias.com\/en\/wp-content\/uploads\/sites\/2\/2020\/05\/coutinho-bayern.jpeg\" \/>\n\t<meta property=\"og:image:width\" content=\"1200\" \/>\n\t<meta property=\"og:image:height\" content=\"712\" \/>\n\t<meta property=\"og:image:type\" content=\"image\/jpeg\" \/>\n<meta name=\"author\" content=\"user_4048\" \/>\n<meta name=\"twitter:card\" content=\"summary_large_image\" \/>\n<meta name=\"twitter:label1\" content=\"Written by\" \/>\n\t<meta name=\"twitter:data1\" content=\"user_4048\" \/>\n\t<meta name=\"twitter:label2\" content=\"Est. reading time\" \/>\n\t<meta name=\"twitter:data2\" content=\"2 minutes\" \/>\n<script type=\"application\/ld+json\" class=\"yoast-schema-graph\">{\"@context\":\"https:\\\/\\\/schema.org\",\"@graph\":[{\"@type\":\"Article\",\"@id\":\"https:\\\/\\\/www.fcbarcelonanoticias.com\\\/en\\\/players\\\/the-yielded-of-the-barca-that-have-complicated-to-go-back-to-the-cam_257999_102.html#article\",\"isPartOf\":{\"@id\":\"https:\\\/\\\/www.fcbarcelonanoticias.com\\\/en\\\/players\\\/the-yielded-of-the-barca-that-have-complicated-to-go-back-to-the-cam_257999_102.html\"},\"author\":{\"name\":\"user_4048\",\"@id\":\"https:\\\/\\\/www.fcbarcelonanoticias.com\\\/en\\\/#\\\/schema\\\/person\\\/fcdad55cab72b8d0e106d75506783b6d\"},\"headline\":\"On loan from Bar\u00e7a who have a difficult time returning to Camp Nou\",\"datePublished\":\"2020-05-27T08:34:00+00:00\",\"dateModified\":\"2020-05-27T09:00:00+00:00\",\"mainEntityOfPage\":{\"@id\":\"https:\\\/\\\/www.fcbarcelonanoticias.com\\\/en\\\/players\\\/the-yielded-of-the-barca-that-have-complicated-to-go-back-to-the-cam_257999_102.html\"},\"wordCount\":493,\"image\":{\"@id\":\"https:\\\/\\\/www.fcbarcelonanoticias.com\\\/en\\\/players\\\/the-yielded-of-the-barca-that-have-complicated-to-go-back-to-the-cam_257999_102.html#primaryimage\"},\"thumbnailUrl\":\"https:\\\/\\\/www.fcbarcelonanoticias.com\\\/en\\\/wp-content\\\/uploads\\\/sites\\\/2\\\/2020\\\/05\\\/coutinho-bayern.jpeg\",\"keywords\":[\"Coutinho\",\"Moussa Wagu\u00e9\",\"Todibo\"],\"articleSection\":[\"Players\",\"Players\"],\"inLanguage\":\"en-US\"},{\"@type\":\"WebPage\",\"@id\":\"https:\\\/\\\/www.fcbarcelonanoticias.com\\\/en\\\/players\\\/the-yielded-of-the-barca-that-have-complicated-to-go-back-to-the-cam_257999_102.html\",\"url\":\"https:\\\/\\\/www.fcbarcelonanoticias.com\\\/en\\\/players\\\/the-yielded-of-the-barca-that-have-complicated-to-go-back-to-the-cam_257999_102.html\",\"name\":\"On loan from Bar\u00e7a who have a difficult time returning to Camp Nou\",\"isPartOf\":{\"@id\":\"https:\\\/\\\/www.fcbarcelonanoticias.com\\\/en\\\/#website\"},\"primaryImageOfPage\":{\"@id\":\"https:\\\/\\\/www.fcbarcelonanoticias.com\\\/en\\\/players\\\/the-yielded-of-the-barca-that-have-complicated-to-go-back-to-the-cam_257999_102.html#primaryimage\"},\"image\":{\"@id\":\"https:\\\/\\\/www.fcbarcelonanoticias.com\\\/en\\\/players\\\/the-yielded-of-the-barca-that-have-complicated-to-go-back-to-the-cam_257999_102.html#primaryimage\"},\"thumbnailUrl\":\"https:\\\/\\\/www.fcbarcelonanoticias.com\\\/en\\\/wp-content\\\/uploads\\\/sites\\\/2\\\/2020\\\/05\\\/coutinho-bayern.jpeg\",\"datePublished\":\"2020-05-27T08:34:00+00:00\",\"dateModified\":\"2020-05-27T09:00:00+00:00\",\"author\":{\"@id\":\"https:\\\/\\\/www.fcbarcelonanoticias.com\\\/en\\\/#\\\/schema\\\/person\\\/fcdad55cab72b8d0e106d75506783b6d\"},\"description\":\"Some players that the FC Barcelona yielded have it complicated to go back to dress of Barcelona and aim to possible sales this same summer\",\"breadcrumb\":{\"@id\":\"https:\\\/\\\/www.fcbarcelonanoticias.com\\\/en\\\/players\\\/the-yielded-of-the-barca-that-have-complicated-to-go-back-to-the-cam_257999_102.html#breadcrumb\"},\"inLanguage\":\"en-US\",\"potentialAction\":[{\"@type\":\"ReadAction\",\"target\":[\"https:\\\/\\\/www.fcbarcelonanoticias.com\\\/en\\\/players\\\/the-yielded-of-the-barca-that-have-complicated-to-go-back-to-the-cam_257999_102.html\"]}]},{\"@type\":\"ImageObject\",\"inLanguage\":\"en-US\",\"@id\":\"https:\\\/\\\/www.fcbarcelonanoticias.com\\\/en\\\/players\\\/the-yielded-of-the-barca-that-have-complicated-to-go-back-to-the-cam_257999_102.html#primaryimage\",\"url\":\"https:\\\/\\\/www.fcbarcelonanoticias.com\\\/en\\\/wp-content\\\/uploads\\\/sites\\\/2\\\/2020\\\/05\\\/coutinho-bayern.jpeg\",\"contentUrl\":\"https:\\\/\\\/www.fcbarcelonanoticias.com\\\/en\\\/wp-content\\\/uploads\\\/sites\\\/2\\\/2020\\\/05\\\/coutinho-bayern.jpeg\",\"width\":1200,\"height\":712},{\"@type\":\"BreadcrumbList\",\"@id\":\"https:\\\/\\\/www.fcbarcelonanoticias.com\\\/en\\\/players\\\/the-yielded-of-the-barca-that-have-complicated-to-go-back-to-the-cam_257999_102.html#breadcrumb\",\"itemListElement\":[{\"@type\":\"ListItem\",\"position\":1,\"name\":\"Portada\",\"item\":\"https:\\\/\\\/www.fcbarcelonanoticias.com\\\/en\\\/\"},{\"@type\":\"ListItem\",\"position\":2,\"name\":\"On loan from Bar\u00e7a who have a difficult time returning to Camp Nou\"}]},{\"@type\":\"WebSite\",\"@id\":\"https:\\\/\\\/www.fcbarcelonanoticias.com\\\/en\\\/#website\",\"url\":\"https:\\\/\\\/www.fcbarcelonanoticias.com\\\/en\\\/\",\"name\":\"EN - FC Barcelona Noticias\",\"description\":\"\",\"potentialAction\":[{\"@type\":\"SearchAction\",\"target\":{\"@type\":\"EntryPoint\",\"urlTemplate\":\"https:\\\/\\\/www.fcbarcelonanoticias.com\\\/en\\\/?s={search_term_string}\"},\"query-input\":{\"@type\":\"PropertyValueSpecification\",\"valueRequired\":true,\"valueName\":\"search_term_string\"}}],\"inLanguage\":\"en-US\"},{\"@type\":\"Person\",\"@id\":\"https:\\\/\\\/www.fcbarcelonanoticias.com\\\/en\\\/#\\\/schema\\\/person\\\/fcdad55cab72b8d0e106d75506783b6d\",\"name\":\"user_4048\",\"image\":{\"@type\":\"ImageObject\",\"inLanguage\":\"en-US\",\"@id\":\"https:\\\/\\\/secure.gravatar.com\\\/avatar\\\/?s=96&d=mm&r=g\",\"url\":\"https:\\\/\\\/secure.gravatar.com\\\/avatar\\\/?s=96&d=mm&r=g\",\"contentUrl\":\"https:\\\/\\\/secure.gravatar.com\\\/avatar\\\/?s=96&d=mm&r=g\",\"caption\":\"user_4048\"},\"url\":\"https:\\\/\\\/www.fcbarcelonanoticias.com\\\/en\\\/user_4048.html\"}]}<\/script>\n<!-- \/ Yoast SEO plugin. -->","yoast_head_json":{"title":"On loan from Bar\u00e7a who have a difficult time returning to Camp Nou","description":"Some players that the FC Barcelona yielded have it complicated to go back to dress of Barcelona and aim to possible sales this same summer","robots":{"index":"index","follow":"follow","max-snippet":"max-snippet:-1","max-image-preview":"max-image-preview:large","max-video-preview":"max-video-preview:-1"},"canonical":"https:\/\/www.fcbarcelonanoticias.com\/en\/players\/the-yielded-of-the-barca-that-have-complicated-to-go-back-to-the-cam_257999_102.html","og_locale":"en_US","og_type":"article","og_title":"On loan from Bar\u00e7a who have a difficult time returning to Camp Nou","og_description":"Some players that the FC Barcelona yielded have it complicated to go back to dress of Barcelona and aim to possible sales this same summer","og_url":"https:\/\/www.fcbarcelonanoticias.com\/en\/players\/the-yielded-of-the-barca-that-have-complicated-to-go-back-to-the-cam_257999_102.html","og_site_name":"EN - FC Barcelona Noticias","article_published_time":"2020-05-27T08:34:00+00:00","article_modified_time":"2020-05-27T09:00:00+00:00","og_image":[{"width":1200,"height":712,"url":"https:\/\/www.fcbarcelonanoticias.com\/en\/wp-content\/uploads\/sites\/2\/2020\/05\/coutinho-bayern.jpeg","type":"image\/jpeg"}],"author":"user_4048","twitter_card":"summary_large_image","twitter_misc":{"Written by":"user_4048","Est. reading time":"2 minutes"},"schema":{"@context":"https:\/\/schema.org","@graph":[{"@type":"Article","@id":"https:\/\/www.fcbarcelonanoticias.com\/en\/players\/the-yielded-of-the-barca-that-have-complicated-to-go-back-to-the-cam_257999_102.html#article","isPartOf":{"@id":"https:\/\/www.fcbarcelonanoticias.com\/en\/players\/the-yielded-of-the-barca-that-have-complicated-to-go-back-to-the-cam_257999_102.html"},"author":{"name":"user_4048","@id":"https:\/\/www.fcbarcelonanoticias.com\/en\/#\/schema\/person\/fcdad55cab72b8d0e106d75506783b6d"},"headline":"On loan from Bar\u00e7a who have a difficult time returning to Camp Nou","datePublished":"2020-05-27T08:34:00+00:00","dateModified":"2020-05-27T09:00:00+00:00","mainEntityOfPage":{"@id":"https:\/\/www.fcbarcelonanoticias.com\/en\/players\/the-yielded-of-the-barca-that-have-complicated-to-go-back-to-the-cam_257999_102.html"},"wordCount":493,"image":{"@id":"https:\/\/www.fcbarcelonanoticias.com\/en\/players\/the-yielded-of-the-barca-that-have-complicated-to-go-back-to-the-cam_257999_102.html#primaryimage"},"thumbnailUrl":"https:\/\/www.fcbarcelonanoticias.com\/en\/wp-content\/uploads\/sites\/2\/2020\/05\/coutinho-bayern.jpeg","keywords":["Coutinho","Moussa Wagu\u00e9","Todibo"],"articleSection":["Players","Players"],"inLanguage":"en-US"},{"@type":"WebPage","@id":"https:\/\/www.fcbarcelonanoticias.com\/en\/players\/the-yielded-of-the-barca-that-have-complicated-to-go-back-to-the-cam_257999_102.html","url":"https:\/\/www.fcbarcelonanoticias.com\/en\/players\/the-yielded-of-the-barca-that-have-complicated-to-go-back-to-the-cam_257999_102.html","name":"On loan from Bar\u00e7a who have a difficult time returning to Camp Nou","isPartOf":{"@id":"https:\/\/www.fcbarcelonanoticias.com\/en\/#website"},"primaryImageOfPage":{"@id":"https:\/\/www.fcbarcelonanoticias.com\/en\/players\/the-yielded-of-the-barca-that-have-complicated-to-go-back-to-the-cam_257999_102.html#primaryimage"},"image":{"@id":"https:\/\/www.fcbarcelonanoticias.com\/en\/players\/the-yielded-of-the-barca-that-have-complicated-to-go-back-to-the-cam_257999_102.html#primaryimage"},"thumbnailUrl":"https:\/\/www.fcbarcelonanoticias.com\/en\/wp-content\/uploads\/sites\/2\/2020\/05\/coutinho-bayern.jpeg","datePublished":"2020-05-27T08:34:00+00:00","dateModified":"2020-05-27T09:00:00+00:00","author":{"@id":"https:\/\/www.fcbarcelonanoticias.com\/en\/#\/schema\/person\/fcdad55cab72b8d0e106d75506783b6d"},"description":"Some players that the FC Barcelona yielded have it complicated to go back to dress of Barcelona and aim to possible sales this same summer","breadcrumb":{"@id":"https:\/\/www.fcbarcelonanoticias.com\/en\/players\/the-yielded-of-the-barca-that-have-complicated-to-go-back-to-the-cam_257999_102.html#breadcrumb"},"inLanguage":"en-US","potentialAction":[{"@type":"ReadAction","target":["https:\/\/www.fcbarcelonanoticias.com\/en\/players\/the-yielded-of-the-barca-that-have-complicated-to-go-back-to-the-cam_257999_102.html"]}]},{"@type":"ImageObject","inLanguage":"en-US","@id":"https:\/\/www.fcbarcelonanoticias.com\/en\/players\/the-yielded-of-the-barca-that-have-complicated-to-go-back-to-the-cam_257999_102.html#primaryimage","url":"https:\/\/www.fcbarcelonanoticias.com\/en\/wp-content\/uploads\/sites\/2\/2020\/05\/coutinho-bayern.jpeg","contentUrl":"https:\/\/www.fcbarcelonanoticias.com\/en\/wp-content\/uploads\/sites\/2\/2020\/05\/coutinho-bayern.jpeg","width":1200,"height":712},{"@type":"BreadcrumbList","@id":"https:\/\/www.fcbarcelonanoticias.com\/en\/players\/the-yielded-of-the-barca-that-have-complicated-to-go-back-to-the-cam_257999_102.html#breadcrumb","itemListElement":[{"@type":"ListItem","position":1,"name":"Portada","item":"https:\/\/www.fcbarcelonanoticias.com\/en\/"},{"@type":"ListItem","position":2,"name":"On loan from Bar\u00e7a who have a difficult time returning to Camp Nou"}]},{"@type":"WebSite","@id":"https:\/\/www.fcbarcelonanoticias.com\/en\/#website","url":"https:\/\/www.fcbarcelonanoticias.com\/en\/","name":"EN - FC Barcelona Noticias","description":"","potentialAction":[{"@type":"SearchAction","target":{"@type":"EntryPoint","urlTemplate":"https:\/\/www.fcbarcelonanoticias.com\/en\/?s={search_term_string}"},"query-input":{"@type":"PropertyValueSpecification","valueRequired":true,"valueName":"search_term_string"}}],"inLanguage":"en-US"},{"@type":"Person","@id":"https:\/\/www.fcbarcelonanoticias.com\/en\/#\/schema\/person\/fcdad55cab72b8d0e106d75506783b6d","name":"user_4048","image":{"@type":"ImageObject","inLanguage":"en-US","@id":"https:\/\/secure.gravatar.com\/avatar\/?s=96&d=mm&r=g","url":"https:\/\/secure.gravatar.com\/avatar\/?s=96&d=mm&r=g","contentUrl":"https:\/\/secure.gravatar.com\/avatar\/?s=96&d=mm&r=g","caption":"user_4048"},"url":"https:\/\/www.fcbarcelonanoticias.com\/en\/user_4048.html"}]}},"_links":{"self":[{"href":"https:\/\/www.fcbarcelonanoticias.com\/en\/wp-json\/wp\/v2\/posts\/79616","targetHints":{"allow":["GET"]}}],"collection":[{"href":"https:\/\/www.fcbarcelonanoticias.com\/en\/wp-json\/wp\/v2\/posts"}],"about":[{"href":"https:\/\/www.fcbarcelonanoticias.com\/en\/wp-json\/wp\/v2\/types\/post"}],"author":[{"embeddable":true,"href":"https:\/\/www.fcbarcelonanoticias.com\/en\/wp-json\/wp\/v2\/users\/392"}],"replies":[{"embeddable":true,"href":"https:\/\/www.fcbarcelonanoticias.com\/en\/wp-json\/wp\/v2\/comments?post=79616"}],"version-history":[{"count":1,"href":"https:\/\/www.fcbarcelonanoticias.com\/en\/wp-json\/wp\/v2\/posts\/79616\/revisions"}],"predecessor-version":[{"id":122613,"href":"https:\/\/www.fcbarcelonanoticias.com\/en\/wp-json\/wp\/v2\/posts\/79616\/revisions\/122613"}],"wp:featuredmedia":[{"embeddable":true,"href":"https:\/\/www.fcbarcelonanoticias.com\/en\/wp-json\/wp\/v2\/media\/79617"}],"wp:attachment":[{"href":"https:\/\/www.fcbarcelonanoticias.com\/en\/wp-json\/wp\/v2\/media?parent=79616"}],"wp:term":[{"taxonomy":"category","embeddable":true,"href":"https:\/\/www.fcbarcelonanoticias.com\/en\/wp-json\/wp\/v2\/categories?post=79616"},{"taxonomy":"post_tag","embeddable":true,"href":"https:\/\/www.fcbarcelonanoticias.com\/en\/wp-json\/wp\/v2\/tags?post=79616"}],"curies":[{"name":"wp","href":"https:\/\/api.w.org\/{rel}","templated":true}]}}