{"id":79636,"date":"2023-03-01T14:04:00","date_gmt":"2023-03-01T13:04:00","guid":{"rendered":"https:\/\/weisetech.dev\/fc-barcelona-noticias\/en\/ancelotti-wets-clasico-referees-best_290102_102\/"},"modified":"2023-03-01T14:04:00","modified_gmt":"2023-03-01T13:04:00","slug":"ancelotti-wets-clasico-referees-best_290102_102","status":"publish","type":"post","link":"https:\/\/www.fcbarcelonanoticias.com\/en\/real-madrid\/ancelotti-wets-clasico-referees-best_290102_102.html","title":{"rendered":"Ancelotti &#8216;gets wet&#8217; ahead of the Cl\u00e1sico: The absences, the referees, The Best\u2026"},"content":{"rendered":"<h2 class=\"wp-block-heading\">Carlo Ancelotti has expressed his feelings ahead of the match against Bar\u00e7a in the first leg of the Copa del Rey semifinals. For the Italian it is not bad to depend on Vini Jr. and he has given his impressions on The Best<\/h2>  \r\n<div class=\"article-addons\">\r\n    <a href=\"https:\/\/www.fcbarcelonanoticias.com\/en\/calendar-fc-barcelona.html\"\r\n       target=\"_self\"\r\n       title=\"Calendar of FC Barcelona\"\r\n       class=\"blue-gredient-btn\">\r\n       \r\n        Calendar of FC Barcelona    <\/a>\r\n<\/div>   <p>In spite of not being able to obtain the victory in League in front of the Athletic, the Real Madrid comes to live a good moment, so much <a data-external=\"0\" data-intl-links-en=\"https:\/\/www.fcbarcelonanoticias.com\/en\/laliga\/barcelona-falls-into-a-trap-almeria-leaves-fight-for-laliga-more-open-1-0_290004_102.html\" data-intl-links-es=\"https:\/\/www.fcbarcelonanoticias.com\/laliga\/barcelona-cae-en-trampa-almeria-deja-pelea-por-laliga-mas-abierta-1-0_290004_102.html\" href=\"https:\/\/www.fcbarcelonanoticias.com\/en\/laliga\/barcelona-falls-into-a-trap-almeria-leaves-fight-for-laliga-more-open-1-0_290004_102.html\" rel=\"follow\" target=\"_self\" title=\"El Bar\u00e7a cae en la trampa del Almer\u00eda y deja la pelea por LaLiga m\u00e1s abierta (1-0)\">when having remained with life in the local tournament<\/a> as by his conclusive victory in front of the Liverpool in the gone of the eighth of final of the Champions. Now,<strong> the whites prepare for another key appointment in the season<\/strong>, when they receive to the FC Barcelona in the gone of the semifinals of the Glass of Rey.<\/p>  <p>In his previous press conference to the crash, the Italian ensures that there is confidence in the staff and that this new edition of the Classical does not suppose a wish of revancha by it sucedido in the Supercopa: &#8220;As always, with confidence. It is important to have personality and prowess. Have the illusion to play this party. They are split that it is necessary to enjoy and try do it the best possible.<strong> You win them that have are not by revancha, but because we are near of a title<\/strong>. The boiler goes up his temperature&#8221;.<\/p>  <p>Of equal way, has indicated that will try not committing the same errors of the party contested in Saudi floor, that finished with the trophy in hands of the Barcelona: &#8220;In the Supercopa was missing us commitment, forcefulness.<strong> We committed errors. I think that it does not go to repeat. It is a very important party<\/strong>. We are very near to win a competition that is important for us. Tomorrow it is not the decisive party&#8221;.<\/p>  <p>For the m\u00edster, the tournament copero does not suppose a greater importance at the beginning of the season, but arrived to these instances the situation is very different: &#8220;it Is a competition that at the beginning is not the most important, but when you are in the semifinal already yes is it. When you arrive here, with a title near, is important. <strong>The Glass of the King goes back important at the end. It is a distinct competition<\/strong>. In 270 minutes can win a title&#8221;.<\/p>  <h4>The case of Kroos and Modric<\/h4>  <p>The white trainer also has pronounced on the possibility to present an eleven in which they are not present Luka Modric and Toni Kroos: &#8220;<strong>it Can be. You go it to see morning. But it is that take into account that they are split in which you need a lot of things: energy, personality, handle of balloon&#8230;<\/strong> It can be that, by the energy, Kroos was not in the eleven headline, but by the personality and the prowess that needs and the experience this type of parties, Kroos has more advantage. I have to evaluate. Renounce to players of this level&#8230; I have to think it&#8221;.<\/p>  <h4>The dependency of Vinicius and his duel with Ara\u00fajo<\/h4>  <p>Regarding the case of the Brazilian attacker, indicated that the fact that the team depend on he does not have why be something bad and indicated that there will be any special instruction regarding the Uruguayan defender: &#8220;This is a positive appearance. Vin\u00edcius Is one of the best players of the world and determines many times the parties to our favour. <strong>Have a dependency of him is quite normal because in this moment is one of the biggest players of the football<\/strong>. Ara\u00fajo Is a very strong defence and goes to be a clash entertained. Ojal\u00e1 Vin\u00edcius Can win it&#8221;.<\/p>  <h4>The arbitration<\/h4>  <p>In the middle of the controversy by the &#8216;case Negreira&#8217;, Carlo Ancelotti has been consulted on the irregularities that could arouse in the case of the judges. In his opinion, there is not at all that it blur his work at present of face to the crash, in which <a data-external=\"0\" data-intl-links-en=\"https:\/\/www.fcbarcelonanoticias.com\/en\/copa-del-rey\/referee-clasico-cinema-madrid-barca_290077_102.html\" data-intl-links-es=\"https:\/\/www.fcbarcelonanoticias.com\/copa-del-rey\/arbitro-clasico-cine-madrid-bastante-peor-barca_290077_102.html\" href=\"https:\/\/www.fcbarcelonanoticias.com\/en\/copa-del-rey\/referee-clasico-cinema-madrid-barca_290077_102.html\" rel=\"follow\" target=\"_self\" title=\"El \u00e1rbitro del Cl\u00e1sico, de 'cine' para el Real Madrid y bastante peor para el Bar\u00e7a\">Munuera Montero will give justice<\/a>: &#8220;In this moment do not think that there is corruption. But in this moment. I do not know who will be the referee, but will try it do of the best possible way&#8221;.<\/p>  <h4>Benzema And the The Best<\/h4>  <p>For &#8216;Carletto&#8217;, is not odd that Lionel Messi have done with the award, taking in account the Glass of the World, to the equal that other members of the Argentinian selection that consecrated in Qatar 2022: &#8220;it is not too important. In this prize has explained a lot the World-wide. It has said that Argentinian is champion deserved. <strong>It is normal that Messi, Mart\u00ednez and Scaloni have won the award and personally congratulate them<\/strong>&#8220;.<\/p>  <p>Likewise, it sustains that the contribution of Karim Benzema for the Madrid goes further of the individual distinctions: &#8220;<strong>I do not know what has done Karim. What has done by us is here. It has helped us a lot<\/strong>. Ojal\u00e1 Can appreciate it also this year. It arrives a moment determinant and have to Karim is to be more near of the titles&#8221;.<\/p> ","protected":false},"excerpt":{"rendered":"<p>Carlo Ancelotti has expressed his feelings ahead of the match against Bar\u00e7a in the first leg of the Copa del Rey semifinals. For the Italian it is not bad to depend on Vini Jr. and he has given his impressions on The Best In spite of not being able to obtain the victory in League [&hellip;]<\/p>\n","protected":false},"author":363,"featured_media":79639,"comment_status":"closed","ping_status":"open","sticky":false,"template":"","format":"standard","meta":{"_acf_changed":false,"inline_featured_image":false,"_nextfly_llmd_date_locked":false,"footnotes":""},"categories":[119,450],"tags":[53],"class_list":["post-79636","post","type-post","status-publish","format-standard","has-post-thumbnail","hentry","category-real-madrid","category-real-madrid-2","tag-el-clasico"],"acf":[],"yoast_head":"<!-- This site is optimized with the Yoast SEO plugin v27.3 - https:\/\/yoast.com\/product\/yoast-seo-wordpress\/ -->\n<title>Ancelotti &#039;Wets &#039; of face to the Classical: The absences, the referees, the The Best\u2026<\/title>\n<meta name=\"description\" content=\"Carlo Ancelotti has manifested his feelings of face to the party in front of the Bar\u00e7a in the gone of the semifinals of the Glass of Rey. For the Italian is not bad to depend on Vini Jr. And it has given his impressions on the The Best\" \/>\n<meta name=\"robots\" content=\"index, follow, max-snippet:-1, max-image-preview:large, max-video-preview:-1\" \/>\n<link rel=\"canonical\" href=\"https:\/\/www.fcbarcelonanoticias.com\/en\/real-madrid\/ancelotti-wets-clasico-referees-best_290102_102.html\" \/>\n<meta property=\"og:locale\" content=\"en_US\" \/>\n<meta property=\"og:type\" content=\"article\" \/>\n<meta property=\"og:title\" content=\"Ancelotti &#039;Wets &#039; of face to the Classical: The absences, the referees, the The Best\u2026\" \/>\n<meta property=\"og:description\" content=\"Carlo Ancelotti has manifested his feelings of face to the party in front of the Bar\u00e7a in the gone of the semifinals of the Glass of Rey. For the Italian is not bad to depend on Vini Jr. And it has given his impressions on the The Best\" \/>\n<meta property=\"og:url\" content=\"https:\/\/www.fcbarcelonanoticias.com\/en\/real-madrid\/ancelotti-wets-clasico-referees-best_290102_102.html\" \/>\n<meta property=\"og:site_name\" content=\"EN - FC Barcelona Noticias\" \/>\n<meta property=\"article:published_time\" content=\"2023-03-01T13:04:00+00:00\" \/>\n<meta property=\"og:image\" content=\"https:\/\/www.fcbarcelonanoticias.com\/en\/wp-content\/uploads\/sites\/2\/2023\/03\/fbl-esp-cup-real-madrid-presser-1.jpeg\" \/>\n\t<meta property=\"og:image:width\" content=\"1200\" \/>\n\t<meta property=\"og:image:height\" content=\"707\" \/>\n\t<meta property=\"og:image:type\" content=\"image\/jpeg\" \/>\n<meta name=\"author\" content=\"Claudio Betancourt\" \/>\n<meta name=\"twitter:card\" content=\"summary_large_image\" \/>\n<meta name=\"twitter:label1\" content=\"Written by\" \/>\n\t<meta name=\"twitter:data1\" content=\"Claudio Betancourt\" \/>\n\t<meta name=\"twitter:label2\" content=\"Est. reading time\" \/>\n\t<meta name=\"twitter:data2\" content=\"4 minutes\" \/>\n<script type=\"application\/ld+json\" class=\"yoast-schema-graph\">{\"@context\":\"https:\\\/\\\/schema.org\",\"@graph\":[{\"@type\":\"Article\",\"@id\":\"https:\\\/\\\/www.fcbarcelonanoticias.com\\\/en\\\/real-madrid\\\/ancelotti-wets-clasico-referees-best_290102_102.html#article\",\"isPartOf\":{\"@id\":\"https:\\\/\\\/www.fcbarcelonanoticias.com\\\/en\\\/real-madrid\\\/ancelotti-wets-clasico-referees-best_290102_102.html\"},\"author\":{\"name\":\"Claudio Betancourt\",\"@id\":\"https:\\\/\\\/www.fcbarcelonanoticias.com\\\/en\\\/#\\\/schema\\\/person\\\/76c77917e39f918eb1604c571055386e\"},\"headline\":\"Ancelotti &#8216;gets wet&#8217; ahead of the Cl\u00e1sico: The absences, the referees, The Best\u2026\",\"datePublished\":\"2023-03-01T13:04:00+00:00\",\"mainEntityOfPage\":{\"@id\":\"https:\\\/\\\/www.fcbarcelonanoticias.com\\\/en\\\/real-madrid\\\/ancelotti-wets-clasico-referees-best_290102_102.html\"},\"wordCount\":859,\"image\":{\"@id\":\"https:\\\/\\\/www.fcbarcelonanoticias.com\\\/en\\\/real-madrid\\\/ancelotti-wets-clasico-referees-best_290102_102.html#primaryimage\"},\"thumbnailUrl\":\"https:\\\/\\\/www.fcbarcelonanoticias.com\\\/en\\\/wp-content\\\/uploads\\\/sites\\\/2\\\/2023\\\/03\\\/fbl-esp-cup-real-madrid-presser-1.jpeg\",\"keywords\":[\"El Cl\u00e1sico\"],\"articleSection\":[\"Real Madrid\",\"Real Madrid\"],\"inLanguage\":\"en-US\"},{\"@type\":\"WebPage\",\"@id\":\"https:\\\/\\\/www.fcbarcelonanoticias.com\\\/en\\\/real-madrid\\\/ancelotti-wets-clasico-referees-best_290102_102.html\",\"url\":\"https:\\\/\\\/www.fcbarcelonanoticias.com\\\/en\\\/real-madrid\\\/ancelotti-wets-clasico-referees-best_290102_102.html\",\"name\":\"Ancelotti 'Wets ' of face to the Classical: The absences, the referees, the The Best\u2026\",\"isPartOf\":{\"@id\":\"https:\\\/\\\/www.fcbarcelonanoticias.com\\\/en\\\/#website\"},\"primaryImageOfPage\":{\"@id\":\"https:\\\/\\\/www.fcbarcelonanoticias.com\\\/en\\\/real-madrid\\\/ancelotti-wets-clasico-referees-best_290102_102.html#primaryimage\"},\"image\":{\"@id\":\"https:\\\/\\\/www.fcbarcelonanoticias.com\\\/en\\\/real-madrid\\\/ancelotti-wets-clasico-referees-best_290102_102.html#primaryimage\"},\"thumbnailUrl\":\"https:\\\/\\\/www.fcbarcelonanoticias.com\\\/en\\\/wp-content\\\/uploads\\\/sites\\\/2\\\/2023\\\/03\\\/fbl-esp-cup-real-madrid-presser-1.jpeg\",\"datePublished\":\"2023-03-01T13:04:00+00:00\",\"author\":{\"@id\":\"https:\\\/\\\/www.fcbarcelonanoticias.com\\\/en\\\/#\\\/schema\\\/person\\\/76c77917e39f918eb1604c571055386e\"},\"description\":\"Carlo Ancelotti has manifested his feelings of face to the party in front of the Bar\u00e7a in the gone of the semifinals of the Glass of Rey. For the Italian is not bad to depend on Vini Jr. And it has given his impressions on the The Best\",\"breadcrumb\":{\"@id\":\"https:\\\/\\\/www.fcbarcelonanoticias.com\\\/en\\\/real-madrid\\\/ancelotti-wets-clasico-referees-best_290102_102.html#breadcrumb\"},\"inLanguage\":\"en-US\",\"potentialAction\":[{\"@type\":\"ReadAction\",\"target\":[\"https:\\\/\\\/www.fcbarcelonanoticias.com\\\/en\\\/real-madrid\\\/ancelotti-wets-clasico-referees-best_290102_102.html\"]}]},{\"@type\":\"ImageObject\",\"inLanguage\":\"en-US\",\"@id\":\"https:\\\/\\\/www.fcbarcelonanoticias.com\\\/en\\\/real-madrid\\\/ancelotti-wets-clasico-referees-best_290102_102.html#primaryimage\",\"url\":\"https:\\\/\\\/www.fcbarcelonanoticias.com\\\/en\\\/wp-content\\\/uploads\\\/sites\\\/2\\\/2023\\\/03\\\/fbl-esp-cup-real-madrid-presser-1.jpeg\",\"contentUrl\":\"https:\\\/\\\/www.fcbarcelonanoticias.com\\\/en\\\/wp-content\\\/uploads\\\/sites\\\/2\\\/2023\\\/03\\\/fbl-esp-cup-real-madrid-presser-1.jpeg\",\"width\":1200,\"height\":707},{\"@type\":\"BreadcrumbList\",\"@id\":\"https:\\\/\\\/www.fcbarcelonanoticias.com\\\/en\\\/real-madrid\\\/ancelotti-wets-clasico-referees-best_290102_102.html#breadcrumb\",\"itemListElement\":[{\"@type\":\"ListItem\",\"position\":1,\"name\":\"Portada\",\"item\":\"https:\\\/\\\/www.fcbarcelonanoticias.com\\\/en\\\/\"},{\"@type\":\"ListItem\",\"position\":2,\"name\":\"Ancelotti &#8216;gets wet&#8217; ahead of the Cl\u00e1sico: The absences, the referees, The Best\u2026\"}]},{\"@type\":\"WebSite\",\"@id\":\"https:\\\/\\\/www.fcbarcelonanoticias.com\\\/en\\\/#website\",\"url\":\"https:\\\/\\\/www.fcbarcelonanoticias.com\\\/en\\\/\",\"name\":\"EN - FC Barcelona Noticias\",\"description\":\"\",\"potentialAction\":[{\"@type\":\"SearchAction\",\"target\":{\"@type\":\"EntryPoint\",\"urlTemplate\":\"https:\\\/\\\/www.fcbarcelonanoticias.com\\\/en\\\/?s={search_term_string}\"},\"query-input\":{\"@type\":\"PropertyValueSpecification\",\"valueRequired\":true,\"valueName\":\"search_term_string\"}}],\"inLanguage\":\"en-US\"},{\"@type\":\"Person\",\"@id\":\"https:\\\/\\\/www.fcbarcelonanoticias.com\\\/en\\\/#\\\/schema\\\/person\\\/76c77917e39f918eb1604c571055386e\",\"name\":\"Claudio Betancourt\",\"image\":{\"@type\":\"ImageObject\",\"inLanguage\":\"en-US\",\"@id\":\"https:\\\/\\\/secure.gravatar.com\\\/avatar\\\/?s=96&d=mm&r=g\",\"url\":\"https:\\\/\\\/secure.gravatar.com\\\/avatar\\\/?s=96&d=mm&r=g\",\"contentUrl\":\"https:\\\/\\\/secure.gravatar.com\\\/avatar\\\/?s=96&d=mm&r=g\",\"caption\":\"Claudio Betancourt\"},\"url\":\"https:\\\/\\\/www.fcbarcelonanoticias.com\\\/en\\\/claudio-betancourt_14_115.html\"}]}<\/script>\n<!-- \/ Yoast SEO plugin. -->","yoast_head_json":{"title":"Ancelotti 'Wets ' of face to the Classical: The absences, the referees, the The Best\u2026","description":"Carlo Ancelotti has manifested his feelings of face to the party in front of the Bar\u00e7a in the gone of the semifinals of the Glass of Rey. For the Italian is not bad to depend on Vini Jr. And it has given his impressions on the The Best","robots":{"index":"index","follow":"follow","max-snippet":"max-snippet:-1","max-image-preview":"max-image-preview:large","max-video-preview":"max-video-preview:-1"},"canonical":"https:\/\/www.fcbarcelonanoticias.com\/en\/real-madrid\/ancelotti-wets-clasico-referees-best_290102_102.html","og_locale":"en_US","og_type":"article","og_title":"Ancelotti 'Wets ' of face to the Classical: The absences, the referees, the The Best\u2026","og_description":"Carlo Ancelotti has manifested his feelings of face to the party in front of the Bar\u00e7a in the gone of the semifinals of the Glass of Rey. For the Italian is not bad to depend on Vini Jr. And it has given his impressions on the The Best","og_url":"https:\/\/www.fcbarcelonanoticias.com\/en\/real-madrid\/ancelotti-wets-clasico-referees-best_290102_102.html","og_site_name":"EN - FC Barcelona Noticias","article_published_time":"2023-03-01T13:04:00+00:00","og_image":[{"width":1200,"height":707,"url":"https:\/\/www.fcbarcelonanoticias.com\/en\/wp-content\/uploads\/sites\/2\/2023\/03\/fbl-esp-cup-real-madrid-presser-1.jpeg","type":"image\/jpeg"}],"author":"Claudio Betancourt","twitter_card":"summary_large_image","twitter_misc":{"Written by":"Claudio Betancourt","Est. reading time":"4 minutes"},"schema":{"@context":"https:\/\/schema.org","@graph":[{"@type":"Article","@id":"https:\/\/www.fcbarcelonanoticias.com\/en\/real-madrid\/ancelotti-wets-clasico-referees-best_290102_102.html#article","isPartOf":{"@id":"https:\/\/www.fcbarcelonanoticias.com\/en\/real-madrid\/ancelotti-wets-clasico-referees-best_290102_102.html"},"author":{"name":"Claudio Betancourt","@id":"https:\/\/www.fcbarcelonanoticias.com\/en\/#\/schema\/person\/76c77917e39f918eb1604c571055386e"},"headline":"Ancelotti &#8216;gets wet&#8217; ahead of the Cl\u00e1sico: The absences, the referees, The Best\u2026","datePublished":"2023-03-01T13:04:00+00:00","mainEntityOfPage":{"@id":"https:\/\/www.fcbarcelonanoticias.com\/en\/real-madrid\/ancelotti-wets-clasico-referees-best_290102_102.html"},"wordCount":859,"image":{"@id":"https:\/\/www.fcbarcelonanoticias.com\/en\/real-madrid\/ancelotti-wets-clasico-referees-best_290102_102.html#primaryimage"},"thumbnailUrl":"https:\/\/www.fcbarcelonanoticias.com\/en\/wp-content\/uploads\/sites\/2\/2023\/03\/fbl-esp-cup-real-madrid-presser-1.jpeg","keywords":["El Cl\u00e1sico"],"articleSection":["Real Madrid","Real Madrid"],"inLanguage":"en-US"},{"@type":"WebPage","@id":"https:\/\/www.fcbarcelonanoticias.com\/en\/real-madrid\/ancelotti-wets-clasico-referees-best_290102_102.html","url":"https:\/\/www.fcbarcelonanoticias.com\/en\/real-madrid\/ancelotti-wets-clasico-referees-best_290102_102.html","name":"Ancelotti 'Wets ' of face to the Classical: The absences, the referees, the The Best\u2026","isPartOf":{"@id":"https:\/\/www.fcbarcelonanoticias.com\/en\/#website"},"primaryImageOfPage":{"@id":"https:\/\/www.fcbarcelonanoticias.com\/en\/real-madrid\/ancelotti-wets-clasico-referees-best_290102_102.html#primaryimage"},"image":{"@id":"https:\/\/www.fcbarcelonanoticias.com\/en\/real-madrid\/ancelotti-wets-clasico-referees-best_290102_102.html#primaryimage"},"thumbnailUrl":"https:\/\/www.fcbarcelonanoticias.com\/en\/wp-content\/uploads\/sites\/2\/2023\/03\/fbl-esp-cup-real-madrid-presser-1.jpeg","datePublished":"2023-03-01T13:04:00+00:00","author":{"@id":"https:\/\/www.fcbarcelonanoticias.com\/en\/#\/schema\/person\/76c77917e39f918eb1604c571055386e"},"description":"Carlo Ancelotti has manifested his feelings of face to the party in front of the Bar\u00e7a in the gone of the semifinals of the Glass of Rey. For the Italian is not bad to depend on Vini Jr. And it has given his impressions on the The Best","breadcrumb":{"@id":"https:\/\/www.fcbarcelonanoticias.com\/en\/real-madrid\/ancelotti-wets-clasico-referees-best_290102_102.html#breadcrumb"},"inLanguage":"en-US","potentialAction":[{"@type":"ReadAction","target":["https:\/\/www.fcbarcelonanoticias.com\/en\/real-madrid\/ancelotti-wets-clasico-referees-best_290102_102.html"]}]},{"@type":"ImageObject","inLanguage":"en-US","@id":"https:\/\/www.fcbarcelonanoticias.com\/en\/real-madrid\/ancelotti-wets-clasico-referees-best_290102_102.html#primaryimage","url":"https:\/\/www.fcbarcelonanoticias.com\/en\/wp-content\/uploads\/sites\/2\/2023\/03\/fbl-esp-cup-real-madrid-presser-1.jpeg","contentUrl":"https:\/\/www.fcbarcelonanoticias.com\/en\/wp-content\/uploads\/sites\/2\/2023\/03\/fbl-esp-cup-real-madrid-presser-1.jpeg","width":1200,"height":707},{"@type":"BreadcrumbList","@id":"https:\/\/www.fcbarcelonanoticias.com\/en\/real-madrid\/ancelotti-wets-clasico-referees-best_290102_102.html#breadcrumb","itemListElement":[{"@type":"ListItem","position":1,"name":"Portada","item":"https:\/\/www.fcbarcelonanoticias.com\/en\/"},{"@type":"ListItem","position":2,"name":"Ancelotti &#8216;gets wet&#8217; ahead of the Cl\u00e1sico: The absences, the referees, The Best\u2026"}]},{"@type":"WebSite","@id":"https:\/\/www.fcbarcelonanoticias.com\/en\/#website","url":"https:\/\/www.fcbarcelonanoticias.com\/en\/","name":"EN - FC Barcelona Noticias","description":"","potentialAction":[{"@type":"SearchAction","target":{"@type":"EntryPoint","urlTemplate":"https:\/\/www.fcbarcelonanoticias.com\/en\/?s={search_term_string}"},"query-input":{"@type":"PropertyValueSpecification","valueRequired":true,"valueName":"search_term_string"}}],"inLanguage":"en-US"},{"@type":"Person","@id":"https:\/\/www.fcbarcelonanoticias.com\/en\/#\/schema\/person\/76c77917e39f918eb1604c571055386e","name":"Claudio Betancourt","image":{"@type":"ImageObject","inLanguage":"en-US","@id":"https:\/\/secure.gravatar.com\/avatar\/?s=96&d=mm&r=g","url":"https:\/\/secure.gravatar.com\/avatar\/?s=96&d=mm&r=g","contentUrl":"https:\/\/secure.gravatar.com\/avatar\/?s=96&d=mm&r=g","caption":"Claudio Betancourt"},"url":"https:\/\/www.fcbarcelonanoticias.com\/en\/claudio-betancourt_14_115.html"}]}},"_links":{"self":[{"href":"https:\/\/www.fcbarcelonanoticias.com\/en\/wp-json\/wp\/v2\/posts\/79636","targetHints":{"allow":["GET"]}}],"collection":[{"href":"https:\/\/www.fcbarcelonanoticias.com\/en\/wp-json\/wp\/v2\/posts"}],"about":[{"href":"https:\/\/www.fcbarcelonanoticias.com\/en\/wp-json\/wp\/v2\/types\/post"}],"author":[{"embeddable":true,"href":"https:\/\/www.fcbarcelonanoticias.com\/en\/wp-json\/wp\/v2\/users\/363"}],"replies":[{"embeddable":true,"href":"https:\/\/www.fcbarcelonanoticias.com\/en\/wp-json\/wp\/v2\/comments?post=79636"}],"version-history":[{"count":1,"href":"https:\/\/www.fcbarcelonanoticias.com\/en\/wp-json\/wp\/v2\/posts\/79636\/revisions"}],"predecessor-version":[{"id":121689,"href":"https:\/\/www.fcbarcelonanoticias.com\/en\/wp-json\/wp\/v2\/posts\/79636\/revisions\/121689"}],"wp:featuredmedia":[{"embeddable":true,"href":"https:\/\/www.fcbarcelonanoticias.com\/en\/wp-json\/wp\/v2\/media\/79639"}],"wp:attachment":[{"href":"https:\/\/www.fcbarcelonanoticias.com\/en\/wp-json\/wp\/v2\/media?parent=79636"}],"wp:term":[{"taxonomy":"category","embeddable":true,"href":"https:\/\/www.fcbarcelonanoticias.com\/en\/wp-json\/wp\/v2\/categories?post=79636"},{"taxonomy":"post_tag","embeddable":true,"href":"https:\/\/www.fcbarcelonanoticias.com\/en\/wp-json\/wp\/v2\/tags?post=79636"}],"curies":[{"name":"wp","href":"https:\/\/api.w.org\/{rel}","templated":true}]}}