{"id":79672,"date":"2023-08-18T09:11:00","date_gmt":"2023-08-18T07:11:00","guid":{"rendered":"https:\/\/weisetech.dev\/fc-barcelona-noticias\/en\/the-worrisome-record-of-injuries-of-ronald-araujo-in-the-barca_295231_102\/"},"modified":"2023-08-18T09:11:00","modified_gmt":"2023-08-18T07:11:00","slug":"the-worrisome-record-of-injuries-of-ronald-araujo-in-the-barca_295231_102","status":"publish","type":"post","link":"https:\/\/www.fcbarcelonanoticias.com\/en\/players\/the-worrisome-record-of-injuries-of-ronald-araujo-in-the-barca_295231_102.html","title":{"rendered":"Ronald Ara\u00fajo&#8217;s worrying injury history at Bar\u00e7a"},"content":{"rendered":"<h2 class=\"wp-block-heading\">FC Barcelona confirmed that Ronald Ara\u00fajo suffered an injury in the last training session. The forecast is that &#8216;KO&#8217; will be there for a month and from the club the alarms begin to go off due to the large number of injuries that the Uruguayan has suffered since his debut<\/h2>  \r\n<div class=\"article-addons\">\r\n    <a href=\"https:\/\/www.fcbarcelonanoticias.com\/en\/calendar-fc-barcelona.html\"\r\n       target=\"_self\"\r\n       title=\"Calendar of FC Barcelona\"\r\n       class=\"blue-gredient-btn\">\r\n       \r\n        Calendar of FC Barcelona    <\/a>\r\n<\/div>   <p><strong>Ronald Ara\u00fajo is called to mark a period in <a data-external=\"0\" data-intl-links-en=\"https:\/\/www.fcbarcelonanoticias.com\/en\/fc-barcelona\" data-intl-links-es=\"https:\/\/www.fcbarcelonanoticias.com\/fc-barcelona\" href=\"https:\/\/www.fcbarcelonanoticias.com\/en\/football-soccer\/fc-barcelona.html\" rel=\"follow\" target=\"_self\" title=\"FC Barcelona\">the FC Barcelona<\/a> and already is it achieving.<\/strong> It is one of the central more promising in the world and has won the place of &#8216;indisputable&#8217; so much in the City Condal as in his selection, Uruguay. However, there is some worry by the quantity of injuries of which has been victim in these last four years, since it gave the jump to the football of maximum level. It has been many times &#8216;KO&#8217;. More than what would expect any one.<\/p>  <p>The Barcelona picture confirmed in the last hours that the central, of 24 years, suffered <strong> <a data-external=\"0\" data-intl-links-en=\"https:\/\/www.fcbarcelonanoticias.com\/en\/laliga\/official-ronald-araujo-will-be-low-cadiz-due-to-injury_295210_102.html\" data-intl-links-es=\"https:\/\/www.fcbarcelonanoticias.com\/laliga\/oficial-ronald-araujo-sera-baja-cadiz-por-lesion_295210_102.html\" href=\"https:\/\/www.fcbarcelonanoticias.com\/en\/laliga\/official-ronald-araujo-will-be-low-cadiz-due-to-injury_295210_102.html\" rel=\"follow\" target=\"_self\" title=\"\u00a1El Bar\u00e7a anuncia la lesi\u00f3n de Ronald Ara\u00fajo!\">an injury in the biceps femoral of the left leg<\/a> in one of the previous trainings to the debut of the Bar\u00e7a in the Estadi Ol\u00edmpic Llu\u00eds Companys<\/strong>. They have not offered a time estimated of drop, but the forecast is that it was a month in the infirmary and that it can be back just before the debut in the phase of groups of the Champions League. With this, in any case, already are 13 the physical setbacks of Ara\u00fajo.<\/p>  <h2>Ara\u00fajo, more injuries of the planned<\/h2>  <p>Since it gave the jump to the first team, Ronald Ara\u00fajo has been drop in thirteen opportunities by different physical setbacks. Without going further, the charr\u00faa could not finalise the season gone through problems in the calf. <strong>It did not play since the Bar\u00e7a proclaimed champion of LaLiga and returned, already recovered and rested, for the beginning of the pre-season.<\/strong> Without place to doubts, the past course was one of the most demanding for the central and in which it happened more time in the infirmary.<\/p>  <p>And it is that it does not be necessary to forget that Ara\u00fajo saw forced to lose the World-wide of Qatar with Uruguay to consequence of <strong>an avulsi\u00f3n of the sinew of the abductor long of the right thigh suffered in a friendly, against Iran, that left him 103 days out of action,<\/strong> after going through the operating theatre in September. It has been the &#8216;stick&#8217; bigger in the career of the player of 24 years.<\/p>  <h2>Positivism in the Bar\u00e7a<\/h2>  <p>Although they are too many the injuries or physical setbacks that has suffered the charr\u00faa from his promotion to the maximum category,<strong> from the club &#8216;grasp&#8217; to that usually it has recovered very fast<\/strong>. To exception of the suffered in September of the year gone through the one who had to subject to a surgical intervention, Ara\u00fajo never to state more than 40 days in the infirmary. The forecast is that, with this injury in the biceps femoral of the left leg, was equal.<\/p> ","protected":false},"excerpt":{"rendered":"<p>FC Barcelona confirmed that Ronald Ara\u00fajo suffered an injury in the last training session. The forecast is that &#8216;KO&#8217; will be there for a month and from the club the alarms begin to go off due to the large number of injuries that the Uruguayan has suffered since his debut Ronald Ara\u00fajo is called to [&hellip;]<\/p>\n","protected":false},"author":0,"featured_media":79676,"comment_status":"closed","ping_status":"open","sticky":false,"template":"","format":"standard","meta":{"_acf_changed":false,"inline_featured_image":false,"_nextfly_llmd_date_locked":false,"footnotes":""},"categories":[453,107],"tags":[136],"class_list":["post-79672","post","type-post","status-publish","format-standard","has-post-thumbnail","hentry","category-players-2","category-players","tag-injured"],"acf":[],"yoast_head":"<!-- This site is optimized with the Yoast SEO plugin v27.3 - https:\/\/yoast.com\/product\/yoast-seo-wordpress\/ -->\n<title>The worrisome record of injuries of Ronald Ara\u00fajo in the Bar\u00e7a<\/title>\n<meta name=\"description\" content=\"The FC Barcelona confirmed that Ronald Ara\u00fajo suffered an injury in the last training. The forecast is that it was a month &#039;KO&#039; and from the club begin to light the alarms by the big number of injuries that has suffered the charr\u00faa from his debut\" \/>\n<meta name=\"robots\" content=\"index, follow, max-snippet:-1, max-image-preview:large, max-video-preview:-1\" \/>\n<link rel=\"canonical\" href=\"https:\/\/www.fcbarcelonanoticias.com\/en\/players\/the-worrisome-record-of-injuries-of-ronald-araujo-in-the-barca_295231_102.html\" \/>\n<meta property=\"og:locale\" content=\"en_US\" \/>\n<meta property=\"og:type\" content=\"article\" \/>\n<meta property=\"og:title\" content=\"The worrisome record of injuries of Ronald Ara\u00fajo in the Bar\u00e7a\" \/>\n<meta property=\"og:description\" content=\"The FC Barcelona confirmed that Ronald Ara\u00fajo suffered an injury in the last training. The forecast is that it was a month &#039;KO&#039; and from the club begin to light the alarms by the big number of injuries that has suffered the charr\u00faa from his debut\" \/>\n<meta property=\"og:url\" content=\"https:\/\/www.fcbarcelonanoticias.com\/en\/players\/the-worrisome-record-of-injuries-of-ronald-araujo-in-the-barca_295231_102.html\" \/>\n<meta property=\"og:site_name\" content=\"EN - FC Barcelona Noticias\" \/>\n<meta property=\"article:published_time\" content=\"2023-08-18T07:11:00+00:00\" \/>\n<meta property=\"og:image\" content=\"https:\/\/www.fcbarcelonanoticias.com\/en\/wp-content\/uploads\/sites\/2\/2023\/08\/ronald-araujo-tras-un-partido-del-barca.jpeg\" \/>\n\t<meta property=\"og:image:width\" content=\"1250\" \/>\n\t<meta property=\"og:image:height\" content=\"750\" \/>\n\t<meta property=\"og:image:type\" content=\"image\/jpeg\" \/>\n<meta name=\"twitter:card\" content=\"summary_large_image\" \/>\n<meta name=\"twitter:label1\" content=\"Est. reading time\" \/>\n\t<meta name=\"twitter:data1\" content=\"3 minutes\" \/>\n<script type=\"application\/ld+json\" class=\"yoast-schema-graph\">{\"@context\":\"https:\\\/\\\/schema.org\",\"@graph\":[{\"@type\":\"Article\",\"@id\":\"https:\\\/\\\/www.fcbarcelonanoticias.com\\\/en\\\/players\\\/the-worrisome-record-of-injuries-of-ronald-araujo-in-the-barca_295231_102.html#article\",\"isPartOf\":{\"@id\":\"https:\\\/\\\/www.fcbarcelonanoticias.com\\\/en\\\/players\\\/the-worrisome-record-of-injuries-of-ronald-araujo-in-the-barca_295231_102.html\"},\"author\":{\"name\":\"\",\"@id\":\"\"},\"headline\":\"Ronald Ara\u00fajo&#8217;s worrying injury history at Bar\u00e7a\",\"datePublished\":\"2023-08-18T07:11:00+00:00\",\"mainEntityOfPage\":{\"@id\":\"https:\\\/\\\/www.fcbarcelonanoticias.com\\\/en\\\/players\\\/the-worrisome-record-of-injuries-of-ronald-araujo-in-the-barca_295231_102.html\"},\"wordCount\":512,\"image\":{\"@id\":\"https:\\\/\\\/www.fcbarcelonanoticias.com\\\/en\\\/players\\\/the-worrisome-record-of-injuries-of-ronald-araujo-in-the-barca_295231_102.html#primaryimage\"},\"thumbnailUrl\":\"https:\\\/\\\/www.fcbarcelonanoticias.com\\\/en\\\/wp-content\\\/uploads\\\/sites\\\/2\\\/2023\\\/08\\\/ronald-araujo-tras-un-partido-del-barca.jpeg\",\"keywords\":[\"injured\"],\"articleSection\":[\"Players\",\"Players\"],\"inLanguage\":\"en-US\"},{\"@type\":\"WebPage\",\"@id\":\"https:\\\/\\\/www.fcbarcelonanoticias.com\\\/en\\\/players\\\/the-worrisome-record-of-injuries-of-ronald-araujo-in-the-barca_295231_102.html\",\"url\":\"https:\\\/\\\/www.fcbarcelonanoticias.com\\\/en\\\/players\\\/the-worrisome-record-of-injuries-of-ronald-araujo-in-the-barca_295231_102.html\",\"name\":\"The worrisome record of injuries of Ronald Ara\u00fajo in the Bar\u00e7a\",\"isPartOf\":{\"@id\":\"https:\\\/\\\/www.fcbarcelonanoticias.com\\\/en\\\/#website\"},\"primaryImageOfPage\":{\"@id\":\"https:\\\/\\\/www.fcbarcelonanoticias.com\\\/en\\\/players\\\/the-worrisome-record-of-injuries-of-ronald-araujo-in-the-barca_295231_102.html#primaryimage\"},\"image\":{\"@id\":\"https:\\\/\\\/www.fcbarcelonanoticias.com\\\/en\\\/players\\\/the-worrisome-record-of-injuries-of-ronald-araujo-in-the-barca_295231_102.html#primaryimage\"},\"thumbnailUrl\":\"https:\\\/\\\/www.fcbarcelonanoticias.com\\\/en\\\/wp-content\\\/uploads\\\/sites\\\/2\\\/2023\\\/08\\\/ronald-araujo-tras-un-partido-del-barca.jpeg\",\"datePublished\":\"2023-08-18T07:11:00+00:00\",\"author\":{\"@id\":\"\"},\"description\":\"The FC Barcelona confirmed that Ronald Ara\u00fajo suffered an injury in the last training. The forecast is that it was a month 'KO' and from the club begin to light the alarms by the big number of injuries that has suffered the charr\u00faa from his debut\",\"breadcrumb\":{\"@id\":\"https:\\\/\\\/www.fcbarcelonanoticias.com\\\/en\\\/players\\\/the-worrisome-record-of-injuries-of-ronald-araujo-in-the-barca_295231_102.html#breadcrumb\"},\"inLanguage\":\"en-US\",\"potentialAction\":[{\"@type\":\"ReadAction\",\"target\":[\"https:\\\/\\\/www.fcbarcelonanoticias.com\\\/en\\\/players\\\/the-worrisome-record-of-injuries-of-ronald-araujo-in-the-barca_295231_102.html\"]}]},{\"@type\":\"ImageObject\",\"inLanguage\":\"en-US\",\"@id\":\"https:\\\/\\\/www.fcbarcelonanoticias.com\\\/en\\\/players\\\/the-worrisome-record-of-injuries-of-ronald-araujo-in-the-barca_295231_102.html#primaryimage\",\"url\":\"https:\\\/\\\/www.fcbarcelonanoticias.com\\\/en\\\/wp-content\\\/uploads\\\/sites\\\/2\\\/2023\\\/08\\\/ronald-araujo-tras-un-partido-del-barca.jpeg\",\"contentUrl\":\"https:\\\/\\\/www.fcbarcelonanoticias.com\\\/en\\\/wp-content\\\/uploads\\\/sites\\\/2\\\/2023\\\/08\\\/ronald-araujo-tras-un-partido-del-barca.jpeg\",\"width\":1250,\"height\":750},{\"@type\":\"BreadcrumbList\",\"@id\":\"https:\\\/\\\/www.fcbarcelonanoticias.com\\\/en\\\/players\\\/the-worrisome-record-of-injuries-of-ronald-araujo-in-the-barca_295231_102.html#breadcrumb\",\"itemListElement\":[{\"@type\":\"ListItem\",\"position\":1,\"name\":\"Portada\",\"item\":\"https:\\\/\\\/www.fcbarcelonanoticias.com\\\/en\\\/\"},{\"@type\":\"ListItem\",\"position\":2,\"name\":\"Ronald Ara\u00fajo&#8217;s worrying injury history at Bar\u00e7a\"}]},{\"@type\":\"WebSite\",\"@id\":\"https:\\\/\\\/www.fcbarcelonanoticias.com\\\/en\\\/#website\",\"url\":\"https:\\\/\\\/www.fcbarcelonanoticias.com\\\/en\\\/\",\"name\":\"EN - FC Barcelona Noticias\",\"description\":\"\",\"potentialAction\":[{\"@type\":\"SearchAction\",\"target\":{\"@type\":\"EntryPoint\",\"urlTemplate\":\"https:\\\/\\\/www.fcbarcelonanoticias.com\\\/en\\\/?s={search_term_string}\"},\"query-input\":{\"@type\":\"PropertyValueSpecification\",\"valueRequired\":true,\"valueName\":\"search_term_string\"}}],\"inLanguage\":\"en-US\"}]}<\/script>\n<!-- \/ Yoast SEO plugin. -->","yoast_head_json":{"title":"The worrisome record of injuries of Ronald Ara\u00fajo in the Bar\u00e7a","description":"The FC Barcelona confirmed that Ronald Ara\u00fajo suffered an injury in the last training. The forecast is that it was a month 'KO' and from the club begin to light the alarms by the big number of injuries that has suffered the charr\u00faa from his debut","robots":{"index":"index","follow":"follow","max-snippet":"max-snippet:-1","max-image-preview":"max-image-preview:large","max-video-preview":"max-video-preview:-1"},"canonical":"https:\/\/www.fcbarcelonanoticias.com\/en\/players\/the-worrisome-record-of-injuries-of-ronald-araujo-in-the-barca_295231_102.html","og_locale":"en_US","og_type":"article","og_title":"The worrisome record of injuries of Ronald Ara\u00fajo in the Bar\u00e7a","og_description":"The FC Barcelona confirmed that Ronald Ara\u00fajo suffered an injury in the last training. The forecast is that it was a month 'KO' and from the club begin to light the alarms by the big number of injuries that has suffered the charr\u00faa from his debut","og_url":"https:\/\/www.fcbarcelonanoticias.com\/en\/players\/the-worrisome-record-of-injuries-of-ronald-araujo-in-the-barca_295231_102.html","og_site_name":"EN - FC Barcelona Noticias","article_published_time":"2023-08-18T07:11:00+00:00","og_image":[{"width":1250,"height":750,"url":"https:\/\/www.fcbarcelonanoticias.com\/en\/wp-content\/uploads\/sites\/2\/2023\/08\/ronald-araujo-tras-un-partido-del-barca.jpeg","type":"image\/jpeg"}],"twitter_card":"summary_large_image","twitter_misc":{"Est. reading time":"3 minutes"},"schema":{"@context":"https:\/\/schema.org","@graph":[{"@type":"Article","@id":"https:\/\/www.fcbarcelonanoticias.com\/en\/players\/the-worrisome-record-of-injuries-of-ronald-araujo-in-the-barca_295231_102.html#article","isPartOf":{"@id":"https:\/\/www.fcbarcelonanoticias.com\/en\/players\/the-worrisome-record-of-injuries-of-ronald-araujo-in-the-barca_295231_102.html"},"author":{"name":"","@id":""},"headline":"Ronald Ara\u00fajo&#8217;s worrying injury history at Bar\u00e7a","datePublished":"2023-08-18T07:11:00+00:00","mainEntityOfPage":{"@id":"https:\/\/www.fcbarcelonanoticias.com\/en\/players\/the-worrisome-record-of-injuries-of-ronald-araujo-in-the-barca_295231_102.html"},"wordCount":512,"image":{"@id":"https:\/\/www.fcbarcelonanoticias.com\/en\/players\/the-worrisome-record-of-injuries-of-ronald-araujo-in-the-barca_295231_102.html#primaryimage"},"thumbnailUrl":"https:\/\/www.fcbarcelonanoticias.com\/en\/wp-content\/uploads\/sites\/2\/2023\/08\/ronald-araujo-tras-un-partido-del-barca.jpeg","keywords":["injured"],"articleSection":["Players","Players"],"inLanguage":"en-US"},{"@type":"WebPage","@id":"https:\/\/www.fcbarcelonanoticias.com\/en\/players\/the-worrisome-record-of-injuries-of-ronald-araujo-in-the-barca_295231_102.html","url":"https:\/\/www.fcbarcelonanoticias.com\/en\/players\/the-worrisome-record-of-injuries-of-ronald-araujo-in-the-barca_295231_102.html","name":"The worrisome record of injuries of Ronald Ara\u00fajo in the Bar\u00e7a","isPartOf":{"@id":"https:\/\/www.fcbarcelonanoticias.com\/en\/#website"},"primaryImageOfPage":{"@id":"https:\/\/www.fcbarcelonanoticias.com\/en\/players\/the-worrisome-record-of-injuries-of-ronald-araujo-in-the-barca_295231_102.html#primaryimage"},"image":{"@id":"https:\/\/www.fcbarcelonanoticias.com\/en\/players\/the-worrisome-record-of-injuries-of-ronald-araujo-in-the-barca_295231_102.html#primaryimage"},"thumbnailUrl":"https:\/\/www.fcbarcelonanoticias.com\/en\/wp-content\/uploads\/sites\/2\/2023\/08\/ronald-araujo-tras-un-partido-del-barca.jpeg","datePublished":"2023-08-18T07:11:00+00:00","author":{"@id":""},"description":"The FC Barcelona confirmed that Ronald Ara\u00fajo suffered an injury in the last training. The forecast is that it was a month 'KO' and from the club begin to light the alarms by the big number of injuries that has suffered the charr\u00faa from his debut","breadcrumb":{"@id":"https:\/\/www.fcbarcelonanoticias.com\/en\/players\/the-worrisome-record-of-injuries-of-ronald-araujo-in-the-barca_295231_102.html#breadcrumb"},"inLanguage":"en-US","potentialAction":[{"@type":"ReadAction","target":["https:\/\/www.fcbarcelonanoticias.com\/en\/players\/the-worrisome-record-of-injuries-of-ronald-araujo-in-the-barca_295231_102.html"]}]},{"@type":"ImageObject","inLanguage":"en-US","@id":"https:\/\/www.fcbarcelonanoticias.com\/en\/players\/the-worrisome-record-of-injuries-of-ronald-araujo-in-the-barca_295231_102.html#primaryimage","url":"https:\/\/www.fcbarcelonanoticias.com\/en\/wp-content\/uploads\/sites\/2\/2023\/08\/ronald-araujo-tras-un-partido-del-barca.jpeg","contentUrl":"https:\/\/www.fcbarcelonanoticias.com\/en\/wp-content\/uploads\/sites\/2\/2023\/08\/ronald-araujo-tras-un-partido-del-barca.jpeg","width":1250,"height":750},{"@type":"BreadcrumbList","@id":"https:\/\/www.fcbarcelonanoticias.com\/en\/players\/the-worrisome-record-of-injuries-of-ronald-araujo-in-the-barca_295231_102.html#breadcrumb","itemListElement":[{"@type":"ListItem","position":1,"name":"Portada","item":"https:\/\/www.fcbarcelonanoticias.com\/en\/"},{"@type":"ListItem","position":2,"name":"Ronald Ara\u00fajo&#8217;s worrying injury history at Bar\u00e7a"}]},{"@type":"WebSite","@id":"https:\/\/www.fcbarcelonanoticias.com\/en\/#website","url":"https:\/\/www.fcbarcelonanoticias.com\/en\/","name":"EN - FC Barcelona Noticias","description":"","potentialAction":[{"@type":"SearchAction","target":{"@type":"EntryPoint","urlTemplate":"https:\/\/www.fcbarcelonanoticias.com\/en\/?s={search_term_string}"},"query-input":{"@type":"PropertyValueSpecification","valueRequired":true,"valueName":"search_term_string"}}],"inLanguage":"en-US"}]}},"_links":{"self":[{"href":"https:\/\/www.fcbarcelonanoticias.com\/en\/wp-json\/wp\/v2\/posts\/79672","targetHints":{"allow":["GET"]}}],"collection":[{"href":"https:\/\/www.fcbarcelonanoticias.com\/en\/wp-json\/wp\/v2\/posts"}],"about":[{"href":"https:\/\/www.fcbarcelonanoticias.com\/en\/wp-json\/wp\/v2\/types\/post"}],"replies":[{"embeddable":true,"href":"https:\/\/www.fcbarcelonanoticias.com\/en\/wp-json\/wp\/v2\/comments?post=79672"}],"version-history":[{"count":1,"href":"https:\/\/www.fcbarcelonanoticias.com\/en\/wp-json\/wp\/v2\/posts\/79672\/revisions"}],"predecessor-version":[{"id":79673,"href":"https:\/\/www.fcbarcelonanoticias.com\/en\/wp-json\/wp\/v2\/posts\/79672\/revisions\/79673"}],"wp:featuredmedia":[{"embeddable":true,"href":"https:\/\/www.fcbarcelonanoticias.com\/en\/wp-json\/wp\/v2\/media\/79676"}],"wp:attachment":[{"href":"https:\/\/www.fcbarcelonanoticias.com\/en\/wp-json\/wp\/v2\/media?parent=79672"}],"wp:term":[{"taxonomy":"category","embeddable":true,"href":"https:\/\/www.fcbarcelonanoticias.com\/en\/wp-json\/wp\/v2\/categories?post=79672"},{"taxonomy":"post_tag","embeddable":true,"href":"https:\/\/www.fcbarcelonanoticias.com\/en\/wp-json\/wp\/v2\/tags?post=79672"}],"curies":[{"name":"wp","href":"https:\/\/api.w.org\/{rel}","templated":true}]}}