{"id":79711,"date":"2022-01-15T12:54:00","date_gmt":"2022-01-15T11:54:00","guid":{"rendered":"https:\/\/weisetech.dev\/fc-barcelona-noticias\/en\/benzema-attributes-the-merit-of-the-explosion-of-vinicius_276944_102\/"},"modified":"2022-01-15T12:56:00","modified_gmt":"2022-01-15T11:56:00","slug":"benzema-attributes-the-merit-of-the-explosion-of-vinicius_276944_102","status":"publish","type":"post","link":"https:\/\/www.fcbarcelonanoticias.com\/en\/real-madrid\/benzema-attributes-the-merit-of-the-explosion-of-vinicius_276944_102.html","title":{"rendered":"Benzema Attributes  the merit of the explosion of Vinicius in the Madrid"},"content":{"rendered":"<h2 class=\"wp-block-heading\">In an interview for &#8216;France Football&#8217;, Karim Benzema has detailed part of his experiences along the year and his paper like leader in the Real Madrid. The Frenchman considers to have supported to Vinicius to reach the good performance that has attained up to now<\/h2>  \r\n<div class=\"article-addons\">\r\n    <a href=\"https:\/\/www.fcbarcelonanoticias.com\/en\/calendar-fc-barcelona.html\"\r\n       target=\"_self\"\r\n       title=\"Calendar of FC Barcelona\"\r\n       class=\"blue-gredient-btn\">\r\n       \r\n        Calendar of FC Barcelona    <\/a>\r\n<\/div>   <p>The magazine &#8216;France Football&#8217; has awarded him the distinction of the best French player of 2021 to <strong><a data-external=\"0\" data-intl-links-en=\"https:\/\/www.fcbarcelonanoticias.com\/en\/supercopa-of-spain\/benzema-killed-the-illusions-of-the-barca-with-the-1-2_276868_102.html\" data-intl-links-es=\"https:\/\/www.fcbarcelonanoticias.com\/supercopa-de-espana\/benzema-mato-ilusiones-barca-con-1-2_276868_102.html\" href=\"https:\/\/www.fcbarcelonanoticias.com\/en\/supercopa-of-spain\/benzema-killed-the-illusions-of-the-barca-with-the-1-2_276868_102.html\" rel=\"follow\" target=\"_self\" title=\"Benzema no perdon\u00f3 al Bar\u00e7a en el Cl\u00e1sico con el 1-2\">Karim Benzema<\/a><\/strong>. Besides, the French has awarded an interview to the half in which it has related part of his actuality and of the good moment that lives in <strong>the Real Madrid<\/strong>, where has assumed the role of leader.<\/p> <p>In his statements, the French has indicated that it always tries to do that his mates improve: &#8220;<strong>Of course, I try to do to the better rest. And this is also respect to the football<\/strong>: Do a good support, the good pass, if somebody has the ball, not disturbing his space and attract to the defenders, but yes descartarse to leave him the freedom. Afterwards, I do not know if I am the salt, the pepper or the pepper. A bit of everything&#8221;.<\/p> <h3>The contribution of Benzema for the change of Vinicius<\/h3> <p>It has stood out especially the case of the one who accompanies him in the white attack: &#8220;I see It in the terrain of game. <strong>We take the example of <a data-external=\"0\" data-intl-links-en=\"https:\/\/www.fcbarcelonanoticias.com\/en\/supercopa-of-spain\/vinicius-advanced-to-the-madrid-after-a-loss-of-busquets_276865_102.html\" data-intl-links-es=\"https:\/\/www.fcbarcelonanoticias.com\/supercopa-de-espana\/vinicius-adelanto-madrid-perdida-busquets_276865_102.html\" href=\"https:\/\/www.fcbarcelonanoticias.com\/en\/supercopa-of-spain\/vinicius-advanced-to-the-madrid-after-a-loss-of-busquets_276865_102.html\" rel=\"follow\" target=\"_self\" title=\"Vinicius adelant\u00f3 al Madrid tras una p\u00e9rdida de Busquets\">Vinicius<\/a>. I know that I have contributed him. It is necessary to ask him. Right now, it is not the same player.<\/strong> He does what had to do from does time and can not reproach him at all. It is a young player, is good. I know that it was able to produce quite a lot of more&#8221;.<\/p> <p><strong>Benzema<\/strong> Sustains that it has given him some instructions to the Brazilian on the fly: &#8220;It Was necessary to say it at all more. Then, in hardly two-three sentences in the terrain of game, in two-three movements, show him the things, especially in the last 20 metres. <strong>It has to take the decisions by himself same, centre to assist, no by at all, throw or mark. It raises the head. Look to the of before, has put all this under way<\/strong>&#8220;.<\/p> <p>For &#8216;The Cat&#8217;, <strong>Vini Jr<\/strong>. Now yes it is showing his best version: &#8220;<strong>Now, yes, it is Vinicius. Before, anybody had to say me this<\/strong>. It played with the biggest of small. It had to look them and recopilar information faster. I learnt to play fast, with the head. I analyse the game of my mates. I know little by little that they want to do&#8221;.<\/p> ","protected":false},"excerpt":{"rendered":"<p>In an interview for &#8216;France Football&#8217;, Karim Benzema has detailed part of his experiences along the year and his paper like leader in the Real Madrid. The Frenchman considers to have supported to Vinicius to reach the good performance that has attained up to now The magazine &#8216;France Football&#8217; has awarded him the distinction of [&hellip;]<\/p>\n","protected":false},"author":378,"featured_media":121812,"comment_status":"closed","ping_status":"open","sticky":false,"template":"","format":"standard","meta":{"_acf_changed":false,"inline_featured_image":false,"_nextfly_llmd_date_locked":false,"footnotes":""},"categories":[119,450],"tags":[],"class_list":["post-79711","post","type-post","status-publish","format-standard","has-post-thumbnail","hentry","category-real-madrid","category-real-madrid-2"],"acf":[],"yoast_head":"<!-- This site is optimized with the Yoast SEO plugin v27.3 - https:\/\/yoast.com\/product\/yoast-seo-wordpress\/ -->\n<title>Benzema Attributes the merit of the explosion of Vinicius...<\/title>\n<meta name=\"description\" content=\"In an interview for &#039;France Football&#039;, Karim Benzema has detailed part of his experiences along the year and his paper like leader in the Real Madrid. The...\" \/>\n<meta name=\"robots\" content=\"index, follow, max-snippet:-1, max-image-preview:large, max-video-preview:-1\" \/>\n<link rel=\"canonical\" href=\"https:\/\/www.fcbarcelonanoticias.com\/en\/real-madrid\/benzema-attributes-the-merit-of-the-explosion-of-vinicius_276944_102.html\" \/>\n<meta property=\"og:locale\" content=\"en_US\" \/>\n<meta property=\"og:type\" content=\"article\" \/>\n<meta property=\"og:title\" content=\"Benzema Attributes the merit of the explosion of Vinicius...\" \/>\n<meta property=\"og:description\" content=\"In an interview for &#039;France Football&#039;, Karim Benzema has detailed part of his experiences along the year and his paper like leader in the Real Madrid. The...\" \/>\n<meta property=\"og:url\" content=\"https:\/\/www.fcbarcelonanoticias.com\/en\/real-madrid\/benzema-attributes-the-merit-of-the-explosion-of-vinicius_276944_102.html\" \/>\n<meta property=\"og:site_name\" content=\"EN - FC Barcelona Noticias\" \/>\n<meta property=\"article:published_time\" content=\"2022-01-15T11:54:00+00:00\" \/>\n<meta property=\"article:modified_time\" content=\"2022-01-15T11:56:00+00:00\" \/>\n<meta property=\"og:image\" content=\"https:\/\/www.fcbarcelonanoticias.com\/en\/wp-content\/uploads\/sites\/2\/2022\/01\/real-madrid-cf-v-valencia-cf-la-liga-santander-1-1.jpeg\" \/>\n\t<meta property=\"og:image:width\" content=\"1200\" \/>\n\t<meta property=\"og:image:height\" content=\"741\" \/>\n\t<meta property=\"og:image:type\" content=\"image\/jpeg\" \/>\n<meta name=\"author\" content=\"user_4034\" \/>\n<meta name=\"twitter:card\" content=\"summary_large_image\" \/>\n<meta name=\"twitter:label1\" content=\"Written by\" \/>\n\t<meta name=\"twitter:data1\" content=\"user_4034\" \/>\n\t<meta name=\"twitter:label2\" content=\"Est. reading time\" \/>\n\t<meta name=\"twitter:data2\" content=\"2 minutes\" \/>\n<script type=\"application\/ld+json\" class=\"yoast-schema-graph\">{\"@context\":\"https:\\\/\\\/schema.org\",\"@graph\":[{\"@type\":\"Article\",\"@id\":\"https:\\\/\\\/www.fcbarcelonanoticias.com\\\/en\\\/real-madrid\\\/benzema-attributes-the-merit-of-the-explosion-of-vinicius_276944_102.html#article\",\"isPartOf\":{\"@id\":\"https:\\\/\\\/www.fcbarcelonanoticias.com\\\/en\\\/real-madrid\\\/benzema-attributes-the-merit-of-the-explosion-of-vinicius_276944_102.html\"},\"author\":{\"name\":\"user_4034\",\"@id\":\"https:\\\/\\\/www.fcbarcelonanoticias.com\\\/en\\\/#\\\/schema\\\/person\\\/af5ca539abaaa1bd2753d05ef7a706d0\"},\"headline\":\"Benzema Attributes the merit of the explosion of Vinicius in the Madrid\",\"datePublished\":\"2022-01-15T11:54:00+00:00\",\"dateModified\":\"2022-01-15T11:56:00+00:00\",\"mainEntityOfPage\":{\"@id\":\"https:\\\/\\\/www.fcbarcelonanoticias.com\\\/en\\\/real-madrid\\\/benzema-attributes-the-merit-of-the-explosion-of-vinicius_276944_102.html\"},\"wordCount\":438,\"image\":{\"@id\":\"https:\\\/\\\/www.fcbarcelonanoticias.com\\\/en\\\/real-madrid\\\/benzema-attributes-the-merit-of-the-explosion-of-vinicius_276944_102.html#primaryimage\"},\"thumbnailUrl\":\"https:\\\/\\\/www.fcbarcelonanoticias.com\\\/en\\\/wp-content\\\/uploads\\\/sites\\\/2\\\/2022\\\/01\\\/real-madrid-cf-v-valencia-cf-la-liga-santander-1-1.jpeg\",\"articleSection\":[\"Real Madrid\",\"Real Madrid\"],\"inLanguage\":\"en-US\"},{\"@type\":\"WebPage\",\"@id\":\"https:\\\/\\\/www.fcbarcelonanoticias.com\\\/en\\\/real-madrid\\\/benzema-attributes-the-merit-of-the-explosion-of-vinicius_276944_102.html\",\"url\":\"https:\\\/\\\/www.fcbarcelonanoticias.com\\\/en\\\/real-madrid\\\/benzema-attributes-the-merit-of-the-explosion-of-vinicius_276944_102.html\",\"name\":\"Benzema Attributes the merit of the explosion of Vinicius...\",\"isPartOf\":{\"@id\":\"https:\\\/\\\/www.fcbarcelonanoticias.com\\\/en\\\/#website\"},\"primaryImageOfPage\":{\"@id\":\"https:\\\/\\\/www.fcbarcelonanoticias.com\\\/en\\\/real-madrid\\\/benzema-attributes-the-merit-of-the-explosion-of-vinicius_276944_102.html#primaryimage\"},\"image\":{\"@id\":\"https:\\\/\\\/www.fcbarcelonanoticias.com\\\/en\\\/real-madrid\\\/benzema-attributes-the-merit-of-the-explosion-of-vinicius_276944_102.html#primaryimage\"},\"thumbnailUrl\":\"https:\\\/\\\/www.fcbarcelonanoticias.com\\\/en\\\/wp-content\\\/uploads\\\/sites\\\/2\\\/2022\\\/01\\\/real-madrid-cf-v-valencia-cf-la-liga-santander-1-1.jpeg\",\"datePublished\":\"2022-01-15T11:54:00+00:00\",\"dateModified\":\"2022-01-15T11:56:00+00:00\",\"author\":{\"@id\":\"https:\\\/\\\/www.fcbarcelonanoticias.com\\\/en\\\/#\\\/schema\\\/person\\\/af5ca539abaaa1bd2753d05ef7a706d0\"},\"description\":\"In an interview for 'France Football', Karim Benzema has detailed part of his experiences along the year and his paper like leader in the Real Madrid. The...\",\"breadcrumb\":{\"@id\":\"https:\\\/\\\/www.fcbarcelonanoticias.com\\\/en\\\/real-madrid\\\/benzema-attributes-the-merit-of-the-explosion-of-vinicius_276944_102.html#breadcrumb\"},\"inLanguage\":\"en-US\",\"potentialAction\":[{\"@type\":\"ReadAction\",\"target\":[\"https:\\\/\\\/www.fcbarcelonanoticias.com\\\/en\\\/real-madrid\\\/benzema-attributes-the-merit-of-the-explosion-of-vinicius_276944_102.html\"]}]},{\"@type\":\"ImageObject\",\"inLanguage\":\"en-US\",\"@id\":\"https:\\\/\\\/www.fcbarcelonanoticias.com\\\/en\\\/real-madrid\\\/benzema-attributes-the-merit-of-the-explosion-of-vinicius_276944_102.html#primaryimage\",\"url\":\"https:\\\/\\\/www.fcbarcelonanoticias.com\\\/en\\\/wp-content\\\/uploads\\\/sites\\\/2\\\/2022\\\/01\\\/real-madrid-cf-v-valencia-cf-la-liga-santander-1-1.jpeg\",\"contentUrl\":\"https:\\\/\\\/www.fcbarcelonanoticias.com\\\/en\\\/wp-content\\\/uploads\\\/sites\\\/2\\\/2022\\\/01\\\/real-madrid-cf-v-valencia-cf-la-liga-santander-1-1.jpeg\",\"width\":1200,\"height\":741},{\"@type\":\"BreadcrumbList\",\"@id\":\"https:\\\/\\\/www.fcbarcelonanoticias.com\\\/en\\\/real-madrid\\\/benzema-attributes-the-merit-of-the-explosion-of-vinicius_276944_102.html#breadcrumb\",\"itemListElement\":[{\"@type\":\"ListItem\",\"position\":1,\"name\":\"Portada\",\"item\":\"https:\\\/\\\/www.fcbarcelonanoticias.com\\\/en\\\/\"},{\"@type\":\"ListItem\",\"position\":2,\"name\":\"Benzema Attributes the merit of the explosion of Vinicius in the Madrid\"}]},{\"@type\":\"WebSite\",\"@id\":\"https:\\\/\\\/www.fcbarcelonanoticias.com\\\/en\\\/#website\",\"url\":\"https:\\\/\\\/www.fcbarcelonanoticias.com\\\/en\\\/\",\"name\":\"EN - FC Barcelona Noticias\",\"description\":\"\",\"potentialAction\":[{\"@type\":\"SearchAction\",\"target\":{\"@type\":\"EntryPoint\",\"urlTemplate\":\"https:\\\/\\\/www.fcbarcelonanoticias.com\\\/en\\\/?s={search_term_string}\"},\"query-input\":{\"@type\":\"PropertyValueSpecification\",\"valueRequired\":true,\"valueName\":\"search_term_string\"}}],\"inLanguage\":\"en-US\"},{\"@type\":\"Person\",\"@id\":\"https:\\\/\\\/www.fcbarcelonanoticias.com\\\/en\\\/#\\\/schema\\\/person\\\/af5ca539abaaa1bd2753d05ef7a706d0\",\"name\":\"user_4034\",\"image\":{\"@type\":\"ImageObject\",\"inLanguage\":\"en-US\",\"@id\":\"https:\\\/\\\/secure.gravatar.com\\\/avatar\\\/?s=96&d=mm&r=g\",\"url\":\"https:\\\/\\\/secure.gravatar.com\\\/avatar\\\/?s=96&d=mm&r=g\",\"contentUrl\":\"https:\\\/\\\/secure.gravatar.com\\\/avatar\\\/?s=96&d=mm&r=g\",\"caption\":\"user_4034\"},\"url\":\"https:\\\/\\\/www.fcbarcelonanoticias.com\\\/en\\\/user_4034.html\"}]}<\/script>\n<!-- \/ Yoast SEO plugin. -->","yoast_head_json":{"title":"Benzema Attributes the merit of the explosion of Vinicius...","description":"In an interview for 'France Football', Karim Benzema has detailed part of his experiences along the year and his paper like leader in the Real Madrid. The...","robots":{"index":"index","follow":"follow","max-snippet":"max-snippet:-1","max-image-preview":"max-image-preview:large","max-video-preview":"max-video-preview:-1"},"canonical":"https:\/\/www.fcbarcelonanoticias.com\/en\/real-madrid\/benzema-attributes-the-merit-of-the-explosion-of-vinicius_276944_102.html","og_locale":"en_US","og_type":"article","og_title":"Benzema Attributes the merit of the explosion of Vinicius...","og_description":"In an interview for 'France Football', Karim Benzema has detailed part of his experiences along the year and his paper like leader in the Real Madrid. The...","og_url":"https:\/\/www.fcbarcelonanoticias.com\/en\/real-madrid\/benzema-attributes-the-merit-of-the-explosion-of-vinicius_276944_102.html","og_site_name":"EN - FC Barcelona Noticias","article_published_time":"2022-01-15T11:54:00+00:00","article_modified_time":"2022-01-15T11:56:00+00:00","og_image":[{"width":1200,"height":741,"url":"https:\/\/www.fcbarcelonanoticias.com\/en\/wp-content\/uploads\/sites\/2\/2022\/01\/real-madrid-cf-v-valencia-cf-la-liga-santander-1-1.jpeg","type":"image\/jpeg"}],"author":"user_4034","twitter_card":"summary_large_image","twitter_misc":{"Written by":"user_4034","Est. reading time":"2 minutes"},"schema":{"@context":"https:\/\/schema.org","@graph":[{"@type":"Article","@id":"https:\/\/www.fcbarcelonanoticias.com\/en\/real-madrid\/benzema-attributes-the-merit-of-the-explosion-of-vinicius_276944_102.html#article","isPartOf":{"@id":"https:\/\/www.fcbarcelonanoticias.com\/en\/real-madrid\/benzema-attributes-the-merit-of-the-explosion-of-vinicius_276944_102.html"},"author":{"name":"user_4034","@id":"https:\/\/www.fcbarcelonanoticias.com\/en\/#\/schema\/person\/af5ca539abaaa1bd2753d05ef7a706d0"},"headline":"Benzema Attributes the merit of the explosion of Vinicius in the Madrid","datePublished":"2022-01-15T11:54:00+00:00","dateModified":"2022-01-15T11:56:00+00:00","mainEntityOfPage":{"@id":"https:\/\/www.fcbarcelonanoticias.com\/en\/real-madrid\/benzema-attributes-the-merit-of-the-explosion-of-vinicius_276944_102.html"},"wordCount":438,"image":{"@id":"https:\/\/www.fcbarcelonanoticias.com\/en\/real-madrid\/benzema-attributes-the-merit-of-the-explosion-of-vinicius_276944_102.html#primaryimage"},"thumbnailUrl":"https:\/\/www.fcbarcelonanoticias.com\/en\/wp-content\/uploads\/sites\/2\/2022\/01\/real-madrid-cf-v-valencia-cf-la-liga-santander-1-1.jpeg","articleSection":["Real Madrid","Real Madrid"],"inLanguage":"en-US"},{"@type":"WebPage","@id":"https:\/\/www.fcbarcelonanoticias.com\/en\/real-madrid\/benzema-attributes-the-merit-of-the-explosion-of-vinicius_276944_102.html","url":"https:\/\/www.fcbarcelonanoticias.com\/en\/real-madrid\/benzema-attributes-the-merit-of-the-explosion-of-vinicius_276944_102.html","name":"Benzema Attributes the merit of the explosion of Vinicius...","isPartOf":{"@id":"https:\/\/www.fcbarcelonanoticias.com\/en\/#website"},"primaryImageOfPage":{"@id":"https:\/\/www.fcbarcelonanoticias.com\/en\/real-madrid\/benzema-attributes-the-merit-of-the-explosion-of-vinicius_276944_102.html#primaryimage"},"image":{"@id":"https:\/\/www.fcbarcelonanoticias.com\/en\/real-madrid\/benzema-attributes-the-merit-of-the-explosion-of-vinicius_276944_102.html#primaryimage"},"thumbnailUrl":"https:\/\/www.fcbarcelonanoticias.com\/en\/wp-content\/uploads\/sites\/2\/2022\/01\/real-madrid-cf-v-valencia-cf-la-liga-santander-1-1.jpeg","datePublished":"2022-01-15T11:54:00+00:00","dateModified":"2022-01-15T11:56:00+00:00","author":{"@id":"https:\/\/www.fcbarcelonanoticias.com\/en\/#\/schema\/person\/af5ca539abaaa1bd2753d05ef7a706d0"},"description":"In an interview for 'France Football', Karim Benzema has detailed part of his experiences along the year and his paper like leader in the Real Madrid. The...","breadcrumb":{"@id":"https:\/\/www.fcbarcelonanoticias.com\/en\/real-madrid\/benzema-attributes-the-merit-of-the-explosion-of-vinicius_276944_102.html#breadcrumb"},"inLanguage":"en-US","potentialAction":[{"@type":"ReadAction","target":["https:\/\/www.fcbarcelonanoticias.com\/en\/real-madrid\/benzema-attributes-the-merit-of-the-explosion-of-vinicius_276944_102.html"]}]},{"@type":"ImageObject","inLanguage":"en-US","@id":"https:\/\/www.fcbarcelonanoticias.com\/en\/real-madrid\/benzema-attributes-the-merit-of-the-explosion-of-vinicius_276944_102.html#primaryimage","url":"https:\/\/www.fcbarcelonanoticias.com\/en\/wp-content\/uploads\/sites\/2\/2022\/01\/real-madrid-cf-v-valencia-cf-la-liga-santander-1-1.jpeg","contentUrl":"https:\/\/www.fcbarcelonanoticias.com\/en\/wp-content\/uploads\/sites\/2\/2022\/01\/real-madrid-cf-v-valencia-cf-la-liga-santander-1-1.jpeg","width":1200,"height":741},{"@type":"BreadcrumbList","@id":"https:\/\/www.fcbarcelonanoticias.com\/en\/real-madrid\/benzema-attributes-the-merit-of-the-explosion-of-vinicius_276944_102.html#breadcrumb","itemListElement":[{"@type":"ListItem","position":1,"name":"Portada","item":"https:\/\/www.fcbarcelonanoticias.com\/en\/"},{"@type":"ListItem","position":2,"name":"Benzema Attributes the merit of the explosion of Vinicius in the Madrid"}]},{"@type":"WebSite","@id":"https:\/\/www.fcbarcelonanoticias.com\/en\/#website","url":"https:\/\/www.fcbarcelonanoticias.com\/en\/","name":"EN - FC Barcelona Noticias","description":"","potentialAction":[{"@type":"SearchAction","target":{"@type":"EntryPoint","urlTemplate":"https:\/\/www.fcbarcelonanoticias.com\/en\/?s={search_term_string}"},"query-input":{"@type":"PropertyValueSpecification","valueRequired":true,"valueName":"search_term_string"}}],"inLanguage":"en-US"},{"@type":"Person","@id":"https:\/\/www.fcbarcelonanoticias.com\/en\/#\/schema\/person\/af5ca539abaaa1bd2753d05ef7a706d0","name":"user_4034","image":{"@type":"ImageObject","inLanguage":"en-US","@id":"https:\/\/secure.gravatar.com\/avatar\/?s=96&d=mm&r=g","url":"https:\/\/secure.gravatar.com\/avatar\/?s=96&d=mm&r=g","contentUrl":"https:\/\/secure.gravatar.com\/avatar\/?s=96&d=mm&r=g","caption":"user_4034"},"url":"https:\/\/www.fcbarcelonanoticias.com\/en\/user_4034.html"}]}},"_links":{"self":[{"href":"https:\/\/www.fcbarcelonanoticias.com\/en\/wp-json\/wp\/v2\/posts\/79711","targetHints":{"allow":["GET"]}}],"collection":[{"href":"https:\/\/www.fcbarcelonanoticias.com\/en\/wp-json\/wp\/v2\/posts"}],"about":[{"href":"https:\/\/www.fcbarcelonanoticias.com\/en\/wp-json\/wp\/v2\/types\/post"}],"author":[{"embeddable":true,"href":"https:\/\/www.fcbarcelonanoticias.com\/en\/wp-json\/wp\/v2\/users\/378"}],"replies":[{"embeddable":true,"href":"https:\/\/www.fcbarcelonanoticias.com\/en\/wp-json\/wp\/v2\/comments?post=79711"}],"version-history":[{"count":1,"href":"https:\/\/www.fcbarcelonanoticias.com\/en\/wp-json\/wp\/v2\/posts\/79711\/revisions"}],"predecessor-version":[{"id":121811,"href":"https:\/\/www.fcbarcelonanoticias.com\/en\/wp-json\/wp\/v2\/posts\/79711\/revisions\/121811"}],"wp:featuredmedia":[{"embeddable":true,"href":"https:\/\/www.fcbarcelonanoticias.com\/en\/wp-json\/wp\/v2\/media\/121812"}],"wp:attachment":[{"href":"https:\/\/www.fcbarcelonanoticias.com\/en\/wp-json\/wp\/v2\/media?parent=79711"}],"wp:term":[{"taxonomy":"category","embeddable":true,"href":"https:\/\/www.fcbarcelonanoticias.com\/en\/wp-json\/wp\/v2\/categories?post=79711"},{"taxonomy":"post_tag","embeddable":true,"href":"https:\/\/www.fcbarcelonanoticias.com\/en\/wp-json\/wp\/v2\/tags?post=79711"}],"curies":[{"name":"wp","href":"https:\/\/api.w.org\/{rel}","templated":true}]}}