{"id":7980,"date":"2026-01-13T00:55:00","date_gmt":"2026-01-12T23:55:00","guid":{"rendered":"https:\/\/weisetech.dev\/fc-barcelona-noticias\/en\/frenkie-de-jong-to-miss-copa-clash-against-racing_315739_102\/"},"modified":"2026-01-13T00:55:00","modified_gmt":"2026-01-12T23:55:00","slug":"frenkie-de-jong-to-miss-copa-clash-against-racing_315739_102","status":"publish","type":"post","link":"https:\/\/www.fcbarcelonanoticias.com\/en\/copa-del-rey\/frenkie-de-jong-to-miss-copa-clash-against-racing_315739_102.html","title":{"rendered":"Frenkie de Jong: suspended for the match against Racing in the Copa del Rey round of 16"},"content":{"rendered":"<h2 class=\"wp-block-heading\">Bar\u00e7a suffers a significant loss in the Copa del Rey round of 16 tie. Hansi Flick will not be able to count on Frenkie de Jong, who was sent off in the 90th minute of the Spanish Super Cup final<\/h2>  \r\n<div class=\"article-addons\">\r\n    <a href=\"https:\/\/www.fcbarcelonanoticias.com\/en\/calendar-fc-barcelona.html\"\r\n       target=\"_self\"\r\n       title=\"Calendar of FC Barcelona\"\r\n       class=\"blue-gredient-btn\">\r\n       \r\n        Calendar of FC Barcelona    <\/a>\r\n<\/div>   <p><strong>FC Barcelona<\/strong> visits <a data-external=\"0\" data-intl-links-en=\"https:\/\/www.fcbarcelonanoticias.com\/en\/copa-del-rey\/schedule-and-tv-for-racing-barcelona-copa-rey-2025-26_315707_102.html\" data-intl-links-es=\"https:\/\/www.fcbarcelonanoticias.com\/copa-del-rey\/horario-tv-racing-barcelona-copa-rey-2025-26-octavos-final_315707_102.html\" href=\"https:\/\/www.fcbarcelonanoticias.com\/en\/copa-del-rey\/schedule-and-tv-for-racing-barcelona-copa-rey-2025-26_315707_102.html\" rel=\"follow\" target=\"_self\" title=\"Horario y TV del Racing-Barcelona: Copa del Rey 2025\/26 - octavos de final\">Racing de Santander (21:00 CEST)<\/a> this Thursday, January 15, for the round of 16 of the <strong>Copa del Rey 2025\/26<\/strong>. A match where <strong>Hansi Flick<\/strong> must make several adjustments to his lineup after the triumph in the <strong>Spanish Super Cup<\/strong> against <a data-external=\"0\" data-intl-links-en=\"https:\/\/www.fcbarcelonanoticias.com\/en\/spanish-super-cup\/barcelona-3-2-real-madrid-catalans-revalidate-super-cup_315726_102.html\" data-intl-links-es=\"https:\/\/www.fcbarcelonanoticias.com\/supercopa-de-espana\/supercampeones-raphinha-preserva-hegemonia-barcelona-supercopa-3-2_315726_102.html\" href=\"https:\/\/www.fcbarcelonanoticias.com\/en\/spanish-super-cup\/barcelona-3-2-real-madrid-catalans-revalidate-super-cup_315726_102.html\" rel=\"follow\" target=\"_self\" title=\"SUPERCAMPEONES: Raphinha preserva la hegemon\u00eda del Bar\u00e7a en la Supercopa (3-2)\">Real Madrid (3-2)<\/a>, a match that left another casualty for the blaugrana team: Frenkie de Jong.<\/p>  <p>The midfielder was sent off in the 90th minute for a mistimed tackle on **Kylian Mbapp\u00e9**, which was spotted by the referee **Jos\u00e9 Luis Munuera Montero**. The official, who had already overlooked expulsions for **Ra\u00fal Asencio** and **\u00c1lvaro Carreras** in the Cl\u00e1sico, did not hesitate to show a direct red card to the Dutchman, who had also been sent off in La Liga against **Celta** for two yellow cards.<\/p>  <p>Frenkie, captain in the final, had a great game in Jeddah, **with 84 out of 89 passes accurate (94%)** and 6 balls recovered, in addition to winning 4 out of 9 individual duels (44%) and controlling, along with Pedri Gonz\u00e1lez, the midfield for most of the match.<\/p>  <h2>Forced rest for Frenkie at his best moment of the season<\/h2>  <p>The &#8217;21&#8217; had lost some prominence in early December, with consecutive starts on the bench in La Liga against **Betis** (3-5) and **Osasuna** (2-0), as well as the Champions League match against **Eintracht** (2-1). **Eric Garc\u00eda** took over as the defensive midfielder in those games, but in the Super Cup, the Martorell native returned to his natural position (center-back).<\/p>  <p>De Jong had provided a couple of assists in the last two matches of 2025 and **started the last five Bar\u00e7a games** playing at a very high level. It&#8217;s no wonder Hansi Flick only rested him in the final stretch of the Super Cup semi-final against **Athletic**, which was decided with a rout in the first half.<\/p>  <p>In principle, Eric could play as a &#8216;5&#8217; again on Thursday against Racing or, failing that, Flick could give **Marc Casad\u00f3** an opportunity. The &#8217;17&#8217; has played little in recent weeks and his last start was precisely in the Copa del Rey, against Guadalajara (0-2).<\/p>  <h2>Alternatives to Frenkie De Jong Against Racing<\/h2>  <p>On that day, Casad\u00f3 played as right-back, while **Marc Bernal** acted as a pivot accompanying De Jong in midfield. Guadalajara&#8217;s good defensive work kept the score at zero for 75 minutes, and in the second half, the introduction of **Pedri, Kound\u00e9, and Balde** was necessary to resolve the match in regular time<\/p>  <p>Unlike the Super Cup, <strong>extra time is still in place in each Copa del Rey tie<\/strong>. In case of a draw, 30 minutes of overtime must be played before the penalty shootout. For Frenkie, the expulsion in Saudi Arabia was his second of the season and fourth in a Bar\u00e7a shirt (first direct red).<\/p>  <p>So far in the 25\/26 season, <strong>the 28-year-old player has scored 4 goals in 23 games (1,709 minutes)<\/strong>, with 4 assists and 19 starts. The visit to El Sardinero will be tough, as Racing de Santander, despite falling on Saturday against <strong>Zaragoza <\/strong>(2-3), remains the leader of the Liga Hypermotion with 38 points, the same as UD Las Palmas.<\/p>  <h3>Possible Bar\u00e7a XI in Copa del Rey Round of 16<\/h3>  <ul> <li>Szczesny; Casad\u00f3, Cubars\u00ed, Gerard Mart\u00edn, Jofre Torrents; Eric Garc\u00eda, Bernal; Olmo, Rashford, Roony; Ferran.<\/li> <\/ul> ","protected":false},"excerpt":{"rendered":"<p>Bar\u00e7a suffers a significant loss in the Copa del Rey round of 16 tie. Hansi Flick will not be able to count on Frenkie de Jong, who was sent off in the 90th minute of the Spanish Super Cup final FC Barcelona visits Racing de Santander (21:00 CEST) this Thursday, January 15, for the round [&hellip;]<\/p>\n","protected":false},"author":347,"featured_media":7981,"comment_status":"closed","ping_status":"open","sticky":false,"template":"","format":"standard","meta":{"_acf_changed":false,"inline_featured_image":false,"_nextfly_llmd_date_locked":false,"footnotes":""},"categories":[446,118],"tags":[273],"class_list":["post-7980","post","type-post","status-publish","format-standard","has-post-thumbnail","hentry","category-copa-del-rey-2","category-copa-del-rey","tag-de-jong"],"acf":[],"yoast_head":"<!-- This site is optimized with the Yoast SEO plugin v27.3 - https:\/\/yoast.com\/product\/yoast-seo-wordpress\/ -->\n<title>Frenkie de Jong to miss Copa clash against Racing<\/title>\n<meta name=\"description\" content=\"Bar\u00e7a suffers a significant loss in the Copa del Rey round of 16 tie. Hansi Flick will not be able to count on Frenkie de Jong due to suspension\" \/>\n<meta name=\"robots\" content=\"index, follow, max-snippet:-1, max-image-preview:large, max-video-preview:-1\" \/>\n<link rel=\"canonical\" href=\"https:\/\/www.fcbarcelonanoticias.com\/en\/copa-del-rey\/frenkie-de-jong-to-miss-copa-clash-against-racing_315739_102.html\" \/>\n<meta property=\"og:locale\" content=\"en_US\" \/>\n<meta property=\"og:type\" content=\"article\" \/>\n<meta property=\"og:title\" content=\"Frenkie de Jong to miss Copa clash against Racing\" \/>\n<meta property=\"og:description\" content=\"Bar\u00e7a suffers a significant loss in the Copa del Rey round of 16 tie. Hansi Flick will not be able to count on Frenkie de Jong due to suspension\" \/>\n<meta property=\"og:url\" content=\"https:\/\/www.fcbarcelonanoticias.com\/en\/copa-del-rey\/frenkie-de-jong-to-miss-copa-clash-against-racing_315739_102.html\" \/>\n<meta property=\"og:site_name\" content=\"EN - FC Barcelona Noticias\" \/>\n<meta property=\"article:published_time\" content=\"2026-01-12T23:55:00+00:00\" \/>\n<meta property=\"og:image\" content=\"https:\/\/www.fcbarcelonanoticias.com\/en\/wp-content\/uploads\/sites\/2\/2026\/01\/frenkie-de-jong-supercopa-2026.jpeg\" \/>\n\t<meta property=\"og:image:width\" content=\"1300\" \/>\n\t<meta property=\"og:image:height\" content=\"732\" \/>\n\t<meta property=\"og:image:type\" content=\"image\/jpeg\" \/>\n<meta name=\"author\" content=\"Andr\u00e9s Quiroz\" \/>\n<meta name=\"twitter:card\" content=\"summary_large_image\" \/>\n<meta name=\"twitter:label1\" content=\"Written by\" \/>\n\t<meta name=\"twitter:data1\" content=\"Andr\u00e9s Quiroz\" \/>\n\t<meta name=\"twitter:label2\" content=\"Est. reading time\" \/>\n\t<meta name=\"twitter:data2\" content=\"3 minutes\" \/>\n<script type=\"application\/ld+json\" class=\"yoast-schema-graph\">{\"@context\":\"https:\\\/\\\/schema.org\",\"@graph\":[{\"@type\":\"Article\",\"@id\":\"https:\\\/\\\/www.fcbarcelonanoticias.com\\\/en\\\/copa-del-rey\\\/frenkie-de-jong-to-miss-copa-clash-against-racing_315739_102.html#article\",\"isPartOf\":{\"@id\":\"https:\\\/\\\/www.fcbarcelonanoticias.com\\\/en\\\/copa-del-rey\\\/frenkie-de-jong-to-miss-copa-clash-against-racing_315739_102.html\"},\"author\":{\"name\":\"Andr\u00e9s Quiroz\",\"@id\":\"https:\\\/\\\/www.fcbarcelonanoticias.com\\\/en\\\/#\\\/schema\\\/person\\\/c2cd9f6fa1af5c0d0eccd0fefa575c88\"},\"headline\":\"Frenkie de Jong: suspended for the match against Racing in the Copa del Rey round of 16\",\"datePublished\":\"2026-01-12T23:55:00+00:00\",\"mainEntityOfPage\":{\"@id\":\"https:\\\/\\\/www.fcbarcelonanoticias.com\\\/en\\\/copa-del-rey\\\/frenkie-de-jong-to-miss-copa-clash-against-racing_315739_102.html\"},\"wordCount\":586,\"image\":{\"@id\":\"https:\\\/\\\/www.fcbarcelonanoticias.com\\\/en\\\/copa-del-rey\\\/frenkie-de-jong-to-miss-copa-clash-against-racing_315739_102.html#primaryimage\"},\"thumbnailUrl\":\"https:\\\/\\\/www.fcbarcelonanoticias.com\\\/en\\\/wp-content\\\/uploads\\\/sites\\\/2\\\/2026\\\/01\\\/frenkie-de-jong-supercopa-2026.jpeg\",\"keywords\":[\"Frenkie de Jong\"],\"articleSection\":[\"Copa del Rey\",\"Copa del Rey\"],\"inLanguage\":\"en-US\"},{\"@type\":\"WebPage\",\"@id\":\"https:\\\/\\\/www.fcbarcelonanoticias.com\\\/en\\\/copa-del-rey\\\/frenkie-de-jong-to-miss-copa-clash-against-racing_315739_102.html\",\"url\":\"https:\\\/\\\/www.fcbarcelonanoticias.com\\\/en\\\/copa-del-rey\\\/frenkie-de-jong-to-miss-copa-clash-against-racing_315739_102.html\",\"name\":\"Frenkie de Jong to miss Copa clash against Racing\",\"isPartOf\":{\"@id\":\"https:\\\/\\\/www.fcbarcelonanoticias.com\\\/en\\\/#website\"},\"primaryImageOfPage\":{\"@id\":\"https:\\\/\\\/www.fcbarcelonanoticias.com\\\/en\\\/copa-del-rey\\\/frenkie-de-jong-to-miss-copa-clash-against-racing_315739_102.html#primaryimage\"},\"image\":{\"@id\":\"https:\\\/\\\/www.fcbarcelonanoticias.com\\\/en\\\/copa-del-rey\\\/frenkie-de-jong-to-miss-copa-clash-against-racing_315739_102.html#primaryimage\"},\"thumbnailUrl\":\"https:\\\/\\\/www.fcbarcelonanoticias.com\\\/en\\\/wp-content\\\/uploads\\\/sites\\\/2\\\/2026\\\/01\\\/frenkie-de-jong-supercopa-2026.jpeg\",\"datePublished\":\"2026-01-12T23:55:00+00:00\",\"author\":{\"@id\":\"https:\\\/\\\/www.fcbarcelonanoticias.com\\\/en\\\/#\\\/schema\\\/person\\\/c2cd9f6fa1af5c0d0eccd0fefa575c88\"},\"description\":\"Bar\u00e7a suffers a significant loss in the Copa del Rey round of 16 tie. Hansi Flick will not be able to count on Frenkie de Jong due to suspension\",\"breadcrumb\":{\"@id\":\"https:\\\/\\\/www.fcbarcelonanoticias.com\\\/en\\\/copa-del-rey\\\/frenkie-de-jong-to-miss-copa-clash-against-racing_315739_102.html#breadcrumb\"},\"inLanguage\":\"en-US\",\"potentialAction\":[{\"@type\":\"ReadAction\",\"target\":[\"https:\\\/\\\/www.fcbarcelonanoticias.com\\\/en\\\/copa-del-rey\\\/frenkie-de-jong-to-miss-copa-clash-against-racing_315739_102.html\"]}]},{\"@type\":\"ImageObject\",\"inLanguage\":\"en-US\",\"@id\":\"https:\\\/\\\/www.fcbarcelonanoticias.com\\\/en\\\/copa-del-rey\\\/frenkie-de-jong-to-miss-copa-clash-against-racing_315739_102.html#primaryimage\",\"url\":\"https:\\\/\\\/www.fcbarcelonanoticias.com\\\/en\\\/wp-content\\\/uploads\\\/sites\\\/2\\\/2026\\\/01\\\/frenkie-de-jong-supercopa-2026.jpeg\",\"contentUrl\":\"https:\\\/\\\/www.fcbarcelonanoticias.com\\\/en\\\/wp-content\\\/uploads\\\/sites\\\/2\\\/2026\\\/01\\\/frenkie-de-jong-supercopa-2026.jpeg\",\"width\":1300,\"height\":732},{\"@type\":\"BreadcrumbList\",\"@id\":\"https:\\\/\\\/www.fcbarcelonanoticias.com\\\/en\\\/copa-del-rey\\\/frenkie-de-jong-to-miss-copa-clash-against-racing_315739_102.html#breadcrumb\",\"itemListElement\":[{\"@type\":\"ListItem\",\"position\":1,\"name\":\"Portada\",\"item\":\"https:\\\/\\\/www.fcbarcelonanoticias.com\\\/en\\\/\"},{\"@type\":\"ListItem\",\"position\":2,\"name\":\"Frenkie de Jong: suspended for the match against Racing in the Copa del Rey round of 16\"}]},{\"@type\":\"WebSite\",\"@id\":\"https:\\\/\\\/www.fcbarcelonanoticias.com\\\/en\\\/#website\",\"url\":\"https:\\\/\\\/www.fcbarcelonanoticias.com\\\/en\\\/\",\"name\":\"EN - FC Barcelona Noticias\",\"description\":\"\",\"potentialAction\":[{\"@type\":\"SearchAction\",\"target\":{\"@type\":\"EntryPoint\",\"urlTemplate\":\"https:\\\/\\\/www.fcbarcelonanoticias.com\\\/en\\\/?s={search_term_string}\"},\"query-input\":{\"@type\":\"PropertyValueSpecification\",\"valueRequired\":true,\"valueName\":\"search_term_string\"}}],\"inLanguage\":\"en-US\"},{\"@type\":\"Person\",\"@id\":\"https:\\\/\\\/www.fcbarcelonanoticias.com\\\/en\\\/#\\\/schema\\\/person\\\/c2cd9f6fa1af5c0d0eccd0fefa575c88\",\"name\":\"Andr\u00e9s Quiroz\",\"image\":{\"@type\":\"ImageObject\",\"inLanguage\":\"en-US\",\"@id\":\"https:\\\/\\\/secure.gravatar.com\\\/avatar\\\/?s=96&d=mm&r=g\",\"url\":\"https:\\\/\\\/secure.gravatar.com\\\/avatar\\\/?s=96&d=mm&r=g\",\"contentUrl\":\"https:\\\/\\\/secure.gravatar.com\\\/avatar\\\/?s=96&d=mm&r=g\",\"caption\":\"Andr\u00e9s Quiroz\"},\"description\":\"Licenciado en Periodismo por la Universidad de los Andes. Me encargo de analizar y compartir los contenidos m\u00e1s destacados de la\u00a0actualidad del F\u00fatbol Club Barcelona, Mercado de Fichajes y F\u00fatbol Internacional en FCBN. La informaci\u00f3n es poder, pero tambi\u00e9n conocimiento.\",\"url\":\"https:\\\/\\\/www.fcbarcelonanoticias.com\\\/en\\\/fc-barcelona\\\/andres-quiroz_17_115.html\"}]}<\/script>\n<!-- \/ Yoast SEO plugin. -->","yoast_head_json":{"title":"Frenkie de Jong to miss Copa clash against Racing","description":"Bar\u00e7a suffers a significant loss in the Copa del Rey round of 16 tie. Hansi Flick will not be able to count on Frenkie de Jong due to suspension","robots":{"index":"index","follow":"follow","max-snippet":"max-snippet:-1","max-image-preview":"max-image-preview:large","max-video-preview":"max-video-preview:-1"},"canonical":"https:\/\/www.fcbarcelonanoticias.com\/en\/copa-del-rey\/frenkie-de-jong-to-miss-copa-clash-against-racing_315739_102.html","og_locale":"en_US","og_type":"article","og_title":"Frenkie de Jong to miss Copa clash against Racing","og_description":"Bar\u00e7a suffers a significant loss in the Copa del Rey round of 16 tie. Hansi Flick will not be able to count on Frenkie de Jong due to suspension","og_url":"https:\/\/www.fcbarcelonanoticias.com\/en\/copa-del-rey\/frenkie-de-jong-to-miss-copa-clash-against-racing_315739_102.html","og_site_name":"EN - FC Barcelona Noticias","article_published_time":"2026-01-12T23:55:00+00:00","og_image":[{"width":1300,"height":732,"url":"https:\/\/www.fcbarcelonanoticias.com\/en\/wp-content\/uploads\/sites\/2\/2026\/01\/frenkie-de-jong-supercopa-2026.jpeg","type":"image\/jpeg"}],"author":"Andr\u00e9s Quiroz","twitter_card":"summary_large_image","twitter_misc":{"Written by":"Andr\u00e9s Quiroz","Est. reading time":"3 minutes"},"schema":{"@context":"https:\/\/schema.org","@graph":[{"@type":"Article","@id":"https:\/\/www.fcbarcelonanoticias.com\/en\/copa-del-rey\/frenkie-de-jong-to-miss-copa-clash-against-racing_315739_102.html#article","isPartOf":{"@id":"https:\/\/www.fcbarcelonanoticias.com\/en\/copa-del-rey\/frenkie-de-jong-to-miss-copa-clash-against-racing_315739_102.html"},"author":{"name":"Andr\u00e9s Quiroz","@id":"https:\/\/www.fcbarcelonanoticias.com\/en\/#\/schema\/person\/c2cd9f6fa1af5c0d0eccd0fefa575c88"},"headline":"Frenkie de Jong: suspended for the match against Racing in the Copa del Rey round of 16","datePublished":"2026-01-12T23:55:00+00:00","mainEntityOfPage":{"@id":"https:\/\/www.fcbarcelonanoticias.com\/en\/copa-del-rey\/frenkie-de-jong-to-miss-copa-clash-against-racing_315739_102.html"},"wordCount":586,"image":{"@id":"https:\/\/www.fcbarcelonanoticias.com\/en\/copa-del-rey\/frenkie-de-jong-to-miss-copa-clash-against-racing_315739_102.html#primaryimage"},"thumbnailUrl":"https:\/\/www.fcbarcelonanoticias.com\/en\/wp-content\/uploads\/sites\/2\/2026\/01\/frenkie-de-jong-supercopa-2026.jpeg","keywords":["Frenkie de Jong"],"articleSection":["Copa del Rey","Copa del Rey"],"inLanguage":"en-US"},{"@type":"WebPage","@id":"https:\/\/www.fcbarcelonanoticias.com\/en\/copa-del-rey\/frenkie-de-jong-to-miss-copa-clash-against-racing_315739_102.html","url":"https:\/\/www.fcbarcelonanoticias.com\/en\/copa-del-rey\/frenkie-de-jong-to-miss-copa-clash-against-racing_315739_102.html","name":"Frenkie de Jong to miss Copa clash against Racing","isPartOf":{"@id":"https:\/\/www.fcbarcelonanoticias.com\/en\/#website"},"primaryImageOfPage":{"@id":"https:\/\/www.fcbarcelonanoticias.com\/en\/copa-del-rey\/frenkie-de-jong-to-miss-copa-clash-against-racing_315739_102.html#primaryimage"},"image":{"@id":"https:\/\/www.fcbarcelonanoticias.com\/en\/copa-del-rey\/frenkie-de-jong-to-miss-copa-clash-against-racing_315739_102.html#primaryimage"},"thumbnailUrl":"https:\/\/www.fcbarcelonanoticias.com\/en\/wp-content\/uploads\/sites\/2\/2026\/01\/frenkie-de-jong-supercopa-2026.jpeg","datePublished":"2026-01-12T23:55:00+00:00","author":{"@id":"https:\/\/www.fcbarcelonanoticias.com\/en\/#\/schema\/person\/c2cd9f6fa1af5c0d0eccd0fefa575c88"},"description":"Bar\u00e7a suffers a significant loss in the Copa del Rey round of 16 tie. Hansi Flick will not be able to count on Frenkie de Jong due to suspension","breadcrumb":{"@id":"https:\/\/www.fcbarcelonanoticias.com\/en\/copa-del-rey\/frenkie-de-jong-to-miss-copa-clash-against-racing_315739_102.html#breadcrumb"},"inLanguage":"en-US","potentialAction":[{"@type":"ReadAction","target":["https:\/\/www.fcbarcelonanoticias.com\/en\/copa-del-rey\/frenkie-de-jong-to-miss-copa-clash-against-racing_315739_102.html"]}]},{"@type":"ImageObject","inLanguage":"en-US","@id":"https:\/\/www.fcbarcelonanoticias.com\/en\/copa-del-rey\/frenkie-de-jong-to-miss-copa-clash-against-racing_315739_102.html#primaryimage","url":"https:\/\/www.fcbarcelonanoticias.com\/en\/wp-content\/uploads\/sites\/2\/2026\/01\/frenkie-de-jong-supercopa-2026.jpeg","contentUrl":"https:\/\/www.fcbarcelonanoticias.com\/en\/wp-content\/uploads\/sites\/2\/2026\/01\/frenkie-de-jong-supercopa-2026.jpeg","width":1300,"height":732},{"@type":"BreadcrumbList","@id":"https:\/\/www.fcbarcelonanoticias.com\/en\/copa-del-rey\/frenkie-de-jong-to-miss-copa-clash-against-racing_315739_102.html#breadcrumb","itemListElement":[{"@type":"ListItem","position":1,"name":"Portada","item":"https:\/\/www.fcbarcelonanoticias.com\/en\/"},{"@type":"ListItem","position":2,"name":"Frenkie de Jong: suspended for the match against Racing in the Copa del Rey round of 16"}]},{"@type":"WebSite","@id":"https:\/\/www.fcbarcelonanoticias.com\/en\/#website","url":"https:\/\/www.fcbarcelonanoticias.com\/en\/","name":"EN - FC Barcelona Noticias","description":"","potentialAction":[{"@type":"SearchAction","target":{"@type":"EntryPoint","urlTemplate":"https:\/\/www.fcbarcelonanoticias.com\/en\/?s={search_term_string}"},"query-input":{"@type":"PropertyValueSpecification","valueRequired":true,"valueName":"search_term_string"}}],"inLanguage":"en-US"},{"@type":"Person","@id":"https:\/\/www.fcbarcelonanoticias.com\/en\/#\/schema\/person\/c2cd9f6fa1af5c0d0eccd0fefa575c88","name":"Andr\u00e9s Quiroz","image":{"@type":"ImageObject","inLanguage":"en-US","@id":"https:\/\/secure.gravatar.com\/avatar\/?s=96&d=mm&r=g","url":"https:\/\/secure.gravatar.com\/avatar\/?s=96&d=mm&r=g","contentUrl":"https:\/\/secure.gravatar.com\/avatar\/?s=96&d=mm&r=g","caption":"Andr\u00e9s Quiroz"},"description":"Licenciado en Periodismo por la Universidad de los Andes. Me encargo de analizar y compartir los contenidos m\u00e1s destacados de la\u00a0actualidad del F\u00fatbol Club Barcelona, Mercado de Fichajes y F\u00fatbol Internacional en FCBN. La informaci\u00f3n es poder, pero tambi\u00e9n conocimiento.","url":"https:\/\/www.fcbarcelonanoticias.com\/en\/fc-barcelona\/andres-quiroz_17_115.html"}]}},"_links":{"self":[{"href":"https:\/\/www.fcbarcelonanoticias.com\/en\/wp-json\/wp\/v2\/posts\/7980","targetHints":{"allow":["GET"]}}],"collection":[{"href":"https:\/\/www.fcbarcelonanoticias.com\/en\/wp-json\/wp\/v2\/posts"}],"about":[{"href":"https:\/\/www.fcbarcelonanoticias.com\/en\/wp-json\/wp\/v2\/types\/post"}],"author":[{"embeddable":true,"href":"https:\/\/www.fcbarcelonanoticias.com\/en\/wp-json\/wp\/v2\/users\/347"}],"replies":[{"embeddable":true,"href":"https:\/\/www.fcbarcelonanoticias.com\/en\/wp-json\/wp\/v2\/comments?post=7980"}],"version-history":[{"count":1,"href":"https:\/\/www.fcbarcelonanoticias.com\/en\/wp-json\/wp\/v2\/posts\/7980\/revisions"}],"predecessor-version":[{"id":104736,"href":"https:\/\/www.fcbarcelonanoticias.com\/en\/wp-json\/wp\/v2\/posts\/7980\/revisions\/104736"}],"wp:featuredmedia":[{"embeddable":true,"href":"https:\/\/www.fcbarcelonanoticias.com\/en\/wp-json\/wp\/v2\/media\/7981"}],"wp:attachment":[{"href":"https:\/\/www.fcbarcelonanoticias.com\/en\/wp-json\/wp\/v2\/media?parent=7980"}],"wp:term":[{"taxonomy":"category","embeddable":true,"href":"https:\/\/www.fcbarcelonanoticias.com\/en\/wp-json\/wp\/v2\/categories?post=7980"},{"taxonomy":"post_tag","embeddable":true,"href":"https:\/\/www.fcbarcelonanoticias.com\/en\/wp-json\/wp\/v2\/tags?post=7980"}],"curies":[{"name":"wp","href":"https:\/\/api.w.org\/{rel}","templated":true}]}}