{"id":7986,"date":"2025-04-26T01:08:00","date_gmt":"2025-04-25T23:08:00","guid":{"rendered":"https:\/\/weisetech.dev\/fc-barcelona-noticias\/en\/copa-rey-final-barca-vs-madrid-battle-between-elevens_312326_102\/"},"modified":"2026-03-27T11:29:44","modified_gmt":"2026-03-27T10:29:44","slug":"copa-rey-final-barca-vs-madrid-battle-between-elevens_312326_102","status":"publish","type":"post","link":"https:\/\/www.fcbarcelonanoticias.com\/en\/copa-del-rey\/copa-rey-final-barca-vs-madrid-battle-between-elevens_312326_102.html","title":{"rendered":"Copa del Rey Final: Bar\u00e7a, far superior line by line to Real Madrid"},"content":{"rendered":"<h2 class=\"wp-block-heading\">Discover why Bar\u00e7a is the clear favorite for the Cup final. Line-by-line analysis, statistics, and tactical keys of the Cl\u00e1sico<\/h2>  \r\n<div class=\"article-addons\">\r\n    <a href=\"https:\/\/www.fcbarcelonanoticias.com\/en\/calendar-fc-barcelona.html\"\r\n       target=\"_self\"\r\n       title=\"Calendar of FC Barcelona\"\r\n       class=\"blue-gredient-btn\">\r\n       \r\n        Calendar of FC Barcelona    <\/a>\r\n<\/div>   <p><a data-external=\"0\" data-intl-links-en=\"https:\/\/www.fcbarcelonanoticias.com\/en\/copa-del-rey\/fc-barcelona-vs-real-madrid-probable-lineups-for-cup-del-rey-final_312313_102.html\" data-intl-links-es=\"https:\/\/www.fcbarcelonanoticias.com\/copa-del-rey\/fc-barcelona-vs-real-madrid-alineaciones-probables-final-copa-del-rey_312313_102.html\" href=\"https:\/\/www.fcbarcelonanoticias.com\/en\/copa-del-rey\/fc-barcelona-vs-real-madrid-probable-lineups-for-cup-del-rey-final_312313_102.html\" rel=\"follow\" target=\"_self\" title=\"FC Barcelona vs Real Madrid: Alineaciones probables para la final de la Copa del Rey\">FC Barcelona and Real Madrid<\/a> arrive at the Copa del Rey final in contrasting moments of the season. <strong>Hansi Flick&#8217;s team is aiming for the treble<\/strong>, displaying their best football in the last five years and currently being the team in the best form on the planet.<\/p>  <p>The &#8216;merengues&#8217;, on the other hand, seem condemned to live a very painful end of cycle with Carlo Ancelotti on the bench, <strong>physically and mentally annihilated<\/strong> by a season where sports planning and signings have been disastrous. Line by line, this is how Barcelona and Madrid arrive at La Cartuja for the Cup final.<\/p>  <h2>Szczesny, a lucky charm for the Blaugrana goal<\/h2>  <div data-oembed-url=\"https:\/\/www.youtube.com\/watch?v=MFb7LCqm6FE\"> <div style=\"left: 0; width: 100%; height: 0; position: relative; padding-bottom: 56.25%;\"><\/div> <\/div>  <p>In goal, there is an evident parity. <strong>Wojciech Szczesny has become a lucky charm for Bar\u00e7a this 2025<\/strong>, adding 13 clean sheets and only 1 defeat in 25 matches (24 goals). The Pole came out of retirement in October and has shown an exceptional level this year in all competitions.<\/p>  <p>Thibaut Courtois, on the other hand, has been the only Real Madrid reference who has maintained his usual level in 24-25. <strong>The Belgian usually makes at least 3-4 notable saves per match<\/strong>, keeping alive a team with an improvised defense. So far, he has 14 clean sheets in 42 matches (44 goals).<\/p>  <h2>Bar\u00e7a&#8217;s defense, much more reliable<\/h2>  <div data-oembed-url=\"https:\/\/www.youtube.com\/watch?v=AfpItQBKl04\"> <div style=\"left: 0; width: 100%; height: 0; position: relative; padding-bottom: 56.25%;\"><\/div> <\/div>  <p>In defense, despite the absence of Alejandro Balde, Bar\u00e7a undoubtedly looks much better positioned. <strong>The great understanding of the Pau Cubars\u00ed-I\u00f1igo Mart\u00ednez duo has given the team the necessary security<\/strong> to endure the entire season with the defensive line practically installed in the center of the field, turning offside into their best ally.<\/p>  <p>On the flanks, <strong>Jules Kound\u00e9 is currently the best in the world in his position<\/strong>, while Gerard Mart\u00edn has also stepped up when the team has needed him.<\/p>  <p><strong>Carlo Ancelotti&#8217;s team, on the other hand, has faced the season patching things up<\/strong>. Without Dani Carvajal (injured) and after Nacho&#8217;s departure, the &#8216;merengue&#8217; defense has been a real sieve. To make matters worse, \u00c9der Militao and David Alaba were also in the infirmary for almost the entire season.<\/p>  <p>Ra\u00fal Asencio&#8217;s debut gave some stability, but <strong>Antonio R\u00fcdiger clearly can&#8217;t handle it physically anymore<\/strong>. And, on the flanks, Ferland Mendy hasn&#8217;t been healthy either, so Lucas V\u00e1zquez and Fran Garc\u00eda have been exposed throughout the season, especially in the Cl\u00e1sicos, where Raphinha and Lamine Yamal have destroyed them in La Liga (0-4) and Supercopa (2-5).<\/p>  <ul> <li> <strong>Goals conceded by Bar\u00e7a<\/strong>: 56 in 52 matches (5 in 5 Cup matches): 1.07 per match.<\/li> \t<li> <strong>Goals conceded by Bar\u00e7a<\/strong>: 64 in 56 matches (8 in 5 Cup matches): 1.14 per match.<\/li> <\/ul> <h2>The midfield, the key to Barcelona&#8217;s superiority over Madrid<\/h2>  <div class=\"media media-image\" data-ck-asset-wrapper=\"\"> <div class=\"media-item\"> <img loading=\"lazy\" decoding=\"async\" alt=\"Pedri Gonz\u00e1lez with Bar\u00e7a in the match against RCD Mallorca in LaLiga EA Sports\" data-id=\"1489009\" data-resize=\"9\" height=\"563\" src=\"https:\/\/www.fcbarcelonanoticias.com\/wp-content\/uploads\/sites\/2\/2025\/04\/fcbn-0f2783785378c9b4a6eace13971f7f52.jpeg\" title=\"Pedri Gonz\u00e1lez with Bar\u00e7a in the match against RCD Mallorca in LaLiga EA Sports\" width=\"1000\"><div class=\"media-title\">Pedri Gonz\u00e1lez with Bar\u00e7a in the match against RCD Mallorca in LaLiga EA Sports<\/div> <\/div> <\/div>  <p>However, the biggest difference, line by line between both teams, is evident in the midfield. <strong>Bar\u00e7a has two midfielders in exceptional form, Pedri and Frenkie de Jong<\/strong>, who have the job of managing the ball and giving meaning to the Blaugrana game.<\/p>  <p>The high pressure that characterizes Flick&#8217;s Bar\u00e7a makes sense <strong>thanks to the balls recovered by both and the impeccable work of the Canary Islander in the transfer<\/strong>. The &#8216;8&#8217; sets the tempo of the team, giving pause and verticality as the team needs it.<\/p>  <p><strong>Madrid, on the other hand, has not been able to find a solution to the absence of Toni Kroos<\/strong>. All season, the team has lacked order and a safe exit with the ball in the absence of a &#8216;playmaker&#8217; and a reliable pivot. Aur\u00e9lien Tchouam\u00e9ni has been far below the expected level and Jude Bellingham, although he contributes a lot in attack, neglects the work of marking and recovery.<\/p>  <p>Regarding statistics, <strong>Pedri<\/strong> (5G\/7A), <strong>Frenkie<\/strong> (2G\/2A) and <strong>Olmo<\/strong> (10G\/6A) accumulate 17 goals and 14 assists. On the bench, Bar\u00e7a has <strong>Gavi<\/strong> (3G\/3A) and <strong>Ferm\u00edn L\u00f3pez<\/strong> (5G\/9A), in addition to <strong>Eric Garc\u00eda<\/strong> (3\/2A) as alternatives.<\/p>  <p><strong>Tchouam\u00e9ni<\/strong> (1G\/1A), <strong>Ceballos<\/strong> (2A) and <strong>Bellingham<\/strong> (13\/G\/13A), on the other hand, add 14 goals and 16 assists. To this production can be added that of Fede Valverde (9G\/8A), who will return to his usual position if Lucas V\u00e1zquez enters the side. Also that of Luka Modric (4G\/7A), who will surely have minutes in the second half.<\/p>  <ul> <li> <strong>Goals and assists produced by Bar\u00e7a&#8217;s midfield<\/strong>: 18G\/14A.<\/li> \t<li> <strong>Goals and assists produced by Madrid&#8217;s midfield<\/strong>: 14G\/16A.<\/li> <\/ul> <h2>Madrid&#8217;s attack, inferior despite Lewandowski&#8217;s absence<\/h2>  <div class=\"media media-image\" data-ck-asset-wrapper=\"\"> <div class=\"media-item\"> <img loading=\"lazy\" decoding=\"async\" alt=\"31 assists and a golden partnership: Raphinha and Lamine Yamal are sweeping at Bar\u00e7a\" data-id=\"1474850\" data-resize=\"9\" height=\"563\" src=\"https:\/\/www.fcbarcelonanoticias.com\/wp-content\/uploads\/sites\/2\/2025\/04\/fcbn-a7f3c3f0ca32a51b7f3b15aab1326c8e.jpeg\" title=\"31 assists and a golden partnership: Raphinha and Lamine Yamal are sweeping at Bar\u00e7a\" width=\"1000\"><div class=\"media-title\">31 assists and a golden partnership: Raphinha and Lamine Yamal are sweeping at Bar\u00e7a<\/div> <\/div> <\/div>  <p>And, in attack, the comparison between tridents slightly favors the &#8216;merengues&#8217; due to the absence of Robert Lewandowski. <strong>Raphinha, Lamine Yamal and Ferran Torres will be starters at La Cartuja<\/strong>, all three capable of scoring <strong>61 goals<\/strong> in 24-25.<\/p>  <p>The Brazilian has 30 goals, while the &#8216;Shark&#8217; remains at 17 goals, 4 more than Lamine (14). The Madrid attack, on the other hand, combines for <strong>65 goals between Kylian Mbapp\u00e9, Vinicius and Rodrygo<\/strong>.<\/p>  <p>The Frenchman has 32 goals in all competitions, 12 more than Vini. Rodrygo, on the other hand, has only 13 goals this season. Thus, <strong>there is a 4-goal difference between tridents<\/strong>, thanks to the absence of the &#8216;LRL&#8217; in Seville.<\/p>  <p>And, <strong>only Lewandowski (40 goals), accounts for 61.53%<\/strong> of the goals scored by the entire starting trident of Madrid. If we add the 40 goals of &#8216;Lewy&#8217; to the 30 of Raphinha and the 14 of Lamine, the Blaugrana total shoots up to 84 goals, 19 more than the Madrid offensive trident.<\/p>  <p>In addition, Bar\u00e7a also has a clear advantage in terms of participation in goals. <strong>Between Rafa (22), Yamal (20) and Ferran (4), the Blaugrana trident of the Cup final accumulates 46 assists<\/strong> and 111 direct participations in goals. Kylian (4), Vini (14) and Rodrygo (10) have only given 28 goal passes between the three. The difference, without a doubt, is abysmal.<\/p>  <p>To make matters worse, <a data-external=\"0\" data-intl-links-en=\"https:\/\/www.fcbarcelonanoticias.com\/en\/real-madrid\/mbappe-injury-confirmed-will-he-be-ready-for-the-clasico-in-the-copa-rey-final_312206_102.html\" data-intl-links-es=\"https:\/\/www.fcbarcelonanoticias.com\/real-madrid\/lesion-mbappe-confirmada-estara-listo-clasico-en-final-copa-rey_312206_102.html\" href=\"https:\/\/www.fcbarcelonanoticias.com\/en\/real-madrid\/mbappe-injury-confirmed-will-he-be-ready-for-the-clasico-in-the-copa-rey-final_312206_102.html\" rel=\"follow\" target=\"_self\" title=\"Lesi\u00f3n de Mbapp\u00e9 confirmada: \u00bfEstar\u00e1 listo para el Cl\u00e1sico en la final de la Copa del Rey?\">Mbapp\u00e9 will be doubtful until the last minute at Real Madrid<\/a>, as he is still dragging discomfort in his right ankle. If &#8216;Kiki&#8217; fails to be at his best to enter the XI, <strong>Endrick would take his place<\/strong>.<\/p>  <p>The Brazilian is the top scorer for the Whites in the Cup, with 5 goals in as many matches. So far, the 18-year-old striker has only 700 minutes of action in 33 matches.<\/p>  <table align=\"center\" border=\"1\" cellpadding=\"1\" cellspacing=\"1\" style=\"width:100%;\"> <caption>GOALSCORING PRODUCTION OF THE TRIDENTS OF BAR\u00c7A AND MADRID<\/caption> \t<thead><tr> <th scope=\"col\">Goals from Bar\u00e7a&#8217;s offensive trident:<\/th> \t\t\t<th scope=\"col\">Goals from Madrid&#8217;s offensive trident:<\/th> \t\t<\/tr><\/thead> <tbody> <tr> <td style=\"text-align: center;\">61<\/td> \t\t\t<td style=\"text-align: center;\">65<\/td> \t\t<\/tr> <tr> <td style=\"text-align: center;\">Raphinha (30), Ferran Torres (17), Lamine Yamal (14)<\/td> \t\t\t<td style=\"text-align: center;\">Kylian Mbapp\u00e9 (32), Vinicius Jr (20), Rodrygo (13)<\/td> \t\t<\/tr> <\/tbody> <\/table> ","protected":false},"excerpt":{"rendered":"<p>Discover why Bar\u00e7a is the clear favorite for the Cup final. Line-by-line analysis, statistics, and tactical keys of the Cl\u00e1sico FC Barcelona and Real Madrid arrive at the Copa del Rey final in contrasting moments of the season. Hansi Flick&#8217;s team is aiming for the treble, displaying their best football in the last five years [&hellip;]<\/p>\n","protected":false},"author":347,"featured_media":7987,"comment_status":"closed","ping_status":"open","sticky":false,"template":"","format":"standard","meta":{"_acf_changed":false,"inline_featured_image":false,"_nextfly_llmd_date_locked":false,"footnotes":""},"categories":[446,118],"tags":[53,201,46],"class_list":["post-7986","post","type-post","status-publish","format-standard","has-post-thumbnail","hentry","category-copa-del-rey-2","category-copa-del-rey","tag-el-clasico","tag-lineups","tag-fc-barcelona-vs-real-madrid"],"acf":[],"yoast_head":"<!-- This site is optimized with the Yoast SEO plugin v27.3 - https:\/\/yoast.com\/product\/yoast-seo-wordpress\/ -->\n<title>Copa del Rey Final: Bar\u00e7a vs Madrid: the battle between elevens<\/title>\n<meta name=\"description\" content=\"Discover why Bar\u00e7a is the clear favorite for the Cup final. Line-by-line analysis, statistics, and tactical keys of the Cl\u00e1sico\" \/>\n<meta name=\"robots\" content=\"index, follow, max-snippet:-1, max-image-preview:large, max-video-preview:-1\" \/>\n<link rel=\"canonical\" href=\"https:\/\/www.fcbarcelonanoticias.com\/en\/copa-del-rey\/copa-rey-final-barca-vs-madrid-battle-between-elevens_312326_102.html\" \/>\n<meta property=\"og:locale\" content=\"en_US\" \/>\n<meta property=\"og:type\" content=\"article\" \/>\n<meta property=\"og:title\" content=\"Copa del Rey Final: Bar\u00e7a vs Madrid: the battle between elevens\" \/>\n<meta property=\"og:description\" content=\"Discover why Bar\u00e7a is the clear favorite for the Cup final. Line-by-line analysis, statistics, and tactical keys of the Cl\u00e1sico\" \/>\n<meta property=\"og:url\" content=\"https:\/\/www.fcbarcelonanoticias.com\/en\/copa-del-rey\/copa-rey-final-barca-vs-madrid-battle-between-elevens_312326_102.html\" \/>\n<meta property=\"og:site_name\" content=\"EN - FC Barcelona Noticias\" \/>\n<meta property=\"article:published_time\" content=\"2025-04-25T23:08:00+00:00\" \/>\n<meta property=\"article:modified_time\" content=\"2026-03-27T10:29:44+00:00\" \/>\n<meta property=\"og:image\" content=\"https:\/\/www.fcbarcelonanoticias.com\/en\/wp-content\/uploads\/sites\/2\/2025\/04\/lamine-yamal-v-real-madrid-2.jpeg\" \/>\n\t<meta property=\"og:image:width\" content=\"1200\" \/>\n\t<meta property=\"og:image:height\" content=\"675\" \/>\n\t<meta property=\"og:image:type\" content=\"image\/jpeg\" \/>\n<meta name=\"author\" content=\"Andr\u00e9s Quiroz\" \/>\n<meta name=\"twitter:card\" content=\"summary_large_image\" \/>\n<meta name=\"twitter:label1\" content=\"Written by\" \/>\n\t<meta name=\"twitter:data1\" content=\"Andr\u00e9s Quiroz\" \/>\n\t<meta name=\"twitter:label2\" content=\"Est. reading time\" \/>\n\t<meta name=\"twitter:data2\" content=\"5 minutes\" \/>\n<script type=\"application\/ld+json\" class=\"yoast-schema-graph\">{\"@context\":\"https:\\\/\\\/schema.org\",\"@graph\":[{\"@type\":\"Article\",\"@id\":\"https:\\\/\\\/www.fcbarcelonanoticias.com\\\/en\\\/copa-del-rey\\\/copa-rey-final-barca-vs-madrid-battle-between-elevens_312326_102.html#article\",\"isPartOf\":{\"@id\":\"https:\\\/\\\/www.fcbarcelonanoticias.com\\\/en\\\/copa-del-rey\\\/copa-rey-final-barca-vs-madrid-battle-between-elevens_312326_102.html\"},\"author\":{\"name\":\"Andr\u00e9s Quiroz\",\"@id\":\"https:\\\/\\\/www.fcbarcelonanoticias.com\\\/en\\\/#\\\/schema\\\/person\\\/c2cd9f6fa1af5c0d0eccd0fefa575c88\"},\"headline\":\"Copa del Rey Final: Bar\u00e7a, far superior line by line to Real Madrid\",\"datePublished\":\"2025-04-25T23:08:00+00:00\",\"dateModified\":\"2026-03-27T10:29:44+00:00\",\"mainEntityOfPage\":{\"@id\":\"https:\\\/\\\/www.fcbarcelonanoticias.com\\\/en\\\/copa-del-rey\\\/copa-rey-final-barca-vs-madrid-battle-between-elevens_312326_102.html\"},\"wordCount\":1109,\"image\":{\"@id\":\"https:\\\/\\\/www.fcbarcelonanoticias.com\\\/en\\\/copa-del-rey\\\/copa-rey-final-barca-vs-madrid-battle-between-elevens_312326_102.html#primaryimage\"},\"thumbnailUrl\":\"https:\\\/\\\/www.fcbarcelonanoticias.com\\\/en\\\/wp-content\\\/uploads\\\/sites\\\/2\\\/2025\\\/04\\\/lamine-yamal-v-real-madrid-2.jpeg\",\"keywords\":[\"El Cl\u00e1sico\",\"FC Barcelona Lineups\",\"FC Barcelona vs Real Madrid\"],\"articleSection\":[\"Copa del Rey\",\"Copa del Rey\"],\"inLanguage\":\"en-US\"},{\"@type\":\"WebPage\",\"@id\":\"https:\\\/\\\/www.fcbarcelonanoticias.com\\\/en\\\/copa-del-rey\\\/copa-rey-final-barca-vs-madrid-battle-between-elevens_312326_102.html\",\"url\":\"https:\\\/\\\/www.fcbarcelonanoticias.com\\\/en\\\/copa-del-rey\\\/copa-rey-final-barca-vs-madrid-battle-between-elevens_312326_102.html\",\"name\":\"Copa del Rey Final: Bar\u00e7a vs Madrid: the battle between elevens\",\"isPartOf\":{\"@id\":\"https:\\\/\\\/www.fcbarcelonanoticias.com\\\/en\\\/#website\"},\"primaryImageOfPage\":{\"@id\":\"https:\\\/\\\/www.fcbarcelonanoticias.com\\\/en\\\/copa-del-rey\\\/copa-rey-final-barca-vs-madrid-battle-between-elevens_312326_102.html#primaryimage\"},\"image\":{\"@id\":\"https:\\\/\\\/www.fcbarcelonanoticias.com\\\/en\\\/copa-del-rey\\\/copa-rey-final-barca-vs-madrid-battle-between-elevens_312326_102.html#primaryimage\"},\"thumbnailUrl\":\"https:\\\/\\\/www.fcbarcelonanoticias.com\\\/en\\\/wp-content\\\/uploads\\\/sites\\\/2\\\/2025\\\/04\\\/lamine-yamal-v-real-madrid-2.jpeg\",\"datePublished\":\"2025-04-25T23:08:00+00:00\",\"dateModified\":\"2026-03-27T10:29:44+00:00\",\"author\":{\"@id\":\"https:\\\/\\\/www.fcbarcelonanoticias.com\\\/en\\\/#\\\/schema\\\/person\\\/c2cd9f6fa1af5c0d0eccd0fefa575c88\"},\"description\":\"Discover why Bar\u00e7a is the clear favorite for the Cup final. Line-by-line analysis, statistics, and tactical keys of the Cl\u00e1sico\",\"breadcrumb\":{\"@id\":\"https:\\\/\\\/www.fcbarcelonanoticias.com\\\/en\\\/copa-del-rey\\\/copa-rey-final-barca-vs-madrid-battle-between-elevens_312326_102.html#breadcrumb\"},\"inLanguage\":\"en-US\",\"potentialAction\":[{\"@type\":\"ReadAction\",\"target\":[\"https:\\\/\\\/www.fcbarcelonanoticias.com\\\/en\\\/copa-del-rey\\\/copa-rey-final-barca-vs-madrid-battle-between-elevens_312326_102.html\"]}]},{\"@type\":\"ImageObject\",\"inLanguage\":\"en-US\",\"@id\":\"https:\\\/\\\/www.fcbarcelonanoticias.com\\\/en\\\/copa-del-rey\\\/copa-rey-final-barca-vs-madrid-battle-between-elevens_312326_102.html#primaryimage\",\"url\":\"https:\\\/\\\/www.fcbarcelonanoticias.com\\\/en\\\/wp-content\\\/uploads\\\/sites\\\/2\\\/2025\\\/04\\\/lamine-yamal-v-real-madrid-2.jpeg\",\"contentUrl\":\"https:\\\/\\\/www.fcbarcelonanoticias.com\\\/en\\\/wp-content\\\/uploads\\\/sites\\\/2\\\/2025\\\/04\\\/lamine-yamal-v-real-madrid-2.jpeg\",\"width\":1200,\"height\":675},{\"@type\":\"BreadcrumbList\",\"@id\":\"https:\\\/\\\/www.fcbarcelonanoticias.com\\\/en\\\/copa-del-rey\\\/copa-rey-final-barca-vs-madrid-battle-between-elevens_312326_102.html#breadcrumb\",\"itemListElement\":[{\"@type\":\"ListItem\",\"position\":1,\"name\":\"Portada\",\"item\":\"https:\\\/\\\/www.fcbarcelonanoticias.com\\\/en\\\/\"},{\"@type\":\"ListItem\",\"position\":2,\"name\":\"Copa del Rey Final: Bar\u00e7a, far superior line by line to Real Madrid\"}]},{\"@type\":\"WebSite\",\"@id\":\"https:\\\/\\\/www.fcbarcelonanoticias.com\\\/en\\\/#website\",\"url\":\"https:\\\/\\\/www.fcbarcelonanoticias.com\\\/en\\\/\",\"name\":\"EN - FC Barcelona Noticias\",\"description\":\"\",\"potentialAction\":[{\"@type\":\"SearchAction\",\"target\":{\"@type\":\"EntryPoint\",\"urlTemplate\":\"https:\\\/\\\/www.fcbarcelonanoticias.com\\\/en\\\/?s={search_term_string}\"},\"query-input\":{\"@type\":\"PropertyValueSpecification\",\"valueRequired\":true,\"valueName\":\"search_term_string\"}}],\"inLanguage\":\"en-US\"},{\"@type\":\"Person\",\"@id\":\"https:\\\/\\\/www.fcbarcelonanoticias.com\\\/en\\\/#\\\/schema\\\/person\\\/c2cd9f6fa1af5c0d0eccd0fefa575c88\",\"name\":\"Andr\u00e9s Quiroz\",\"image\":{\"@type\":\"ImageObject\",\"inLanguage\":\"en-US\",\"@id\":\"https:\\\/\\\/secure.gravatar.com\\\/avatar\\\/?s=96&d=mm&r=g\",\"url\":\"https:\\\/\\\/secure.gravatar.com\\\/avatar\\\/?s=96&d=mm&r=g\",\"contentUrl\":\"https:\\\/\\\/secure.gravatar.com\\\/avatar\\\/?s=96&d=mm&r=g\",\"caption\":\"Andr\u00e9s Quiroz\"},\"description\":\"Licenciado en Periodismo por la Universidad de los Andes. Me encargo de analizar y compartir los contenidos m\u00e1s destacados de la\u00a0actualidad del F\u00fatbol Club Barcelona, Mercado de Fichajes y F\u00fatbol Internacional en FCBN. La informaci\u00f3n es poder, pero tambi\u00e9n conocimiento.\",\"url\":\"https:\\\/\\\/www.fcbarcelonanoticias.com\\\/en\\\/fc-barcelona\\\/andres-quiroz_17_115.html\"}]}<\/script>\n<!-- \/ Yoast SEO plugin. -->","yoast_head_json":{"title":"Copa del Rey Final: Bar\u00e7a vs Madrid: the battle between elevens","description":"Discover why Bar\u00e7a is the clear favorite for the Cup final. Line-by-line analysis, statistics, and tactical keys of the Cl\u00e1sico","robots":{"index":"index","follow":"follow","max-snippet":"max-snippet:-1","max-image-preview":"max-image-preview:large","max-video-preview":"max-video-preview:-1"},"canonical":"https:\/\/www.fcbarcelonanoticias.com\/en\/copa-del-rey\/copa-rey-final-barca-vs-madrid-battle-between-elevens_312326_102.html","og_locale":"en_US","og_type":"article","og_title":"Copa del Rey Final: Bar\u00e7a vs Madrid: the battle between elevens","og_description":"Discover why Bar\u00e7a is the clear favorite for the Cup final. Line-by-line analysis, statistics, and tactical keys of the Cl\u00e1sico","og_url":"https:\/\/www.fcbarcelonanoticias.com\/en\/copa-del-rey\/copa-rey-final-barca-vs-madrid-battle-between-elevens_312326_102.html","og_site_name":"EN - FC Barcelona Noticias","article_published_time":"2025-04-25T23:08:00+00:00","article_modified_time":"2026-03-27T10:29:44+00:00","og_image":[{"width":1200,"height":675,"url":"https:\/\/www.fcbarcelonanoticias.com\/en\/wp-content\/uploads\/sites\/2\/2025\/04\/lamine-yamal-v-real-madrid-2.jpeg","type":"image\/jpeg"}],"author":"Andr\u00e9s Quiroz","twitter_card":"summary_large_image","twitter_misc":{"Written by":"Andr\u00e9s Quiroz","Est. reading time":"5 minutes"},"schema":{"@context":"https:\/\/schema.org","@graph":[{"@type":"Article","@id":"https:\/\/www.fcbarcelonanoticias.com\/en\/copa-del-rey\/copa-rey-final-barca-vs-madrid-battle-between-elevens_312326_102.html#article","isPartOf":{"@id":"https:\/\/www.fcbarcelonanoticias.com\/en\/copa-del-rey\/copa-rey-final-barca-vs-madrid-battle-between-elevens_312326_102.html"},"author":{"name":"Andr\u00e9s Quiroz","@id":"https:\/\/www.fcbarcelonanoticias.com\/en\/#\/schema\/person\/c2cd9f6fa1af5c0d0eccd0fefa575c88"},"headline":"Copa del Rey Final: Bar\u00e7a, far superior line by line to Real Madrid","datePublished":"2025-04-25T23:08:00+00:00","dateModified":"2026-03-27T10:29:44+00:00","mainEntityOfPage":{"@id":"https:\/\/www.fcbarcelonanoticias.com\/en\/copa-del-rey\/copa-rey-final-barca-vs-madrid-battle-between-elevens_312326_102.html"},"wordCount":1109,"image":{"@id":"https:\/\/www.fcbarcelonanoticias.com\/en\/copa-del-rey\/copa-rey-final-barca-vs-madrid-battle-between-elevens_312326_102.html#primaryimage"},"thumbnailUrl":"https:\/\/www.fcbarcelonanoticias.com\/en\/wp-content\/uploads\/sites\/2\/2025\/04\/lamine-yamal-v-real-madrid-2.jpeg","keywords":["El Cl\u00e1sico","FC Barcelona Lineups","FC Barcelona vs Real Madrid"],"articleSection":["Copa del Rey","Copa del Rey"],"inLanguage":"en-US"},{"@type":"WebPage","@id":"https:\/\/www.fcbarcelonanoticias.com\/en\/copa-del-rey\/copa-rey-final-barca-vs-madrid-battle-between-elevens_312326_102.html","url":"https:\/\/www.fcbarcelonanoticias.com\/en\/copa-del-rey\/copa-rey-final-barca-vs-madrid-battle-between-elevens_312326_102.html","name":"Copa del Rey Final: Bar\u00e7a vs Madrid: the battle between elevens","isPartOf":{"@id":"https:\/\/www.fcbarcelonanoticias.com\/en\/#website"},"primaryImageOfPage":{"@id":"https:\/\/www.fcbarcelonanoticias.com\/en\/copa-del-rey\/copa-rey-final-barca-vs-madrid-battle-between-elevens_312326_102.html#primaryimage"},"image":{"@id":"https:\/\/www.fcbarcelonanoticias.com\/en\/copa-del-rey\/copa-rey-final-barca-vs-madrid-battle-between-elevens_312326_102.html#primaryimage"},"thumbnailUrl":"https:\/\/www.fcbarcelonanoticias.com\/en\/wp-content\/uploads\/sites\/2\/2025\/04\/lamine-yamal-v-real-madrid-2.jpeg","datePublished":"2025-04-25T23:08:00+00:00","dateModified":"2026-03-27T10:29:44+00:00","author":{"@id":"https:\/\/www.fcbarcelonanoticias.com\/en\/#\/schema\/person\/c2cd9f6fa1af5c0d0eccd0fefa575c88"},"description":"Discover why Bar\u00e7a is the clear favorite for the Cup final. Line-by-line analysis, statistics, and tactical keys of the Cl\u00e1sico","breadcrumb":{"@id":"https:\/\/www.fcbarcelonanoticias.com\/en\/copa-del-rey\/copa-rey-final-barca-vs-madrid-battle-between-elevens_312326_102.html#breadcrumb"},"inLanguage":"en-US","potentialAction":[{"@type":"ReadAction","target":["https:\/\/www.fcbarcelonanoticias.com\/en\/copa-del-rey\/copa-rey-final-barca-vs-madrid-battle-between-elevens_312326_102.html"]}]},{"@type":"ImageObject","inLanguage":"en-US","@id":"https:\/\/www.fcbarcelonanoticias.com\/en\/copa-del-rey\/copa-rey-final-barca-vs-madrid-battle-between-elevens_312326_102.html#primaryimage","url":"https:\/\/www.fcbarcelonanoticias.com\/en\/wp-content\/uploads\/sites\/2\/2025\/04\/lamine-yamal-v-real-madrid-2.jpeg","contentUrl":"https:\/\/www.fcbarcelonanoticias.com\/en\/wp-content\/uploads\/sites\/2\/2025\/04\/lamine-yamal-v-real-madrid-2.jpeg","width":1200,"height":675},{"@type":"BreadcrumbList","@id":"https:\/\/www.fcbarcelonanoticias.com\/en\/copa-del-rey\/copa-rey-final-barca-vs-madrid-battle-between-elevens_312326_102.html#breadcrumb","itemListElement":[{"@type":"ListItem","position":1,"name":"Portada","item":"https:\/\/www.fcbarcelonanoticias.com\/en\/"},{"@type":"ListItem","position":2,"name":"Copa del Rey Final: Bar\u00e7a, far superior line by line to Real Madrid"}]},{"@type":"WebSite","@id":"https:\/\/www.fcbarcelonanoticias.com\/en\/#website","url":"https:\/\/www.fcbarcelonanoticias.com\/en\/","name":"EN - FC Barcelona Noticias","description":"","potentialAction":[{"@type":"SearchAction","target":{"@type":"EntryPoint","urlTemplate":"https:\/\/www.fcbarcelonanoticias.com\/en\/?s={search_term_string}"},"query-input":{"@type":"PropertyValueSpecification","valueRequired":true,"valueName":"search_term_string"}}],"inLanguage":"en-US"},{"@type":"Person","@id":"https:\/\/www.fcbarcelonanoticias.com\/en\/#\/schema\/person\/c2cd9f6fa1af5c0d0eccd0fefa575c88","name":"Andr\u00e9s Quiroz","image":{"@type":"ImageObject","inLanguage":"en-US","@id":"https:\/\/secure.gravatar.com\/avatar\/?s=96&d=mm&r=g","url":"https:\/\/secure.gravatar.com\/avatar\/?s=96&d=mm&r=g","contentUrl":"https:\/\/secure.gravatar.com\/avatar\/?s=96&d=mm&r=g","caption":"Andr\u00e9s Quiroz"},"description":"Licenciado en Periodismo por la Universidad de los Andes. Me encargo de analizar y compartir los contenidos m\u00e1s destacados de la\u00a0actualidad del F\u00fatbol Club Barcelona, Mercado de Fichajes y F\u00fatbol Internacional en FCBN. La informaci\u00f3n es poder, pero tambi\u00e9n conocimiento.","url":"https:\/\/www.fcbarcelonanoticias.com\/en\/fc-barcelona\/andres-quiroz_17_115.html"}]}},"_links":{"self":[{"href":"https:\/\/www.fcbarcelonanoticias.com\/en\/wp-json\/wp\/v2\/posts\/7986","targetHints":{"allow":["GET"]}}],"collection":[{"href":"https:\/\/www.fcbarcelonanoticias.com\/en\/wp-json\/wp\/v2\/posts"}],"about":[{"href":"https:\/\/www.fcbarcelonanoticias.com\/en\/wp-json\/wp\/v2\/types\/post"}],"author":[{"embeddable":true,"href":"https:\/\/www.fcbarcelonanoticias.com\/en\/wp-json\/wp\/v2\/users\/347"}],"replies":[{"embeddable":true,"href":"https:\/\/www.fcbarcelonanoticias.com\/en\/wp-json\/wp\/v2\/comments?post=7986"}],"version-history":[{"count":2,"href":"https:\/\/www.fcbarcelonanoticias.com\/en\/wp-json\/wp\/v2\/posts\/7986\/revisions"}],"predecessor-version":[{"id":158247,"href":"https:\/\/www.fcbarcelonanoticias.com\/en\/wp-json\/wp\/v2\/posts\/7986\/revisions\/158247"}],"wp:featuredmedia":[{"embeddable":true,"href":"https:\/\/www.fcbarcelonanoticias.com\/en\/wp-json\/wp\/v2\/media\/7987"}],"wp:attachment":[{"href":"https:\/\/www.fcbarcelonanoticias.com\/en\/wp-json\/wp\/v2\/media?parent=7986"}],"wp:term":[{"taxonomy":"category","embeddable":true,"href":"https:\/\/www.fcbarcelonanoticias.com\/en\/wp-json\/wp\/v2\/categories?post=7986"},{"taxonomy":"post_tag","embeddable":true,"href":"https:\/\/www.fcbarcelonanoticias.com\/en\/wp-json\/wp\/v2\/tags?post=7986"}],"curies":[{"name":"wp","href":"https:\/\/api.w.org\/{rel}","templated":true}]}}