{"id":79918,"date":"2015-12-29T14:51:00","date_gmt":"2015-12-29T13:51:00","guid":{"rendered":"https:\/\/weisetech.dev\/fc-barcelona-noticias\/en\/benitez-there-is-a-campaign-against-me-the-real-madrid-and-florentino_35872_102\/"},"modified":"2015-12-29T14:51:00","modified_gmt":"2015-12-29T13:51:00","slug":"benitez-there-is-a-campaign-against-me-the-real-madrid-and-florentino_35872_102","status":"publish","type":"post","link":"https:\/\/www.fcbarcelonanoticias.com\/en\/real-madrid\/benitez-there-is-a-campaign-against-me-the-real-madrid-and-florentino_35872_102.html","title":{"rendered":"Ben\u00edtez: &#8220;There is a campaign against me, the Real Madrid and Florentino&#8221;"},"content":{"rendered":"\r\n<div class=\"article-addons\">\r\n    <a href=\"https:\/\/www.fcbarcelonanoticias.com\/en\/calendar-fc-barcelona.html\"\r\n       target=\"_self\"\r\n       title=\"Calendar of FC Barcelona\"\r\n       class=\"blue-gredient-btn\">\r\n       \r\n        Calendar of FC Barcelona    <\/a>\r\n<\/div>   <div class=\"separator\" style=\"clear: both; text-align: center;\"><a href=\"https:\/\/4.bp.blogspot.com\/en\/-HKPBUy6Agyg\/VoKa0Y0SnHI\/AAAAAAADBJ0\/z3_PUERT940\/s1600\/rafa-benitez.jpg\" imageanchor=\"1\" style=\"margin-left: 1em; margin-right: 1em;\"><\/a><\/div> <br><b>The technician of the Real Madrid, Rafa Ben\u00edtez, surprised in press conference this Tuesday in the morning criticising that it exists in the media &#8220;a campaign against me, against the Real Madrid and against Florentino P\u00e9rez&#8221;. It added, besides, that &#8220;all manipulates &#8220;<\/b><br><br><span style=\"font-size: large;\"><b><span style=\"color: #990000;\">Ticket<\/span><\/b> &#8211; <b><u><a href=\"http:\/\/www.viagogo.es\/en\/Entradas-Deportes\/Futbol\/La-Liga-Primera-Division\/FC-Barcelona-Entradas\/E-1073690?AffiliateID=1558&amp;PCID=AFFESIAFF1558A548FCBFC6-05\" rel=\"nofollow\" target=\"_blank\">Gone in FC Barcelona vs Betis &#8211; League J17<\/a><\/u><\/b><\/span><br><span style=\"font-size: large;\"><b><span style=\"color: #990000;\">The Classical<\/span><\/b> &#8211; <b><u><a href=\"http:\/\/www.viagogo.es\/en\/Entradas-Deportes\/Futbol\/La-Liga-Primera-Division\/FC-Barcelona-Entradas\/E-1073691?AffiliateID=1558&amp;PCID=AFFESIAFF1558A548FCBFC6-05\" rel=\"nofollow\" target=\"_blank\">Gone in \/ Ticket FC Barcelona vs Real Madrid<\/a><\/u><\/b><\/span><br><span style=\"font-size: large;\"><b><span style=\"color: #990000;\">Ticket<\/span><\/b> &#8211; <b><u><a href=\"http:\/\/www.viagogo.es\/en\/Entradas-Deportes\/Futbol\/La-Liga-Primera-Division\/FC-Barcelona-Entradas?AffiliateID=1558&amp;PCID=AFFESIAFF1558A548FCBFC6-05\" rel=\"nofollow\" target=\"_blank\">Gone in for all the parties of the FC Barcelona<\/a><\/u><\/b><\/span><br><br>In statements conceded in press conference this morning after the session of training of the Real Madrid in Valdebebas before measuring  to the Real Sociedad in Santiago Bernab\u00e9u this Wednesday, <b>Rafa Ben\u00edtez showed  very critical with the existence, according to him, of a campaign medi\u00e1tica in his against<\/b>, against of the Real Madrid and also of Florentino P\u00e9rez, the president.<br><br><b>&#8220;There is a campaign against Florentino, against me and against the team.All manipulates  and any one appreciates it. All the world questions a path<\/b>. All have to put a poquito of our part, beginning by me&#8221;, solt\u00f3 the technician merengue, ensuring that it is calm regarding his possible dismissal. &#8220;I have been calm, with my family, although the holidays have been short&#8221;. Esquiv\u00f3 Answer if it feels  or no little supported in the club.<br><br>&#8220;It knew that it came to a club in which all magnifies . <b>I carry 30 years in a bench and more than 1.400 parties. I know how it is this and the solutions<\/b>. It is necessary to concentrate in the work&#8221;. It does not have any intention to resign. &#8220;I have been on holiday and in the English press does not reflect  what says  in Spain. It seems that a tuit finish with the foundations of the country. I only have thought in how wins  to the Real and how conquer  titles&#8221;.<br><br>And it expects to see a good version of the Real Madrid against the Real Sociedad. <b>&#8220;We are those that have to motivate to the fans, with our game<\/b>. I said it alluding to the hymn . The public has to help us and goes us to help&#8221;, said. &#8220;It is necessary to begin well, with intensity and winning. We measure us to a team with speed up and have to be leading. What want to is to win titles, that still have not achieved any. I know what it is necessary to do: distract the less possible. Here they remain players was each week and this takes  like a personal decision&#8221;.<br><br><b>&#8220;Like the manipulation is permanent and the campaign also, my responsibility is to take decisions so that the team win and play well<\/b>. To do something in the League need stability and tranquility, no anxiety. The team is quite better of what the people thinks and this has to reflect in the parties. Some times happens and others no. Therefore I have to be slope of the sportive and no of the what will say&#8221;. And it continued speaking of the campaign medi\u00e1tica that exists in his against.<br><br><b>&#8220;The relation with the staff is infinitely better of what reads  in the press<\/b>. There will be them happier and less happy. You will know with who speak. The of the campaign is clear. If not putting to a player is an incident&#8230;&#8221;.<br><br> ","protected":false},"excerpt":{"rendered":"<p>The technician of the Real Madrid, Rafa Ben\u00edtez, surprised in press conference this Tuesday in the morning criticising that it exists in the media &#8220;a campaign against me, against the Real Madrid and against Florentino P\u00e9rez&#8221;. It added, besides, that &#8220;all manipulates &#8220; Ticket &#8211; Gone in FC Barcelona vs Betis &#8211; League J17The Classical [&hellip;]<\/p>\n","protected":false},"author":468,"featured_media":79927,"comment_status":"closed","ping_status":"open","sticky":false,"template":"","format":"standard","meta":{"_acf_changed":false,"inline_featured_image":false,"_nextfly_llmd_date_locked":false,"footnotes":""},"categories":[450,119],"tags":[258],"class_list":["post-79918","post","type-post","status-publish","format-standard","has-post-thumbnail","hentry","category-real-madrid-2","category-real-madrid","tag-rafa-benitez"],"acf":[],"yoast_head":"<!-- This site is optimized with the Yoast SEO plugin v27.3 - https:\/\/yoast.com\/product\/yoast-seo-wordpress\/ -->\n<title>Ben\u00edtez: &quot;There is a campaign against me, the Real Madrid and Florentino&quot;<\/title>\n<meta name=\"description\" content=\"FCBarcelonaNoticias.com\" \/>\n<meta name=\"robots\" content=\"index, follow, max-snippet:-1, max-image-preview:large, max-video-preview:-1\" \/>\n<link rel=\"canonical\" href=\"https:\/\/www.fcbarcelonanoticias.com\/en\/real-madrid\/benitez-there-is-a-campaign-against-me-the-real-madrid-and-florentino_35872_102.html\" \/>\n<meta property=\"og:locale\" content=\"en_US\" \/>\n<meta property=\"og:type\" content=\"article\" \/>\n<meta property=\"og:title\" content=\"Ben\u00edtez: &quot;There is a campaign against me, the Real Madrid and Florentino&quot;\" \/>\n<meta property=\"og:description\" content=\"FCBarcelonaNoticias.com\" \/>\n<meta property=\"og:url\" content=\"https:\/\/www.fcbarcelonanoticias.com\/en\/real-madrid\/benitez-there-is-a-campaign-against-me-the-real-madrid-and-florentino_35872_102.html\" \/>\n<meta property=\"og:site_name\" content=\"EN - FC Barcelona Noticias\" \/>\n<meta property=\"article:published_time\" content=\"2015-12-29T13:51:00+00:00\" \/>\n<meta property=\"og:image\" content=\"https:\/\/www.fcbarcelonanoticias.com\/en\/wp-content\/uploads\/sites\/2\/2015\/12\/rafa-benitez-35884-1.jpeg\" \/>\n\t<meta property=\"og:image:width\" content=\"610\" \/>\n\t<meta property=\"og:image:height\" content=\"343\" \/>\n\t<meta property=\"og:image:type\" content=\"image\/jpeg\" \/>\n<meta name=\"author\" content=\"user_4124\" \/>\n<meta name=\"twitter:card\" content=\"summary_large_image\" \/>\n<meta name=\"twitter:label1\" content=\"Written by\" \/>\n\t<meta name=\"twitter:data1\" content=\"user_4124\" \/>\n\t<meta name=\"twitter:label2\" content=\"Est. reading time\" \/>\n\t<meta name=\"twitter:data2\" content=\"3 minutes\" \/>\n<script type=\"application\/ld+json\" class=\"yoast-schema-graph\">{\"@context\":\"https:\\\/\\\/schema.org\",\"@graph\":[{\"@type\":\"Article\",\"@id\":\"https:\\\/\\\/www.fcbarcelonanoticias.com\\\/en\\\/real-madrid\\\/benitez-there-is-a-campaign-against-me-the-real-madrid-and-florentino_35872_102.html#article\",\"isPartOf\":{\"@id\":\"https:\\\/\\\/www.fcbarcelonanoticias.com\\\/en\\\/real-madrid\\\/benitez-there-is-a-campaign-against-me-the-real-madrid-and-florentino_35872_102.html\"},\"author\":{\"name\":\"user_4124\",\"@id\":\"https:\\\/\\\/www.fcbarcelonanoticias.com\\\/en\\\/#\\\/schema\\\/person\\\/15ee2f54c96c350bfe0645e2cd9256a8\"},\"headline\":\"Ben\u00edtez: &#8220;There is a campaign against me, the Real Madrid and Florentino&#8221;\",\"datePublished\":\"2015-12-29T13:51:00+00:00\",\"mainEntityOfPage\":{\"@id\":\"https:\\\/\\\/www.fcbarcelonanoticias.com\\\/en\\\/real-madrid\\\/benitez-there-is-a-campaign-against-me-the-real-madrid-and-florentino_35872_102.html\"},\"wordCount\":563,\"image\":{\"@id\":\"https:\\\/\\\/www.fcbarcelonanoticias.com\\\/en\\\/real-madrid\\\/benitez-there-is-a-campaign-against-me-the-real-madrid-and-florentino_35872_102.html#primaryimage\"},\"thumbnailUrl\":\"https:\\\/\\\/www.fcbarcelonanoticias.com\\\/en\\\/wp-content\\\/uploads\\\/sites\\\/2\\\/2015\\\/12\\\/rafa-benitez-35884-1.jpeg\",\"keywords\":[\"Rafa Ben\u00edtez\"],\"articleSection\":[\"Real Madrid\",\"Real Madrid\"],\"inLanguage\":\"en-US\"},{\"@type\":\"WebPage\",\"@id\":\"https:\\\/\\\/www.fcbarcelonanoticias.com\\\/en\\\/real-madrid\\\/benitez-there-is-a-campaign-against-me-the-real-madrid-and-florentino_35872_102.html\",\"url\":\"https:\\\/\\\/www.fcbarcelonanoticias.com\\\/en\\\/real-madrid\\\/benitez-there-is-a-campaign-against-me-the-real-madrid-and-florentino_35872_102.html\",\"name\":\"Ben\u00edtez: \\\"There is a campaign against me, the Real Madrid and Florentino\\\"\",\"isPartOf\":{\"@id\":\"https:\\\/\\\/www.fcbarcelonanoticias.com\\\/en\\\/#website\"},\"primaryImageOfPage\":{\"@id\":\"https:\\\/\\\/www.fcbarcelonanoticias.com\\\/en\\\/real-madrid\\\/benitez-there-is-a-campaign-against-me-the-real-madrid-and-florentino_35872_102.html#primaryimage\"},\"image\":{\"@id\":\"https:\\\/\\\/www.fcbarcelonanoticias.com\\\/en\\\/real-madrid\\\/benitez-there-is-a-campaign-against-me-the-real-madrid-and-florentino_35872_102.html#primaryimage\"},\"thumbnailUrl\":\"https:\\\/\\\/www.fcbarcelonanoticias.com\\\/en\\\/wp-content\\\/uploads\\\/sites\\\/2\\\/2015\\\/12\\\/rafa-benitez-35884-1.jpeg\",\"datePublished\":\"2015-12-29T13:51:00+00:00\",\"author\":{\"@id\":\"https:\\\/\\\/www.fcbarcelonanoticias.com\\\/en\\\/#\\\/schema\\\/person\\\/15ee2f54c96c350bfe0645e2cd9256a8\"},\"description\":\"FCBarcelonaNoticias.com\",\"breadcrumb\":{\"@id\":\"https:\\\/\\\/www.fcbarcelonanoticias.com\\\/en\\\/real-madrid\\\/benitez-there-is-a-campaign-against-me-the-real-madrid-and-florentino_35872_102.html#breadcrumb\"},\"inLanguage\":\"en-US\",\"potentialAction\":[{\"@type\":\"ReadAction\",\"target\":[\"https:\\\/\\\/www.fcbarcelonanoticias.com\\\/en\\\/real-madrid\\\/benitez-there-is-a-campaign-against-me-the-real-madrid-and-florentino_35872_102.html\"]}]},{\"@type\":\"ImageObject\",\"inLanguage\":\"en-US\",\"@id\":\"https:\\\/\\\/www.fcbarcelonanoticias.com\\\/en\\\/real-madrid\\\/benitez-there-is-a-campaign-against-me-the-real-madrid-and-florentino_35872_102.html#primaryimage\",\"url\":\"https:\\\/\\\/www.fcbarcelonanoticias.com\\\/en\\\/wp-content\\\/uploads\\\/sites\\\/2\\\/2015\\\/12\\\/rafa-benitez-35884-1.jpeg\",\"contentUrl\":\"https:\\\/\\\/www.fcbarcelonanoticias.com\\\/en\\\/wp-content\\\/uploads\\\/sites\\\/2\\\/2015\\\/12\\\/rafa-benitez-35884-1.jpeg\",\"width\":610,\"height\":343},{\"@type\":\"BreadcrumbList\",\"@id\":\"https:\\\/\\\/www.fcbarcelonanoticias.com\\\/en\\\/real-madrid\\\/benitez-there-is-a-campaign-against-me-the-real-madrid-and-florentino_35872_102.html#breadcrumb\",\"itemListElement\":[{\"@type\":\"ListItem\",\"position\":1,\"name\":\"Portada\",\"item\":\"https:\\\/\\\/www.fcbarcelonanoticias.com\\\/en\\\/\"},{\"@type\":\"ListItem\",\"position\":2,\"name\":\"Ben\u00edtez: &#8220;There is a campaign against me, the Real Madrid and Florentino&#8221;\"}]},{\"@type\":\"WebSite\",\"@id\":\"https:\\\/\\\/www.fcbarcelonanoticias.com\\\/en\\\/#website\",\"url\":\"https:\\\/\\\/www.fcbarcelonanoticias.com\\\/en\\\/\",\"name\":\"EN - FC Barcelona Noticias\",\"description\":\"\",\"potentialAction\":[{\"@type\":\"SearchAction\",\"target\":{\"@type\":\"EntryPoint\",\"urlTemplate\":\"https:\\\/\\\/www.fcbarcelonanoticias.com\\\/en\\\/?s={search_term_string}\"},\"query-input\":{\"@type\":\"PropertyValueSpecification\",\"valueRequired\":true,\"valueName\":\"search_term_string\"}}],\"inLanguage\":\"en-US\"},{\"@type\":\"Person\",\"@id\":\"https:\\\/\\\/www.fcbarcelonanoticias.com\\\/en\\\/#\\\/schema\\\/person\\\/15ee2f54c96c350bfe0645e2cd9256a8\",\"name\":\"user_4124\",\"image\":{\"@type\":\"ImageObject\",\"inLanguage\":\"en-US\",\"@id\":\"https:\\\/\\\/secure.gravatar.com\\\/avatar\\\/?s=96&d=mm&r=g\",\"url\":\"https:\\\/\\\/secure.gravatar.com\\\/avatar\\\/?s=96&d=mm&r=g\",\"contentUrl\":\"https:\\\/\\\/secure.gravatar.com\\\/avatar\\\/?s=96&d=mm&r=g\",\"caption\":\"user_4124\"},\"url\":\"https:\\\/\\\/www.fcbarcelonanoticias.com\\\/en\\\/user_4124.html\"}]}<\/script>\n<!-- \/ Yoast SEO plugin. -->","yoast_head_json":{"title":"Ben\u00edtez: \"There is a campaign against me, the Real Madrid and Florentino\"","description":"FCBarcelonaNoticias.com","robots":{"index":"index","follow":"follow","max-snippet":"max-snippet:-1","max-image-preview":"max-image-preview:large","max-video-preview":"max-video-preview:-1"},"canonical":"https:\/\/www.fcbarcelonanoticias.com\/en\/real-madrid\/benitez-there-is-a-campaign-against-me-the-real-madrid-and-florentino_35872_102.html","og_locale":"en_US","og_type":"article","og_title":"Ben\u00edtez: \"There is a campaign against me, the Real Madrid and Florentino\"","og_description":"FCBarcelonaNoticias.com","og_url":"https:\/\/www.fcbarcelonanoticias.com\/en\/real-madrid\/benitez-there-is-a-campaign-against-me-the-real-madrid-and-florentino_35872_102.html","og_site_name":"EN - FC Barcelona Noticias","article_published_time":"2015-12-29T13:51:00+00:00","og_image":[{"width":610,"height":343,"url":"https:\/\/www.fcbarcelonanoticias.com\/en\/wp-content\/uploads\/sites\/2\/2015\/12\/rafa-benitez-35884-1.jpeg","type":"image\/jpeg"}],"author":"user_4124","twitter_card":"summary_large_image","twitter_misc":{"Written by":"user_4124","Est. reading time":"3 minutes"},"schema":{"@context":"https:\/\/schema.org","@graph":[{"@type":"Article","@id":"https:\/\/www.fcbarcelonanoticias.com\/en\/real-madrid\/benitez-there-is-a-campaign-against-me-the-real-madrid-and-florentino_35872_102.html#article","isPartOf":{"@id":"https:\/\/www.fcbarcelonanoticias.com\/en\/real-madrid\/benitez-there-is-a-campaign-against-me-the-real-madrid-and-florentino_35872_102.html"},"author":{"name":"user_4124","@id":"https:\/\/www.fcbarcelonanoticias.com\/en\/#\/schema\/person\/15ee2f54c96c350bfe0645e2cd9256a8"},"headline":"Ben\u00edtez: &#8220;There is a campaign against me, the Real Madrid and Florentino&#8221;","datePublished":"2015-12-29T13:51:00+00:00","mainEntityOfPage":{"@id":"https:\/\/www.fcbarcelonanoticias.com\/en\/real-madrid\/benitez-there-is-a-campaign-against-me-the-real-madrid-and-florentino_35872_102.html"},"wordCount":563,"image":{"@id":"https:\/\/www.fcbarcelonanoticias.com\/en\/real-madrid\/benitez-there-is-a-campaign-against-me-the-real-madrid-and-florentino_35872_102.html#primaryimage"},"thumbnailUrl":"https:\/\/www.fcbarcelonanoticias.com\/en\/wp-content\/uploads\/sites\/2\/2015\/12\/rafa-benitez-35884-1.jpeg","keywords":["Rafa Ben\u00edtez"],"articleSection":["Real Madrid","Real Madrid"],"inLanguage":"en-US"},{"@type":"WebPage","@id":"https:\/\/www.fcbarcelonanoticias.com\/en\/real-madrid\/benitez-there-is-a-campaign-against-me-the-real-madrid-and-florentino_35872_102.html","url":"https:\/\/www.fcbarcelonanoticias.com\/en\/real-madrid\/benitez-there-is-a-campaign-against-me-the-real-madrid-and-florentino_35872_102.html","name":"Ben\u00edtez: \"There is a campaign against me, the Real Madrid and Florentino\"","isPartOf":{"@id":"https:\/\/www.fcbarcelonanoticias.com\/en\/#website"},"primaryImageOfPage":{"@id":"https:\/\/www.fcbarcelonanoticias.com\/en\/real-madrid\/benitez-there-is-a-campaign-against-me-the-real-madrid-and-florentino_35872_102.html#primaryimage"},"image":{"@id":"https:\/\/www.fcbarcelonanoticias.com\/en\/real-madrid\/benitez-there-is-a-campaign-against-me-the-real-madrid-and-florentino_35872_102.html#primaryimage"},"thumbnailUrl":"https:\/\/www.fcbarcelonanoticias.com\/en\/wp-content\/uploads\/sites\/2\/2015\/12\/rafa-benitez-35884-1.jpeg","datePublished":"2015-12-29T13:51:00+00:00","author":{"@id":"https:\/\/www.fcbarcelonanoticias.com\/en\/#\/schema\/person\/15ee2f54c96c350bfe0645e2cd9256a8"},"description":"FCBarcelonaNoticias.com","breadcrumb":{"@id":"https:\/\/www.fcbarcelonanoticias.com\/en\/real-madrid\/benitez-there-is-a-campaign-against-me-the-real-madrid-and-florentino_35872_102.html#breadcrumb"},"inLanguage":"en-US","potentialAction":[{"@type":"ReadAction","target":["https:\/\/www.fcbarcelonanoticias.com\/en\/real-madrid\/benitez-there-is-a-campaign-against-me-the-real-madrid-and-florentino_35872_102.html"]}]},{"@type":"ImageObject","inLanguage":"en-US","@id":"https:\/\/www.fcbarcelonanoticias.com\/en\/real-madrid\/benitez-there-is-a-campaign-against-me-the-real-madrid-and-florentino_35872_102.html#primaryimage","url":"https:\/\/www.fcbarcelonanoticias.com\/en\/wp-content\/uploads\/sites\/2\/2015\/12\/rafa-benitez-35884-1.jpeg","contentUrl":"https:\/\/www.fcbarcelonanoticias.com\/en\/wp-content\/uploads\/sites\/2\/2015\/12\/rafa-benitez-35884-1.jpeg","width":610,"height":343},{"@type":"BreadcrumbList","@id":"https:\/\/www.fcbarcelonanoticias.com\/en\/real-madrid\/benitez-there-is-a-campaign-against-me-the-real-madrid-and-florentino_35872_102.html#breadcrumb","itemListElement":[{"@type":"ListItem","position":1,"name":"Portada","item":"https:\/\/www.fcbarcelonanoticias.com\/en\/"},{"@type":"ListItem","position":2,"name":"Ben\u00edtez: &#8220;There is a campaign against me, the Real Madrid and Florentino&#8221;"}]},{"@type":"WebSite","@id":"https:\/\/www.fcbarcelonanoticias.com\/en\/#website","url":"https:\/\/www.fcbarcelonanoticias.com\/en\/","name":"EN - FC Barcelona Noticias","description":"","potentialAction":[{"@type":"SearchAction","target":{"@type":"EntryPoint","urlTemplate":"https:\/\/www.fcbarcelonanoticias.com\/en\/?s={search_term_string}"},"query-input":{"@type":"PropertyValueSpecification","valueRequired":true,"valueName":"search_term_string"}}],"inLanguage":"en-US"},{"@type":"Person","@id":"https:\/\/www.fcbarcelonanoticias.com\/en\/#\/schema\/person\/15ee2f54c96c350bfe0645e2cd9256a8","name":"user_4124","image":{"@type":"ImageObject","inLanguage":"en-US","@id":"https:\/\/secure.gravatar.com\/avatar\/?s=96&d=mm&r=g","url":"https:\/\/secure.gravatar.com\/avatar\/?s=96&d=mm&r=g","contentUrl":"https:\/\/secure.gravatar.com\/avatar\/?s=96&d=mm&r=g","caption":"user_4124"},"url":"https:\/\/www.fcbarcelonanoticias.com\/en\/user_4124.html"}]}},"_links":{"self":[{"href":"https:\/\/www.fcbarcelonanoticias.com\/en\/wp-json\/wp\/v2\/posts\/79918","targetHints":{"allow":["GET"]}}],"collection":[{"href":"https:\/\/www.fcbarcelonanoticias.com\/en\/wp-json\/wp\/v2\/posts"}],"about":[{"href":"https:\/\/www.fcbarcelonanoticias.com\/en\/wp-json\/wp\/v2\/types\/post"}],"author":[{"embeddable":true,"href":"https:\/\/www.fcbarcelonanoticias.com\/en\/wp-json\/wp\/v2\/users\/468"}],"replies":[{"embeddable":true,"href":"https:\/\/www.fcbarcelonanoticias.com\/en\/wp-json\/wp\/v2\/comments?post=79918"}],"version-history":[{"count":3,"href":"https:\/\/www.fcbarcelonanoticias.com\/en\/wp-json\/wp\/v2\/posts\/79918\/revisions"}],"predecessor-version":[{"id":79919,"href":"https:\/\/www.fcbarcelonanoticias.com\/en\/wp-json\/wp\/v2\/posts\/79918\/revisions\/79919"}],"wp:featuredmedia":[{"embeddable":true,"href":"https:\/\/www.fcbarcelonanoticias.com\/en\/wp-json\/wp\/v2\/media\/79927"}],"wp:attachment":[{"href":"https:\/\/www.fcbarcelonanoticias.com\/en\/wp-json\/wp\/v2\/media?parent=79918"}],"wp:term":[{"taxonomy":"category","embeddable":true,"href":"https:\/\/www.fcbarcelonanoticias.com\/en\/wp-json\/wp\/v2\/categories?post=79918"},{"taxonomy":"post_tag","embeddable":true,"href":"https:\/\/www.fcbarcelonanoticias.com\/en\/wp-json\/wp\/v2\/tags?post=79918"}],"curies":[{"name":"wp","href":"https:\/\/api.w.org\/{rel}","templated":true}]}}