{"id":79955,"date":"2020-02-19T14:23:00","date_gmt":"2020-02-19T13:23:00","guid":{"rendered":"https:\/\/weisetech.dev\/fc-barcelona-noticias\/en\/this-is-how-youngsters-that-barcelona-loaned-winter-transfer-market-are-doing_255571_102\/"},"modified":"2020-02-19T14:24:00","modified_gmt":"2020-02-19T13:24:00","slug":"this-is-how-youngsters-that-barcelona-loaned-winter-transfer-market-are-doing_255571_102","status":"publish","type":"post","link":"https:\/\/www.fcbarcelonanoticias.com\/en\/players\/this-is-how-youngsters-that-barcelona-loaned-winter-transfer-market-are-doing_255571_102.html","title":{"rendered":"This is how the youngsters that Bar\u00e7a loaned in the winter transfer market are doing"},"content":{"rendered":"<h2 class=\"wp-block-heading\">Bar\u00e7a loaned several youngsters in the winter transfer market, and is paying attention to its evolutions. This is how Carles Ale\u00f1\u00e1, Jean-Clair Todibo, Carles P\u00e9rez, Moussa Wagu\u00e9 and Abel Ruiz do in their new clubs<\/h2>  \r\n<div class=\"article-addons\">\r\n    <a href=\"https:\/\/www.fcbarcelonanoticias.com\/en\/calendar-fc-barcelona.html\"\r\n       target=\"_self\"\r\n       title=\"Calendar of FC Barcelona\"\r\n       class=\"blue-gredient-btn\">\r\n       \r\n        Calendar of FC Barcelona    <\/a>\r\n<\/div>   <p><strong>The market <a data-external=\"0\" data-intl-links-en=\"https:\/\/www.fcbarcelonanoticias.com\/en\/transfers\" data-intl-links-es=\"https:\/\/www.fcbarcelonanoticias.com\/fichajes\" href=\"https:\/\/www.fcbarcelonanoticias.com\/en\/fc-barcelona\/transfers.html\" rel=\"follow\" target=\"_self\" title=\"Fichajes\">of signings<\/a> of winter was very moved for the FC Barcelona, that still is complicated in the reform of the staff<\/strong>. The Catalans pretended to take the month of January calmly and not certifying too many movements, but even keeping his planning for next summer, finally had to attend numerous applications and give exit to several footballers, although it did not arrive any of immediate form.<\/p>  <p><strong>Not to lose of sight to the young promises that expect to develop to base of parties, the cul\u00e9s threw of cessions<\/strong>, so that his perlas could accumulate minutes and follow progressing in championships of high level. In some of them included options of purchase, that will be reviewed in function of how finish the campaign. Except explained exceptions, this yes, will not leave that they move away too of the Camp Nou.<\/p>  <p>Since they closed the agreements mentioned, <strong>the observers barcelonistas have had more work, since they make a follow-up detailed<\/strong> to all those that changed of airs. There is some that go some steps by in front and others that still expect to enjoy of opportunities for despegar, but this is the situation of the yielded of the group of Barcelona in his new teams:<\/p>  <h3>Like this it goes them to the yielded of the Bar\u00e7a in January<\/h3>  <h4>Carles Ale\u00f1\u00e1<\/h4>  <p><strong><a data-external=\"0\" data-intl-links-en=\"https:\/\/www.fcbarcelonanoticias.com\/en\/tags\/alena\" data-intl-links-es=\"https:\/\/www.fcbarcelonanoticias.com\/tags\/alena\" href=\"https:\/\/www.fcbarcelonanoticias.com\/en\/tags\/alena.html\" rel=\"follow\" target=\"_self\" title=\"Ale\u00f1\u00e1\">Ale\u00f1\u00e1<\/a> Chose to the Real Betis before finish the 2019, and his bet is resulting winning because it is the most consolidated <\/strong>between the loaned. Rubi Gave him confidence after the injury of Andr\u00e9s Saved and the one of Matar\u00f3 is not disappointing, because it has turned into a fixed in the medullary verdiblanca. It has participated in eight commitments, accumulates six titularities and has delivered two assistances in 613 minutes.<\/p>  <h4>Jean-Clair Todibo<\/h4>  <p><strong>Juan Miranda, in the Schalke from the past summer, warned to <a data-external=\"0\" data-intl-links-en=\"https:\/\/www.fcbarcelonanoticias.com\/en\/tags\/todibo\" data-intl-links-es=\"https:\/\/www.fcbarcelonanoticias.com\/tags\/todibo\" href=\"https:\/\/www.fcbarcelonanoticias.com\/en\/tags\/todibo.html\" rel=\"follow\" target=\"_self\" title=\"Todibo\">Todibo<\/a> that David Wagner is demanding, but the Frenchman begins to go in<\/strong> in the plans of the m\u00edster from does some weeks. After a brief process of adaptation already accumulates two titularities in four parties, in which, given his position, still has not attained to have statistical impact. This yes, his performance is convincente and each day sees him better, so it is to expect that the account of minutes elevate the 208 that already carries accumulated.<\/p>  <h4>Carles P\u00e9rez<\/h4>  <p><strong><a data-external=\"0\" data-intl-links-en=\"https:\/\/www.fcbarcelonanoticias.com\/en\/players\/most-surprising-detail-in-signing-carles-perez-for-as-roma_255051_102.html\" data-intl-links-es=\"https:\/\/www.fcbarcelonanoticias.com\/jugadores\/detalle-mas-sorprendente-en-fichaje-carles-perez-por-as-roma_255051_102.html\" href=\"https:\/\/www.fcbarcelonanoticias.com\/en\/players\/most-surprising-detail-in-signing-carles-perez-for-as-roma_255051_102.html\" rel=\"follow\" target=\"_self\" title=\"El detalle m\u00e1s sorprendente en el fichaje de Carles P\u00e9rez por la Roma\">The fortune is not accompanying to Carles P\u00e9rez in the Rome<\/a>, in which it has contested three parties like acting and accumulates three defeats<\/strong>. The &#8216;giallorossi&#8217; go through a bad series in which little it has to see the one of Granollers, that in spite of everything already has received a warning by his behaviour inside and out of the terrains of game. In total great 86 minutes of game, and like curiosity fits to stand out that until the Italians do not add a point, his option of purchase will not be compulsory.<\/p>  <h4>Moussa Wagu\u00e9<\/h4>  <p><strong>Wagu\u00e9 Was yielded to the Nice and for the moment is going in little, since his three participations are hardly testimoniales<\/strong>. The carrilero needs something more than time to show all his talent, because except the 14 minutes of the first party, afterwards played three in the following and in the remaining hardly one because his replacement was used to lose time and tie up a victory.<\/p>  <h4>Abel Ruiz<\/h4>  <p><strong>Abel Ruiz still has not premi\u00e8red with the Sporting of Knickers, but does not seem that it remain too so that have opportunities<\/strong>. The ones of Ruben Amorim are in good series and the technician does not want to touch too much to his team, but after remaining in the terracing in the first party in which it was available, the one of Almusafes already has happened two days in the bench. Soon it could have some minutes to debut in Portugal.<\/p> ","protected":false},"excerpt":{"rendered":"<p>Bar\u00e7a loaned several youngsters in the winter transfer market, and is paying attention to its evolutions. This is how Carles Ale\u00f1\u00e1, Jean-Clair Todibo, Carles P\u00e9rez, Moussa Wagu\u00e9 and Abel Ruiz do in their new clubs The market of signings of winter was very moved for the FC Barcelona, that still is complicated in the reform [&hellip;]<\/p>\n","protected":false},"author":392,"featured_media":59891,"comment_status":"closed","ping_status":"open","sticky":false,"template":"","format":"standard","meta":{"_acf_changed":false,"inline_featured_image":false,"_nextfly_llmd_date_locked":false,"footnotes":""},"categories":[107,453],"tags":[296,231,299,297],"class_list":["post-79955","post","type-post","status-publish","format-standard","has-post-thumbnail","hentry","category-players","category-players-2","tag-alena","tag-carles-perez","tag-moussa-wague","tag-todibo"],"acf":[],"yoast_head":"<!-- This site is optimized with the Yoast SEO plugin v27.3 - https:\/\/yoast.com\/product\/yoast-seo-wordpress\/ -->\n<title>This is how the youngsters that Bar\u00e7a loaned in the winter transfer market are doing<\/title>\n<meta name=\"description\" content=\"The Bar\u00e7a yielded to several youngsters in the market of winter, and is very attentive to his evolutions. Like this it goes them to Carles Ale\u00f1\u00e1, Jean-Clair Todibo, Carles P\u00e9rez, M...\" \/>\n<meta name=\"robots\" content=\"index, follow, max-snippet:-1, max-image-preview:large, max-video-preview:-1\" \/>\n<link rel=\"canonical\" href=\"https:\/\/www.fcbarcelonanoticias.com\/en\/players\/this-is-how-youngsters-that-barcelona-loaned-winter-transfer-market-are-doing_255571_102.html\" \/>\n<meta property=\"og:locale\" content=\"en_US\" \/>\n<meta property=\"og:type\" content=\"article\" \/>\n<meta property=\"og:title\" content=\"This is how the youngsters that Bar\u00e7a loaned in the winter transfer market are doing\" \/>\n<meta property=\"og:description\" content=\"The Bar\u00e7a yielded to several youngsters in the market of winter, and is very attentive to his evolutions. Like this it goes them to Carles Ale\u00f1\u00e1, Jean-Clair Todibo, Carles P\u00e9rez, M...\" \/>\n<meta property=\"og:url\" content=\"https:\/\/www.fcbarcelonanoticias.com\/en\/players\/this-is-how-youngsters-that-barcelona-loaned-winter-transfer-market-are-doing_255571_102.html\" \/>\n<meta property=\"og:site_name\" content=\"EN - FC Barcelona Noticias\" \/>\n<meta property=\"article:published_time\" content=\"2020-02-19T13:23:00+00:00\" \/>\n<meta property=\"article:modified_time\" content=\"2020-02-19T13:24:00+00:00\" \/>\n<meta property=\"og:image\" content=\"https:\/\/www.fcbarcelonanoticias.com\/en\/wp-content\/uploads\/sites\/2\/2020\/06\/alena-realbetis4.jpeg\" \/>\n\t<meta property=\"og:image:width\" content=\"1200\" \/>\n\t<meta property=\"og:image:height\" content=\"675\" \/>\n\t<meta property=\"og:image:type\" content=\"image\/jpeg\" \/>\n<meta name=\"author\" content=\"user_4048\" \/>\n<meta name=\"twitter:card\" content=\"summary_large_image\" \/>\n<meta name=\"twitter:label1\" content=\"Written by\" \/>\n\t<meta name=\"twitter:data1\" content=\"user_4048\" \/>\n\t<meta name=\"twitter:label2\" content=\"Est. reading time\" \/>\n\t<meta name=\"twitter:data2\" content=\"3 minutes\" \/>\n<script type=\"application\/ld+json\" class=\"yoast-schema-graph\">{\"@context\":\"https:\\\/\\\/schema.org\",\"@graph\":[{\"@type\":\"Article\",\"@id\":\"https:\\\/\\\/www.fcbarcelonanoticias.com\\\/en\\\/players\\\/this-is-how-youngsters-that-barcelona-loaned-winter-transfer-market-are-doing_255571_102.html#article\",\"isPartOf\":{\"@id\":\"https:\\\/\\\/www.fcbarcelonanoticias.com\\\/en\\\/players\\\/this-is-how-youngsters-that-barcelona-loaned-winter-transfer-market-are-doing_255571_102.html\"},\"author\":{\"name\":\"user_4048\",\"@id\":\"https:\\\/\\\/www.fcbarcelonanoticias.com\\\/en\\\/#\\\/schema\\\/person\\\/fcdad55cab72b8d0e106d75506783b6d\"},\"headline\":\"This is how the youngsters that Bar\u00e7a loaned in the winter transfer market are doing\",\"datePublished\":\"2020-02-19T13:23:00+00:00\",\"dateModified\":\"2020-02-19T13:24:00+00:00\",\"mainEntityOfPage\":{\"@id\":\"https:\\\/\\\/www.fcbarcelonanoticias.com\\\/en\\\/players\\\/this-is-how-youngsters-that-barcelona-loaned-winter-transfer-market-are-doing_255571_102.html\"},\"wordCount\":686,\"image\":{\"@id\":\"https:\\\/\\\/www.fcbarcelonanoticias.com\\\/en\\\/players\\\/this-is-how-youngsters-that-barcelona-loaned-winter-transfer-market-are-doing_255571_102.html#primaryimage\"},\"thumbnailUrl\":\"https:\\\/\\\/www.fcbarcelonanoticias.com\\\/en\\\/wp-content\\\/uploads\\\/sites\\\/2\\\/2020\\\/06\\\/alena-realbetis4.jpeg\",\"keywords\":[\"Ale\u00f1\u00e1\",\"Carles P\u00e9rez\",\"Moussa Wagu\u00e9\",\"Todibo\"],\"articleSection\":[\"Players\",\"Players\"],\"inLanguage\":\"en-US\"},{\"@type\":\"WebPage\",\"@id\":\"https:\\\/\\\/www.fcbarcelonanoticias.com\\\/en\\\/players\\\/this-is-how-youngsters-that-barcelona-loaned-winter-transfer-market-are-doing_255571_102.html\",\"url\":\"https:\\\/\\\/www.fcbarcelonanoticias.com\\\/en\\\/players\\\/this-is-how-youngsters-that-barcelona-loaned-winter-transfer-market-are-doing_255571_102.html\",\"name\":\"This is how the youngsters that Bar\u00e7a loaned in the winter transfer market are doing\",\"isPartOf\":{\"@id\":\"https:\\\/\\\/www.fcbarcelonanoticias.com\\\/en\\\/#website\"},\"primaryImageOfPage\":{\"@id\":\"https:\\\/\\\/www.fcbarcelonanoticias.com\\\/en\\\/players\\\/this-is-how-youngsters-that-barcelona-loaned-winter-transfer-market-are-doing_255571_102.html#primaryimage\"},\"image\":{\"@id\":\"https:\\\/\\\/www.fcbarcelonanoticias.com\\\/en\\\/players\\\/this-is-how-youngsters-that-barcelona-loaned-winter-transfer-market-are-doing_255571_102.html#primaryimage\"},\"thumbnailUrl\":\"https:\\\/\\\/www.fcbarcelonanoticias.com\\\/en\\\/wp-content\\\/uploads\\\/sites\\\/2\\\/2020\\\/06\\\/alena-realbetis4.jpeg\",\"datePublished\":\"2020-02-19T13:23:00+00:00\",\"dateModified\":\"2020-02-19T13:24:00+00:00\",\"author\":{\"@id\":\"https:\\\/\\\/www.fcbarcelonanoticias.com\\\/en\\\/#\\\/schema\\\/person\\\/fcdad55cab72b8d0e106d75506783b6d\"},\"description\":\"The Bar\u00e7a yielded to several youngsters in the market of winter, and is very attentive to his evolutions. Like this it goes them to Carles Ale\u00f1\u00e1, Jean-Clair Todibo, Carles P\u00e9rez, M...\",\"breadcrumb\":{\"@id\":\"https:\\\/\\\/www.fcbarcelonanoticias.com\\\/en\\\/players\\\/this-is-how-youngsters-that-barcelona-loaned-winter-transfer-market-are-doing_255571_102.html#breadcrumb\"},\"inLanguage\":\"en-US\",\"potentialAction\":[{\"@type\":\"ReadAction\",\"target\":[\"https:\\\/\\\/www.fcbarcelonanoticias.com\\\/en\\\/players\\\/this-is-how-youngsters-that-barcelona-loaned-winter-transfer-market-are-doing_255571_102.html\"]}]},{\"@type\":\"ImageObject\",\"inLanguage\":\"en-US\",\"@id\":\"https:\\\/\\\/www.fcbarcelonanoticias.com\\\/en\\\/players\\\/this-is-how-youngsters-that-barcelona-loaned-winter-transfer-market-are-doing_255571_102.html#primaryimage\",\"url\":\"https:\\\/\\\/www.fcbarcelonanoticias.com\\\/en\\\/wp-content\\\/uploads\\\/sites\\\/2\\\/2020\\\/06\\\/alena-realbetis4.jpeg\",\"contentUrl\":\"https:\\\/\\\/www.fcbarcelonanoticias.com\\\/en\\\/wp-content\\\/uploads\\\/sites\\\/2\\\/2020\\\/06\\\/alena-realbetis4.jpeg\",\"width\":1200,\"height\":675},{\"@type\":\"BreadcrumbList\",\"@id\":\"https:\\\/\\\/www.fcbarcelonanoticias.com\\\/en\\\/players\\\/this-is-how-youngsters-that-barcelona-loaned-winter-transfer-market-are-doing_255571_102.html#breadcrumb\",\"itemListElement\":[{\"@type\":\"ListItem\",\"position\":1,\"name\":\"Portada\",\"item\":\"https:\\\/\\\/www.fcbarcelonanoticias.com\\\/en\\\/\"},{\"@type\":\"ListItem\",\"position\":2,\"name\":\"This is how the youngsters that Bar\u00e7a loaned in the winter transfer market are doing\"}]},{\"@type\":\"WebSite\",\"@id\":\"https:\\\/\\\/www.fcbarcelonanoticias.com\\\/en\\\/#website\",\"url\":\"https:\\\/\\\/www.fcbarcelonanoticias.com\\\/en\\\/\",\"name\":\"EN - FC Barcelona Noticias\",\"description\":\"\",\"potentialAction\":[{\"@type\":\"SearchAction\",\"target\":{\"@type\":\"EntryPoint\",\"urlTemplate\":\"https:\\\/\\\/www.fcbarcelonanoticias.com\\\/en\\\/?s={search_term_string}\"},\"query-input\":{\"@type\":\"PropertyValueSpecification\",\"valueRequired\":true,\"valueName\":\"search_term_string\"}}],\"inLanguage\":\"en-US\"},{\"@type\":\"Person\",\"@id\":\"https:\\\/\\\/www.fcbarcelonanoticias.com\\\/en\\\/#\\\/schema\\\/person\\\/fcdad55cab72b8d0e106d75506783b6d\",\"name\":\"user_4048\",\"image\":{\"@type\":\"ImageObject\",\"inLanguage\":\"en-US\",\"@id\":\"https:\\\/\\\/secure.gravatar.com\\\/avatar\\\/?s=96&d=mm&r=g\",\"url\":\"https:\\\/\\\/secure.gravatar.com\\\/avatar\\\/?s=96&d=mm&r=g\",\"contentUrl\":\"https:\\\/\\\/secure.gravatar.com\\\/avatar\\\/?s=96&d=mm&r=g\",\"caption\":\"user_4048\"},\"url\":\"https:\\\/\\\/www.fcbarcelonanoticias.com\\\/en\\\/user_4048.html\"}]}<\/script>\n<!-- \/ Yoast SEO plugin. -->","yoast_head_json":{"title":"This is how the youngsters that Bar\u00e7a loaned in the winter transfer market are doing","description":"The Bar\u00e7a yielded to several youngsters in the market of winter, and is very attentive to his evolutions. Like this it goes them to Carles Ale\u00f1\u00e1, Jean-Clair Todibo, Carles P\u00e9rez, M...","robots":{"index":"index","follow":"follow","max-snippet":"max-snippet:-1","max-image-preview":"max-image-preview:large","max-video-preview":"max-video-preview:-1"},"canonical":"https:\/\/www.fcbarcelonanoticias.com\/en\/players\/this-is-how-youngsters-that-barcelona-loaned-winter-transfer-market-are-doing_255571_102.html","og_locale":"en_US","og_type":"article","og_title":"This is how the youngsters that Bar\u00e7a loaned in the winter transfer market are doing","og_description":"The Bar\u00e7a yielded to several youngsters in the market of winter, and is very attentive to his evolutions. Like this it goes them to Carles Ale\u00f1\u00e1, Jean-Clair Todibo, Carles P\u00e9rez, M...","og_url":"https:\/\/www.fcbarcelonanoticias.com\/en\/players\/this-is-how-youngsters-that-barcelona-loaned-winter-transfer-market-are-doing_255571_102.html","og_site_name":"EN - FC Barcelona Noticias","article_published_time":"2020-02-19T13:23:00+00:00","article_modified_time":"2020-02-19T13:24:00+00:00","og_image":[{"width":1200,"height":675,"url":"https:\/\/www.fcbarcelonanoticias.com\/en\/wp-content\/uploads\/sites\/2\/2020\/06\/alena-realbetis4.jpeg","type":"image\/jpeg"}],"author":"user_4048","twitter_card":"summary_large_image","twitter_misc":{"Written by":"user_4048","Est. reading time":"3 minutes"},"schema":{"@context":"https:\/\/schema.org","@graph":[{"@type":"Article","@id":"https:\/\/www.fcbarcelonanoticias.com\/en\/players\/this-is-how-youngsters-that-barcelona-loaned-winter-transfer-market-are-doing_255571_102.html#article","isPartOf":{"@id":"https:\/\/www.fcbarcelonanoticias.com\/en\/players\/this-is-how-youngsters-that-barcelona-loaned-winter-transfer-market-are-doing_255571_102.html"},"author":{"name":"user_4048","@id":"https:\/\/www.fcbarcelonanoticias.com\/en\/#\/schema\/person\/fcdad55cab72b8d0e106d75506783b6d"},"headline":"This is how the youngsters that Bar\u00e7a loaned in the winter transfer market are doing","datePublished":"2020-02-19T13:23:00+00:00","dateModified":"2020-02-19T13:24:00+00:00","mainEntityOfPage":{"@id":"https:\/\/www.fcbarcelonanoticias.com\/en\/players\/this-is-how-youngsters-that-barcelona-loaned-winter-transfer-market-are-doing_255571_102.html"},"wordCount":686,"image":{"@id":"https:\/\/www.fcbarcelonanoticias.com\/en\/players\/this-is-how-youngsters-that-barcelona-loaned-winter-transfer-market-are-doing_255571_102.html#primaryimage"},"thumbnailUrl":"https:\/\/www.fcbarcelonanoticias.com\/en\/wp-content\/uploads\/sites\/2\/2020\/06\/alena-realbetis4.jpeg","keywords":["Ale\u00f1\u00e1","Carles P\u00e9rez","Moussa Wagu\u00e9","Todibo"],"articleSection":["Players","Players"],"inLanguage":"en-US"},{"@type":"WebPage","@id":"https:\/\/www.fcbarcelonanoticias.com\/en\/players\/this-is-how-youngsters-that-barcelona-loaned-winter-transfer-market-are-doing_255571_102.html","url":"https:\/\/www.fcbarcelonanoticias.com\/en\/players\/this-is-how-youngsters-that-barcelona-loaned-winter-transfer-market-are-doing_255571_102.html","name":"This is how the youngsters that Bar\u00e7a loaned in the winter transfer market are doing","isPartOf":{"@id":"https:\/\/www.fcbarcelonanoticias.com\/en\/#website"},"primaryImageOfPage":{"@id":"https:\/\/www.fcbarcelonanoticias.com\/en\/players\/this-is-how-youngsters-that-barcelona-loaned-winter-transfer-market-are-doing_255571_102.html#primaryimage"},"image":{"@id":"https:\/\/www.fcbarcelonanoticias.com\/en\/players\/this-is-how-youngsters-that-barcelona-loaned-winter-transfer-market-are-doing_255571_102.html#primaryimage"},"thumbnailUrl":"https:\/\/www.fcbarcelonanoticias.com\/en\/wp-content\/uploads\/sites\/2\/2020\/06\/alena-realbetis4.jpeg","datePublished":"2020-02-19T13:23:00+00:00","dateModified":"2020-02-19T13:24:00+00:00","author":{"@id":"https:\/\/www.fcbarcelonanoticias.com\/en\/#\/schema\/person\/fcdad55cab72b8d0e106d75506783b6d"},"description":"The Bar\u00e7a yielded to several youngsters in the market of winter, and is very attentive to his evolutions. Like this it goes them to Carles Ale\u00f1\u00e1, Jean-Clair Todibo, Carles P\u00e9rez, M...","breadcrumb":{"@id":"https:\/\/www.fcbarcelonanoticias.com\/en\/players\/this-is-how-youngsters-that-barcelona-loaned-winter-transfer-market-are-doing_255571_102.html#breadcrumb"},"inLanguage":"en-US","potentialAction":[{"@type":"ReadAction","target":["https:\/\/www.fcbarcelonanoticias.com\/en\/players\/this-is-how-youngsters-that-barcelona-loaned-winter-transfer-market-are-doing_255571_102.html"]}]},{"@type":"ImageObject","inLanguage":"en-US","@id":"https:\/\/www.fcbarcelonanoticias.com\/en\/players\/this-is-how-youngsters-that-barcelona-loaned-winter-transfer-market-are-doing_255571_102.html#primaryimage","url":"https:\/\/www.fcbarcelonanoticias.com\/en\/wp-content\/uploads\/sites\/2\/2020\/06\/alena-realbetis4.jpeg","contentUrl":"https:\/\/www.fcbarcelonanoticias.com\/en\/wp-content\/uploads\/sites\/2\/2020\/06\/alena-realbetis4.jpeg","width":1200,"height":675},{"@type":"BreadcrumbList","@id":"https:\/\/www.fcbarcelonanoticias.com\/en\/players\/this-is-how-youngsters-that-barcelona-loaned-winter-transfer-market-are-doing_255571_102.html#breadcrumb","itemListElement":[{"@type":"ListItem","position":1,"name":"Portada","item":"https:\/\/www.fcbarcelonanoticias.com\/en\/"},{"@type":"ListItem","position":2,"name":"This is how the youngsters that Bar\u00e7a loaned in the winter transfer market are doing"}]},{"@type":"WebSite","@id":"https:\/\/www.fcbarcelonanoticias.com\/en\/#website","url":"https:\/\/www.fcbarcelonanoticias.com\/en\/","name":"EN - FC Barcelona Noticias","description":"","potentialAction":[{"@type":"SearchAction","target":{"@type":"EntryPoint","urlTemplate":"https:\/\/www.fcbarcelonanoticias.com\/en\/?s={search_term_string}"},"query-input":{"@type":"PropertyValueSpecification","valueRequired":true,"valueName":"search_term_string"}}],"inLanguage":"en-US"},{"@type":"Person","@id":"https:\/\/www.fcbarcelonanoticias.com\/en\/#\/schema\/person\/fcdad55cab72b8d0e106d75506783b6d","name":"user_4048","image":{"@type":"ImageObject","inLanguage":"en-US","@id":"https:\/\/secure.gravatar.com\/avatar\/?s=96&d=mm&r=g","url":"https:\/\/secure.gravatar.com\/avatar\/?s=96&d=mm&r=g","contentUrl":"https:\/\/secure.gravatar.com\/avatar\/?s=96&d=mm&r=g","caption":"user_4048"},"url":"https:\/\/www.fcbarcelonanoticias.com\/en\/user_4048.html"}]}},"_links":{"self":[{"href":"https:\/\/www.fcbarcelonanoticias.com\/en\/wp-json\/wp\/v2\/posts\/79955","targetHints":{"allow":["GET"]}}],"collection":[{"href":"https:\/\/www.fcbarcelonanoticias.com\/en\/wp-json\/wp\/v2\/posts"}],"about":[{"href":"https:\/\/www.fcbarcelonanoticias.com\/en\/wp-json\/wp\/v2\/types\/post"}],"author":[{"embeddable":true,"href":"https:\/\/www.fcbarcelonanoticias.com\/en\/wp-json\/wp\/v2\/users\/392"}],"replies":[{"embeddable":true,"href":"https:\/\/www.fcbarcelonanoticias.com\/en\/wp-json\/wp\/v2\/comments?post=79955"}],"version-history":[{"count":1,"href":"https:\/\/www.fcbarcelonanoticias.com\/en\/wp-json\/wp\/v2\/posts\/79955\/revisions"}],"predecessor-version":[{"id":79957,"href":"https:\/\/www.fcbarcelonanoticias.com\/en\/wp-json\/wp\/v2\/posts\/79955\/revisions\/79957"}],"wp:featuredmedia":[{"embeddable":true,"href":"https:\/\/www.fcbarcelonanoticias.com\/en\/wp-json\/wp\/v2\/media\/59891"}],"wp:attachment":[{"href":"https:\/\/www.fcbarcelonanoticias.com\/en\/wp-json\/wp\/v2\/media?parent=79955"}],"wp:term":[{"taxonomy":"category","embeddable":true,"href":"https:\/\/www.fcbarcelonanoticias.com\/en\/wp-json\/wp\/v2\/categories?post=79955"},{"taxonomy":"post_tag","embeddable":true,"href":"https:\/\/www.fcbarcelonanoticias.com\/en\/wp-json\/wp\/v2\/tags?post=79955"}],"curies":[{"name":"wp","href":"https:\/\/api.w.org\/{rel}","templated":true}]}}