{"id":7998,"date":"2026-01-16T02:04:00","date_gmt":"2026-01-16T01:04:00","guid":{"rendered":"https:\/\/weisetech.dev\/fc-barcelona-noticias\/en\/flick-praises-joan-garcia-and-throws-dart-at-real-madrid_315766_102\/"},"modified":"2026-01-16T04:11:00","modified_gmt":"2026-01-16T03:11:00","slug":"flick-praises-joan-garcia-and-throws-dart-at-real-madrid_315766_102","status":"publish","type":"post","link":"https:\/\/www.fcbarcelonanoticias.com\/en\/copa-del-rey\/flick-praises-joan-garcia-and-throws-dart-at-real-madrid_315766_102.html","title":{"rendered":"Flick praises Joan Garc\u00eda and throws a &#8216;jab&#8217; at Madrid after their Copa del Rey KO"},"content":{"rendered":"<h2 class=\"wp-block-heading\">Hansi Flick highlighted Joan Garc\u00eda&#8217;s performance in Racing-Bar\u00e7a (0-2). The manager preferred to keep his number &#8216;1&#8217; in goal, and the one from Sallent was key with a save in stoppage time that secured Bar\u00e7a&#8217;s qualification for the Copa quarterfinals<\/h2>  \r\n<div class=\"article-addons\">\r\n    <a href=\"https:\/\/www.fcbarcelonanoticias.com\/en\/calendar-fc-barcelona.html\"\r\n       target=\"_self\"\r\n       title=\"Calendar of FC Barcelona\"\r\n       class=\"blue-gredient-btn\">\r\n       \r\n        Calendar of FC Barcelona    <\/a>\r\n<\/div>   <p><strong>FC Barcelona<\/strong> is already in the quarterfinals of the <a data-external=\"0\" data-intl-links-en=\"https:\/\/www.fcbarcelonanoticias.com\/en\/copa-del-rey\/dates-and-possible-barcelona-rivals-in-copa-del-rey-quarterfinals_315765_102.html\" data-intl-links-es=\"https:\/\/www.fcbarcelonanoticias.com\/copa-del-rey\/cuartos-final-copa-del-rey-fechas-posibles-rivales-fc-barcelona_315765_102.html\" href=\"https:\/\/www.fcbarcelonanoticias.com\/en\/copa-del-rey\/dates-and-possible-barcelona-rivals-in-copa-del-rey-quarterfinals_315765_102.html\" rel=\"follow\" target=\"_self\" title=\"Copa del Rey Quarterfinals: Dates and Possible Bar\u00e7a Rivals\">Copa del Rey 2025\/26<\/a> after eliminating <strong>Racing de Santander (0-2)<\/strong>. In the post-match press conference, <strong>Hansi Flick<\/strong> assessed the performance of his players, especially <strong>Joan Garc\u00eda<\/strong>. The Catalan goalkeeper was once again a starter and a key figure in the azulgrana team&#8217;s eleventh consecutive victory.<\/p>  <p>Garc\u00eda made three saves, one of them against Manex Lozano in the fourth minute of added time, with the score still 0-1 after <strong>Ferran Torres<\/strong>&#8216; goal in the 66th minute. The goalkeeper was solid in the one-on-one, confidently clearing the close-range shot from the Cantabrian forward.<\/p>  <p>Just after, <a data-external=\"0\" data-intl-links-en=\"https:\/\/www.fcbarcelonanoticias.com\/en\/copa-del-rey\/lamine-yamal-mvp-against-racing-and-10-goals-on-season_315764_102.html\" data-intl-links-es=\"https:\/\/www.fcbarcelonanoticias.com\/copa-del-rey\/lamine-yamal-lidero-ataque-barca-sardinero-con-decimo-gol-temporada_315764_102.html\" href=\"https:\/\/www.fcbarcelonanoticias.com\/en\/copa-del-rey\/lamine-yamal-mvp-against-racing-and-10-goals-on-season_315764_102.html\" rel=\"follow\" target=\"_self\" title=\"Lamine Yamal lider\u00f3 el ataque del Bar\u00e7a en El Sardinero con su 10\u00b0 gol de la temporada\">Lamine Yamal<\/a> sealed the Catalan triumph with a goal in the final action of the match. Regarding Joan&#8217;s work, Flick highlighted the importance of having the &#8217;13&#8217; in a match that, as expected, was extremely tough from start to finish at El Sardinero.<\/p>  <p>&#8220;Joan played because we decided it and it was a good decision after seeing the match. We&#8217;ll see in the next Copa del Rey matches, I haven&#8217;t decided yet. It&#8217;s possible he&#8217;ll play them all, it will depend on whether he&#8217;s tired&#8230;&#8221;, the German coach argued about the debate in goal<\/p>  <h2>&#8216;Dart&#8217; for Real Madrid after their Copa del Rey elimination<\/h2>  <p>Likewise, the Bar\u00e7a coach highlighted Racing&#8217;s performance. The leader of the Second Division made them fight for the win and was close to forcing the extra time on their home turf.<\/p>  <p>&#8220;I liked how they defended. They defended with everything they had. <strong>We saw their football. They press high. They did a good job<\/strong>,&#8221; he said about the Cantabrian team. In that regard, he stressed that the Cup is a fantastic tournament, where lower-tier rivals approach each knockout round &#8220;bravely.&#8221;<\/p>  <p>Likewise, Flick was asked about <a data-external=\"0\" data-intl-links-en=\"https:\/\/www.fcbarcelonanoticias.com\/en\/real-madrid\/madrid-total-crisis-two-titles-lost-in-four-days_315756_102.html\" data-intl-links-es=\"https:\/\/www.fcbarcelonanoticias.com\/real-madrid\/crisis-total-madrid-dos-titulos-perdidos-cuatro-dias-peor-debut-posible-arbeloa_315756_102.html\" href=\"https:\/\/www.fcbarcelonanoticias.com\/en\/real-madrid\/madrid-total-crisis-two-titles-lost-in-four-days_315756_102.html\" rel=\"follow\" target=\"_self\" title=\"Crisis total del Madrid: Dos t\u00edtulos perdidos en cuatro d\u00edas y el peor debut posible para Arbeloa\">Real Madrid&#8217;s elimination<\/a>, the only LaLiga team that could not advance past the round of 16. As usual, the German avoided controversy or accusations, but he left a subtle jab about the importance of taking the Cup seriously.<\/p>  <blockquote> <p>&#8220;It&#8217;s important to know that in the Cup, you don&#8217;t win because of your name, you win because of your attitude&#8221;<\/p> <\/blockquote>  <p>Regarding the performance of his players at El Sardinero, he added: &#8220;<strong>We played a serious game. The mentality was correct. We did very well<\/strong>&#8220;. Bar\u00e7a, with the German on the bench, has overcome all their ties (7) in the tournament.<\/p>  <h2>Praise for Ferm\u00edn L\u00f3pez<\/h2>  <p>On the other hand, Hansi Flick also highlighted Ferm\u00edn L\u00f3pez&#8217;s contribution. The player from Huelva replaced Marc Bernal in the 58th minute and, eight minutes later, provided the assist that allowed Ferran Torres to open the scoring.<\/p>  <p>&#8220;Ferm\u00edn is special. <strong>Not all players are like him, I like his attitude, his dynamism&#8230; He changes the dynamics of the game with his dynamism, with his passing<\/strong>&#8230; He also scores. He&#8217;s always in the right position. He&#8217;s a very good player for us,&#8221; he pointed out.<\/p>  <blockquote> <p>&#8220;We&#8217;re still in the Cup. We&#8217;ve kept another clean sheet and advanced to the next round. That&#8217;s the most important thing&#8221;<\/p> <\/blockquote> ","protected":false},"excerpt":{"rendered":"<p>Hansi Flick highlighted Joan Garc\u00eda&#8217;s performance in Racing-Bar\u00e7a (0-2). The manager preferred to keep his number &#8216;1&#8217; in goal, and the one from Sallent was key with a save in stoppage time that secured Bar\u00e7a&#8217;s qualification for the Copa quarterfinals FC Barcelona is already in the quarterfinals of the Copa del Rey 2025\/26 after eliminating [&hellip;]<\/p>\n","protected":false},"author":353,"featured_media":7999,"comment_status":"closed","ping_status":"open","sticky":false,"template":"","format":"standard","meta":{"_acf_changed":false,"inline_featured_image":false,"_nextfly_llmd_date_locked":false,"footnotes":""},"categories":[118,446],"tags":[87,185],"class_list":["post-7998","post","type-post","status-publish","format-standard","has-post-thumbnail","hentry","category-copa-del-rey","category-copa-del-rey-2","tag-hansi-flick","tag-joan-garcia"],"acf":[],"yoast_head":"<!-- This site is optimized with the Yoast SEO plugin v27.3 - https:\/\/yoast.com\/product\/yoast-seo-wordpress\/ -->\n<title>Flick praises Joan Garc\u00eda and throws a &#039;dart&#039; at Real Madrid<\/title>\n<meta name=\"description\" content=\"Hansi Flick highlighted Joan Garc\u00eda&#039;s performance in Racing-Bar\u00e7a (0-2). The Sallent-born player was key with a save in stoppage time and another clean sheet\" \/>\n<meta name=\"robots\" content=\"index, follow, max-snippet:-1, max-image-preview:large, max-video-preview:-1\" \/>\n<link rel=\"canonical\" href=\"https:\/\/www.fcbarcelonanoticias.com\/en\/copa-del-rey\/flick-praises-joan-garcia-and-throws-dart-at-real-madrid_315766_102.html\" \/>\n<meta property=\"og:locale\" content=\"en_US\" \/>\n<meta property=\"og:type\" content=\"article\" \/>\n<meta property=\"og:title\" content=\"Flick praises Joan Garc\u00eda and throws a &#039;dart&#039; at Real Madrid\" \/>\n<meta property=\"og:description\" content=\"Hansi Flick highlighted Joan Garc\u00eda&#039;s performance in Racing-Bar\u00e7a (0-2). The Sallent-born player was key with a save in stoppage time and another clean sheet\" \/>\n<meta property=\"og:url\" content=\"https:\/\/www.fcbarcelonanoticias.com\/en\/copa-del-rey\/flick-praises-joan-garcia-and-throws-dart-at-real-madrid_315766_102.html\" \/>\n<meta property=\"og:site_name\" content=\"EN - FC Barcelona Noticias\" \/>\n<meta property=\"article:published_time\" content=\"2026-01-16T01:04:00+00:00\" \/>\n<meta property=\"article:modified_time\" content=\"2026-01-16T03:11:00+00:00\" \/>\n<meta property=\"og:image\" content=\"https:\/\/www.fcbarcelonanoticias.com\/en\/wp-content\/uploads\/sites\/2\/2026\/01\/hansi-flick-rdp-racing-barcelona-copa-del-rey.jpeg\" \/>\n\t<meta property=\"og:image:width\" content=\"1300\" \/>\n\t<meta property=\"og:image:height\" content=\"732\" \/>\n\t<meta property=\"og:image:type\" content=\"image\/jpeg\" \/>\n<meta name=\"author\" content=\"FC Barcelona Noticias\" \/>\n<meta name=\"twitter:card\" content=\"summary_large_image\" \/>\n<meta name=\"twitter:label1\" content=\"Written by\" \/>\n\t<meta name=\"twitter:data1\" content=\"FC Barcelona Noticias\" \/>\n\t<meta name=\"twitter:label2\" content=\"Est. reading time\" \/>\n\t<meta name=\"twitter:data2\" content=\"3 minutes\" \/>\n<script type=\"application\/ld+json\" class=\"yoast-schema-graph\">{\"@context\":\"https:\\\/\\\/schema.org\",\"@graph\":[{\"@type\":\"Article\",\"@id\":\"https:\\\/\\\/www.fcbarcelonanoticias.com\\\/en\\\/copa-del-rey\\\/flick-praises-joan-garcia-and-throws-dart-at-real-madrid_315766_102.html#article\",\"isPartOf\":{\"@id\":\"https:\\\/\\\/www.fcbarcelonanoticias.com\\\/en\\\/copa-del-rey\\\/flick-praises-joan-garcia-and-throws-dart-at-real-madrid_315766_102.html\"},\"author\":{\"name\":\"FC Barcelona Noticias\",\"@id\":\"https:\\\/\\\/www.fcbarcelonanoticias.com\\\/en\\\/#\\\/schema\\\/person\\\/0f2810101d27606974cdb8edb54fa54b\"},\"headline\":\"Flick praises Joan Garc\u00eda and throws a &#8216;jab&#8217; at Madrid after their Copa del Rey KO\",\"datePublished\":\"2026-01-16T01:04:00+00:00\",\"dateModified\":\"2026-01-16T03:11:00+00:00\",\"mainEntityOfPage\":{\"@id\":\"https:\\\/\\\/www.fcbarcelonanoticias.com\\\/en\\\/copa-del-rey\\\/flick-praises-joan-garcia-and-throws-dart-at-real-madrid_315766_102.html\"},\"wordCount\":582,\"image\":{\"@id\":\"https:\\\/\\\/www.fcbarcelonanoticias.com\\\/en\\\/copa-del-rey\\\/flick-praises-joan-garcia-and-throws-dart-at-real-madrid_315766_102.html#primaryimage\"},\"thumbnailUrl\":\"https:\\\/\\\/www.fcbarcelonanoticias.com\\\/en\\\/wp-content\\\/uploads\\\/sites\\\/2\\\/2026\\\/01\\\/hansi-flick-rdp-racing-barcelona-copa-del-rey.jpeg\",\"keywords\":[\"Hansi Flick\",\"Joan Garc\u00eda\"],\"articleSection\":[\"Copa del Rey\",\"Copa del Rey\"],\"inLanguage\":\"en-US\"},{\"@type\":\"WebPage\",\"@id\":\"https:\\\/\\\/www.fcbarcelonanoticias.com\\\/en\\\/copa-del-rey\\\/flick-praises-joan-garcia-and-throws-dart-at-real-madrid_315766_102.html\",\"url\":\"https:\\\/\\\/www.fcbarcelonanoticias.com\\\/en\\\/copa-del-rey\\\/flick-praises-joan-garcia-and-throws-dart-at-real-madrid_315766_102.html\",\"name\":\"Flick praises Joan Garc\u00eda and throws a 'dart' at Real Madrid\",\"isPartOf\":{\"@id\":\"https:\\\/\\\/www.fcbarcelonanoticias.com\\\/en\\\/#website\"},\"primaryImageOfPage\":{\"@id\":\"https:\\\/\\\/www.fcbarcelonanoticias.com\\\/en\\\/copa-del-rey\\\/flick-praises-joan-garcia-and-throws-dart-at-real-madrid_315766_102.html#primaryimage\"},\"image\":{\"@id\":\"https:\\\/\\\/www.fcbarcelonanoticias.com\\\/en\\\/copa-del-rey\\\/flick-praises-joan-garcia-and-throws-dart-at-real-madrid_315766_102.html#primaryimage\"},\"thumbnailUrl\":\"https:\\\/\\\/www.fcbarcelonanoticias.com\\\/en\\\/wp-content\\\/uploads\\\/sites\\\/2\\\/2026\\\/01\\\/hansi-flick-rdp-racing-barcelona-copa-del-rey.jpeg\",\"datePublished\":\"2026-01-16T01:04:00+00:00\",\"dateModified\":\"2026-01-16T03:11:00+00:00\",\"author\":{\"@id\":\"https:\\\/\\\/www.fcbarcelonanoticias.com\\\/en\\\/#\\\/schema\\\/person\\\/0f2810101d27606974cdb8edb54fa54b\"},\"description\":\"Hansi Flick highlighted Joan Garc\u00eda's performance in Racing-Bar\u00e7a (0-2). The Sallent-born player was key with a save in stoppage time and another clean sheet\",\"breadcrumb\":{\"@id\":\"https:\\\/\\\/www.fcbarcelonanoticias.com\\\/en\\\/copa-del-rey\\\/flick-praises-joan-garcia-and-throws-dart-at-real-madrid_315766_102.html#breadcrumb\"},\"inLanguage\":\"en-US\",\"potentialAction\":[{\"@type\":\"ReadAction\",\"target\":[\"https:\\\/\\\/www.fcbarcelonanoticias.com\\\/en\\\/copa-del-rey\\\/flick-praises-joan-garcia-and-throws-dart-at-real-madrid_315766_102.html\"]}]},{\"@type\":\"ImageObject\",\"inLanguage\":\"en-US\",\"@id\":\"https:\\\/\\\/www.fcbarcelonanoticias.com\\\/en\\\/copa-del-rey\\\/flick-praises-joan-garcia-and-throws-dart-at-real-madrid_315766_102.html#primaryimage\",\"url\":\"https:\\\/\\\/www.fcbarcelonanoticias.com\\\/en\\\/wp-content\\\/uploads\\\/sites\\\/2\\\/2026\\\/01\\\/hansi-flick-rdp-racing-barcelona-copa-del-rey.jpeg\",\"contentUrl\":\"https:\\\/\\\/www.fcbarcelonanoticias.com\\\/en\\\/wp-content\\\/uploads\\\/sites\\\/2\\\/2026\\\/01\\\/hansi-flick-rdp-racing-barcelona-copa-del-rey.jpeg\",\"width\":1300,\"height\":732},{\"@type\":\"BreadcrumbList\",\"@id\":\"https:\\\/\\\/www.fcbarcelonanoticias.com\\\/en\\\/copa-del-rey\\\/flick-praises-joan-garcia-and-throws-dart-at-real-madrid_315766_102.html#breadcrumb\",\"itemListElement\":[{\"@type\":\"ListItem\",\"position\":1,\"name\":\"Portada\",\"item\":\"https:\\\/\\\/www.fcbarcelonanoticias.com\\\/en\\\/\"},{\"@type\":\"ListItem\",\"position\":2,\"name\":\"Flick praises Joan Garc\u00eda and throws a &#8216;jab&#8217; at Madrid after their Copa del Rey KO\"}]},{\"@type\":\"WebSite\",\"@id\":\"https:\\\/\\\/www.fcbarcelonanoticias.com\\\/en\\\/#website\",\"url\":\"https:\\\/\\\/www.fcbarcelonanoticias.com\\\/en\\\/\",\"name\":\"EN - FC Barcelona Noticias\",\"description\":\"\",\"potentialAction\":[{\"@type\":\"SearchAction\",\"target\":{\"@type\":\"EntryPoint\",\"urlTemplate\":\"https:\\\/\\\/www.fcbarcelonanoticias.com\\\/en\\\/?s={search_term_string}\"},\"query-input\":{\"@type\":\"PropertyValueSpecification\",\"valueRequired\":true,\"valueName\":\"search_term_string\"}}],\"inLanguage\":\"en-US\"},{\"@type\":\"Person\",\"@id\":\"https:\\\/\\\/www.fcbarcelonanoticias.com\\\/en\\\/#\\\/schema\\\/person\\\/0f2810101d27606974cdb8edb54fa54b\",\"name\":\"FC Barcelona Noticias\",\"image\":{\"@type\":\"ImageObject\",\"inLanguage\":\"en-US\",\"@id\":\"https:\\\/\\\/secure.gravatar.com\\\/avatar\\\/?s=96&d=mm&r=g\",\"url\":\"https:\\\/\\\/secure.gravatar.com\\\/avatar\\\/?s=96&d=mm&r=g\",\"contentUrl\":\"https:\\\/\\\/secure.gravatar.com\\\/avatar\\\/?s=96&d=mm&r=g\",\"caption\":\"FC Barcelona Noticias\"},\"url\":\"https:\\\/\\\/www.fcbarcelonanoticias.com\\\/en\\\/fc-barcelona\\\/fcbn-writing-fc-barcelona-news_6_115.html\"}]}<\/script>\n<!-- \/ Yoast SEO plugin. -->","yoast_head_json":{"title":"Flick praises Joan Garc\u00eda and throws a 'dart' at Real Madrid","description":"Hansi Flick highlighted Joan Garc\u00eda's performance in Racing-Bar\u00e7a (0-2). The Sallent-born player was key with a save in stoppage time and another clean sheet","robots":{"index":"index","follow":"follow","max-snippet":"max-snippet:-1","max-image-preview":"max-image-preview:large","max-video-preview":"max-video-preview:-1"},"canonical":"https:\/\/www.fcbarcelonanoticias.com\/en\/copa-del-rey\/flick-praises-joan-garcia-and-throws-dart-at-real-madrid_315766_102.html","og_locale":"en_US","og_type":"article","og_title":"Flick praises Joan Garc\u00eda and throws a 'dart' at Real Madrid","og_description":"Hansi Flick highlighted Joan Garc\u00eda's performance in Racing-Bar\u00e7a (0-2). The Sallent-born player was key with a save in stoppage time and another clean sheet","og_url":"https:\/\/www.fcbarcelonanoticias.com\/en\/copa-del-rey\/flick-praises-joan-garcia-and-throws-dart-at-real-madrid_315766_102.html","og_site_name":"EN - FC Barcelona Noticias","article_published_time":"2026-01-16T01:04:00+00:00","article_modified_time":"2026-01-16T03:11:00+00:00","og_image":[{"width":1300,"height":732,"url":"https:\/\/www.fcbarcelonanoticias.com\/en\/wp-content\/uploads\/sites\/2\/2026\/01\/hansi-flick-rdp-racing-barcelona-copa-del-rey.jpeg","type":"image\/jpeg"}],"author":"FC Barcelona Noticias","twitter_card":"summary_large_image","twitter_misc":{"Written by":"FC Barcelona Noticias","Est. reading time":"3 minutes"},"schema":{"@context":"https:\/\/schema.org","@graph":[{"@type":"Article","@id":"https:\/\/www.fcbarcelonanoticias.com\/en\/copa-del-rey\/flick-praises-joan-garcia-and-throws-dart-at-real-madrid_315766_102.html#article","isPartOf":{"@id":"https:\/\/www.fcbarcelonanoticias.com\/en\/copa-del-rey\/flick-praises-joan-garcia-and-throws-dart-at-real-madrid_315766_102.html"},"author":{"name":"FC Barcelona Noticias","@id":"https:\/\/www.fcbarcelonanoticias.com\/en\/#\/schema\/person\/0f2810101d27606974cdb8edb54fa54b"},"headline":"Flick praises Joan Garc\u00eda and throws a &#8216;jab&#8217; at Madrid after their Copa del Rey KO","datePublished":"2026-01-16T01:04:00+00:00","dateModified":"2026-01-16T03:11:00+00:00","mainEntityOfPage":{"@id":"https:\/\/www.fcbarcelonanoticias.com\/en\/copa-del-rey\/flick-praises-joan-garcia-and-throws-dart-at-real-madrid_315766_102.html"},"wordCount":582,"image":{"@id":"https:\/\/www.fcbarcelonanoticias.com\/en\/copa-del-rey\/flick-praises-joan-garcia-and-throws-dart-at-real-madrid_315766_102.html#primaryimage"},"thumbnailUrl":"https:\/\/www.fcbarcelonanoticias.com\/en\/wp-content\/uploads\/sites\/2\/2026\/01\/hansi-flick-rdp-racing-barcelona-copa-del-rey.jpeg","keywords":["Hansi Flick","Joan Garc\u00eda"],"articleSection":["Copa del Rey","Copa del Rey"],"inLanguage":"en-US"},{"@type":"WebPage","@id":"https:\/\/www.fcbarcelonanoticias.com\/en\/copa-del-rey\/flick-praises-joan-garcia-and-throws-dart-at-real-madrid_315766_102.html","url":"https:\/\/www.fcbarcelonanoticias.com\/en\/copa-del-rey\/flick-praises-joan-garcia-and-throws-dart-at-real-madrid_315766_102.html","name":"Flick praises Joan Garc\u00eda and throws a 'dart' at Real Madrid","isPartOf":{"@id":"https:\/\/www.fcbarcelonanoticias.com\/en\/#website"},"primaryImageOfPage":{"@id":"https:\/\/www.fcbarcelonanoticias.com\/en\/copa-del-rey\/flick-praises-joan-garcia-and-throws-dart-at-real-madrid_315766_102.html#primaryimage"},"image":{"@id":"https:\/\/www.fcbarcelonanoticias.com\/en\/copa-del-rey\/flick-praises-joan-garcia-and-throws-dart-at-real-madrid_315766_102.html#primaryimage"},"thumbnailUrl":"https:\/\/www.fcbarcelonanoticias.com\/en\/wp-content\/uploads\/sites\/2\/2026\/01\/hansi-flick-rdp-racing-barcelona-copa-del-rey.jpeg","datePublished":"2026-01-16T01:04:00+00:00","dateModified":"2026-01-16T03:11:00+00:00","author":{"@id":"https:\/\/www.fcbarcelonanoticias.com\/en\/#\/schema\/person\/0f2810101d27606974cdb8edb54fa54b"},"description":"Hansi Flick highlighted Joan Garc\u00eda's performance in Racing-Bar\u00e7a (0-2). The Sallent-born player was key with a save in stoppage time and another clean sheet","breadcrumb":{"@id":"https:\/\/www.fcbarcelonanoticias.com\/en\/copa-del-rey\/flick-praises-joan-garcia-and-throws-dart-at-real-madrid_315766_102.html#breadcrumb"},"inLanguage":"en-US","potentialAction":[{"@type":"ReadAction","target":["https:\/\/www.fcbarcelonanoticias.com\/en\/copa-del-rey\/flick-praises-joan-garcia-and-throws-dart-at-real-madrid_315766_102.html"]}]},{"@type":"ImageObject","inLanguage":"en-US","@id":"https:\/\/www.fcbarcelonanoticias.com\/en\/copa-del-rey\/flick-praises-joan-garcia-and-throws-dart-at-real-madrid_315766_102.html#primaryimage","url":"https:\/\/www.fcbarcelonanoticias.com\/en\/wp-content\/uploads\/sites\/2\/2026\/01\/hansi-flick-rdp-racing-barcelona-copa-del-rey.jpeg","contentUrl":"https:\/\/www.fcbarcelonanoticias.com\/en\/wp-content\/uploads\/sites\/2\/2026\/01\/hansi-flick-rdp-racing-barcelona-copa-del-rey.jpeg","width":1300,"height":732},{"@type":"BreadcrumbList","@id":"https:\/\/www.fcbarcelonanoticias.com\/en\/copa-del-rey\/flick-praises-joan-garcia-and-throws-dart-at-real-madrid_315766_102.html#breadcrumb","itemListElement":[{"@type":"ListItem","position":1,"name":"Portada","item":"https:\/\/www.fcbarcelonanoticias.com\/en\/"},{"@type":"ListItem","position":2,"name":"Flick praises Joan Garc\u00eda and throws a &#8216;jab&#8217; at Madrid after their Copa del Rey KO"}]},{"@type":"WebSite","@id":"https:\/\/www.fcbarcelonanoticias.com\/en\/#website","url":"https:\/\/www.fcbarcelonanoticias.com\/en\/","name":"EN - FC Barcelona Noticias","description":"","potentialAction":[{"@type":"SearchAction","target":{"@type":"EntryPoint","urlTemplate":"https:\/\/www.fcbarcelonanoticias.com\/en\/?s={search_term_string}"},"query-input":{"@type":"PropertyValueSpecification","valueRequired":true,"valueName":"search_term_string"}}],"inLanguage":"en-US"},{"@type":"Person","@id":"https:\/\/www.fcbarcelonanoticias.com\/en\/#\/schema\/person\/0f2810101d27606974cdb8edb54fa54b","name":"FC Barcelona Noticias","image":{"@type":"ImageObject","inLanguage":"en-US","@id":"https:\/\/secure.gravatar.com\/avatar\/?s=96&d=mm&r=g","url":"https:\/\/secure.gravatar.com\/avatar\/?s=96&d=mm&r=g","contentUrl":"https:\/\/secure.gravatar.com\/avatar\/?s=96&d=mm&r=g","caption":"FC Barcelona Noticias"},"url":"https:\/\/www.fcbarcelonanoticias.com\/en\/fc-barcelona\/fcbn-writing-fc-barcelona-news_6_115.html"}]}},"_links":{"self":[{"href":"https:\/\/www.fcbarcelonanoticias.com\/en\/wp-json\/wp\/v2\/posts\/7998","targetHints":{"allow":["GET"]}}],"collection":[{"href":"https:\/\/www.fcbarcelonanoticias.com\/en\/wp-json\/wp\/v2\/posts"}],"about":[{"href":"https:\/\/www.fcbarcelonanoticias.com\/en\/wp-json\/wp\/v2\/types\/post"}],"author":[{"embeddable":true,"href":"https:\/\/www.fcbarcelonanoticias.com\/en\/wp-json\/wp\/v2\/users\/353"}],"replies":[{"embeddable":true,"href":"https:\/\/www.fcbarcelonanoticias.com\/en\/wp-json\/wp\/v2\/comments?post=7998"}],"version-history":[{"count":1,"href":"https:\/\/www.fcbarcelonanoticias.com\/en\/wp-json\/wp\/v2\/posts\/7998\/revisions"}],"predecessor-version":[{"id":104726,"href":"https:\/\/www.fcbarcelonanoticias.com\/en\/wp-json\/wp\/v2\/posts\/7998\/revisions\/104726"}],"wp:featuredmedia":[{"embeddable":true,"href":"https:\/\/www.fcbarcelonanoticias.com\/en\/wp-json\/wp\/v2\/media\/7999"}],"wp:attachment":[{"href":"https:\/\/www.fcbarcelonanoticias.com\/en\/wp-json\/wp\/v2\/media?parent=7998"}],"wp:term":[{"taxonomy":"category","embeddable":true,"href":"https:\/\/www.fcbarcelonanoticias.com\/en\/wp-json\/wp\/v2\/categories?post=7998"},{"taxonomy":"post_tag","embeddable":true,"href":"https:\/\/www.fcbarcelonanoticias.com\/en\/wp-json\/wp\/v2\/tags?post=7998"}],"curies":[{"name":"wp","href":"https:\/\/api.w.org\/{rel}","templated":true}]}}