{"id":80284,"date":"2023-11-06T22:41:00","date_gmt":"2023-11-06T21:41:00","guid":{"rendered":"https:\/\/weisetech.dev\/fc-barcelona-noticias\/en\/carles-puyol-asks-to-vinicius-that-centre-more-in-the-football_297826_102\/"},"modified":"2023-11-06T22:41:00","modified_gmt":"2023-11-06T21:41:00","slug":"carles-puyol-asks-to-vinicius-that-centre-more-in-the-football_297826_102","status":"publish","type":"post","link":"https:\/\/www.fcbarcelonanoticias.com\/en\/real-madrid\/carles-puyol-asks-to-vinicius-that-centre-more-in-the-football_297826_102.html","title":{"rendered":"Carles Puyol asks to Vinicius that centre  more in the football"},"content":{"rendered":"<h2 class=\"wp-block-heading\">The ex captain and legend of the Barcelona has spoken in an act solidario on the behaviour and the attitude of the star madridista in the terrains of game. It advises him that it win  the respect of the world of the football if it wants to have a greater recognition<\/h2>  \r\n<div class=\"article-addons\">\r\n    <a href=\"https:\/\/www.fcbarcelonanoticias.com\/en\/calendar-fc-barcelona.html\"\r\n       target=\"_self\"\r\n       title=\"Calendar of FC Barcelona\"\r\n       class=\"blue-gredient-btn\">\r\n       \r\n        Calendar of FC Barcelona    <\/a>\r\n<\/div>   <p style=\"text-align: justify;\"><b><a data-external=\"0\" data-intl-links-en=\"https:\/\/www.fcbarcelonanoticias.com\/en\/real-madrid\/total-frustration-rudiger-and-vinicius-messed-up-and-could-have-been-expelled_297802_102.html\" data-intl-links-es=\"https:\/\/www.fcbarcelonanoticias.com\/real-madrid\/frustracion-total-rudiger-vinicius-liaron-podrian-haber-sido-expulsados_297802_102.html\" href=\"https:\/\/www.fcbarcelonanoticias.com\/en\/real-madrid\/total-frustration-rudiger-and-vinicius-messed-up-and-could-have-been-expelled_297802_102.html\" rel=\"follow\" target=\"_self\" title=\"\u00a1Frustraci\u00f3n total! R\u00fcdiger y Vinicius la liaron y podr\u00edan haber sido expulsados\">Carles Puyol has participated in an act solidario, celebrated in the Padel Sant Cugat, where has elogiado the game of Vinicius and spoken of his behaviour in the terrains of game<\/a><\/b>. The Barcelona legend asks a change of attitude in the player to have a greater recognition in the world of the football and like this win the respect and the admiration of his mates of profession and of the rival fans.<\/p>  <p style=\"text-align: justify;\">The excapit\u00e1n of the Bar\u00e7a also has wanted to have some bonitias words to the star of the Real Madrid when it has referred to his game. &#8220;<strong>It is a big player that marks the differences<\/strong>&#8220;, dij\u00f3 the exfutbolista of the Spanish selection. Vinicius Is a footballer that desconecta fast of the parties with his constants battle personal and provocations. Puyol Advises him, in this sense, that centre more in the football and leave of discussions and provocations to the rival fans.<\/p>  <h2>Carles Puyol also has taken advantage of the act to speak of the Bar\u00e7a<\/h2>  <p style=\"text-align: justify;\">During the presentation of the act Carles Puyol spoke also of the Barcelona and of Xavi. &#8220;<strong>The victory in Donosti great because they are three points. This does not mean that it did not be to analyse the game. Sure that Xavi is doing it<\/strong>&#8220;, declared the ex blaugrana when they asked after him the <strong><a data-external=\"0\" data-intl-links-en=\"https:\/\/www.fcbarcelonanoticias.com\/en\/fc-barcelona\/forced-to-correct-the-sinned-main-of-the-barca-of-xavi-in-donosti_297819_102.html\" data-intl-links-es=\"https:\/\/www.fcbarcelonanoticias.com\/fc-barcelona\/forzados-corregir-pecados-capitales-barca-xavi-en-donosti_297819_102.html\" href=\"https:\/\/www.fcbarcelonanoticias.com\/en\/fc-barcelona\/forced-to-correct-the-sinned-main-of-the-barca-of-xavi-in-donosti_297819_102.html\" rel=\"follow\" target=\"_self\" title=\"Forzados a corregir: Los 'pecados' capitales del Bar\u00e7a de Xavi en Donosti\">victory in Anoeta<\/a><\/strong>. The legend blaugrana took advantage of also to speak of his excompa\u00f1ero of team and current trainer of the Barcelona. &#8220;<strong>Xavi knows the house and it is necessary to support him. But already we know as it goes this. In the Bar\u00e7a have to win and play well. The requirement is very big&#8221;<\/strong>, added the ex Barcelona footballer, signalling that the victory in front of the Real Sociedad supposed a big step for the team, weigh to have bad player and deserved less.<\/p> ","protected":false},"excerpt":{"rendered":"<p>The ex captain and legend of the Barcelona has spoken in an act solidario on the behaviour and the attitude of the star madridista in the terrains of game. It advises him that it win the respect of the world of the football if it wants to have a greater recognition Carles Puyol has participated [&hellip;]<\/p>\n","protected":false},"author":356,"featured_media":64401,"comment_status":"closed","ping_status":"open","sticky":false,"template":"","format":"standard","meta":{"_acf_changed":false,"inline_featured_image":false,"_nextfly_llmd_date_locked":false,"footnotes":""},"categories":[450,119],"tags":[304],"class_list":["post-80284","post","type-post","status-publish","format-standard","has-post-thumbnail","hentry","category-real-madrid-2","category-real-madrid","tag-carles-puyol"],"acf":[],"yoast_head":"<!-- This site is optimized with the Yoast SEO plugin v27.3 - https:\/\/yoast.com\/product\/yoast-seo-wordpress\/ -->\n<title>Carles Puyol asks to Vinicius that centre more in the football<\/title>\n<meta name=\"description\" content=\"The ex captain and legend of the Barcelona has spoken in an act solidario on the behaviour and the attitude of the star madridista in the terrains of game. It advises him that it win the respect of the world of the football if it wants to have a greater recognition\" \/>\n<meta name=\"robots\" content=\"index, follow, max-snippet:-1, max-image-preview:large, max-video-preview:-1\" \/>\n<link rel=\"canonical\" href=\"https:\/\/www.fcbarcelonanoticias.com\/en\/real-madrid\/carles-puyol-asks-to-vinicius-that-centre-more-in-the-football_297826_102.html\" \/>\n<meta property=\"og:locale\" content=\"en_US\" \/>\n<meta property=\"og:type\" content=\"article\" \/>\n<meta property=\"og:title\" content=\"Carles Puyol asks to Vinicius that centre more in the football\" \/>\n<meta property=\"og:description\" content=\"The ex captain and legend of the Barcelona has spoken in an act solidario on the behaviour and the attitude of the star madridista in the terrains of game. It advises him that it win the respect of the world of the football if it wants to have a greater recognition\" \/>\n<meta property=\"og:url\" content=\"https:\/\/www.fcbarcelonanoticias.com\/en\/real-madrid\/carles-puyol-asks-to-vinicius-that-centre-more-in-the-football_297826_102.html\" \/>\n<meta property=\"og:site_name\" content=\"EN - FC Barcelona Noticias\" \/>\n<meta property=\"article:published_time\" content=\"2023-11-06T21:41:00+00:00\" \/>\n<meta property=\"og:image\" content=\"https:\/\/www.fcbarcelonanoticias.com\/en\/wp-content\/uploads\/sites\/2\/2023\/11\/andrei-ratiu-y-vinicius-durante-el-real-madrid-vs-rayo-vallecano.jpeg\" \/>\n\t<meta property=\"og:image:width\" content=\"1200\" \/>\n\t<meta property=\"og:image:height\" content=\"675\" \/>\n\t<meta property=\"og:image:type\" content=\"image\/jpeg\" \/>\n<meta name=\"author\" content=\"Jordi Muntan\u00e9\" \/>\n<meta name=\"twitter:card\" content=\"summary_large_image\" \/>\n<meta name=\"twitter:label1\" content=\"Written by\" \/>\n\t<meta name=\"twitter:data1\" content=\"Jordi Muntan\u00e9\" \/>\n\t<meta name=\"twitter:label2\" content=\"Est. reading time\" \/>\n\t<meta name=\"twitter:data2\" content=\"2 minutes\" \/>\n<script type=\"application\/ld+json\" class=\"yoast-schema-graph\">{\"@context\":\"https:\\\/\\\/schema.org\",\"@graph\":[{\"@type\":\"Article\",\"@id\":\"https:\\\/\\\/www.fcbarcelonanoticias.com\\\/en\\\/real-madrid\\\/carles-puyol-asks-to-vinicius-that-centre-more-in-the-football_297826_102.html#article\",\"isPartOf\":{\"@id\":\"https:\\\/\\\/www.fcbarcelonanoticias.com\\\/en\\\/real-madrid\\\/carles-puyol-asks-to-vinicius-that-centre-more-in-the-football_297826_102.html\"},\"author\":{\"name\":\"Jordi Muntan\u00e9\",\"@id\":\"https:\\\/\\\/www.fcbarcelonanoticias.com\\\/en\\\/#\\\/schema\\\/person\\\/72a7d90f54fb1c7fe34d5e0677e8b574\"},\"headline\":\"Carles Puyol asks to Vinicius that centre more in the football\",\"datePublished\":\"2023-11-06T21:41:00+00:00\",\"mainEntityOfPage\":{\"@id\":\"https:\\\/\\\/www.fcbarcelonanoticias.com\\\/en\\\/real-madrid\\\/carles-puyol-asks-to-vinicius-that-centre-more-in-the-football_297826_102.html\"},\"wordCount\":376,\"image\":{\"@id\":\"https:\\\/\\\/www.fcbarcelonanoticias.com\\\/en\\\/real-madrid\\\/carles-puyol-asks-to-vinicius-that-centre-more-in-the-football_297826_102.html#primaryimage\"},\"thumbnailUrl\":\"https:\\\/\\\/www.fcbarcelonanoticias.com\\\/en\\\/wp-content\\\/uploads\\\/sites\\\/2\\\/2023\\\/11\\\/andrei-ratiu-y-vinicius-durante-el-real-madrid-vs-rayo-vallecano.jpeg\",\"keywords\":[\"Carles Puyol\"],\"articleSection\":[\"Real Madrid\",\"Real Madrid\"],\"inLanguage\":\"en-US\"},{\"@type\":\"WebPage\",\"@id\":\"https:\\\/\\\/www.fcbarcelonanoticias.com\\\/en\\\/real-madrid\\\/carles-puyol-asks-to-vinicius-that-centre-more-in-the-football_297826_102.html\",\"url\":\"https:\\\/\\\/www.fcbarcelonanoticias.com\\\/en\\\/real-madrid\\\/carles-puyol-asks-to-vinicius-that-centre-more-in-the-football_297826_102.html\",\"name\":\"Carles Puyol asks to Vinicius that centre more in the football\",\"isPartOf\":{\"@id\":\"https:\\\/\\\/www.fcbarcelonanoticias.com\\\/en\\\/#website\"},\"primaryImageOfPage\":{\"@id\":\"https:\\\/\\\/www.fcbarcelonanoticias.com\\\/en\\\/real-madrid\\\/carles-puyol-asks-to-vinicius-that-centre-more-in-the-football_297826_102.html#primaryimage\"},\"image\":{\"@id\":\"https:\\\/\\\/www.fcbarcelonanoticias.com\\\/en\\\/real-madrid\\\/carles-puyol-asks-to-vinicius-that-centre-more-in-the-football_297826_102.html#primaryimage\"},\"thumbnailUrl\":\"https:\\\/\\\/www.fcbarcelonanoticias.com\\\/en\\\/wp-content\\\/uploads\\\/sites\\\/2\\\/2023\\\/11\\\/andrei-ratiu-y-vinicius-durante-el-real-madrid-vs-rayo-vallecano.jpeg\",\"datePublished\":\"2023-11-06T21:41:00+00:00\",\"author\":{\"@id\":\"https:\\\/\\\/www.fcbarcelonanoticias.com\\\/en\\\/#\\\/schema\\\/person\\\/72a7d90f54fb1c7fe34d5e0677e8b574\"},\"description\":\"The ex captain and legend of the Barcelona has spoken in an act solidario on the behaviour and the attitude of the star madridista in the terrains of game. It advises him that it win the respect of the world of the football if it wants to have a greater recognition\",\"breadcrumb\":{\"@id\":\"https:\\\/\\\/www.fcbarcelonanoticias.com\\\/en\\\/real-madrid\\\/carles-puyol-asks-to-vinicius-that-centre-more-in-the-football_297826_102.html#breadcrumb\"},\"inLanguage\":\"en-US\",\"potentialAction\":[{\"@type\":\"ReadAction\",\"target\":[\"https:\\\/\\\/www.fcbarcelonanoticias.com\\\/en\\\/real-madrid\\\/carles-puyol-asks-to-vinicius-that-centre-more-in-the-football_297826_102.html\"]}]},{\"@type\":\"ImageObject\",\"inLanguage\":\"en-US\",\"@id\":\"https:\\\/\\\/www.fcbarcelonanoticias.com\\\/en\\\/real-madrid\\\/carles-puyol-asks-to-vinicius-that-centre-more-in-the-football_297826_102.html#primaryimage\",\"url\":\"https:\\\/\\\/www.fcbarcelonanoticias.com\\\/en\\\/wp-content\\\/uploads\\\/sites\\\/2\\\/2023\\\/11\\\/andrei-ratiu-y-vinicius-durante-el-real-madrid-vs-rayo-vallecano.jpeg\",\"contentUrl\":\"https:\\\/\\\/www.fcbarcelonanoticias.com\\\/en\\\/wp-content\\\/uploads\\\/sites\\\/2\\\/2023\\\/11\\\/andrei-ratiu-y-vinicius-durante-el-real-madrid-vs-rayo-vallecano.jpeg\",\"width\":1200,\"height\":675},{\"@type\":\"BreadcrumbList\",\"@id\":\"https:\\\/\\\/www.fcbarcelonanoticias.com\\\/en\\\/real-madrid\\\/carles-puyol-asks-to-vinicius-that-centre-more-in-the-football_297826_102.html#breadcrumb\",\"itemListElement\":[{\"@type\":\"ListItem\",\"position\":1,\"name\":\"Portada\",\"item\":\"https:\\\/\\\/www.fcbarcelonanoticias.com\\\/en\\\/\"},{\"@type\":\"ListItem\",\"position\":2,\"name\":\"Carles Puyol asks to Vinicius that centre more in the football\"}]},{\"@type\":\"WebSite\",\"@id\":\"https:\\\/\\\/www.fcbarcelonanoticias.com\\\/en\\\/#website\",\"url\":\"https:\\\/\\\/www.fcbarcelonanoticias.com\\\/en\\\/\",\"name\":\"EN - FC Barcelona Noticias\",\"description\":\"\",\"potentialAction\":[{\"@type\":\"SearchAction\",\"target\":{\"@type\":\"EntryPoint\",\"urlTemplate\":\"https:\\\/\\\/www.fcbarcelonanoticias.com\\\/en\\\/?s={search_term_string}\"},\"query-input\":{\"@type\":\"PropertyValueSpecification\",\"valueRequired\":true,\"valueName\":\"search_term_string\"}}],\"inLanguage\":\"en-US\"},{\"@type\":\"Person\",\"@id\":\"https:\\\/\\\/www.fcbarcelonanoticias.com\\\/en\\\/#\\\/schema\\\/person\\\/72a7d90f54fb1c7fe34d5e0677e8b574\",\"name\":\"Jordi Muntan\u00e9\",\"image\":{\"@type\":\"ImageObject\",\"inLanguage\":\"en-US\",\"@id\":\"https:\\\/\\\/secure.gravatar.com\\\/avatar\\\/?s=96&d=mm&r=g\",\"url\":\"https:\\\/\\\/secure.gravatar.com\\\/avatar\\\/?s=96&d=mm&r=g\",\"contentUrl\":\"https:\\\/\\\/secure.gravatar.com\\\/avatar\\\/?s=96&d=mm&r=g\",\"caption\":\"Jordi Muntan\u00e9\"},\"url\":\"https:\\\/\\\/www.fcbarcelonanoticias.com\\\/en\\\/jordi-muntane_25_115.html\"}]}<\/script>\n<!-- \/ Yoast SEO plugin. -->","yoast_head_json":{"title":"Carles Puyol asks to Vinicius that centre more in the football","description":"The ex captain and legend of the Barcelona has spoken in an act solidario on the behaviour and the attitude of the star madridista in the terrains of game. It advises him that it win the respect of the world of the football if it wants to have a greater recognition","robots":{"index":"index","follow":"follow","max-snippet":"max-snippet:-1","max-image-preview":"max-image-preview:large","max-video-preview":"max-video-preview:-1"},"canonical":"https:\/\/www.fcbarcelonanoticias.com\/en\/real-madrid\/carles-puyol-asks-to-vinicius-that-centre-more-in-the-football_297826_102.html","og_locale":"en_US","og_type":"article","og_title":"Carles Puyol asks to Vinicius that centre more in the football","og_description":"The ex captain and legend of the Barcelona has spoken in an act solidario on the behaviour and the attitude of the star madridista in the terrains of game. It advises him that it win the respect of the world of the football if it wants to have a greater recognition","og_url":"https:\/\/www.fcbarcelonanoticias.com\/en\/real-madrid\/carles-puyol-asks-to-vinicius-that-centre-more-in-the-football_297826_102.html","og_site_name":"EN - FC Barcelona Noticias","article_published_time":"2023-11-06T21:41:00+00:00","og_image":[{"width":1200,"height":675,"url":"https:\/\/www.fcbarcelonanoticias.com\/en\/wp-content\/uploads\/sites\/2\/2023\/11\/andrei-ratiu-y-vinicius-durante-el-real-madrid-vs-rayo-vallecano.jpeg","type":"image\/jpeg"}],"author":"Jordi Muntan\u00e9","twitter_card":"summary_large_image","twitter_misc":{"Written by":"Jordi Muntan\u00e9","Est. reading time":"2 minutes"},"schema":{"@context":"https:\/\/schema.org","@graph":[{"@type":"Article","@id":"https:\/\/www.fcbarcelonanoticias.com\/en\/real-madrid\/carles-puyol-asks-to-vinicius-that-centre-more-in-the-football_297826_102.html#article","isPartOf":{"@id":"https:\/\/www.fcbarcelonanoticias.com\/en\/real-madrid\/carles-puyol-asks-to-vinicius-that-centre-more-in-the-football_297826_102.html"},"author":{"name":"Jordi Muntan\u00e9","@id":"https:\/\/www.fcbarcelonanoticias.com\/en\/#\/schema\/person\/72a7d90f54fb1c7fe34d5e0677e8b574"},"headline":"Carles Puyol asks to Vinicius that centre more in the football","datePublished":"2023-11-06T21:41:00+00:00","mainEntityOfPage":{"@id":"https:\/\/www.fcbarcelonanoticias.com\/en\/real-madrid\/carles-puyol-asks-to-vinicius-that-centre-more-in-the-football_297826_102.html"},"wordCount":376,"image":{"@id":"https:\/\/www.fcbarcelonanoticias.com\/en\/real-madrid\/carles-puyol-asks-to-vinicius-that-centre-more-in-the-football_297826_102.html#primaryimage"},"thumbnailUrl":"https:\/\/www.fcbarcelonanoticias.com\/en\/wp-content\/uploads\/sites\/2\/2023\/11\/andrei-ratiu-y-vinicius-durante-el-real-madrid-vs-rayo-vallecano.jpeg","keywords":["Carles Puyol"],"articleSection":["Real Madrid","Real Madrid"],"inLanguage":"en-US"},{"@type":"WebPage","@id":"https:\/\/www.fcbarcelonanoticias.com\/en\/real-madrid\/carles-puyol-asks-to-vinicius-that-centre-more-in-the-football_297826_102.html","url":"https:\/\/www.fcbarcelonanoticias.com\/en\/real-madrid\/carles-puyol-asks-to-vinicius-that-centre-more-in-the-football_297826_102.html","name":"Carles Puyol asks to Vinicius that centre more in the football","isPartOf":{"@id":"https:\/\/www.fcbarcelonanoticias.com\/en\/#website"},"primaryImageOfPage":{"@id":"https:\/\/www.fcbarcelonanoticias.com\/en\/real-madrid\/carles-puyol-asks-to-vinicius-that-centre-more-in-the-football_297826_102.html#primaryimage"},"image":{"@id":"https:\/\/www.fcbarcelonanoticias.com\/en\/real-madrid\/carles-puyol-asks-to-vinicius-that-centre-more-in-the-football_297826_102.html#primaryimage"},"thumbnailUrl":"https:\/\/www.fcbarcelonanoticias.com\/en\/wp-content\/uploads\/sites\/2\/2023\/11\/andrei-ratiu-y-vinicius-durante-el-real-madrid-vs-rayo-vallecano.jpeg","datePublished":"2023-11-06T21:41:00+00:00","author":{"@id":"https:\/\/www.fcbarcelonanoticias.com\/en\/#\/schema\/person\/72a7d90f54fb1c7fe34d5e0677e8b574"},"description":"The ex captain and legend of the Barcelona has spoken in an act solidario on the behaviour and the attitude of the star madridista in the terrains of game. It advises him that it win the respect of the world of the football if it wants to have a greater recognition","breadcrumb":{"@id":"https:\/\/www.fcbarcelonanoticias.com\/en\/real-madrid\/carles-puyol-asks-to-vinicius-that-centre-more-in-the-football_297826_102.html#breadcrumb"},"inLanguage":"en-US","potentialAction":[{"@type":"ReadAction","target":["https:\/\/www.fcbarcelonanoticias.com\/en\/real-madrid\/carles-puyol-asks-to-vinicius-that-centre-more-in-the-football_297826_102.html"]}]},{"@type":"ImageObject","inLanguage":"en-US","@id":"https:\/\/www.fcbarcelonanoticias.com\/en\/real-madrid\/carles-puyol-asks-to-vinicius-that-centre-more-in-the-football_297826_102.html#primaryimage","url":"https:\/\/www.fcbarcelonanoticias.com\/en\/wp-content\/uploads\/sites\/2\/2023\/11\/andrei-ratiu-y-vinicius-durante-el-real-madrid-vs-rayo-vallecano.jpeg","contentUrl":"https:\/\/www.fcbarcelonanoticias.com\/en\/wp-content\/uploads\/sites\/2\/2023\/11\/andrei-ratiu-y-vinicius-durante-el-real-madrid-vs-rayo-vallecano.jpeg","width":1200,"height":675},{"@type":"BreadcrumbList","@id":"https:\/\/www.fcbarcelonanoticias.com\/en\/real-madrid\/carles-puyol-asks-to-vinicius-that-centre-more-in-the-football_297826_102.html#breadcrumb","itemListElement":[{"@type":"ListItem","position":1,"name":"Portada","item":"https:\/\/www.fcbarcelonanoticias.com\/en\/"},{"@type":"ListItem","position":2,"name":"Carles Puyol asks to Vinicius that centre more in the football"}]},{"@type":"WebSite","@id":"https:\/\/www.fcbarcelonanoticias.com\/en\/#website","url":"https:\/\/www.fcbarcelonanoticias.com\/en\/","name":"EN - FC Barcelona Noticias","description":"","potentialAction":[{"@type":"SearchAction","target":{"@type":"EntryPoint","urlTemplate":"https:\/\/www.fcbarcelonanoticias.com\/en\/?s={search_term_string}"},"query-input":{"@type":"PropertyValueSpecification","valueRequired":true,"valueName":"search_term_string"}}],"inLanguage":"en-US"},{"@type":"Person","@id":"https:\/\/www.fcbarcelonanoticias.com\/en\/#\/schema\/person\/72a7d90f54fb1c7fe34d5e0677e8b574","name":"Jordi Muntan\u00e9","image":{"@type":"ImageObject","inLanguage":"en-US","@id":"https:\/\/secure.gravatar.com\/avatar\/?s=96&d=mm&r=g","url":"https:\/\/secure.gravatar.com\/avatar\/?s=96&d=mm&r=g","contentUrl":"https:\/\/secure.gravatar.com\/avatar\/?s=96&d=mm&r=g","caption":"Jordi Muntan\u00e9"},"url":"https:\/\/www.fcbarcelonanoticias.com\/en\/jordi-muntane_25_115.html"}]}},"_links":{"self":[{"href":"https:\/\/www.fcbarcelonanoticias.com\/en\/wp-json\/wp\/v2\/posts\/80284","targetHints":{"allow":["GET"]}}],"collection":[{"href":"https:\/\/www.fcbarcelonanoticias.com\/en\/wp-json\/wp\/v2\/posts"}],"about":[{"href":"https:\/\/www.fcbarcelonanoticias.com\/en\/wp-json\/wp\/v2\/types\/post"}],"author":[{"embeddable":true,"href":"https:\/\/www.fcbarcelonanoticias.com\/en\/wp-json\/wp\/v2\/users\/356"}],"replies":[{"embeddable":true,"href":"https:\/\/www.fcbarcelonanoticias.com\/en\/wp-json\/wp\/v2\/comments?post=80284"}],"version-history":[{"count":1,"href":"https:\/\/www.fcbarcelonanoticias.com\/en\/wp-json\/wp\/v2\/posts\/80284\/revisions"}],"predecessor-version":[{"id":122005,"href":"https:\/\/www.fcbarcelonanoticias.com\/en\/wp-json\/wp\/v2\/posts\/80284\/revisions\/122005"}],"wp:featuredmedia":[{"embeddable":true,"href":"https:\/\/www.fcbarcelonanoticias.com\/en\/wp-json\/wp\/v2\/media\/64401"}],"wp:attachment":[{"href":"https:\/\/www.fcbarcelonanoticias.com\/en\/wp-json\/wp\/v2\/media?parent=80284"}],"wp:term":[{"taxonomy":"category","embeddable":true,"href":"https:\/\/www.fcbarcelonanoticias.com\/en\/wp-json\/wp\/v2\/categories?post=80284"},{"taxonomy":"post_tag","embeddable":true,"href":"https:\/\/www.fcbarcelonanoticias.com\/en\/wp-json\/wp\/v2\/tags?post=80284"}],"curies":[{"name":"wp","href":"https:\/\/api.w.org\/{rel}","templated":true}]}}