{"id":80286,"date":"2023-02-17T16:45:00","date_gmt":"2023-02-17T15:45:00","guid":{"rendered":"https:\/\/weisetech.dev\/fc-barcelona-noticias\/en\/case-cheryshev-cristiano-modric-rafa-benitez-speaks-his-step-by-the-madrid_289717_102\/"},"modified":"2023-02-17T16:45:00","modified_gmt":"2023-02-17T15:45:00","slug":"case-cheryshev-cristiano-modric-rafa-benitez-speaks-his-step-by-the-madrid_289717_102","status":"publish","type":"post","link":"https:\/\/www.fcbarcelonanoticias.com\/en\/real-madrid\/case-cheryshev-cristiano-modric-rafa-benitez-speaks-his-step-by-the-madrid_289717_102.html","title":{"rendered":"The &#8216;Cheryshev case&#8217;, Cristiano, Modric&#8230; Rafa Ben\u00edtez talks about his time at Madrid"},"content":{"rendered":"<h2 class=\"wp-block-heading\">After the controversial departure of Carlo Ancelotti in 2015, Florentino thought of Rafa Ben\u00edtez as an alternative for a new project and now the Spaniard gives his opinion on his failure on the merengue bench.<\/h2>  \r\n<div class=\"article-addons\">\r\n    <a href=\"https:\/\/www.fcbarcelonanoticias.com\/en\/calendar-fc-barcelona.html\"\r\n       target=\"_self\"\r\n       title=\"Calendar of FC Barcelona\"\r\n       class=\"blue-gredient-btn\">\r\n       \r\n        Calendar of FC Barcelona    <\/a>\r\n<\/div>   <p>Rafa Ben\u00edtez finally reviewed his experience like trainer of the <a data-external=\"0\" data-intl-links-en=\"https:\/\/www.fcbarcelonanoticias.com\/en\/calendar-real-madrid.html\" data-intl-links-es=\"https:\/\/www.fcbarcelonanoticias.com\/calendario-real-madrid.html\" href=\"https:\/\/www.fcbarcelonanoticias.com\/en\/calendar-real-madrid.html\" rel=\"follow\" target=\"_self\" title=\"Calendario Real Madrid\">Real Madrid<\/a>, one that did not leave too many good memories for both parts and that it had to finish of rugged way shortly after initiating. In two interviews, one for &#8216;BE and another in &#8216;Wave Zero&#8217;, <strong>the Spanish trainer wanted to leave clear that in the white club &#8220;did not leave us win&#8221;. <\/strong><\/p>  <p>In &#8216;The Crossbar&#8217; the m\u00edster reviewed his 18 parties like trainer merengue during the 2015-2016. &#8220;In the mine period of the Real Madrid did not leave us win. We were first in the Champions. In the Champions that wins the Madrid, we did our work. In the Glass delete us by an administrative error with Cheryshev. <strong>Afterwards it seemed that it is my fault because it no longer was. When I leave me, was to two points of the Barcelona with a party less. To the two months were to 12 points of the Bar\u00e7a&#8221;, explained initially Ben\u00edtez.<\/strong><\/p>  <p>The ex trainer of the Liverpool, Valencia, or Chelsea equally considered &#8220;almost impossible&#8221; to go back to the bench of the Madrid, although no descart\u00f3 train to the At\u00e9tico of Madrid in a future. <strong>&#8220;There are teams that never me fichar\u00edan by that have been in the rival. It could not go to the Barcelona&#8230; The Athletic would be another thing&#8221;, commented during the interview. <\/strong><\/p>  <h3>Denying myths<\/h3>  <p>On that elimination in Glass by the undue alignment of the rurso Cheryshev, Ben\u00edtez remembered that &#8220;I warned thrice and even so it commits the administrative error&#8221;. When remembering his white stage, Ben\u00edtez also denied some histories, as his councils to Luka Modric to the hour to strike the balloon. <strong>&#8220;Once to Modric said him that in a strike of three metres give him with the interior so that to the mate arrive him clean the spherical, without effect. That is a comment in a training, but when to the things want to him take out tip, take him out &#8220;, explained. <\/strong><\/p>  <p>Another alike information sucedi\u00f3 with <a data-external=\"0\" data-intl-links-en=\"https:\/\/www.fcbarcelonanoticias.com\/en\/tags\/cristiano-ronaldo\" data-intl-links-es=\"https:\/\/www.fcbarcelonanoticias.com\/tags\/cristiano-ronaldo\" href=\"https:\/\/www.fcbarcelonanoticias.com\/en\/tags\/cristiano-ronaldo.html\" rel=\"follow\" target=\"_self\" title=\"Cristiano Ronaldo\">Cristiano Ronaldo<\/a>, but the technician mentioned that &#8220;the only comment that did him to Cristiano Ronaldo, as it knew him of the Manchester United, <strong>is that we analyse how threw the faults. We analyse the path, see if we can do some adjust, saw that no and forget us of the subject. <\/strong>It is my only conversation with him. All the other, is lie&#8221;.<\/p>  <p>Ben\u00edtez Recognised that has offers to go back to the benches, &#8220;but that the offers that have had do not motivate me&#8221;. <strong>&#8220;I know to do the analyses and look much more. I look if you go to have support, if there is money&#8230; But it is not easy to find the suitable project. To the Liverpool will not train it because it is Klopp and does it well. <\/strong>And in the big teams will not be able to go because I already have been in the rival teams&#8221;, explained finally.<\/p> ","protected":false},"excerpt":{"rendered":"<p>After the controversial departure of Carlo Ancelotti in 2015, Florentino thought of Rafa Ben\u00edtez as an alternative for a new project and now the Spaniard gives his opinion on his failure on the merengue bench. Rafa Ben\u00edtez finally reviewed his experience like trainer of the Real Madrid, one that did not leave too many good [&hellip;]<\/p>\n","protected":false},"author":345,"featured_media":80293,"comment_status":"closed","ping_status":"open","sticky":false,"template":"","format":"standard","meta":{"_acf_changed":false,"inline_featured_image":false,"_nextfly_llmd_date_locked":false,"footnotes":""},"categories":[450,119],"tags":[59,138,177,101,258],"class_list":["post-80286","post","type-post","status-publish","format-standard","has-post-thumbnail","hentry","category-real-madrid-2","category-real-madrid","tag-atletico-de-madrid","tag-cristiano-ronaldo","tag-florentino-perez","tag-liverpool","tag-rafa-benitez"],"acf":[],"yoast_head":"<!-- This site is optimized with the Yoast SEO plugin v27.3 - https:\/\/yoast.com\/product\/yoast-seo-wordpress\/ -->\n<title>The &#039;Cheryshev case&#039;, Cristiano, Modric... Rafa Ben\u00edtez talks about his time at Madrid<\/title>\n<meta name=\"description\" content=\"After the controversial departure of Carlo Ancelotti in 2015, Florentino thought of Rafa Ben\u00edtez as an alternative for a new project and now the Spaniard gives his opinion on his failure on the merengue bench.\" \/>\n<meta name=\"robots\" content=\"index, follow, max-snippet:-1, max-image-preview:large, max-video-preview:-1\" \/>\n<link rel=\"canonical\" href=\"https:\/\/www.fcbarcelonanoticias.com\/en\/real-madrid\/case-cheryshev-cristiano-modric-rafa-benitez-speaks-his-step-by-the-madrid_289717_102.html\" \/>\n<meta property=\"og:locale\" content=\"en_US\" \/>\n<meta property=\"og:type\" content=\"article\" \/>\n<meta property=\"og:title\" content=\"The &#039;Cheryshev case&#039;, Cristiano, Modric... Rafa Ben\u00edtez talks about his time at Madrid\" \/>\n<meta property=\"og:description\" content=\"After the controversial departure of Carlo Ancelotti in 2015, Florentino thought of Rafa Ben\u00edtez as an alternative for a new project and now the Spaniard gives his opinion on his failure on the merengue bench.\" \/>\n<meta property=\"og:url\" content=\"https:\/\/www.fcbarcelonanoticias.com\/en\/real-madrid\/case-cheryshev-cristiano-modric-rafa-benitez-speaks-his-step-by-the-madrid_289717_102.html\" \/>\n<meta property=\"og:site_name\" content=\"EN - FC Barcelona Noticias\" \/>\n<meta property=\"article:published_time\" content=\"2023-02-17T15:45:00+00:00\" \/>\n<meta property=\"og:image\" content=\"https:\/\/www.fcbarcelonanoticias.com\/en\/wp-content\/uploads\/sites\/2\/2023\/02\/rafa-benitez-madrid.jpeg\" \/>\n\t<meta property=\"og:image:width\" content=\"1300\" \/>\n\t<meta property=\"og:image:height\" content=\"735\" \/>\n\t<meta property=\"og:image:type\" content=\"image\/jpeg\" \/>\n<meta name=\"author\" content=\"Carlos Montenegro\" \/>\n<meta name=\"twitter:card\" content=\"summary_large_image\" \/>\n<meta name=\"twitter:label1\" content=\"Written by\" \/>\n\t<meta name=\"twitter:data1\" content=\"Carlos Montenegro\" \/>\n\t<meta name=\"twitter:label2\" content=\"Est. reading time\" \/>\n\t<meta name=\"twitter:data2\" content=\"3 minutes\" \/>\n<script type=\"application\/ld+json\" class=\"yoast-schema-graph\">{\"@context\":\"https:\\\/\\\/schema.org\",\"@graph\":[{\"@type\":\"Article\",\"@id\":\"https:\\\/\\\/www.fcbarcelonanoticias.com\\\/en\\\/real-madrid\\\/case-cheryshev-cristiano-modric-rafa-benitez-speaks-his-step-by-the-madrid_289717_102.html#article\",\"isPartOf\":{\"@id\":\"https:\\\/\\\/www.fcbarcelonanoticias.com\\\/en\\\/real-madrid\\\/case-cheryshev-cristiano-modric-rafa-benitez-speaks-his-step-by-the-madrid_289717_102.html\"},\"author\":{\"name\":\"Carlos Montenegro\",\"@id\":\"https:\\\/\\\/www.fcbarcelonanoticias.com\\\/en\\\/#\\\/schema\\\/person\\\/aa1d038709c262cb247e240f6b39bbf5\"},\"headline\":\"The &#8216;Cheryshev case&#8217;, Cristiano, Modric&#8230; Rafa Ben\u00edtez talks about his time at Madrid\",\"datePublished\":\"2023-02-17T15:45:00+00:00\",\"mainEntityOfPage\":{\"@id\":\"https:\\\/\\\/www.fcbarcelonanoticias.com\\\/en\\\/real-madrid\\\/case-cheryshev-cristiano-modric-rafa-benitez-speaks-his-step-by-the-madrid_289717_102.html\"},\"wordCount\":546,\"image\":{\"@id\":\"https:\\\/\\\/www.fcbarcelonanoticias.com\\\/en\\\/real-madrid\\\/case-cheryshev-cristiano-modric-rafa-benitez-speaks-his-step-by-the-madrid_289717_102.html#primaryimage\"},\"thumbnailUrl\":\"https:\\\/\\\/www.fcbarcelonanoticias.com\\\/en\\\/wp-content\\\/uploads\\\/sites\\\/2\\\/2023\\\/02\\\/rafa-benitez-madrid.jpeg\",\"keywords\":[\"Atl\u00e9tico de Madrid\",\"Cristiano Ronaldo\",\"Florentino P\u00e9rez\",\"Liverpool\",\"Rafa Ben\u00edtez\"],\"articleSection\":[\"Real Madrid\",\"Real Madrid\"],\"inLanguage\":\"en-US\"},{\"@type\":\"WebPage\",\"@id\":\"https:\\\/\\\/www.fcbarcelonanoticias.com\\\/en\\\/real-madrid\\\/case-cheryshev-cristiano-modric-rafa-benitez-speaks-his-step-by-the-madrid_289717_102.html\",\"url\":\"https:\\\/\\\/www.fcbarcelonanoticias.com\\\/en\\\/real-madrid\\\/case-cheryshev-cristiano-modric-rafa-benitez-speaks-his-step-by-the-madrid_289717_102.html\",\"name\":\"The 'Cheryshev case', Cristiano, Modric... Rafa Ben\u00edtez talks about his time at Madrid\",\"isPartOf\":{\"@id\":\"https:\\\/\\\/www.fcbarcelonanoticias.com\\\/en\\\/#website\"},\"primaryImageOfPage\":{\"@id\":\"https:\\\/\\\/www.fcbarcelonanoticias.com\\\/en\\\/real-madrid\\\/case-cheryshev-cristiano-modric-rafa-benitez-speaks-his-step-by-the-madrid_289717_102.html#primaryimage\"},\"image\":{\"@id\":\"https:\\\/\\\/www.fcbarcelonanoticias.com\\\/en\\\/real-madrid\\\/case-cheryshev-cristiano-modric-rafa-benitez-speaks-his-step-by-the-madrid_289717_102.html#primaryimage\"},\"thumbnailUrl\":\"https:\\\/\\\/www.fcbarcelonanoticias.com\\\/en\\\/wp-content\\\/uploads\\\/sites\\\/2\\\/2023\\\/02\\\/rafa-benitez-madrid.jpeg\",\"datePublished\":\"2023-02-17T15:45:00+00:00\",\"author\":{\"@id\":\"https:\\\/\\\/www.fcbarcelonanoticias.com\\\/en\\\/#\\\/schema\\\/person\\\/aa1d038709c262cb247e240f6b39bbf5\"},\"description\":\"After the controversial departure of Carlo Ancelotti in 2015, Florentino thought of Rafa Ben\u00edtez as an alternative for a new project and now the Spaniard gives his opinion on his failure on the merengue bench.\",\"breadcrumb\":{\"@id\":\"https:\\\/\\\/www.fcbarcelonanoticias.com\\\/en\\\/real-madrid\\\/case-cheryshev-cristiano-modric-rafa-benitez-speaks-his-step-by-the-madrid_289717_102.html#breadcrumb\"},\"inLanguage\":\"en-US\",\"potentialAction\":[{\"@type\":\"ReadAction\",\"target\":[\"https:\\\/\\\/www.fcbarcelonanoticias.com\\\/en\\\/real-madrid\\\/case-cheryshev-cristiano-modric-rafa-benitez-speaks-his-step-by-the-madrid_289717_102.html\"]}]},{\"@type\":\"ImageObject\",\"inLanguage\":\"en-US\",\"@id\":\"https:\\\/\\\/www.fcbarcelonanoticias.com\\\/en\\\/real-madrid\\\/case-cheryshev-cristiano-modric-rafa-benitez-speaks-his-step-by-the-madrid_289717_102.html#primaryimage\",\"url\":\"https:\\\/\\\/www.fcbarcelonanoticias.com\\\/en\\\/wp-content\\\/uploads\\\/sites\\\/2\\\/2023\\\/02\\\/rafa-benitez-madrid.jpeg\",\"contentUrl\":\"https:\\\/\\\/www.fcbarcelonanoticias.com\\\/en\\\/wp-content\\\/uploads\\\/sites\\\/2\\\/2023\\\/02\\\/rafa-benitez-madrid.jpeg\",\"width\":1300,\"height\":735},{\"@type\":\"BreadcrumbList\",\"@id\":\"https:\\\/\\\/www.fcbarcelonanoticias.com\\\/en\\\/real-madrid\\\/case-cheryshev-cristiano-modric-rafa-benitez-speaks-his-step-by-the-madrid_289717_102.html#breadcrumb\",\"itemListElement\":[{\"@type\":\"ListItem\",\"position\":1,\"name\":\"Portada\",\"item\":\"https:\\\/\\\/www.fcbarcelonanoticias.com\\\/en\\\/\"},{\"@type\":\"ListItem\",\"position\":2,\"name\":\"The &#8216;Cheryshev case&#8217;, Cristiano, Modric&#8230; Rafa Ben\u00edtez talks about his time at Madrid\"}]},{\"@type\":\"WebSite\",\"@id\":\"https:\\\/\\\/www.fcbarcelonanoticias.com\\\/en\\\/#website\",\"url\":\"https:\\\/\\\/www.fcbarcelonanoticias.com\\\/en\\\/\",\"name\":\"EN - FC Barcelona Noticias\",\"description\":\"\",\"potentialAction\":[{\"@type\":\"SearchAction\",\"target\":{\"@type\":\"EntryPoint\",\"urlTemplate\":\"https:\\\/\\\/www.fcbarcelonanoticias.com\\\/en\\\/?s={search_term_string}\"},\"query-input\":{\"@type\":\"PropertyValueSpecification\",\"valueRequired\":true,\"valueName\":\"search_term_string\"}}],\"inLanguage\":\"en-US\"},{\"@type\":\"Person\",\"@id\":\"https:\\\/\\\/www.fcbarcelonanoticias.com\\\/en\\\/#\\\/schema\\\/person\\\/aa1d038709c262cb247e240f6b39bbf5\",\"name\":\"Carlos Montenegro\",\"image\":{\"@type\":\"ImageObject\",\"inLanguage\":\"en-US\",\"@id\":\"https:\\\/\\\/secure.gravatar.com\\\/avatar\\\/?s=96&d=mm&r=g\",\"url\":\"https:\\\/\\\/secure.gravatar.com\\\/avatar\\\/?s=96&d=mm&r=g\",\"contentUrl\":\"https:\\\/\\\/secure.gravatar.com\\\/avatar\\\/?s=96&d=mm&r=g\",\"caption\":\"Carlos Montenegro\"},\"url\":\"https:\\\/\\\/www.fcbarcelonanoticias.com\\\/en\\\/carlos-montenegro_20_115.html\"}]}<\/script>\n<!-- \/ Yoast SEO plugin. -->","yoast_head_json":{"title":"The 'Cheryshev case', Cristiano, Modric... Rafa Ben\u00edtez talks about his time at Madrid","description":"After the controversial departure of Carlo Ancelotti in 2015, Florentino thought of Rafa Ben\u00edtez as an alternative for a new project and now the Spaniard gives his opinion on his failure on the merengue bench.","robots":{"index":"index","follow":"follow","max-snippet":"max-snippet:-1","max-image-preview":"max-image-preview:large","max-video-preview":"max-video-preview:-1"},"canonical":"https:\/\/www.fcbarcelonanoticias.com\/en\/real-madrid\/case-cheryshev-cristiano-modric-rafa-benitez-speaks-his-step-by-the-madrid_289717_102.html","og_locale":"en_US","og_type":"article","og_title":"The 'Cheryshev case', Cristiano, Modric... Rafa Ben\u00edtez talks about his time at Madrid","og_description":"After the controversial departure of Carlo Ancelotti in 2015, Florentino thought of Rafa Ben\u00edtez as an alternative for a new project and now the Spaniard gives his opinion on his failure on the merengue bench.","og_url":"https:\/\/www.fcbarcelonanoticias.com\/en\/real-madrid\/case-cheryshev-cristiano-modric-rafa-benitez-speaks-his-step-by-the-madrid_289717_102.html","og_site_name":"EN - FC Barcelona Noticias","article_published_time":"2023-02-17T15:45:00+00:00","og_image":[{"width":1300,"height":735,"url":"https:\/\/www.fcbarcelonanoticias.com\/en\/wp-content\/uploads\/sites\/2\/2023\/02\/rafa-benitez-madrid.jpeg","type":"image\/jpeg"}],"author":"Carlos Montenegro","twitter_card":"summary_large_image","twitter_misc":{"Written by":"Carlos Montenegro","Est. reading time":"3 minutes"},"schema":{"@context":"https:\/\/schema.org","@graph":[{"@type":"Article","@id":"https:\/\/www.fcbarcelonanoticias.com\/en\/real-madrid\/case-cheryshev-cristiano-modric-rafa-benitez-speaks-his-step-by-the-madrid_289717_102.html#article","isPartOf":{"@id":"https:\/\/www.fcbarcelonanoticias.com\/en\/real-madrid\/case-cheryshev-cristiano-modric-rafa-benitez-speaks-his-step-by-the-madrid_289717_102.html"},"author":{"name":"Carlos Montenegro","@id":"https:\/\/www.fcbarcelonanoticias.com\/en\/#\/schema\/person\/aa1d038709c262cb247e240f6b39bbf5"},"headline":"The &#8216;Cheryshev case&#8217;, Cristiano, Modric&#8230; Rafa Ben\u00edtez talks about his time at Madrid","datePublished":"2023-02-17T15:45:00+00:00","mainEntityOfPage":{"@id":"https:\/\/www.fcbarcelonanoticias.com\/en\/real-madrid\/case-cheryshev-cristiano-modric-rafa-benitez-speaks-his-step-by-the-madrid_289717_102.html"},"wordCount":546,"image":{"@id":"https:\/\/www.fcbarcelonanoticias.com\/en\/real-madrid\/case-cheryshev-cristiano-modric-rafa-benitez-speaks-his-step-by-the-madrid_289717_102.html#primaryimage"},"thumbnailUrl":"https:\/\/www.fcbarcelonanoticias.com\/en\/wp-content\/uploads\/sites\/2\/2023\/02\/rafa-benitez-madrid.jpeg","keywords":["Atl\u00e9tico de Madrid","Cristiano Ronaldo","Florentino P\u00e9rez","Liverpool","Rafa Ben\u00edtez"],"articleSection":["Real Madrid","Real Madrid"],"inLanguage":"en-US"},{"@type":"WebPage","@id":"https:\/\/www.fcbarcelonanoticias.com\/en\/real-madrid\/case-cheryshev-cristiano-modric-rafa-benitez-speaks-his-step-by-the-madrid_289717_102.html","url":"https:\/\/www.fcbarcelonanoticias.com\/en\/real-madrid\/case-cheryshev-cristiano-modric-rafa-benitez-speaks-his-step-by-the-madrid_289717_102.html","name":"The 'Cheryshev case', Cristiano, Modric... Rafa Ben\u00edtez talks about his time at Madrid","isPartOf":{"@id":"https:\/\/www.fcbarcelonanoticias.com\/en\/#website"},"primaryImageOfPage":{"@id":"https:\/\/www.fcbarcelonanoticias.com\/en\/real-madrid\/case-cheryshev-cristiano-modric-rafa-benitez-speaks-his-step-by-the-madrid_289717_102.html#primaryimage"},"image":{"@id":"https:\/\/www.fcbarcelonanoticias.com\/en\/real-madrid\/case-cheryshev-cristiano-modric-rafa-benitez-speaks-his-step-by-the-madrid_289717_102.html#primaryimage"},"thumbnailUrl":"https:\/\/www.fcbarcelonanoticias.com\/en\/wp-content\/uploads\/sites\/2\/2023\/02\/rafa-benitez-madrid.jpeg","datePublished":"2023-02-17T15:45:00+00:00","author":{"@id":"https:\/\/www.fcbarcelonanoticias.com\/en\/#\/schema\/person\/aa1d038709c262cb247e240f6b39bbf5"},"description":"After the controversial departure of Carlo Ancelotti in 2015, Florentino thought of Rafa Ben\u00edtez as an alternative for a new project and now the Spaniard gives his opinion on his failure on the merengue bench.","breadcrumb":{"@id":"https:\/\/www.fcbarcelonanoticias.com\/en\/real-madrid\/case-cheryshev-cristiano-modric-rafa-benitez-speaks-his-step-by-the-madrid_289717_102.html#breadcrumb"},"inLanguage":"en-US","potentialAction":[{"@type":"ReadAction","target":["https:\/\/www.fcbarcelonanoticias.com\/en\/real-madrid\/case-cheryshev-cristiano-modric-rafa-benitez-speaks-his-step-by-the-madrid_289717_102.html"]}]},{"@type":"ImageObject","inLanguage":"en-US","@id":"https:\/\/www.fcbarcelonanoticias.com\/en\/real-madrid\/case-cheryshev-cristiano-modric-rafa-benitez-speaks-his-step-by-the-madrid_289717_102.html#primaryimage","url":"https:\/\/www.fcbarcelonanoticias.com\/en\/wp-content\/uploads\/sites\/2\/2023\/02\/rafa-benitez-madrid.jpeg","contentUrl":"https:\/\/www.fcbarcelonanoticias.com\/en\/wp-content\/uploads\/sites\/2\/2023\/02\/rafa-benitez-madrid.jpeg","width":1300,"height":735},{"@type":"BreadcrumbList","@id":"https:\/\/www.fcbarcelonanoticias.com\/en\/real-madrid\/case-cheryshev-cristiano-modric-rafa-benitez-speaks-his-step-by-the-madrid_289717_102.html#breadcrumb","itemListElement":[{"@type":"ListItem","position":1,"name":"Portada","item":"https:\/\/www.fcbarcelonanoticias.com\/en\/"},{"@type":"ListItem","position":2,"name":"The &#8216;Cheryshev case&#8217;, Cristiano, Modric&#8230; Rafa Ben\u00edtez talks about his time at Madrid"}]},{"@type":"WebSite","@id":"https:\/\/www.fcbarcelonanoticias.com\/en\/#website","url":"https:\/\/www.fcbarcelonanoticias.com\/en\/","name":"EN - FC Barcelona Noticias","description":"","potentialAction":[{"@type":"SearchAction","target":{"@type":"EntryPoint","urlTemplate":"https:\/\/www.fcbarcelonanoticias.com\/en\/?s={search_term_string}"},"query-input":{"@type":"PropertyValueSpecification","valueRequired":true,"valueName":"search_term_string"}}],"inLanguage":"en-US"},{"@type":"Person","@id":"https:\/\/www.fcbarcelonanoticias.com\/en\/#\/schema\/person\/aa1d038709c262cb247e240f6b39bbf5","name":"Carlos Montenegro","image":{"@type":"ImageObject","inLanguage":"en-US","@id":"https:\/\/secure.gravatar.com\/avatar\/?s=96&d=mm&r=g","url":"https:\/\/secure.gravatar.com\/avatar\/?s=96&d=mm&r=g","contentUrl":"https:\/\/secure.gravatar.com\/avatar\/?s=96&d=mm&r=g","caption":"Carlos Montenegro"},"url":"https:\/\/www.fcbarcelonanoticias.com\/en\/carlos-montenegro_20_115.html"}]}},"_links":{"self":[{"href":"https:\/\/www.fcbarcelonanoticias.com\/en\/wp-json\/wp\/v2\/posts\/80286","targetHints":{"allow":["GET"]}}],"collection":[{"href":"https:\/\/www.fcbarcelonanoticias.com\/en\/wp-json\/wp\/v2\/posts"}],"about":[{"href":"https:\/\/www.fcbarcelonanoticias.com\/en\/wp-json\/wp\/v2\/types\/post"}],"author":[{"embeddable":true,"href":"https:\/\/www.fcbarcelonanoticias.com\/en\/wp-json\/wp\/v2\/users\/345"}],"replies":[{"embeddable":true,"href":"https:\/\/www.fcbarcelonanoticias.com\/en\/wp-json\/wp\/v2\/comments?post=80286"}],"version-history":[{"count":1,"href":"https:\/\/www.fcbarcelonanoticias.com\/en\/wp-json\/wp\/v2\/posts\/80286\/revisions"}],"predecessor-version":[{"id":121910,"href":"https:\/\/www.fcbarcelonanoticias.com\/en\/wp-json\/wp\/v2\/posts\/80286\/revisions\/121910"}],"wp:featuredmedia":[{"embeddable":true,"href":"https:\/\/www.fcbarcelonanoticias.com\/en\/wp-json\/wp\/v2\/media\/80293"}],"wp:attachment":[{"href":"https:\/\/www.fcbarcelonanoticias.com\/en\/wp-json\/wp\/v2\/media?parent=80286"}],"wp:term":[{"taxonomy":"category","embeddable":true,"href":"https:\/\/www.fcbarcelonanoticias.com\/en\/wp-json\/wp\/v2\/categories?post=80286"},{"taxonomy":"post_tag","embeddable":true,"href":"https:\/\/www.fcbarcelonanoticias.com\/en\/wp-json\/wp\/v2\/tags?post=80286"}],"curies":[{"name":"wp","href":"https:\/\/api.w.org\/{rel}","templated":true}]}}