{"id":80322,"date":"2020-07-15T22:20:00","date_gmt":"2020-07-15T20:20:00","guid":{"rendered":"https:\/\/weisetech.dev\/fc-barcelona-noticias\/en\/this-is-the-decision-that-the-fc-barcelona-has-taken-on-c_259230_102\/"},"modified":"2020-07-16T01:59:00","modified_gmt":"2020-07-15T23:59:00","slug":"this-is-the-decision-that-the-fc-barcelona-has-taken-on-c_259230_102","status":"publish","type":"post","link":"https:\/\/www.fcbarcelonanoticias.com\/en\/players\/this-is-the-decision-that-the-fc-barcelona-has-taken-on-c_259230_102.html","title":{"rendered":"This is the decision that FC Barcelona has made about Carles Ale\u00f1\u00e1"},"content":{"rendered":"<h2 class=\"wp-block-heading\">Carles Ale\u00f1\u00e1 has been yielded in the Real Betis in the second half of the present season. The FC Barcelona already has taken a decision about his future<\/h2>  \r\n<div class=\"article-addons\">\r\n    <a href=\"https:\/\/www.fcbarcelonanoticias.com\/en\/calendar-fc-barcelona.html\"\r\n       target=\"_self\"\r\n       title=\"Calendar of FC Barcelona\"\r\n       class=\"blue-gredient-btn\">\r\n       \r\n        Calendar of FC Barcelona    <\/a>\r\n<\/div>   <p>The past month of January, the <strong>FC Barcelona<\/strong> decided to lighten his <a data-external=\"0\" data-intl-links-en=\"https:\/\/www.fcbarcelonanoticias.com\/en\/players\" data-intl-links-es=\"https:\/\/www.fcbarcelonanoticias.com\/jugadores\" href=\"https:\/\/www.fcbarcelonanoticias.com\/en\/players.html\" rel=\"follow\" target=\"_self\" title=\"Jugadores\">staff<\/a> to give exit to the footballers that less minutes were having in the first team cul\u00e9. <strong>Carles Ale\u00f1\u00e1,<\/strong> that hardly received opportunities by part of <strong>Ernesto Valverde,<\/strong> asked to leave to be able to play more and finally finish yielded in <strong>the Real Betis,<\/strong> team in which it has been able to enjoy of minutes from the past winter.<\/p>  <p>In the FC Barcelona, Carles Ale\u00f1\u00e1 only could play four parties to the orders <strong>of Ernesto Valverde,<\/strong> but in <strong>Benito Villamar\u00edn<\/strong> his opportunities have multiplied . The canterano Barcelona great 14 parties contested, with a total of 657 minutes and with the possibility to play in the two days that subtract. Sufficient time as so that the midfield player of Matar\u00f3 have &#8216;fogueado&#8217; in the maximum category.<\/p>  <p>According to the informations published by &#8216;Sportive World&#8217;, the FC Barcelona already has communicated him to Carles Ale\u00f1\u00e1 that has he of face to the next campaign for apuntalar the centre of the field. By the moment, has oficializado the drop <strong>of Arthur Melo<\/strong> and to the Brazilian footballer could follow him others like<strong> Arturo Vidal <\/strong>or <strong>Ivan Rakitic.<\/strong> To cover his drops, the club will bet by the talent of <strong>the Masia<\/strong>.<\/p>  <p>It is true that <strong>Miralem Pjanic<\/strong> will arrive to cover the course of <strong>Arthur Melo,<\/strong> but the plan happens because players like <strong>Riqui Puig<\/strong> or the own Carles Ale\u00f1\u00e1 cover these places beside a veteran like <strong>Sergio Busquets<\/strong> or to another youngster crack like <strong>Frenkie of Jong<\/strong>. With a staff without so many effective, expects that the opportunities of the canteranos shoot in the first team.<\/p>  <p>It is necessary to remember that <strong>Carles Ale\u00f1\u00e1 is 22 years old and a very promising future by in front.<\/strong> The midfield player of Matar\u00f3 has been a mainstay of the inferior categories of the FC Barcelona during a lot of years and now aspires to turn into an important footballer for the first team. The next campaign will have a gap reserved in the staff of Quique Seti\u00e9n.<\/p>  <h3>Uncertainty with Arturo Vidal and Ivan Rakitic<\/h3>  <p><strong>The FC Barcelona will have to solve the <a data-external=\"0\" data-intl-links-en=\"https:\/\/www.fcbarcelonanoticias.com\/en\/players\/antonio-conte-is-not-clear-with-arturo-vidal-inter-has-another-favourite-tonali_259158_102.html\" data-intl-links-es=\"https:\/\/www.fcbarcelonanoticias.com\/jugadores\/antonio-conte-no-se-aclara-con-arturo-vidal-inter-tiene-otro-favorito-tonali_259158_102.html\" href=\"https:\/\/www.fcbarcelonanoticias.com\/en\/players\/antonio-conte-is-not-clear-with-arturo-vidal-inter-has-another-favourite-tonali_259158_102.html\" rel=\"follow\" target=\"_self\" title=\"Antonio Conte no se aclara con Arturo Vidal: El Inter tiene otro favorito\">future of players like Arturo Vidal<\/a>\u200b or Ivan Rakitic that have a lot of numbers to leave <\/strong> of the team to final of season. His high index cards added to the will of the club to rejuvenate the staff can be keys so that the Chilean and the Croat decide to change of airs.<\/p> ","protected":false},"excerpt":{"rendered":"<p>Carles Ale\u00f1\u00e1 has been yielded in the Real Betis in the second half of the present season. The FC Barcelona already has taken a decision about his future The past month of January, the FC Barcelona decided to lighten his staff to give exit to the footballers that less minutes were having in the first [&hellip;]<\/p>\n","protected":false},"author":392,"featured_media":66780,"comment_status":"closed","ping_status":"open","sticky":false,"template":"","format":"standard","meta":{"_acf_changed":false,"inline_featured_image":false,"_nextfly_llmd_date_locked":false,"footnotes":""},"categories":[107,453],"tags":[296],"class_list":["post-80322","post","type-post","status-publish","format-standard","has-post-thumbnail","hentry","category-players","category-players-2","tag-alena"],"acf":[],"yoast_head":"<!-- This site is optimized with the Yoast SEO plugin v27.3 - https:\/\/yoast.com\/product\/yoast-seo-wordpress\/ -->\n<title>This is the decision that FC Barcelona has made about Carles Ale\u00f1\u00e1<\/title>\n<meta name=\"description\" content=\"Carles Ale\u00f1\u00e1 has been yielded in the Real Betis in the second half of the present season. The FC Barcelona already has taken a decision about his future\" \/>\n<meta name=\"robots\" content=\"index, follow, max-snippet:-1, max-image-preview:large, max-video-preview:-1\" \/>\n<link rel=\"canonical\" href=\"https:\/\/www.fcbarcelonanoticias.com\/en\/players\/this-is-the-decision-that-the-fc-barcelona-has-taken-on-c_259230_102.html\" \/>\n<meta property=\"og:locale\" content=\"en_US\" \/>\n<meta property=\"og:type\" content=\"article\" \/>\n<meta property=\"og:title\" content=\"This is the decision that FC Barcelona has made about Carles Ale\u00f1\u00e1\" \/>\n<meta property=\"og:description\" content=\"Carles Ale\u00f1\u00e1 has been yielded in the Real Betis in the second half of the present season. The FC Barcelona already has taken a decision about his future\" \/>\n<meta property=\"og:url\" content=\"https:\/\/www.fcbarcelonanoticias.com\/en\/players\/this-is-the-decision-that-the-fc-barcelona-has-taken-on-c_259230_102.html\" \/>\n<meta property=\"og:site_name\" content=\"EN - FC Barcelona Noticias\" \/>\n<meta property=\"article:published_time\" content=\"2020-07-15T20:20:00+00:00\" \/>\n<meta property=\"article:modified_time\" content=\"2020-07-15T23:59:00+00:00\" \/>\n<meta property=\"og:image\" content=\"https:\/\/www.fcbarcelonanoticias.com\/en\/wp-content\/uploads\/sites\/2\/2020\/08\/carles-alena-banquillo.jpeg\" \/>\n\t<meta property=\"og:image:width\" content=\"1200\" \/>\n\t<meta property=\"og:image:height\" content=\"716\" \/>\n\t<meta property=\"og:image:type\" content=\"image\/jpeg\" \/>\n<meta name=\"author\" content=\"user_4048\" \/>\n<meta name=\"twitter:card\" content=\"summary_large_image\" \/>\n<meta name=\"twitter:label1\" content=\"Written by\" \/>\n\t<meta name=\"twitter:data1\" content=\"user_4048\" \/>\n\t<meta name=\"twitter:label2\" content=\"Est. reading time\" \/>\n\t<meta name=\"twitter:data2\" content=\"2 minutes\" \/>\n<script type=\"application\/ld+json\" class=\"yoast-schema-graph\">{\"@context\":\"https:\\\/\\\/schema.org\",\"@graph\":[{\"@type\":\"Article\",\"@id\":\"https:\\\/\\\/www.fcbarcelonanoticias.com\\\/en\\\/players\\\/this-is-the-decision-that-the-fc-barcelona-has-taken-on-c_259230_102.html#article\",\"isPartOf\":{\"@id\":\"https:\\\/\\\/www.fcbarcelonanoticias.com\\\/en\\\/players\\\/this-is-the-decision-that-the-fc-barcelona-has-taken-on-c_259230_102.html\"},\"author\":{\"name\":\"user_4048\",\"@id\":\"https:\\\/\\\/www.fcbarcelonanoticias.com\\\/en\\\/#\\\/schema\\\/person\\\/fcdad55cab72b8d0e106d75506783b6d\"},\"headline\":\"This is the decision that FC Barcelona has made about Carles Ale\u00f1\u00e1\",\"datePublished\":\"2020-07-15T20:20:00+00:00\",\"dateModified\":\"2020-07-15T23:59:00+00:00\",\"mainEntityOfPage\":{\"@id\":\"https:\\\/\\\/www.fcbarcelonanoticias.com\\\/en\\\/players\\\/this-is-the-decision-that-the-fc-barcelona-has-taken-on-c_259230_102.html\"},\"wordCount\":454,\"image\":{\"@id\":\"https:\\\/\\\/www.fcbarcelonanoticias.com\\\/en\\\/players\\\/this-is-the-decision-that-the-fc-barcelona-has-taken-on-c_259230_102.html#primaryimage\"},\"thumbnailUrl\":\"https:\\\/\\\/www.fcbarcelonanoticias.com\\\/en\\\/wp-content\\\/uploads\\\/sites\\\/2\\\/2020\\\/08\\\/carles-alena-banquillo.jpeg\",\"keywords\":[\"Ale\u00f1\u00e1\"],\"articleSection\":[\"Players\",\"Players\"],\"inLanguage\":\"en-US\"},{\"@type\":\"WebPage\",\"@id\":\"https:\\\/\\\/www.fcbarcelonanoticias.com\\\/en\\\/players\\\/this-is-the-decision-that-the-fc-barcelona-has-taken-on-c_259230_102.html\",\"url\":\"https:\\\/\\\/www.fcbarcelonanoticias.com\\\/en\\\/players\\\/this-is-the-decision-that-the-fc-barcelona-has-taken-on-c_259230_102.html\",\"name\":\"This is the decision that FC Barcelona has made about Carles Ale\u00f1\u00e1\",\"isPartOf\":{\"@id\":\"https:\\\/\\\/www.fcbarcelonanoticias.com\\\/en\\\/#website\"},\"primaryImageOfPage\":{\"@id\":\"https:\\\/\\\/www.fcbarcelonanoticias.com\\\/en\\\/players\\\/this-is-the-decision-that-the-fc-barcelona-has-taken-on-c_259230_102.html#primaryimage\"},\"image\":{\"@id\":\"https:\\\/\\\/www.fcbarcelonanoticias.com\\\/en\\\/players\\\/this-is-the-decision-that-the-fc-barcelona-has-taken-on-c_259230_102.html#primaryimage\"},\"thumbnailUrl\":\"https:\\\/\\\/www.fcbarcelonanoticias.com\\\/en\\\/wp-content\\\/uploads\\\/sites\\\/2\\\/2020\\\/08\\\/carles-alena-banquillo.jpeg\",\"datePublished\":\"2020-07-15T20:20:00+00:00\",\"dateModified\":\"2020-07-15T23:59:00+00:00\",\"author\":{\"@id\":\"https:\\\/\\\/www.fcbarcelonanoticias.com\\\/en\\\/#\\\/schema\\\/person\\\/fcdad55cab72b8d0e106d75506783b6d\"},\"description\":\"Carles Ale\u00f1\u00e1 has been yielded in the Real Betis in the second half of the present season. The FC Barcelona already has taken a decision about his future\",\"breadcrumb\":{\"@id\":\"https:\\\/\\\/www.fcbarcelonanoticias.com\\\/en\\\/players\\\/this-is-the-decision-that-the-fc-barcelona-has-taken-on-c_259230_102.html#breadcrumb\"},\"inLanguage\":\"en-US\",\"potentialAction\":[{\"@type\":\"ReadAction\",\"target\":[\"https:\\\/\\\/www.fcbarcelonanoticias.com\\\/en\\\/players\\\/this-is-the-decision-that-the-fc-barcelona-has-taken-on-c_259230_102.html\"]}]},{\"@type\":\"ImageObject\",\"inLanguage\":\"en-US\",\"@id\":\"https:\\\/\\\/www.fcbarcelonanoticias.com\\\/en\\\/players\\\/this-is-the-decision-that-the-fc-barcelona-has-taken-on-c_259230_102.html#primaryimage\",\"url\":\"https:\\\/\\\/www.fcbarcelonanoticias.com\\\/en\\\/wp-content\\\/uploads\\\/sites\\\/2\\\/2020\\\/08\\\/carles-alena-banquillo.jpeg\",\"contentUrl\":\"https:\\\/\\\/www.fcbarcelonanoticias.com\\\/en\\\/wp-content\\\/uploads\\\/sites\\\/2\\\/2020\\\/08\\\/carles-alena-banquillo.jpeg\",\"width\":1200,\"height\":716},{\"@type\":\"BreadcrumbList\",\"@id\":\"https:\\\/\\\/www.fcbarcelonanoticias.com\\\/en\\\/players\\\/this-is-the-decision-that-the-fc-barcelona-has-taken-on-c_259230_102.html#breadcrumb\",\"itemListElement\":[{\"@type\":\"ListItem\",\"position\":1,\"name\":\"Portada\",\"item\":\"https:\\\/\\\/www.fcbarcelonanoticias.com\\\/en\\\/\"},{\"@type\":\"ListItem\",\"position\":2,\"name\":\"This is the decision that FC Barcelona has made about Carles Ale\u00f1\u00e1\"}]},{\"@type\":\"WebSite\",\"@id\":\"https:\\\/\\\/www.fcbarcelonanoticias.com\\\/en\\\/#website\",\"url\":\"https:\\\/\\\/www.fcbarcelonanoticias.com\\\/en\\\/\",\"name\":\"EN - FC Barcelona Noticias\",\"description\":\"\",\"potentialAction\":[{\"@type\":\"SearchAction\",\"target\":{\"@type\":\"EntryPoint\",\"urlTemplate\":\"https:\\\/\\\/www.fcbarcelonanoticias.com\\\/en\\\/?s={search_term_string}\"},\"query-input\":{\"@type\":\"PropertyValueSpecification\",\"valueRequired\":true,\"valueName\":\"search_term_string\"}}],\"inLanguage\":\"en-US\"},{\"@type\":\"Person\",\"@id\":\"https:\\\/\\\/www.fcbarcelonanoticias.com\\\/en\\\/#\\\/schema\\\/person\\\/fcdad55cab72b8d0e106d75506783b6d\",\"name\":\"user_4048\",\"image\":{\"@type\":\"ImageObject\",\"inLanguage\":\"en-US\",\"@id\":\"https:\\\/\\\/secure.gravatar.com\\\/avatar\\\/?s=96&d=mm&r=g\",\"url\":\"https:\\\/\\\/secure.gravatar.com\\\/avatar\\\/?s=96&d=mm&r=g\",\"contentUrl\":\"https:\\\/\\\/secure.gravatar.com\\\/avatar\\\/?s=96&d=mm&r=g\",\"caption\":\"user_4048\"},\"url\":\"https:\\\/\\\/www.fcbarcelonanoticias.com\\\/en\\\/user_4048.html\"}]}<\/script>\n<!-- \/ Yoast SEO plugin. -->","yoast_head_json":{"title":"This is the decision that FC Barcelona has made about Carles Ale\u00f1\u00e1","description":"Carles Ale\u00f1\u00e1 has been yielded in the Real Betis in the second half of the present season. The FC Barcelona already has taken a decision about his future","robots":{"index":"index","follow":"follow","max-snippet":"max-snippet:-1","max-image-preview":"max-image-preview:large","max-video-preview":"max-video-preview:-1"},"canonical":"https:\/\/www.fcbarcelonanoticias.com\/en\/players\/this-is-the-decision-that-the-fc-barcelona-has-taken-on-c_259230_102.html","og_locale":"en_US","og_type":"article","og_title":"This is the decision that FC Barcelona has made about Carles Ale\u00f1\u00e1","og_description":"Carles Ale\u00f1\u00e1 has been yielded in the Real Betis in the second half of the present season. The FC Barcelona already has taken a decision about his future","og_url":"https:\/\/www.fcbarcelonanoticias.com\/en\/players\/this-is-the-decision-that-the-fc-barcelona-has-taken-on-c_259230_102.html","og_site_name":"EN - FC Barcelona Noticias","article_published_time":"2020-07-15T20:20:00+00:00","article_modified_time":"2020-07-15T23:59:00+00:00","og_image":[{"width":1200,"height":716,"url":"https:\/\/www.fcbarcelonanoticias.com\/en\/wp-content\/uploads\/sites\/2\/2020\/08\/carles-alena-banquillo.jpeg","type":"image\/jpeg"}],"author":"user_4048","twitter_card":"summary_large_image","twitter_misc":{"Written by":"user_4048","Est. reading time":"2 minutes"},"schema":{"@context":"https:\/\/schema.org","@graph":[{"@type":"Article","@id":"https:\/\/www.fcbarcelonanoticias.com\/en\/players\/this-is-the-decision-that-the-fc-barcelona-has-taken-on-c_259230_102.html#article","isPartOf":{"@id":"https:\/\/www.fcbarcelonanoticias.com\/en\/players\/this-is-the-decision-that-the-fc-barcelona-has-taken-on-c_259230_102.html"},"author":{"name":"user_4048","@id":"https:\/\/www.fcbarcelonanoticias.com\/en\/#\/schema\/person\/fcdad55cab72b8d0e106d75506783b6d"},"headline":"This is the decision that FC Barcelona has made about Carles Ale\u00f1\u00e1","datePublished":"2020-07-15T20:20:00+00:00","dateModified":"2020-07-15T23:59:00+00:00","mainEntityOfPage":{"@id":"https:\/\/www.fcbarcelonanoticias.com\/en\/players\/this-is-the-decision-that-the-fc-barcelona-has-taken-on-c_259230_102.html"},"wordCount":454,"image":{"@id":"https:\/\/www.fcbarcelonanoticias.com\/en\/players\/this-is-the-decision-that-the-fc-barcelona-has-taken-on-c_259230_102.html#primaryimage"},"thumbnailUrl":"https:\/\/www.fcbarcelonanoticias.com\/en\/wp-content\/uploads\/sites\/2\/2020\/08\/carles-alena-banquillo.jpeg","keywords":["Ale\u00f1\u00e1"],"articleSection":["Players","Players"],"inLanguage":"en-US"},{"@type":"WebPage","@id":"https:\/\/www.fcbarcelonanoticias.com\/en\/players\/this-is-the-decision-that-the-fc-barcelona-has-taken-on-c_259230_102.html","url":"https:\/\/www.fcbarcelonanoticias.com\/en\/players\/this-is-the-decision-that-the-fc-barcelona-has-taken-on-c_259230_102.html","name":"This is the decision that FC Barcelona has made about Carles Ale\u00f1\u00e1","isPartOf":{"@id":"https:\/\/www.fcbarcelonanoticias.com\/en\/#website"},"primaryImageOfPage":{"@id":"https:\/\/www.fcbarcelonanoticias.com\/en\/players\/this-is-the-decision-that-the-fc-barcelona-has-taken-on-c_259230_102.html#primaryimage"},"image":{"@id":"https:\/\/www.fcbarcelonanoticias.com\/en\/players\/this-is-the-decision-that-the-fc-barcelona-has-taken-on-c_259230_102.html#primaryimage"},"thumbnailUrl":"https:\/\/www.fcbarcelonanoticias.com\/en\/wp-content\/uploads\/sites\/2\/2020\/08\/carles-alena-banquillo.jpeg","datePublished":"2020-07-15T20:20:00+00:00","dateModified":"2020-07-15T23:59:00+00:00","author":{"@id":"https:\/\/www.fcbarcelonanoticias.com\/en\/#\/schema\/person\/fcdad55cab72b8d0e106d75506783b6d"},"description":"Carles Ale\u00f1\u00e1 has been yielded in the Real Betis in the second half of the present season. The FC Barcelona already has taken a decision about his future","breadcrumb":{"@id":"https:\/\/www.fcbarcelonanoticias.com\/en\/players\/this-is-the-decision-that-the-fc-barcelona-has-taken-on-c_259230_102.html#breadcrumb"},"inLanguage":"en-US","potentialAction":[{"@type":"ReadAction","target":["https:\/\/www.fcbarcelonanoticias.com\/en\/players\/this-is-the-decision-that-the-fc-barcelona-has-taken-on-c_259230_102.html"]}]},{"@type":"ImageObject","inLanguage":"en-US","@id":"https:\/\/www.fcbarcelonanoticias.com\/en\/players\/this-is-the-decision-that-the-fc-barcelona-has-taken-on-c_259230_102.html#primaryimage","url":"https:\/\/www.fcbarcelonanoticias.com\/en\/wp-content\/uploads\/sites\/2\/2020\/08\/carles-alena-banquillo.jpeg","contentUrl":"https:\/\/www.fcbarcelonanoticias.com\/en\/wp-content\/uploads\/sites\/2\/2020\/08\/carles-alena-banquillo.jpeg","width":1200,"height":716},{"@type":"BreadcrumbList","@id":"https:\/\/www.fcbarcelonanoticias.com\/en\/players\/this-is-the-decision-that-the-fc-barcelona-has-taken-on-c_259230_102.html#breadcrumb","itemListElement":[{"@type":"ListItem","position":1,"name":"Portada","item":"https:\/\/www.fcbarcelonanoticias.com\/en\/"},{"@type":"ListItem","position":2,"name":"This is the decision that FC Barcelona has made about Carles Ale\u00f1\u00e1"}]},{"@type":"WebSite","@id":"https:\/\/www.fcbarcelonanoticias.com\/en\/#website","url":"https:\/\/www.fcbarcelonanoticias.com\/en\/","name":"EN - FC Barcelona Noticias","description":"","potentialAction":[{"@type":"SearchAction","target":{"@type":"EntryPoint","urlTemplate":"https:\/\/www.fcbarcelonanoticias.com\/en\/?s={search_term_string}"},"query-input":{"@type":"PropertyValueSpecification","valueRequired":true,"valueName":"search_term_string"}}],"inLanguage":"en-US"},{"@type":"Person","@id":"https:\/\/www.fcbarcelonanoticias.com\/en\/#\/schema\/person\/fcdad55cab72b8d0e106d75506783b6d","name":"user_4048","image":{"@type":"ImageObject","inLanguage":"en-US","@id":"https:\/\/secure.gravatar.com\/avatar\/?s=96&d=mm&r=g","url":"https:\/\/secure.gravatar.com\/avatar\/?s=96&d=mm&r=g","contentUrl":"https:\/\/secure.gravatar.com\/avatar\/?s=96&d=mm&r=g","caption":"user_4048"},"url":"https:\/\/www.fcbarcelonanoticias.com\/en\/user_4048.html"}]}},"_links":{"self":[{"href":"https:\/\/www.fcbarcelonanoticias.com\/en\/wp-json\/wp\/v2\/posts\/80322","targetHints":{"allow":["GET"]}}],"collection":[{"href":"https:\/\/www.fcbarcelonanoticias.com\/en\/wp-json\/wp\/v2\/posts"}],"about":[{"href":"https:\/\/www.fcbarcelonanoticias.com\/en\/wp-json\/wp\/v2\/types\/post"}],"author":[{"embeddable":true,"href":"https:\/\/www.fcbarcelonanoticias.com\/en\/wp-json\/wp\/v2\/users\/392"}],"replies":[{"embeddable":true,"href":"https:\/\/www.fcbarcelonanoticias.com\/en\/wp-json\/wp\/v2\/comments?post=80322"}],"version-history":[{"count":1,"href":"https:\/\/www.fcbarcelonanoticias.com\/en\/wp-json\/wp\/v2\/posts\/80322\/revisions"}],"predecessor-version":[{"id":123014,"href":"https:\/\/www.fcbarcelonanoticias.com\/en\/wp-json\/wp\/v2\/posts\/80322\/revisions\/123014"}],"wp:featuredmedia":[{"embeddable":true,"href":"https:\/\/www.fcbarcelonanoticias.com\/en\/wp-json\/wp\/v2\/media\/66780"}],"wp:attachment":[{"href":"https:\/\/www.fcbarcelonanoticias.com\/en\/wp-json\/wp\/v2\/media?parent=80322"}],"wp:term":[{"taxonomy":"category","embeddable":true,"href":"https:\/\/www.fcbarcelonanoticias.com\/en\/wp-json\/wp\/v2\/categories?post=80322"},{"taxonomy":"post_tag","embeddable":true,"href":"https:\/\/www.fcbarcelonanoticias.com\/en\/wp-json\/wp\/v2\/tags?post=80322"}],"curies":[{"name":"wp","href":"https:\/\/api.w.org\/{rel}","templated":true}]}}