{"id":80563,"date":"2024-03-18T13:14:00","date_gmt":"2024-03-18T12:14:00","guid":{"rendered":"https:\/\/weisetech.dev\/fc-barcelona-noticias\/en\/top-project-lamine-pedri-gavi-the-10-barca-jewels-that-already-shine-and-will-dominate-in-the-future_301823_102\/"},"modified":"2024-03-18T18:00:00","modified_gmt":"2024-03-18T17:00:00","slug":"top-project-lamine-pedri-gavi-the-10-barca-jewels-that-already-shine-and-will-dominate-in-the-future_301823_102","status":"publish","type":"post","link":"https:\/\/www.fcbarcelonanoticias.com\/en\/players\/top-project-lamine-pedri-gavi-the-10-barca-jewels-that-already-shine-and-will-dominate-in-the-future_301823_102.html","title":{"rendered":"Top project! Lamine, Pedri, Gavi&#8230; The 10 Bar\u00e7a &#8216;jewels&#8217; that already shine and will dominate in th"},"content":{"rendered":"<h2 class=\"wp-block-heading\">La Masia&#8217;s talents at Bar\u00e7a have been something that has been recurring in the last 30 years, even a little more, but right now Bar\u00e7a seems to be living again the beginning of a generation that will be able to propel the team to the top for a long time<\/h2>  \r\n<div class=\"article-addons\">\r\n    <a href=\"https:\/\/www.fcbarcelonanoticias.com\/en\/calendar-fc-barcelona.html\"\r\n       target=\"_self\"\r\n       title=\"Calendar of FC Barcelona\"\r\n       class=\"blue-gredient-btn\">\r\n       \r\n        Calendar of FC Barcelona    <\/a>\r\n<\/div>   <p><a data-external=\"0\" data-intl-links-en=\"https:\/\/www.fcbarcelonanoticias.com\/en\/transfers\/the-disappointing-role-of-bryan-zaragoza-in-munich-alerts-fc-barcelona_301791_102.html\" data-intl-links-es=\"https:\/\/www.fcbarcelonanoticias.com\/fichajes\/decepcionante-rol-bryan-zaragoza-en-munich-alerta-fc-barcelona_301791_102.html\" href=\"https:\/\/www.fcbarcelonanoticias.com\/en\/transfers\/the-disappointing-role-of-bryan-zaragoza-in-munich-alerts-fc-barcelona_301791_102.html\" rel=\"follow\" target=\"_self\" title=\"El decepcionante rol de Bryan Zaragoza en M\u00fanich pone en alerta al FC Barcelona\">The FC Barcelona<\/a> comes of a polish in which it has had to see split to Leo Messi and almost at the same time close a full era of successes and of big names. These following months have not been simple for the club, neither in the economic neither in the sportive, <strong>but from does already a pair of years the Barcelona team has received the backrest, once again, of the Masia, the best quarry of the world and one that in the past decade had remained in some moments without being able to consolidate players in the first team.<\/strong><\/p>  <p>And it is that almost that only Sergi Roberto could keep like a player of the Bar\u00e7a in the last ten years, <strong>but this has changed drastically with the arrival of young players from the quarry, as it was the case of Gavi, doing it in the closing of the 2021, still with Ronald Koeman in the bench cul\u00e9<\/strong>. Already the past year seemed to be the definite explosion of several generations of the Masia with the confirmation of the big talent of Lamine Yamal, as well as the apparition of players like Ferm\u00edn L\u00f3pez or Marc Guiu, but is that besides the thing has not detained there.<\/p>  <h2>A big quantity of talent that invites to dream to the Bar\u00e7a<\/h2>  <p>If we take into account a list of 10 players that could keep during the next 10 years in the first team of the Bar\u00e7a, a lot of cul\u00e9s will be able to live a quantity of interminable joys. And it is that to the 19 years of age of a player like Gavi, <strong>that is between the best of the world in his generation, add the alone 16 of a player like Lamine, the one who is following all the ways to be the next &#8217;10&#8217; of the Catalan team.<\/strong><\/p>  <p>Besides, Ferm\u00edn appeared the past pre-season with the intention of not to go more than the City Condal and with alone 20 years can be the complement perfect for Gavi, accompanying besides to a Pedri that recently fulfilled 21 years and although it is not of the Masia, yes that it has to include in this account of 10 footballers that can lead to the entity pr\u00f3ximamente. <strong>Like the Canarian also presents Vitor Roque, fichado the past summer from Brazil, but with his still 18 years of age is called to be the goleador of the Bar\u00e7a, like minimum, until the summer of 2030,<\/strong> further of the variables that always will be able to appear.<\/p>  <h2>The names seem that simply they multiply<\/h2>  <p>To these five big talents (Gavi, Ferm\u00edn, Pedri, Lamine and Roque) it is necessary to add him definitely to two defences that can keep in the XI almost as much as want: Balde and Cubars\u00ed. <strong>The first with 20 years, already added to the team in 2022 and since adue\u00f1\u00f3 of the left side, further of the complicated of the current course for him,<\/strong> but is that in the case of the central the projection is being still upper to the one of his mate of defence. The defender already has been called to the absolute selection and beside Ara\u00fajo seems to be the perfect couple so that the Bar\u00e7a can try dominate Europe again.<\/p>  <p>Finally, and no thus less important, have to Marc Guiu (18 years), H\u00e9ctor Fort (17) and Marc Casad\u00f3 (20). <strong>The case of the forward is very interesting since it is a profile that in the Bar\u00e7a does not be used to to find of natural way. The club almost always has had to go to by the Eto&#8217;or, Su\u00e1rez or Lewandowski,<\/strong> but in this opportunity could have a goleador more classical formed home. Regarding Fort and Casad\u00f3, his minutes still have been few in the first team, but yes that form part of the project and although have complicated to consolidate in the XI, by the high competition in his respective positions, the youth and talent of both allows them that they still have an important margin of growth to be able to win chevrons, already was with Xavi or with another trainer.<\/p> ","protected":false},"excerpt":{"rendered":"<p>La Masia&#8217;s talents at Bar\u00e7a have been something that has been recurring in the last 30 years, even a little more, but right now Bar\u00e7a seems to be living again the beginning of a generation that will be able to propel the team to the top for a long time The FC Barcelona comes of [&hellip;]<\/p>\n","protected":false},"author":345,"featured_media":20177,"comment_status":"closed","ping_status":"open","sticky":false,"template":"","format":"standard","meta":{"_acf_changed":false,"inline_featured_image":false,"_nextfly_llmd_date_locked":false,"footnotes":""},"categories":[453,107],"tags":[335,158,310,181,327],"class_list":["post-80563","post","type-post","status-publish","format-standard","has-post-thumbnail","hentry","category-players-2","category-players","tag-deco","tag-joan-laporta","tag-marc-guiu","tag-the-masia","tag-vitor-roque"],"acf":[],"yoast_head":"<!-- This site is optimized with the Yoast SEO plugin v27.3 - https:\/\/yoast.com\/product\/yoast-seo-wordpress\/ -->\n<title>Top project! Lamine, Pedri, Gavi... The 10 Bar\u00e7a &#039;jewels&#039; that already shine and will dominate in the future<\/title>\n<meta name=\"description\" content=\"La Masia&#039;s talents at Bar\u00e7a have been something that has been recurring in the last 30 years, even a little more, but right now Bar\u00e7a seems to be living again the beginning of a generation that will be able to propel the team to the top for a long time\" \/>\n<meta name=\"robots\" content=\"index, follow, max-snippet:-1, max-image-preview:large, max-video-preview:-1\" \/>\n<link rel=\"canonical\" href=\"https:\/\/www.fcbarcelonanoticias.com\/en\/players\/top-project-lamine-pedri-gavi-the-10-barca-jewels-that-already-shine-and-will-dominate-in-the-future_301823_102.html\" \/>\n<meta property=\"og:locale\" content=\"en_US\" \/>\n<meta property=\"og:type\" content=\"article\" \/>\n<meta property=\"og:title\" content=\"Top project! Lamine, Pedri, Gavi... The 10 Bar\u00e7a &#039;jewels&#039; that already shine and will dominate in the future\" \/>\n<meta property=\"og:description\" content=\"La Masia&#039;s talents at Bar\u00e7a have been something that has been recurring in the last 30 years, even a little more, but right now Bar\u00e7a seems to be living again the beginning of a generation that will be able to propel the team to the top for a long time\" \/>\n<meta property=\"og:url\" content=\"https:\/\/www.fcbarcelonanoticias.com\/en\/players\/top-project-lamine-pedri-gavi-the-10-barca-jewels-that-already-shine-and-will-dominate-in-the-future_301823_102.html\" \/>\n<meta property=\"og:site_name\" content=\"EN - FC Barcelona Noticias\" \/>\n<meta property=\"article:published_time\" content=\"2024-03-18T12:14:00+00:00\" \/>\n<meta property=\"article:modified_time\" content=\"2024-03-18T17:00:00+00:00\" \/>\n<meta property=\"og:image\" content=\"https:\/\/www.fcbarcelonanoticias.com\/en\/wp-content\/uploads\/sites\/2\/2024\/01\/lamine-marcguiu-fermin.jpeg\" \/>\n\t<meta property=\"og:image:width\" content=\"1300\" \/>\n\t<meta property=\"og:image:height\" content=\"735\" \/>\n\t<meta property=\"og:image:type\" content=\"image\/jpeg\" \/>\n<meta name=\"author\" content=\"Carlos Montenegro\" \/>\n<meta name=\"twitter:card\" content=\"summary_large_image\" \/>\n<meta name=\"twitter:label1\" content=\"Written by\" \/>\n\t<meta name=\"twitter:data1\" content=\"Carlos Montenegro\" \/>\n\t<meta name=\"twitter:label2\" content=\"Est. reading time\" \/>\n\t<meta name=\"twitter:data2\" content=\"4 minutes\" \/>\n<script type=\"application\/ld+json\" class=\"yoast-schema-graph\">{\"@context\":\"https:\\\/\\\/schema.org\",\"@graph\":[{\"@type\":\"Article\",\"@id\":\"https:\\\/\\\/www.fcbarcelonanoticias.com\\\/en\\\/players\\\/top-project-lamine-pedri-gavi-the-10-barca-jewels-that-already-shine-and-will-dominate-in-the-future_301823_102.html#article\",\"isPartOf\":{\"@id\":\"https:\\\/\\\/www.fcbarcelonanoticias.com\\\/en\\\/players\\\/top-project-lamine-pedri-gavi-the-10-barca-jewels-that-already-shine-and-will-dominate-in-the-future_301823_102.html\"},\"author\":{\"name\":\"Carlos Montenegro\",\"@id\":\"https:\\\/\\\/www.fcbarcelonanoticias.com\\\/en\\\/#\\\/schema\\\/person\\\/aa1d038709c262cb247e240f6b39bbf5\"},\"headline\":\"Top project! Lamine, Pedri, Gavi&#8230; The 10 Bar\u00e7a &#8216;jewels&#8217; that already shine and will dominate in th\",\"datePublished\":\"2024-03-18T12:14:00+00:00\",\"dateModified\":\"2024-03-18T17:00:00+00:00\",\"mainEntityOfPage\":{\"@id\":\"https:\\\/\\\/www.fcbarcelonanoticias.com\\\/en\\\/players\\\/top-project-lamine-pedri-gavi-the-10-barca-jewels-that-already-shine-and-will-dominate-in-the-future_301823_102.html\"},\"wordCount\":760,\"image\":{\"@id\":\"https:\\\/\\\/www.fcbarcelonanoticias.com\\\/en\\\/players\\\/top-project-lamine-pedri-gavi-the-10-barca-jewels-that-already-shine-and-will-dominate-in-the-future_301823_102.html#primaryimage\"},\"thumbnailUrl\":\"https:\\\/\\\/www.fcbarcelonanoticias.com\\\/en\\\/wp-content\\\/uploads\\\/sites\\\/2\\\/2024\\\/01\\\/lamine-marcguiu-fermin.jpeg\",\"keywords\":[\"Deco\",\"Joan Laporta\",\"Marc Guiu\",\"The Masia\",\"Vitor Roque\"],\"articleSection\":[\"Players\",\"Players\"],\"inLanguage\":\"en-US\"},{\"@type\":\"WebPage\",\"@id\":\"https:\\\/\\\/www.fcbarcelonanoticias.com\\\/en\\\/players\\\/top-project-lamine-pedri-gavi-the-10-barca-jewels-that-already-shine-and-will-dominate-in-the-future_301823_102.html\",\"url\":\"https:\\\/\\\/www.fcbarcelonanoticias.com\\\/en\\\/players\\\/top-project-lamine-pedri-gavi-the-10-barca-jewels-that-already-shine-and-will-dominate-in-the-future_301823_102.html\",\"name\":\"Top project! Lamine, Pedri, Gavi... The 10 Bar\u00e7a 'jewels' that already shine and will dominate in the future\",\"isPartOf\":{\"@id\":\"https:\\\/\\\/www.fcbarcelonanoticias.com\\\/en\\\/#website\"},\"primaryImageOfPage\":{\"@id\":\"https:\\\/\\\/www.fcbarcelonanoticias.com\\\/en\\\/players\\\/top-project-lamine-pedri-gavi-the-10-barca-jewels-that-already-shine-and-will-dominate-in-the-future_301823_102.html#primaryimage\"},\"image\":{\"@id\":\"https:\\\/\\\/www.fcbarcelonanoticias.com\\\/en\\\/players\\\/top-project-lamine-pedri-gavi-the-10-barca-jewels-that-already-shine-and-will-dominate-in-the-future_301823_102.html#primaryimage\"},\"thumbnailUrl\":\"https:\\\/\\\/www.fcbarcelonanoticias.com\\\/en\\\/wp-content\\\/uploads\\\/sites\\\/2\\\/2024\\\/01\\\/lamine-marcguiu-fermin.jpeg\",\"datePublished\":\"2024-03-18T12:14:00+00:00\",\"dateModified\":\"2024-03-18T17:00:00+00:00\",\"author\":{\"@id\":\"https:\\\/\\\/www.fcbarcelonanoticias.com\\\/en\\\/#\\\/schema\\\/person\\\/aa1d038709c262cb247e240f6b39bbf5\"},\"description\":\"La Masia's talents at Bar\u00e7a have been something that has been recurring in the last 30 years, even a little more, but right now Bar\u00e7a seems to be living again the beginning of a generation that will be able to propel the team to the top for a long time\",\"breadcrumb\":{\"@id\":\"https:\\\/\\\/www.fcbarcelonanoticias.com\\\/en\\\/players\\\/top-project-lamine-pedri-gavi-the-10-barca-jewels-that-already-shine-and-will-dominate-in-the-future_301823_102.html#breadcrumb\"},\"inLanguage\":\"en-US\",\"potentialAction\":[{\"@type\":\"ReadAction\",\"target\":[\"https:\\\/\\\/www.fcbarcelonanoticias.com\\\/en\\\/players\\\/top-project-lamine-pedri-gavi-the-10-barca-jewels-that-already-shine-and-will-dominate-in-the-future_301823_102.html\"]}]},{\"@type\":\"ImageObject\",\"inLanguage\":\"en-US\",\"@id\":\"https:\\\/\\\/www.fcbarcelonanoticias.com\\\/en\\\/players\\\/top-project-lamine-pedri-gavi-the-10-barca-jewels-that-already-shine-and-will-dominate-in-the-future_301823_102.html#primaryimage\",\"url\":\"https:\\\/\\\/www.fcbarcelonanoticias.com\\\/en\\\/wp-content\\\/uploads\\\/sites\\\/2\\\/2024\\\/01\\\/lamine-marcguiu-fermin.jpeg\",\"contentUrl\":\"https:\\\/\\\/www.fcbarcelonanoticias.com\\\/en\\\/wp-content\\\/uploads\\\/sites\\\/2\\\/2024\\\/01\\\/lamine-marcguiu-fermin.jpeg\",\"width\":1300,\"height\":735},{\"@type\":\"BreadcrumbList\",\"@id\":\"https:\\\/\\\/www.fcbarcelonanoticias.com\\\/en\\\/players\\\/top-project-lamine-pedri-gavi-the-10-barca-jewels-that-already-shine-and-will-dominate-in-the-future_301823_102.html#breadcrumb\",\"itemListElement\":[{\"@type\":\"ListItem\",\"position\":1,\"name\":\"Portada\",\"item\":\"https:\\\/\\\/www.fcbarcelonanoticias.com\\\/en\\\/\"},{\"@type\":\"ListItem\",\"position\":2,\"name\":\"Top project! Lamine, Pedri, Gavi&#8230; The 10 Bar\u00e7a &#8216;jewels&#8217; that already shine and will dominate in th\"}]},{\"@type\":\"WebSite\",\"@id\":\"https:\\\/\\\/www.fcbarcelonanoticias.com\\\/en\\\/#website\",\"url\":\"https:\\\/\\\/www.fcbarcelonanoticias.com\\\/en\\\/\",\"name\":\"EN - FC Barcelona Noticias\",\"description\":\"\",\"potentialAction\":[{\"@type\":\"SearchAction\",\"target\":{\"@type\":\"EntryPoint\",\"urlTemplate\":\"https:\\\/\\\/www.fcbarcelonanoticias.com\\\/en\\\/?s={search_term_string}\"},\"query-input\":{\"@type\":\"PropertyValueSpecification\",\"valueRequired\":true,\"valueName\":\"search_term_string\"}}],\"inLanguage\":\"en-US\"},{\"@type\":\"Person\",\"@id\":\"https:\\\/\\\/www.fcbarcelonanoticias.com\\\/en\\\/#\\\/schema\\\/person\\\/aa1d038709c262cb247e240f6b39bbf5\",\"name\":\"Carlos Montenegro\",\"image\":{\"@type\":\"ImageObject\",\"inLanguage\":\"en-US\",\"@id\":\"https:\\\/\\\/secure.gravatar.com\\\/avatar\\\/?s=96&d=mm&r=g\",\"url\":\"https:\\\/\\\/secure.gravatar.com\\\/avatar\\\/?s=96&d=mm&r=g\",\"contentUrl\":\"https:\\\/\\\/secure.gravatar.com\\\/avatar\\\/?s=96&d=mm&r=g\",\"caption\":\"Carlos Montenegro\"},\"url\":\"https:\\\/\\\/www.fcbarcelonanoticias.com\\\/en\\\/carlos-montenegro_20_115.html\"}]}<\/script>\n<!-- \/ Yoast SEO plugin. -->","yoast_head_json":{"title":"Top project! Lamine, Pedri, Gavi... The 10 Bar\u00e7a 'jewels' that already shine and will dominate in the future","description":"La Masia's talents at Bar\u00e7a have been something that has been recurring in the last 30 years, even a little more, but right now Bar\u00e7a seems to be living again the beginning of a generation that will be able to propel the team to the top for a long time","robots":{"index":"index","follow":"follow","max-snippet":"max-snippet:-1","max-image-preview":"max-image-preview:large","max-video-preview":"max-video-preview:-1"},"canonical":"https:\/\/www.fcbarcelonanoticias.com\/en\/players\/top-project-lamine-pedri-gavi-the-10-barca-jewels-that-already-shine-and-will-dominate-in-the-future_301823_102.html","og_locale":"en_US","og_type":"article","og_title":"Top project! Lamine, Pedri, Gavi... The 10 Bar\u00e7a 'jewels' that already shine and will dominate in the future","og_description":"La Masia's talents at Bar\u00e7a have been something that has been recurring in the last 30 years, even a little more, but right now Bar\u00e7a seems to be living again the beginning of a generation that will be able to propel the team to the top for a long time","og_url":"https:\/\/www.fcbarcelonanoticias.com\/en\/players\/top-project-lamine-pedri-gavi-the-10-barca-jewels-that-already-shine-and-will-dominate-in-the-future_301823_102.html","og_site_name":"EN - FC Barcelona Noticias","article_published_time":"2024-03-18T12:14:00+00:00","article_modified_time":"2024-03-18T17:00:00+00:00","og_image":[{"width":1300,"height":735,"url":"https:\/\/www.fcbarcelonanoticias.com\/en\/wp-content\/uploads\/sites\/2\/2024\/01\/lamine-marcguiu-fermin.jpeg","type":"image\/jpeg"}],"author":"Carlos Montenegro","twitter_card":"summary_large_image","twitter_misc":{"Written by":"Carlos Montenegro","Est. reading time":"4 minutes"},"schema":{"@context":"https:\/\/schema.org","@graph":[{"@type":"Article","@id":"https:\/\/www.fcbarcelonanoticias.com\/en\/players\/top-project-lamine-pedri-gavi-the-10-barca-jewels-that-already-shine-and-will-dominate-in-the-future_301823_102.html#article","isPartOf":{"@id":"https:\/\/www.fcbarcelonanoticias.com\/en\/players\/top-project-lamine-pedri-gavi-the-10-barca-jewels-that-already-shine-and-will-dominate-in-the-future_301823_102.html"},"author":{"name":"Carlos Montenegro","@id":"https:\/\/www.fcbarcelonanoticias.com\/en\/#\/schema\/person\/aa1d038709c262cb247e240f6b39bbf5"},"headline":"Top project! Lamine, Pedri, Gavi&#8230; The 10 Bar\u00e7a &#8216;jewels&#8217; that already shine and will dominate in th","datePublished":"2024-03-18T12:14:00+00:00","dateModified":"2024-03-18T17:00:00+00:00","mainEntityOfPage":{"@id":"https:\/\/www.fcbarcelonanoticias.com\/en\/players\/top-project-lamine-pedri-gavi-the-10-barca-jewels-that-already-shine-and-will-dominate-in-the-future_301823_102.html"},"wordCount":760,"image":{"@id":"https:\/\/www.fcbarcelonanoticias.com\/en\/players\/top-project-lamine-pedri-gavi-the-10-barca-jewels-that-already-shine-and-will-dominate-in-the-future_301823_102.html#primaryimage"},"thumbnailUrl":"https:\/\/www.fcbarcelonanoticias.com\/en\/wp-content\/uploads\/sites\/2\/2024\/01\/lamine-marcguiu-fermin.jpeg","keywords":["Deco","Joan Laporta","Marc Guiu","The Masia","Vitor Roque"],"articleSection":["Players","Players"],"inLanguage":"en-US"},{"@type":"WebPage","@id":"https:\/\/www.fcbarcelonanoticias.com\/en\/players\/top-project-lamine-pedri-gavi-the-10-barca-jewels-that-already-shine-and-will-dominate-in-the-future_301823_102.html","url":"https:\/\/www.fcbarcelonanoticias.com\/en\/players\/top-project-lamine-pedri-gavi-the-10-barca-jewels-that-already-shine-and-will-dominate-in-the-future_301823_102.html","name":"Top project! Lamine, Pedri, Gavi... The 10 Bar\u00e7a 'jewels' that already shine and will dominate in the future","isPartOf":{"@id":"https:\/\/www.fcbarcelonanoticias.com\/en\/#website"},"primaryImageOfPage":{"@id":"https:\/\/www.fcbarcelonanoticias.com\/en\/players\/top-project-lamine-pedri-gavi-the-10-barca-jewels-that-already-shine-and-will-dominate-in-the-future_301823_102.html#primaryimage"},"image":{"@id":"https:\/\/www.fcbarcelonanoticias.com\/en\/players\/top-project-lamine-pedri-gavi-the-10-barca-jewels-that-already-shine-and-will-dominate-in-the-future_301823_102.html#primaryimage"},"thumbnailUrl":"https:\/\/www.fcbarcelonanoticias.com\/en\/wp-content\/uploads\/sites\/2\/2024\/01\/lamine-marcguiu-fermin.jpeg","datePublished":"2024-03-18T12:14:00+00:00","dateModified":"2024-03-18T17:00:00+00:00","author":{"@id":"https:\/\/www.fcbarcelonanoticias.com\/en\/#\/schema\/person\/aa1d038709c262cb247e240f6b39bbf5"},"description":"La Masia's talents at Bar\u00e7a have been something that has been recurring in the last 30 years, even a little more, but right now Bar\u00e7a seems to be living again the beginning of a generation that will be able to propel the team to the top for a long time","breadcrumb":{"@id":"https:\/\/www.fcbarcelonanoticias.com\/en\/players\/top-project-lamine-pedri-gavi-the-10-barca-jewels-that-already-shine-and-will-dominate-in-the-future_301823_102.html#breadcrumb"},"inLanguage":"en-US","potentialAction":[{"@type":"ReadAction","target":["https:\/\/www.fcbarcelonanoticias.com\/en\/players\/top-project-lamine-pedri-gavi-the-10-barca-jewels-that-already-shine-and-will-dominate-in-the-future_301823_102.html"]}]},{"@type":"ImageObject","inLanguage":"en-US","@id":"https:\/\/www.fcbarcelonanoticias.com\/en\/players\/top-project-lamine-pedri-gavi-the-10-barca-jewels-that-already-shine-and-will-dominate-in-the-future_301823_102.html#primaryimage","url":"https:\/\/www.fcbarcelonanoticias.com\/en\/wp-content\/uploads\/sites\/2\/2024\/01\/lamine-marcguiu-fermin.jpeg","contentUrl":"https:\/\/www.fcbarcelonanoticias.com\/en\/wp-content\/uploads\/sites\/2\/2024\/01\/lamine-marcguiu-fermin.jpeg","width":1300,"height":735},{"@type":"BreadcrumbList","@id":"https:\/\/www.fcbarcelonanoticias.com\/en\/players\/top-project-lamine-pedri-gavi-the-10-barca-jewels-that-already-shine-and-will-dominate-in-the-future_301823_102.html#breadcrumb","itemListElement":[{"@type":"ListItem","position":1,"name":"Portada","item":"https:\/\/www.fcbarcelonanoticias.com\/en\/"},{"@type":"ListItem","position":2,"name":"Top project! Lamine, Pedri, Gavi&#8230; The 10 Bar\u00e7a &#8216;jewels&#8217; that already shine and will dominate in th"}]},{"@type":"WebSite","@id":"https:\/\/www.fcbarcelonanoticias.com\/en\/#website","url":"https:\/\/www.fcbarcelonanoticias.com\/en\/","name":"EN - FC Barcelona Noticias","description":"","potentialAction":[{"@type":"SearchAction","target":{"@type":"EntryPoint","urlTemplate":"https:\/\/www.fcbarcelonanoticias.com\/en\/?s={search_term_string}"},"query-input":{"@type":"PropertyValueSpecification","valueRequired":true,"valueName":"search_term_string"}}],"inLanguage":"en-US"},{"@type":"Person","@id":"https:\/\/www.fcbarcelonanoticias.com\/en\/#\/schema\/person\/aa1d038709c262cb247e240f6b39bbf5","name":"Carlos Montenegro","image":{"@type":"ImageObject","inLanguage":"en-US","@id":"https:\/\/secure.gravatar.com\/avatar\/?s=96&d=mm&r=g","url":"https:\/\/secure.gravatar.com\/avatar\/?s=96&d=mm&r=g","contentUrl":"https:\/\/secure.gravatar.com\/avatar\/?s=96&d=mm&r=g","caption":"Carlos Montenegro"},"url":"https:\/\/www.fcbarcelonanoticias.com\/en\/carlos-montenegro_20_115.html"}]}},"_links":{"self":[{"href":"https:\/\/www.fcbarcelonanoticias.com\/en\/wp-json\/wp\/v2\/posts\/80563","targetHints":{"allow":["GET"]}}],"collection":[{"href":"https:\/\/www.fcbarcelonanoticias.com\/en\/wp-json\/wp\/v2\/posts"}],"about":[{"href":"https:\/\/www.fcbarcelonanoticias.com\/en\/wp-json\/wp\/v2\/types\/post"}],"author":[{"embeddable":true,"href":"https:\/\/www.fcbarcelonanoticias.com\/en\/wp-json\/wp\/v2\/users\/345"}],"replies":[{"embeddable":true,"href":"https:\/\/www.fcbarcelonanoticias.com\/en\/wp-json\/wp\/v2\/comments?post=80563"}],"version-history":[{"count":1,"href":"https:\/\/www.fcbarcelonanoticias.com\/en\/wp-json\/wp\/v2\/posts\/80563\/revisions"}],"predecessor-version":[{"id":80570,"href":"https:\/\/www.fcbarcelonanoticias.com\/en\/wp-json\/wp\/v2\/posts\/80563\/revisions\/80570"}],"wp:featuredmedia":[{"embeddable":true,"href":"https:\/\/www.fcbarcelonanoticias.com\/en\/wp-json\/wp\/v2\/media\/20177"}],"wp:attachment":[{"href":"https:\/\/www.fcbarcelonanoticias.com\/en\/wp-json\/wp\/v2\/media?parent=80563"}],"wp:term":[{"taxonomy":"category","embeddable":true,"href":"https:\/\/www.fcbarcelonanoticias.com\/en\/wp-json\/wp\/v2\/categories?post=80563"},{"taxonomy":"post_tag","embeddable":true,"href":"https:\/\/www.fcbarcelonanoticias.com\/en\/wp-json\/wp\/v2\/tags?post=80563"}],"curies":[{"name":"wp","href":"https:\/\/api.w.org\/{rel}","templated":true}]}}