{"id":80584,"date":"2015-10-10T10:44:00","date_gmt":"2015-10-10T08:44:00","guid":{"rendered":"https:\/\/weisetech.dev\/fc-barcelona-noticias\/en\/cristiano-ronaldo-the-last-victim-of-rafa-benitez_39239_102\/"},"modified":"2015-10-10T10:44:00","modified_gmt":"2015-10-10T08:44:00","slug":"cristiano-ronaldo-the-last-victim-of-rafa-benitez_39239_102","status":"publish","type":"post","link":"https:\/\/www.fcbarcelonanoticias.com\/en\/real-madrid\/cristiano-ronaldo-the-last-victim-of-rafa-benitez_39239_102.html","title":{"rendered":"Cristiano Ronaldo, the last &#8220;victim&#8221; of Rafa Ben\u00edtez"},"content":{"rendered":"\r\n<div class=\"article-addons\">\r\n    <a href=\"https:\/\/www.fcbarcelonanoticias.com\/en\/calendar-fc-barcelona.html\"\r\n       target=\"_self\"\r\n       title=\"Calendar of FC Barcelona\"\r\n       class=\"blue-gredient-btn\">\r\n       \r\n        Calendar of FC Barcelona    <\/a>\r\n<\/div>   <div class=\"separator\" style=\"clear: both; text-align: center;\"><\/div> <div class=\"separator\" style=\"clear: both; text-align: center;\"><\/div> <div class=\"separator\" style=\"clear: both; text-align: center;\"><a href=\"https:\/\/1.bp.blogspot.com\/en\/-dsmk_LrE2_g\/VhjZhBSXt-I\/AAAAAAAACCE\/dNMpYJFsGfM\/s1600\/cristiano-ronaldo-ultima-victoma-rafa-benitez.jpg\" imageanchor=\"1\" style=\"margin-left: 1em; margin-right: 1em;\"><\/a><\/div> <br><b>Since fichara by the Liverpool, Rafa Ben\u00edtez has finish for angering to all the best players that has had in his teams and Cristiano Ronaldo could not be an exception. Gerrard, Lampard, Materazzi or Higua\u00edn are some of the stars attacked by the Madrilenian <\/b><br><br><span style=\"font-size: large;\"><b><span style=\"color: #990000;\">Ticket<\/span><\/b> &#8211; <b><u><a href=\"http:\/\/www.viagogo.es\/en\/Entradas-Deportes\/Futbol\/La-Liga-Primera-Division\/FC-Barcelona-Entradas\/E-1073689?AffiliateID=1558&amp;PCID=AFFESIAFF1558A548FCBFC6-05\" rel=\"nofollow\" target=\"_blank\">Gone in FC Barcelona vs Ray &#8211; League J8<\/a><\/u><\/b><\/span><br><span style=\"font-size: large;\"><b><span style=\"color: #990000;\">Ticket<\/span><\/b> &#8211; <b><u><a href=\"http:\/\/www.viagogo.es\/en\/Entradas-Deportes\/Futbol\/La-Liga-Primera-Division\/Rayo-Vallecano-Entradas\/E-1073798?AffiliateID=1558&amp;PCID=AFFESIAFF1558A548FCBFC6-05\" rel=\"nofollow\" target=\"_blank\">Gone in Ray vs FC Barcelona &#8211; League J27<\/a><\/u><\/b><\/span><br><span style=\"font-size: large;\"><b><span style=\"color: #990000;\">Ticket<\/span><\/b> &#8211; <b><u><a href=\"http:\/\/www.viagogo.es\/en\/Entradas-Deportes\/Futbol\/La-Liga-Primera-Division\/FC-Barcelona-Entradas?AffiliateID=1558&amp;PCID=AFFESIAFF1558A548FCBFC6-05\" rel=\"nofollow\" target=\"_blank\">Gone in for all the parties of the FC Barcelona<\/a><\/u><\/b><\/span><br><br>In the recent days <b>has given  to know from Madrid that Cristiano Ronaldo and his trainer Rafael Ben\u00edtez do not direct  the word.<\/b> It aims  that to the international Portuguese has not liked him at all the form with which heads to he neither as it is treating him in this start of season, by what has decided to cut of raiz the personal relation and only limit  to have to &#8220;hold&#8221; in the entrenos. But <b>the case of Christian is not the first, neither surely will be the last,<\/b> that has happened him to a big star with the Madrilenian trainer. Here they go a few:<br><br><b>-Liverpool: Steven Gerrard and Xabi Alonso<\/b><br><br>Rafael Ben\u00edtez arrived in 2004 to the that has been, for now, his best adventure at the head of a bench, the one of the Liverpool. There it achieved the Champions League in the first season like trainer and little more. Three happy years turned into a hell for the boys of Ben\u00edtez when the club sold  to new owners.<br><br>From here <b>Rafa saw enemies in all the sides and finish for arriving to put up for sale to Xabi Alonso after this complained of his demanding methods<\/b>. The tolosarra also recognised time afterwards that after a party that did not contest because it finish to be born his son, his trainer would not forgive him and would put him the cross. To the greater icon that has had the English group in the last 30 years, <b>Steven Gerrard, the things also went him badly with the trainer as it reflects in his biograf\u00ed<\/b>to and in which, between other things, stands out that it always was in his against.<br><br><b>-Inter Of Milan: Materazzi, Zanetti, Diego Milito and Esteban Cambiasso<\/b><br><br>After the Liverpool, in 2010, Rafa decided fichar by <b>an Inter of Milan to the that finish to train Jos\u00e9 Mourinho<\/b>, having it won everything. Here it arrived treating to delete all footprint left by the Portuguese trainer and finish  crashing in<b> one of his worst experiences like trainer<\/b>. It put  to all the team in his against and finish being destituido six months afterwards.<br><br>Everything began when several players wanted to speak with him on his methods in the trainings and in the parties, something by what the m\u00edster did not happen.<b> Marco Materazzi was the first in leaving him to speak, later the argentinso Diego Milito and Cambiasso<\/b> also would finish confronted to him. <b>Javier Zanetti<\/b>, eternal captain and man more diplomatic, would finish desquiciado and also would do him the bed to the trainer to cause his dismissal.<br><br><b>-Chelsea: Lampard and Terry <\/b><br><br>Rafa Ben\u00edtez arrived to Chelsea to treat to help to the team from November after the dismissal of <b>Roberto gave Matteo <\/b>and as technical bridge and until the arrival of Jos\u00e9 Mourinho in 2013. There his football no enamor\u00f3 but at least heaved a Europe <b>League<\/b>. What if it caused was another fire inside dle changing room after questioning to two heavy weights like <b>Terry and Lampard<\/b>.<br><br>The central, to the that the m\u00edster accused of not holding more than two parties followed, did not have a fluent communication with the trainer and also left him to speak. With <b>Frank Lampard <\/b>also there were problems and years afterwards affirmed in an interview that the current trainer of the Real Madrid &nbsp;?<b>It is not the type of trainer with which can seat you to speak<\/b>?.<br><br><b>-Naples: Gonzalo Higua\u00edn<\/b><br><br>His arrival to Naples with the consequent signings of the Spanish market <b>(Higua\u00edn, Callej\u00e7on and Albiol)<\/b> gave hopes to some hungry fans of victories. On the field, at all of football could see  in a team that would finish winning the <b>Coppa of Italy <\/b>the first year but that would not classify  never for the Champions League, first for losing in playoff and afterwards for concretising a trist\u00edsima second season.<br><br>Here again it had problems with the star of the team, <b>Gonzalo Higua\u00edn. The forward treated to speak with Ben\u00edtez on his cont\u00ednuos changes during the parties <\/b>and the conversation finish to cries. Something alike would happen him <b>to Alley,<\/b> one of the best of his team these two years, and that <b>finish being expelled of a training<\/b> after Rafa accused him by fault of requirement.<br><br>Problems and more problems for a trainer that always finish for exasperating to his footballers and with which now <b>Florentino P\u00e9rez has to to load.<\/b> Only it has taken seven parties of League in angering to three heavy weights (Cristiano, Bouquets and Benzema), to see what takes in that all the staff finish for doing him the bed.<br><br> ","protected":false},"excerpt":{"rendered":"<p>Since fichara by the Liverpool, Rafa Ben\u00edtez has finish for angering to all the best players that has had in his teams and Cristiano Ronaldo could not be an exception. Gerrard, Lampard, Materazzi or Higua\u00edn are some of the stars attacked by the Madrilenian Ticket &#8211; Gone in FC Barcelona vs Ray &#8211; League J8Ticket [&hellip;]<\/p>\n","protected":false},"author":477,"featured_media":80588,"comment_status":"closed","ping_status":"open","sticky":false,"template":"","format":"standard","meta":{"_acf_changed":false,"inline_featured_image":false,"_nextfly_llmd_date_locked":false,"footnotes":""},"categories":[450,119],"tags":[138,258],"class_list":["post-80584","post","type-post","status-publish","format-standard","has-post-thumbnail","hentry","category-real-madrid-2","category-real-madrid","tag-cristiano-ronaldo","tag-rafa-benitez"],"acf":[],"yoast_head":"<!-- This site is optimized with the Yoast SEO plugin v27.3 - https:\/\/yoast.com\/product\/yoast-seo-wordpress\/ -->\n<title>Cristiano Ronaldo, the last &quot;victim&quot; of Rafa Ben\u00edtez<\/title>\n<meta name=\"description\" content=\"FCBarcelonaNoticias.com\" \/>\n<meta name=\"robots\" content=\"index, follow, max-snippet:-1, max-image-preview:large, max-video-preview:-1\" \/>\n<link rel=\"canonical\" href=\"https:\/\/www.fcbarcelonanoticias.com\/en\/real-madrid\/cristiano-ronaldo-the-last-victim-of-rafa-benitez_39239_102.html\" \/>\n<meta property=\"og:locale\" content=\"en_US\" \/>\n<meta property=\"og:type\" content=\"article\" \/>\n<meta property=\"og:title\" content=\"Cristiano Ronaldo, the last &quot;victim&quot; of Rafa Ben\u00edtez\" \/>\n<meta property=\"og:description\" content=\"FCBarcelonaNoticias.com\" \/>\n<meta property=\"og:url\" content=\"https:\/\/www.fcbarcelonanoticias.com\/en\/real-madrid\/cristiano-ronaldo-the-last-victim-of-rafa-benitez_39239_102.html\" \/>\n<meta property=\"og:site_name\" content=\"EN - FC Barcelona Noticias\" \/>\n<meta property=\"article:published_time\" content=\"2015-10-10T08:44:00+00:00\" \/>\n<meta property=\"og:image\" content=\"https:\/\/www.fcbarcelonanoticias.com\/en\/wp-content\/uploads\/sites\/2\/2015\/10\/cristiano-ronaldo-ultima-victoma-rafa-benitez-39251.jpeg\" \/>\n\t<meta property=\"og:image:width\" content=\"610\" \/>\n\t<meta property=\"og:image:height\" content=\"343\" \/>\n\t<meta property=\"og:image:type\" content=\"image\/jpeg\" \/>\n<meta name=\"author\" content=\"user_4133\" \/>\n<meta name=\"twitter:card\" content=\"summary_large_image\" \/>\n<meta name=\"twitter:label1\" content=\"Written by\" \/>\n\t<meta name=\"twitter:data1\" content=\"user_4133\" \/>\n\t<meta name=\"twitter:label2\" content=\"Est. reading time\" \/>\n\t<meta name=\"twitter:data2\" content=\"4 minutes\" \/>\n<script type=\"application\/ld+json\" class=\"yoast-schema-graph\">{\"@context\":\"https:\\\/\\\/schema.org\",\"@graph\":[{\"@type\":\"Article\",\"@id\":\"https:\\\/\\\/www.fcbarcelonanoticias.com\\\/en\\\/real-madrid\\\/cristiano-ronaldo-the-last-victim-of-rafa-benitez_39239_102.html#article\",\"isPartOf\":{\"@id\":\"https:\\\/\\\/www.fcbarcelonanoticias.com\\\/en\\\/real-madrid\\\/cristiano-ronaldo-the-last-victim-of-rafa-benitez_39239_102.html\"},\"author\":{\"name\":\"user_4133\",\"@id\":\"https:\\\/\\\/www.fcbarcelonanoticias.com\\\/en\\\/#\\\/schema\\\/person\\\/ed5bb7a7aee68f98a042a7ff1a74c6dd\"},\"headline\":\"Cristiano Ronaldo, the last &#8220;victim&#8221; of Rafa Ben\u00edtez\",\"datePublished\":\"2015-10-10T08:44:00+00:00\",\"mainEntityOfPage\":{\"@id\":\"https:\\\/\\\/www.fcbarcelonanoticias.com\\\/en\\\/real-madrid\\\/cristiano-ronaldo-the-last-victim-of-rafa-benitez_39239_102.html\"},\"wordCount\":869,\"image\":{\"@id\":\"https:\\\/\\\/www.fcbarcelonanoticias.com\\\/en\\\/real-madrid\\\/cristiano-ronaldo-the-last-victim-of-rafa-benitez_39239_102.html#primaryimage\"},\"thumbnailUrl\":\"https:\\\/\\\/www.fcbarcelonanoticias.com\\\/en\\\/wp-content\\\/uploads\\\/sites\\\/2\\\/2015\\\/10\\\/cristiano-ronaldo-ultima-victoma-rafa-benitez-39251.jpeg\",\"keywords\":[\"Cristiano Ronaldo\",\"Rafa Ben\u00edtez\"],\"articleSection\":[\"Real Madrid\",\"Real Madrid\"],\"inLanguage\":\"en-US\"},{\"@type\":\"WebPage\",\"@id\":\"https:\\\/\\\/www.fcbarcelonanoticias.com\\\/en\\\/real-madrid\\\/cristiano-ronaldo-the-last-victim-of-rafa-benitez_39239_102.html\",\"url\":\"https:\\\/\\\/www.fcbarcelonanoticias.com\\\/en\\\/real-madrid\\\/cristiano-ronaldo-the-last-victim-of-rafa-benitez_39239_102.html\",\"name\":\"Cristiano Ronaldo, the last \\\"victim\\\" of Rafa Ben\u00edtez\",\"isPartOf\":{\"@id\":\"https:\\\/\\\/www.fcbarcelonanoticias.com\\\/en\\\/#website\"},\"primaryImageOfPage\":{\"@id\":\"https:\\\/\\\/www.fcbarcelonanoticias.com\\\/en\\\/real-madrid\\\/cristiano-ronaldo-the-last-victim-of-rafa-benitez_39239_102.html#primaryimage\"},\"image\":{\"@id\":\"https:\\\/\\\/www.fcbarcelonanoticias.com\\\/en\\\/real-madrid\\\/cristiano-ronaldo-the-last-victim-of-rafa-benitez_39239_102.html#primaryimage\"},\"thumbnailUrl\":\"https:\\\/\\\/www.fcbarcelonanoticias.com\\\/en\\\/wp-content\\\/uploads\\\/sites\\\/2\\\/2015\\\/10\\\/cristiano-ronaldo-ultima-victoma-rafa-benitez-39251.jpeg\",\"datePublished\":\"2015-10-10T08:44:00+00:00\",\"author\":{\"@id\":\"https:\\\/\\\/www.fcbarcelonanoticias.com\\\/en\\\/#\\\/schema\\\/person\\\/ed5bb7a7aee68f98a042a7ff1a74c6dd\"},\"description\":\"FCBarcelonaNoticias.com\",\"breadcrumb\":{\"@id\":\"https:\\\/\\\/www.fcbarcelonanoticias.com\\\/en\\\/real-madrid\\\/cristiano-ronaldo-the-last-victim-of-rafa-benitez_39239_102.html#breadcrumb\"},\"inLanguage\":\"en-US\",\"potentialAction\":[{\"@type\":\"ReadAction\",\"target\":[\"https:\\\/\\\/www.fcbarcelonanoticias.com\\\/en\\\/real-madrid\\\/cristiano-ronaldo-the-last-victim-of-rafa-benitez_39239_102.html\"]}]},{\"@type\":\"ImageObject\",\"inLanguage\":\"en-US\",\"@id\":\"https:\\\/\\\/www.fcbarcelonanoticias.com\\\/en\\\/real-madrid\\\/cristiano-ronaldo-the-last-victim-of-rafa-benitez_39239_102.html#primaryimage\",\"url\":\"https:\\\/\\\/www.fcbarcelonanoticias.com\\\/en\\\/wp-content\\\/uploads\\\/sites\\\/2\\\/2015\\\/10\\\/cristiano-ronaldo-ultima-victoma-rafa-benitez-39251.jpeg\",\"contentUrl\":\"https:\\\/\\\/www.fcbarcelonanoticias.com\\\/en\\\/wp-content\\\/uploads\\\/sites\\\/2\\\/2015\\\/10\\\/cristiano-ronaldo-ultima-victoma-rafa-benitez-39251.jpeg\",\"width\":610,\"height\":343},{\"@type\":\"BreadcrumbList\",\"@id\":\"https:\\\/\\\/www.fcbarcelonanoticias.com\\\/en\\\/real-madrid\\\/cristiano-ronaldo-the-last-victim-of-rafa-benitez_39239_102.html#breadcrumb\",\"itemListElement\":[{\"@type\":\"ListItem\",\"position\":1,\"name\":\"Portada\",\"item\":\"https:\\\/\\\/www.fcbarcelonanoticias.com\\\/en\\\/\"},{\"@type\":\"ListItem\",\"position\":2,\"name\":\"Cristiano Ronaldo, the last &#8220;victim&#8221; of Rafa Ben\u00edtez\"}]},{\"@type\":\"WebSite\",\"@id\":\"https:\\\/\\\/www.fcbarcelonanoticias.com\\\/en\\\/#website\",\"url\":\"https:\\\/\\\/www.fcbarcelonanoticias.com\\\/en\\\/\",\"name\":\"EN - FC Barcelona Noticias\",\"description\":\"\",\"potentialAction\":[{\"@type\":\"SearchAction\",\"target\":{\"@type\":\"EntryPoint\",\"urlTemplate\":\"https:\\\/\\\/www.fcbarcelonanoticias.com\\\/en\\\/?s={search_term_string}\"},\"query-input\":{\"@type\":\"PropertyValueSpecification\",\"valueRequired\":true,\"valueName\":\"search_term_string\"}}],\"inLanguage\":\"en-US\"},{\"@type\":\"Person\",\"@id\":\"https:\\\/\\\/www.fcbarcelonanoticias.com\\\/en\\\/#\\\/schema\\\/person\\\/ed5bb7a7aee68f98a042a7ff1a74c6dd\",\"name\":\"user_4133\",\"image\":{\"@type\":\"ImageObject\",\"inLanguage\":\"en-US\",\"@id\":\"https:\\\/\\\/secure.gravatar.com\\\/avatar\\\/?s=96&d=mm&r=g\",\"url\":\"https:\\\/\\\/secure.gravatar.com\\\/avatar\\\/?s=96&d=mm&r=g\",\"contentUrl\":\"https:\\\/\\\/secure.gravatar.com\\\/avatar\\\/?s=96&d=mm&r=g\",\"caption\":\"user_4133\"},\"url\":\"https:\\\/\\\/www.fcbarcelonanoticias.com\\\/en\\\/user_4133.html\"}]}<\/script>\n<!-- \/ Yoast SEO plugin. -->","yoast_head_json":{"title":"Cristiano Ronaldo, the last \"victim\" of Rafa Ben\u00edtez","description":"FCBarcelonaNoticias.com","robots":{"index":"index","follow":"follow","max-snippet":"max-snippet:-1","max-image-preview":"max-image-preview:large","max-video-preview":"max-video-preview:-1"},"canonical":"https:\/\/www.fcbarcelonanoticias.com\/en\/real-madrid\/cristiano-ronaldo-the-last-victim-of-rafa-benitez_39239_102.html","og_locale":"en_US","og_type":"article","og_title":"Cristiano Ronaldo, the last \"victim\" of Rafa Ben\u00edtez","og_description":"FCBarcelonaNoticias.com","og_url":"https:\/\/www.fcbarcelonanoticias.com\/en\/real-madrid\/cristiano-ronaldo-the-last-victim-of-rafa-benitez_39239_102.html","og_site_name":"EN - FC Barcelona Noticias","article_published_time":"2015-10-10T08:44:00+00:00","og_image":[{"width":610,"height":343,"url":"https:\/\/www.fcbarcelonanoticias.com\/en\/wp-content\/uploads\/sites\/2\/2015\/10\/cristiano-ronaldo-ultima-victoma-rafa-benitez-39251.jpeg","type":"image\/jpeg"}],"author":"user_4133","twitter_card":"summary_large_image","twitter_misc":{"Written by":"user_4133","Est. reading time":"4 minutes"},"schema":{"@context":"https:\/\/schema.org","@graph":[{"@type":"Article","@id":"https:\/\/www.fcbarcelonanoticias.com\/en\/real-madrid\/cristiano-ronaldo-the-last-victim-of-rafa-benitez_39239_102.html#article","isPartOf":{"@id":"https:\/\/www.fcbarcelonanoticias.com\/en\/real-madrid\/cristiano-ronaldo-the-last-victim-of-rafa-benitez_39239_102.html"},"author":{"name":"user_4133","@id":"https:\/\/www.fcbarcelonanoticias.com\/en\/#\/schema\/person\/ed5bb7a7aee68f98a042a7ff1a74c6dd"},"headline":"Cristiano Ronaldo, the last &#8220;victim&#8221; of Rafa Ben\u00edtez","datePublished":"2015-10-10T08:44:00+00:00","mainEntityOfPage":{"@id":"https:\/\/www.fcbarcelonanoticias.com\/en\/real-madrid\/cristiano-ronaldo-the-last-victim-of-rafa-benitez_39239_102.html"},"wordCount":869,"image":{"@id":"https:\/\/www.fcbarcelonanoticias.com\/en\/real-madrid\/cristiano-ronaldo-the-last-victim-of-rafa-benitez_39239_102.html#primaryimage"},"thumbnailUrl":"https:\/\/www.fcbarcelonanoticias.com\/en\/wp-content\/uploads\/sites\/2\/2015\/10\/cristiano-ronaldo-ultima-victoma-rafa-benitez-39251.jpeg","keywords":["Cristiano Ronaldo","Rafa Ben\u00edtez"],"articleSection":["Real Madrid","Real Madrid"],"inLanguage":"en-US"},{"@type":"WebPage","@id":"https:\/\/www.fcbarcelonanoticias.com\/en\/real-madrid\/cristiano-ronaldo-the-last-victim-of-rafa-benitez_39239_102.html","url":"https:\/\/www.fcbarcelonanoticias.com\/en\/real-madrid\/cristiano-ronaldo-the-last-victim-of-rafa-benitez_39239_102.html","name":"Cristiano Ronaldo, the last \"victim\" of Rafa Ben\u00edtez","isPartOf":{"@id":"https:\/\/www.fcbarcelonanoticias.com\/en\/#website"},"primaryImageOfPage":{"@id":"https:\/\/www.fcbarcelonanoticias.com\/en\/real-madrid\/cristiano-ronaldo-the-last-victim-of-rafa-benitez_39239_102.html#primaryimage"},"image":{"@id":"https:\/\/www.fcbarcelonanoticias.com\/en\/real-madrid\/cristiano-ronaldo-the-last-victim-of-rafa-benitez_39239_102.html#primaryimage"},"thumbnailUrl":"https:\/\/www.fcbarcelonanoticias.com\/en\/wp-content\/uploads\/sites\/2\/2015\/10\/cristiano-ronaldo-ultima-victoma-rafa-benitez-39251.jpeg","datePublished":"2015-10-10T08:44:00+00:00","author":{"@id":"https:\/\/www.fcbarcelonanoticias.com\/en\/#\/schema\/person\/ed5bb7a7aee68f98a042a7ff1a74c6dd"},"description":"FCBarcelonaNoticias.com","breadcrumb":{"@id":"https:\/\/www.fcbarcelonanoticias.com\/en\/real-madrid\/cristiano-ronaldo-the-last-victim-of-rafa-benitez_39239_102.html#breadcrumb"},"inLanguage":"en-US","potentialAction":[{"@type":"ReadAction","target":["https:\/\/www.fcbarcelonanoticias.com\/en\/real-madrid\/cristiano-ronaldo-the-last-victim-of-rafa-benitez_39239_102.html"]}]},{"@type":"ImageObject","inLanguage":"en-US","@id":"https:\/\/www.fcbarcelonanoticias.com\/en\/real-madrid\/cristiano-ronaldo-the-last-victim-of-rafa-benitez_39239_102.html#primaryimage","url":"https:\/\/www.fcbarcelonanoticias.com\/en\/wp-content\/uploads\/sites\/2\/2015\/10\/cristiano-ronaldo-ultima-victoma-rafa-benitez-39251.jpeg","contentUrl":"https:\/\/www.fcbarcelonanoticias.com\/en\/wp-content\/uploads\/sites\/2\/2015\/10\/cristiano-ronaldo-ultima-victoma-rafa-benitez-39251.jpeg","width":610,"height":343},{"@type":"BreadcrumbList","@id":"https:\/\/www.fcbarcelonanoticias.com\/en\/real-madrid\/cristiano-ronaldo-the-last-victim-of-rafa-benitez_39239_102.html#breadcrumb","itemListElement":[{"@type":"ListItem","position":1,"name":"Portada","item":"https:\/\/www.fcbarcelonanoticias.com\/en\/"},{"@type":"ListItem","position":2,"name":"Cristiano Ronaldo, the last &#8220;victim&#8221; of Rafa Ben\u00edtez"}]},{"@type":"WebSite","@id":"https:\/\/www.fcbarcelonanoticias.com\/en\/#website","url":"https:\/\/www.fcbarcelonanoticias.com\/en\/","name":"EN - FC Barcelona Noticias","description":"","potentialAction":[{"@type":"SearchAction","target":{"@type":"EntryPoint","urlTemplate":"https:\/\/www.fcbarcelonanoticias.com\/en\/?s={search_term_string}"},"query-input":{"@type":"PropertyValueSpecification","valueRequired":true,"valueName":"search_term_string"}}],"inLanguage":"en-US"},{"@type":"Person","@id":"https:\/\/www.fcbarcelonanoticias.com\/en\/#\/schema\/person\/ed5bb7a7aee68f98a042a7ff1a74c6dd","name":"user_4133","image":{"@type":"ImageObject","inLanguage":"en-US","@id":"https:\/\/secure.gravatar.com\/avatar\/?s=96&d=mm&r=g","url":"https:\/\/secure.gravatar.com\/avatar\/?s=96&d=mm&r=g","contentUrl":"https:\/\/secure.gravatar.com\/avatar\/?s=96&d=mm&r=g","caption":"user_4133"},"url":"https:\/\/www.fcbarcelonanoticias.com\/en\/user_4133.html"}]}},"_links":{"self":[{"href":"https:\/\/www.fcbarcelonanoticias.com\/en\/wp-json\/wp\/v2\/posts\/80584","targetHints":{"allow":["GET"]}}],"collection":[{"href":"https:\/\/www.fcbarcelonanoticias.com\/en\/wp-json\/wp\/v2\/posts"}],"about":[{"href":"https:\/\/www.fcbarcelonanoticias.com\/en\/wp-json\/wp\/v2\/types\/post"}],"author":[{"embeddable":true,"href":"https:\/\/www.fcbarcelonanoticias.com\/en\/wp-json\/wp\/v2\/users\/477"}],"replies":[{"embeddable":true,"href":"https:\/\/www.fcbarcelonanoticias.com\/en\/wp-json\/wp\/v2\/comments?post=80584"}],"version-history":[{"count":1,"href":"https:\/\/www.fcbarcelonanoticias.com\/en\/wp-json\/wp\/v2\/posts\/80584\/revisions"}],"predecessor-version":[{"id":122072,"href":"https:\/\/www.fcbarcelonanoticias.com\/en\/wp-json\/wp\/v2\/posts\/80584\/revisions\/122072"}],"wp:featuredmedia":[{"embeddable":true,"href":"https:\/\/www.fcbarcelonanoticias.com\/en\/wp-json\/wp\/v2\/media\/80588"}],"wp:attachment":[{"href":"https:\/\/www.fcbarcelonanoticias.com\/en\/wp-json\/wp\/v2\/media?parent=80584"}],"wp:term":[{"taxonomy":"category","embeddable":true,"href":"https:\/\/www.fcbarcelonanoticias.com\/en\/wp-json\/wp\/v2\/categories?post=80584"},{"taxonomy":"post_tag","embeddable":true,"href":"https:\/\/www.fcbarcelonanoticias.com\/en\/wp-json\/wp\/v2\/tags?post=80584"}],"curies":[{"name":"wp","href":"https:\/\/api.w.org\/{rel}","templated":true}]}}