{"id":80855,"date":"2023-01-09T15:24:00","date_gmt":"2023-01-09T14:24:00","guid":{"rendered":"https:\/\/weisetech.dev\/fc-barcelona-noticias\/en\/drama-in-the-madrid-tchouameni-and-praises-will-not-be-able-to-play-the-supercopa_288457_102\/"},"modified":"2023-01-09T15:24:00","modified_gmt":"2023-01-09T14:24:00","slug":"drama-in-the-madrid-tchouameni-and-praises-will-not-be-able-to-play-the-supercopa_288457_102","status":"publish","type":"post","link":"https:\/\/www.fcbarcelonanoticias.com\/en\/real-madrid\/drama-in-the-madrid-tchouameni-and-praises-will-not-be-able-to-play-the-supercopa_288457_102.html","title":{"rendered":"Drama in Madrid! Tchouameni and Alaba will not be able to play the Super Cup"},"content":{"rendered":"<h2 class=\"wp-block-heading\">Real Madrid will not be able to count on Aur\u00e9lien Tchouam\u00e9ni or David Alaba for the Spanish Super Cup. Both players have soleus injuries and could miss the remainder of January<\/h2>  \r\n<div class=\"article-addons\">\r\n    <a href=\"https:\/\/www.fcbarcelonanoticias.com\/en\/calendar-fc-barcelona.html\"\r\n       target=\"_self\"\r\n       title=\"Calendar of FC Barcelona\"\r\n       class=\"blue-gredient-btn\">\r\n       \r\n        Calendar of FC Barcelona    <\/a>\r\n<\/div>   <p>The Real Madrid comes to suffer a hard hit with the defeat in front of the <a data-external=\"0\" data-intl-links-en=\"https:\/\/www.fcbarcelonanoticias.com\/en\/laliga\/disaster-of-the-madrid-in-the-ceramics-in-front-of-big-villarreal-2-1_288402_102.html\" data-intl-links-es=\"https:\/\/www.fcbarcelonanoticias.com\/laliga\/desastre-madrid-en-ceramica-gran-villarreal-2-1_288402_102.html\" href=\"https:\/\/www.fcbarcelonanoticias.com\/en\/laliga\/disaster-of-the-madrid-in-the-ceramics-in-front-of-big-villarreal-2-1_288402_102.html\" rel=\"follow\" target=\"_self\" title=\"'Desastre' del Madrid ante el Villarreal tras un partidazo en La Cer\u00e1mica (2-1)\">Villarreal<\/a> in the day 16 of LaLiga, that has done him yield spaces in the fight by the title in front of a FC Barcelona that has consolidated in the peak of the classification. But no only the defeat in front of the &#8216;yellow submarine&#8217; has affected to the merengues, but also<strong> the two sensitive drops that will have the team of Carlo Ancelotti of face to the Supercopa of Spain<\/strong>.<\/p>  <p>Through a medical communiqu\u00e9, <strong>the club has given to know that so much Aur\u00e9lien Tchouam\u00e9ni like David Praises present injuries in the s\u00f3leo left and right, respectively<\/strong>, what will keep them moved away of the activity waiting for his recovery, whose process has not been specified but that it could take around three weeks so that so much the international French like the Austrian defender are again in shape.<\/p>  <p>His injuries arrive in a moment critical, all time that <strong>the merengues will play his pass to the final of the Supercopa of Spain in front of Valencia in Saudi Arabia<\/strong>, as well as the decisive crash, in case to classify, in which the winner of this key will have like rival to the victorious in the duel between the FC Barcelona and the Real Betis, like part of the new format of &#8216;final four&#8217; that has adopted the tournament from the season 2019\/20.<\/p>  <p>The situation supposes a strong headache for Carlo Ancelotti, that will have to throw hand of the bench to reinforce his line of defence as well as the medullary after a desgastante commitment in the Stadium of The Ceramics. From the medical services of the club will be very attentive to the evolution of both players, taking in account that<strong> these injuries do not are used to to cause a lot of pain to the little time to suffer them but yes show tendency to recaer<\/strong>.<\/p>  <h4>The summoned for the Supercopa<\/h4>  <p>In such sense, <strong>the m\u00edster already has elaborated his list of summoned to travel to Saudi Arabia, in which they do not appear the names of the French neither the one of the Austrian<\/strong>. Like goalkeepers will be Thibaut Courtois, Andriy Lunin and Luis L\u00f3pez; the defenders will be Dani Carvajal, Antonio R\u00fcdiger, Lucas V\u00e1zquez, \u00c9der Militao, \u00c1lvaro Odriozola, Nacho Fern\u00e1ndez, Jes\u00fas Vallejo and Ferland Mendy. For the medullary will have of Eduardo Camavinga, Toni Kroos, Luka Modric, Fede Valverde, Dani Ceballos and Mario Mart\u00edn, mention that the forwards will be Vinicius J\u00fanior, Karim Benzema, Rodrygo Goes, Marco Asensio, Mariano D\u00edaz and Eden Hazard.<\/p> ","protected":false},"excerpt":{"rendered":"<p>Real Madrid will not be able to count on Aur\u00e9lien Tchouam\u00e9ni or David Alaba for the Spanish Super Cup. Both players have soleus injuries and could miss the remainder of January The Real Madrid comes to suffer a hard hit with the defeat in front of the Villarreal in the day 16 of LaLiga, that [&hellip;]<\/p>\n","protected":false},"author":363,"featured_media":80105,"comment_status":"closed","ping_status":"open","sticky":false,"template":"","format":"standard","meta":{"_acf_changed":false,"inline_featured_image":false,"_nextfly_llmd_date_locked":false,"footnotes":""},"categories":[450,119],"tags":[80],"class_list":["post-80855","post","type-post","status-publish","format-standard","has-post-thumbnail","hentry","category-real-madrid-2","category-real-madrid","tag-valencia-cf"],"acf":[],"yoast_head":"<!-- This site is optimized with the Yoast SEO plugin v27.3 - https:\/\/yoast.com\/product\/yoast-seo-wordpress\/ -->\n<title>Drama in the Madrid! Tchouameni And Praises will not be able to play the Supercopa<\/title>\n<meta name=\"description\" content=\"The Real Madrid will not be able to have Aur\u00e9lien Tchouam\u00e9ni neither David Praises for the Supercopa of Spain. Both players present injuries in the s\u00f3leo and could lose what subtracts of January\" \/>\n<meta name=\"robots\" content=\"index, follow, max-snippet:-1, max-image-preview:large, max-video-preview:-1\" \/>\n<link rel=\"canonical\" href=\"https:\/\/www.fcbarcelonanoticias.com\/en\/real-madrid\/drama-in-the-madrid-tchouameni-and-praises-will-not-be-able-to-play-the-supercopa_288457_102.html\" \/>\n<meta property=\"og:locale\" content=\"en_US\" \/>\n<meta property=\"og:type\" content=\"article\" \/>\n<meta property=\"og:title\" content=\"Drama in the Madrid! Tchouameni And Praises will not be able to play the Supercopa\" \/>\n<meta property=\"og:description\" content=\"The Real Madrid will not be able to have Aur\u00e9lien Tchouam\u00e9ni neither David Praises for the Supercopa of Spain. Both players present injuries in the s\u00f3leo and could lose what subtracts of January\" \/>\n<meta property=\"og:url\" content=\"https:\/\/www.fcbarcelonanoticias.com\/en\/real-madrid\/drama-in-the-madrid-tchouameni-and-praises-will-not-be-able-to-play-the-supercopa_288457_102.html\" \/>\n<meta property=\"og:site_name\" content=\"EN - FC Barcelona Noticias\" \/>\n<meta property=\"article:published_time\" content=\"2023-01-09T14:24:00+00:00\" \/>\n<meta property=\"og:image\" content=\"https:\/\/www.fcbarcelonanoticias.com\/en\/wp-content\/uploads\/sites\/2\/2023\/06\/fbl-esp-liga-real-madrid-training-2-1.jpeg\" \/>\n\t<meta property=\"og:image:width\" content=\"1200\" \/>\n\t<meta property=\"og:image:height\" content=\"712\" \/>\n\t<meta property=\"og:image:type\" content=\"image\/jpeg\" \/>\n<meta name=\"author\" content=\"Claudio Betancourt\" \/>\n<meta name=\"twitter:card\" content=\"summary_large_image\" \/>\n<meta name=\"twitter:label1\" content=\"Written by\" \/>\n\t<meta name=\"twitter:data1\" content=\"Claudio Betancourt\" \/>\n\t<meta name=\"twitter:label2\" content=\"Est. reading time\" \/>\n\t<meta name=\"twitter:data2\" content=\"2 minutes\" \/>\n<script type=\"application\/ld+json\" class=\"yoast-schema-graph\">{\"@context\":\"https:\\\/\\\/schema.org\",\"@graph\":[{\"@type\":\"Article\",\"@id\":\"https:\\\/\\\/www.fcbarcelonanoticias.com\\\/en\\\/real-madrid\\\/drama-in-the-madrid-tchouameni-and-praises-will-not-be-able-to-play-the-supercopa_288457_102.html#article\",\"isPartOf\":{\"@id\":\"https:\\\/\\\/www.fcbarcelonanoticias.com\\\/en\\\/real-madrid\\\/drama-in-the-madrid-tchouameni-and-praises-will-not-be-able-to-play-the-supercopa_288457_102.html\"},\"author\":{\"name\":\"Claudio Betancourt\",\"@id\":\"https:\\\/\\\/www.fcbarcelonanoticias.com\\\/en\\\/#\\\/schema\\\/person\\\/76c77917e39f918eb1604c571055386e\"},\"headline\":\"Drama in Madrid! Tchouameni and Alaba will not be able to play the Super Cup\",\"datePublished\":\"2023-01-09T14:24:00+00:00\",\"mainEntityOfPage\":{\"@id\":\"https:\\\/\\\/www.fcbarcelonanoticias.com\\\/en\\\/real-madrid\\\/drama-in-the-madrid-tchouameni-and-praises-will-not-be-able-to-play-the-supercopa_288457_102.html\"},\"wordCount\":493,\"image\":{\"@id\":\"https:\\\/\\\/www.fcbarcelonanoticias.com\\\/en\\\/real-madrid\\\/drama-in-the-madrid-tchouameni-and-praises-will-not-be-able-to-play-the-supercopa_288457_102.html#primaryimage\"},\"thumbnailUrl\":\"https:\\\/\\\/www.fcbarcelonanoticias.com\\\/en\\\/wp-content\\\/uploads\\\/sites\\\/2\\\/2023\\\/06\\\/fbl-esp-liga-real-madrid-training-2-1.jpeg\",\"keywords\":[\"Valencia CF\"],\"articleSection\":[\"Real Madrid\",\"Real Madrid\"],\"inLanguage\":\"en-US\"},{\"@type\":\"WebPage\",\"@id\":\"https:\\\/\\\/www.fcbarcelonanoticias.com\\\/en\\\/real-madrid\\\/drama-in-the-madrid-tchouameni-and-praises-will-not-be-able-to-play-the-supercopa_288457_102.html\",\"url\":\"https:\\\/\\\/www.fcbarcelonanoticias.com\\\/en\\\/real-madrid\\\/drama-in-the-madrid-tchouameni-and-praises-will-not-be-able-to-play-the-supercopa_288457_102.html\",\"name\":\"Drama in the Madrid! Tchouameni And Praises will not be able to play the Supercopa\",\"isPartOf\":{\"@id\":\"https:\\\/\\\/www.fcbarcelonanoticias.com\\\/en\\\/#website\"},\"primaryImageOfPage\":{\"@id\":\"https:\\\/\\\/www.fcbarcelonanoticias.com\\\/en\\\/real-madrid\\\/drama-in-the-madrid-tchouameni-and-praises-will-not-be-able-to-play-the-supercopa_288457_102.html#primaryimage\"},\"image\":{\"@id\":\"https:\\\/\\\/www.fcbarcelonanoticias.com\\\/en\\\/real-madrid\\\/drama-in-the-madrid-tchouameni-and-praises-will-not-be-able-to-play-the-supercopa_288457_102.html#primaryimage\"},\"thumbnailUrl\":\"https:\\\/\\\/www.fcbarcelonanoticias.com\\\/en\\\/wp-content\\\/uploads\\\/sites\\\/2\\\/2023\\\/06\\\/fbl-esp-liga-real-madrid-training-2-1.jpeg\",\"datePublished\":\"2023-01-09T14:24:00+00:00\",\"author\":{\"@id\":\"https:\\\/\\\/www.fcbarcelonanoticias.com\\\/en\\\/#\\\/schema\\\/person\\\/76c77917e39f918eb1604c571055386e\"},\"description\":\"The Real Madrid will not be able to have Aur\u00e9lien Tchouam\u00e9ni neither David Praises for the Supercopa of Spain. Both players present injuries in the s\u00f3leo and could lose what subtracts of January\",\"breadcrumb\":{\"@id\":\"https:\\\/\\\/www.fcbarcelonanoticias.com\\\/en\\\/real-madrid\\\/drama-in-the-madrid-tchouameni-and-praises-will-not-be-able-to-play-the-supercopa_288457_102.html#breadcrumb\"},\"inLanguage\":\"en-US\",\"potentialAction\":[{\"@type\":\"ReadAction\",\"target\":[\"https:\\\/\\\/www.fcbarcelonanoticias.com\\\/en\\\/real-madrid\\\/drama-in-the-madrid-tchouameni-and-praises-will-not-be-able-to-play-the-supercopa_288457_102.html\"]}]},{\"@type\":\"ImageObject\",\"inLanguage\":\"en-US\",\"@id\":\"https:\\\/\\\/www.fcbarcelonanoticias.com\\\/en\\\/real-madrid\\\/drama-in-the-madrid-tchouameni-and-praises-will-not-be-able-to-play-the-supercopa_288457_102.html#primaryimage\",\"url\":\"https:\\\/\\\/www.fcbarcelonanoticias.com\\\/en\\\/wp-content\\\/uploads\\\/sites\\\/2\\\/2023\\\/06\\\/fbl-esp-liga-real-madrid-training-2-1.jpeg\",\"contentUrl\":\"https:\\\/\\\/www.fcbarcelonanoticias.com\\\/en\\\/wp-content\\\/uploads\\\/sites\\\/2\\\/2023\\\/06\\\/fbl-esp-liga-real-madrid-training-2-1.jpeg\",\"width\":1200,\"height\":712},{\"@type\":\"BreadcrumbList\",\"@id\":\"https:\\\/\\\/www.fcbarcelonanoticias.com\\\/en\\\/real-madrid\\\/drama-in-the-madrid-tchouameni-and-praises-will-not-be-able-to-play-the-supercopa_288457_102.html#breadcrumb\",\"itemListElement\":[{\"@type\":\"ListItem\",\"position\":1,\"name\":\"Portada\",\"item\":\"https:\\\/\\\/www.fcbarcelonanoticias.com\\\/en\\\/\"},{\"@type\":\"ListItem\",\"position\":2,\"name\":\"Drama in Madrid! Tchouameni and Alaba will not be able to play the Super Cup\"}]},{\"@type\":\"WebSite\",\"@id\":\"https:\\\/\\\/www.fcbarcelonanoticias.com\\\/en\\\/#website\",\"url\":\"https:\\\/\\\/www.fcbarcelonanoticias.com\\\/en\\\/\",\"name\":\"EN - FC Barcelona Noticias\",\"description\":\"\",\"potentialAction\":[{\"@type\":\"SearchAction\",\"target\":{\"@type\":\"EntryPoint\",\"urlTemplate\":\"https:\\\/\\\/www.fcbarcelonanoticias.com\\\/en\\\/?s={search_term_string}\"},\"query-input\":{\"@type\":\"PropertyValueSpecification\",\"valueRequired\":true,\"valueName\":\"search_term_string\"}}],\"inLanguage\":\"en-US\"},{\"@type\":\"Person\",\"@id\":\"https:\\\/\\\/www.fcbarcelonanoticias.com\\\/en\\\/#\\\/schema\\\/person\\\/76c77917e39f918eb1604c571055386e\",\"name\":\"Claudio Betancourt\",\"image\":{\"@type\":\"ImageObject\",\"inLanguage\":\"en-US\",\"@id\":\"https:\\\/\\\/secure.gravatar.com\\\/avatar\\\/?s=96&d=mm&r=g\",\"url\":\"https:\\\/\\\/secure.gravatar.com\\\/avatar\\\/?s=96&d=mm&r=g\",\"contentUrl\":\"https:\\\/\\\/secure.gravatar.com\\\/avatar\\\/?s=96&d=mm&r=g\",\"caption\":\"Claudio Betancourt\"},\"url\":\"https:\\\/\\\/www.fcbarcelonanoticias.com\\\/en\\\/claudio-betancourt_14_115.html\"}]}<\/script>\n<!-- \/ Yoast SEO plugin. -->","yoast_head_json":{"title":"Drama in the Madrid! Tchouameni And Praises will not be able to play the Supercopa","description":"The Real Madrid will not be able to have Aur\u00e9lien Tchouam\u00e9ni neither David Praises for the Supercopa of Spain. Both players present injuries in the s\u00f3leo and could lose what subtracts of January","robots":{"index":"index","follow":"follow","max-snippet":"max-snippet:-1","max-image-preview":"max-image-preview:large","max-video-preview":"max-video-preview:-1"},"canonical":"https:\/\/www.fcbarcelonanoticias.com\/en\/real-madrid\/drama-in-the-madrid-tchouameni-and-praises-will-not-be-able-to-play-the-supercopa_288457_102.html","og_locale":"en_US","og_type":"article","og_title":"Drama in the Madrid! Tchouameni And Praises will not be able to play the Supercopa","og_description":"The Real Madrid will not be able to have Aur\u00e9lien Tchouam\u00e9ni neither David Praises for the Supercopa of Spain. Both players present injuries in the s\u00f3leo and could lose what subtracts of January","og_url":"https:\/\/www.fcbarcelonanoticias.com\/en\/real-madrid\/drama-in-the-madrid-tchouameni-and-praises-will-not-be-able-to-play-the-supercopa_288457_102.html","og_site_name":"EN - FC Barcelona Noticias","article_published_time":"2023-01-09T14:24:00+00:00","og_image":[{"width":1200,"height":712,"url":"https:\/\/www.fcbarcelonanoticias.com\/en\/wp-content\/uploads\/sites\/2\/2023\/06\/fbl-esp-liga-real-madrid-training-2-1.jpeg","type":"image\/jpeg"}],"author":"Claudio Betancourt","twitter_card":"summary_large_image","twitter_misc":{"Written by":"Claudio Betancourt","Est. reading time":"2 minutes"},"schema":{"@context":"https:\/\/schema.org","@graph":[{"@type":"Article","@id":"https:\/\/www.fcbarcelonanoticias.com\/en\/real-madrid\/drama-in-the-madrid-tchouameni-and-praises-will-not-be-able-to-play-the-supercopa_288457_102.html#article","isPartOf":{"@id":"https:\/\/www.fcbarcelonanoticias.com\/en\/real-madrid\/drama-in-the-madrid-tchouameni-and-praises-will-not-be-able-to-play-the-supercopa_288457_102.html"},"author":{"name":"Claudio Betancourt","@id":"https:\/\/www.fcbarcelonanoticias.com\/en\/#\/schema\/person\/76c77917e39f918eb1604c571055386e"},"headline":"Drama in Madrid! Tchouameni and Alaba will not be able to play the Super Cup","datePublished":"2023-01-09T14:24:00+00:00","mainEntityOfPage":{"@id":"https:\/\/www.fcbarcelonanoticias.com\/en\/real-madrid\/drama-in-the-madrid-tchouameni-and-praises-will-not-be-able-to-play-the-supercopa_288457_102.html"},"wordCount":493,"image":{"@id":"https:\/\/www.fcbarcelonanoticias.com\/en\/real-madrid\/drama-in-the-madrid-tchouameni-and-praises-will-not-be-able-to-play-the-supercopa_288457_102.html#primaryimage"},"thumbnailUrl":"https:\/\/www.fcbarcelonanoticias.com\/en\/wp-content\/uploads\/sites\/2\/2023\/06\/fbl-esp-liga-real-madrid-training-2-1.jpeg","keywords":["Valencia CF"],"articleSection":["Real Madrid","Real Madrid"],"inLanguage":"en-US"},{"@type":"WebPage","@id":"https:\/\/www.fcbarcelonanoticias.com\/en\/real-madrid\/drama-in-the-madrid-tchouameni-and-praises-will-not-be-able-to-play-the-supercopa_288457_102.html","url":"https:\/\/www.fcbarcelonanoticias.com\/en\/real-madrid\/drama-in-the-madrid-tchouameni-and-praises-will-not-be-able-to-play-the-supercopa_288457_102.html","name":"Drama in the Madrid! Tchouameni And Praises will not be able to play the Supercopa","isPartOf":{"@id":"https:\/\/www.fcbarcelonanoticias.com\/en\/#website"},"primaryImageOfPage":{"@id":"https:\/\/www.fcbarcelonanoticias.com\/en\/real-madrid\/drama-in-the-madrid-tchouameni-and-praises-will-not-be-able-to-play-the-supercopa_288457_102.html#primaryimage"},"image":{"@id":"https:\/\/www.fcbarcelonanoticias.com\/en\/real-madrid\/drama-in-the-madrid-tchouameni-and-praises-will-not-be-able-to-play-the-supercopa_288457_102.html#primaryimage"},"thumbnailUrl":"https:\/\/www.fcbarcelonanoticias.com\/en\/wp-content\/uploads\/sites\/2\/2023\/06\/fbl-esp-liga-real-madrid-training-2-1.jpeg","datePublished":"2023-01-09T14:24:00+00:00","author":{"@id":"https:\/\/www.fcbarcelonanoticias.com\/en\/#\/schema\/person\/76c77917e39f918eb1604c571055386e"},"description":"The Real Madrid will not be able to have Aur\u00e9lien Tchouam\u00e9ni neither David Praises for the Supercopa of Spain. Both players present injuries in the s\u00f3leo and could lose what subtracts of January","breadcrumb":{"@id":"https:\/\/www.fcbarcelonanoticias.com\/en\/real-madrid\/drama-in-the-madrid-tchouameni-and-praises-will-not-be-able-to-play-the-supercopa_288457_102.html#breadcrumb"},"inLanguage":"en-US","potentialAction":[{"@type":"ReadAction","target":["https:\/\/www.fcbarcelonanoticias.com\/en\/real-madrid\/drama-in-the-madrid-tchouameni-and-praises-will-not-be-able-to-play-the-supercopa_288457_102.html"]}]},{"@type":"ImageObject","inLanguage":"en-US","@id":"https:\/\/www.fcbarcelonanoticias.com\/en\/real-madrid\/drama-in-the-madrid-tchouameni-and-praises-will-not-be-able-to-play-the-supercopa_288457_102.html#primaryimage","url":"https:\/\/www.fcbarcelonanoticias.com\/en\/wp-content\/uploads\/sites\/2\/2023\/06\/fbl-esp-liga-real-madrid-training-2-1.jpeg","contentUrl":"https:\/\/www.fcbarcelonanoticias.com\/en\/wp-content\/uploads\/sites\/2\/2023\/06\/fbl-esp-liga-real-madrid-training-2-1.jpeg","width":1200,"height":712},{"@type":"BreadcrumbList","@id":"https:\/\/www.fcbarcelonanoticias.com\/en\/real-madrid\/drama-in-the-madrid-tchouameni-and-praises-will-not-be-able-to-play-the-supercopa_288457_102.html#breadcrumb","itemListElement":[{"@type":"ListItem","position":1,"name":"Portada","item":"https:\/\/www.fcbarcelonanoticias.com\/en\/"},{"@type":"ListItem","position":2,"name":"Drama in Madrid! Tchouameni and Alaba will not be able to play the Super Cup"}]},{"@type":"WebSite","@id":"https:\/\/www.fcbarcelonanoticias.com\/en\/#website","url":"https:\/\/www.fcbarcelonanoticias.com\/en\/","name":"EN - FC Barcelona Noticias","description":"","potentialAction":[{"@type":"SearchAction","target":{"@type":"EntryPoint","urlTemplate":"https:\/\/www.fcbarcelonanoticias.com\/en\/?s={search_term_string}"},"query-input":{"@type":"PropertyValueSpecification","valueRequired":true,"valueName":"search_term_string"}}],"inLanguage":"en-US"},{"@type":"Person","@id":"https:\/\/www.fcbarcelonanoticias.com\/en\/#\/schema\/person\/76c77917e39f918eb1604c571055386e","name":"Claudio Betancourt","image":{"@type":"ImageObject","inLanguage":"en-US","@id":"https:\/\/secure.gravatar.com\/avatar\/?s=96&d=mm&r=g","url":"https:\/\/secure.gravatar.com\/avatar\/?s=96&d=mm&r=g","contentUrl":"https:\/\/secure.gravatar.com\/avatar\/?s=96&d=mm&r=g","caption":"Claudio Betancourt"},"url":"https:\/\/www.fcbarcelonanoticias.com\/en\/claudio-betancourt_14_115.html"}]}},"_links":{"self":[{"href":"https:\/\/www.fcbarcelonanoticias.com\/en\/wp-json\/wp\/v2\/posts\/80855","targetHints":{"allow":["GET"]}}],"collection":[{"href":"https:\/\/www.fcbarcelonanoticias.com\/en\/wp-json\/wp\/v2\/posts"}],"about":[{"href":"https:\/\/www.fcbarcelonanoticias.com\/en\/wp-json\/wp\/v2\/types\/post"}],"author":[{"embeddable":true,"href":"https:\/\/www.fcbarcelonanoticias.com\/en\/wp-json\/wp\/v2\/users\/363"}],"replies":[{"embeddable":true,"href":"https:\/\/www.fcbarcelonanoticias.com\/en\/wp-json\/wp\/v2\/comments?post=80855"}],"version-history":[{"count":1,"href":"https:\/\/www.fcbarcelonanoticias.com\/en\/wp-json\/wp\/v2\/posts\/80855\/revisions"}],"predecessor-version":[{"id":122207,"href":"https:\/\/www.fcbarcelonanoticias.com\/en\/wp-json\/wp\/v2\/posts\/80855\/revisions\/122207"}],"wp:featuredmedia":[{"embeddable":true,"href":"https:\/\/www.fcbarcelonanoticias.com\/en\/wp-json\/wp\/v2\/media\/80105"}],"wp:attachment":[{"href":"https:\/\/www.fcbarcelonanoticias.com\/en\/wp-json\/wp\/v2\/media?parent=80855"}],"wp:term":[{"taxonomy":"category","embeddable":true,"href":"https:\/\/www.fcbarcelonanoticias.com\/en\/wp-json\/wp\/v2\/categories?post=80855"},{"taxonomy":"post_tag","embeddable":true,"href":"https:\/\/www.fcbarcelonanoticias.com\/en\/wp-json\/wp\/v2\/tags?post=80855"}],"curies":[{"name":"wp","href":"https:\/\/api.w.org\/{rel}","templated":true}]}}