{"id":81002,"date":"2024-02-01T18:18:00","date_gmt":"2024-02-01T17:18:00","guid":{"rendered":"https:\/\/weisetech.dev\/fc-barcelona-noticias\/en\/vitor-roque-remedy-for-barca-needed-of-spark_300461_102\/"},"modified":"2024-02-01T18:19:00","modified_gmt":"2024-02-01T17:19:00","slug":"vitor-roque-remedy-for-barca-needed-of-spark_300461_102","status":"publish","type":"post","link":"https:\/\/www.fcbarcelonanoticias.com\/en\/players\/vitor-roque-remedy-for-barca-needed-of-spark_300461_102.html","title":{"rendered":"Vitor Roque, &#8216;remedy&#8217; for a Bar\u00e7a in need of a spark"},"content":{"rendered":"<h2 class=\"wp-block-heading\">At FC Barcelona they trust that, once freed from the pressure of the first goal, Vitor Roque can be a decisive player in a team that urgently needs his spark and imbalance<\/h2>  \r\n<div class=\"article-addons\">\r\n    <a href=\"https:\/\/www.fcbarcelonanoticias.com\/en\/calendar-fc-barcelona.html\"\r\n       target=\"_self\"\r\n       title=\"Calendar of FC Barcelona\"\r\n       class=\"blue-gredient-btn\">\r\n       \r\n        Calendar of FC Barcelona    <\/a>\r\n<\/div>   <p>When <a data-external=\"0\" data-intl-links-en=\"https:\/\/www.fcbarcelonanoticias.com\/en\/fc-barcelona\" data-intl-links-es=\"https:\/\/www.fcbarcelonanoticias.com\/fc-barcelona\" href=\"https:\/\/www.fcbarcelonanoticias.com\/en\/football-soccer\/fc-barcelona.html\" rel=\"follow\" target=\"_self\" title=\"FC Barcelona\">the FC Barcelona<\/a> fich\u00f3 to Vitor Roque knew that it was doing with the services with one of the footballers with more smell goleador of all Brazil, but that <strong>also needed time for &#8216;adapt&#8217; to the football of maximum level in Europe, that is very different to how the &#8216;perceived&#8217; in sudam\u00e9rica. <\/strong>The change, adding that only it has 18 years and is beginning his career like footballer, invited to have patience and expect that all the pieces of the puzzle fit to his time.<\/p>  <p>Against the Osasuna,<strong> going in to play the last half hour of party, marked the goal that gave the victory to the Bar\u00e7a and showed to be a player &#8216;different&#8217; to what there was in this moment on the terrain of game<\/strong>. It took advantage of of a precise centre of Joao Cancel to command the balloon to the deepest of the network and offer his letter of presentation to an Estadi Ol\u00edmpic Llu\u00eds Compannys that, until this moment, had seen very little of him. In the Bar\u00e7a expect that his presentation of this Wednesday was a turning point.<\/p>  <p>And it is that in the club are conscious that have to one of the big promises of the football sudamericano in his rows, therefore<strong> they have him &#8216;taken care&#8217; so much in this last month since it arrived to the City Condal.<\/strong> They knew that they could not rush and give him all the responsibilities in the attack, because it did not correspond him and, besides, came to recover of an injury that left him almost two months &#8216;KO&#8217; in the Paranaense. Now, they can go collecting the fruits and his celebrations, surely, will be much more usual.<\/p>  <h2>The plan has worked for the Bar\u00e7a<\/h2>  <p>&#8220;<strong>Vitor Roque Needed this goal to free . Today it has marked differences and it is necessary to take care it because it will help us a lot<\/strong>&#8220;, said Xavi Hern\u00e1ndez after the party against the Osasuna. It knows that the &#8216;plan&#8217; that has followed with his technical body and that they are few the details to correct for a &#8216;Triguinho&#8217; that contributed dynamism to the game of the Bar\u00e7a and that it was a &#8216;machine&#8217; to generate desmarques and drag defences. Even when it was not involved with the balloon, entirely, was able to leave his footprint.<\/p>  <p>It is very true that still has several appearances for improving, especially in the controls because it takes more than the &#8216;necessary&#8217; in accommodating the balloon, but is a player that is in full training and that requires patience, confidence and opportunities. Has all the will and &#8216;hunger&#8217; of the world, by what there are not doubts that it will finish marking the difference. <strong>In a Bar\u00e7a that many times is very flat, can be the light in the middle of the darkness. <\/strong><\/p> ","protected":false},"excerpt":{"rendered":"<p>At FC Barcelona they trust that, once freed from the pressure of the first goal, Vitor Roque can be a decisive player in a team that urgently needs his spark and imbalance When the FC Barcelona fich\u00f3 to Vitor Roque knew that it was doing with the services with one of the footballers with more [&hellip;]<\/p>\n","protected":false},"author":0,"featured_media":7002,"comment_status":"closed","ping_status":"open","sticky":false,"template":"","format":"standard","meta":{"_acf_changed":false,"inline_featured_image":false,"_nextfly_llmd_date_locked":false,"footnotes":""},"categories":[107,453],"tags":[327],"class_list":["post-81002","post","type-post","status-publish","format-standard","has-post-thumbnail","hentry","category-players","category-players-2","tag-vitor-roque"],"acf":[],"yoast_head":"<!-- This site is optimized with the Yoast SEO plugin v27.3 - https:\/\/yoast.com\/product\/yoast-seo-wordpress\/ -->\n<title>Vitor Roque, &#039;remedy&#039; for a Bar\u00e7a needed of spark<\/title>\n<meta name=\"description\" content=\"In the FC Barcelona trust that, once freed of the pressure of the rimer goal, Vitor Roque can be a decisive player in a team that, urgently, needs of his spark and disequilibrium\" \/>\n<meta name=\"robots\" content=\"index, follow, max-snippet:-1, max-image-preview:large, max-video-preview:-1\" \/>\n<link rel=\"canonical\" href=\"https:\/\/www.fcbarcelonanoticias.com\/en\/players\/vitor-roque-remedy-for-barca-needed-of-spark_300461_102.html\" \/>\n<meta property=\"og:locale\" content=\"en_US\" \/>\n<meta property=\"og:type\" content=\"article\" \/>\n<meta property=\"og:title\" content=\"Vitor Roque, &#039;remedy&#039; for a Bar\u00e7a needed of spark\" \/>\n<meta property=\"og:description\" content=\"In the FC Barcelona trust that, once freed of the pressure of the rimer goal, Vitor Roque can be a decisive player in a team that, urgently, needs of his spark and disequilibrium\" \/>\n<meta property=\"og:url\" content=\"https:\/\/www.fcbarcelonanoticias.com\/en\/players\/vitor-roque-remedy-for-barca-needed-of-spark_300461_102.html\" \/>\n<meta property=\"og:site_name\" content=\"EN - FC Barcelona Noticias\" \/>\n<meta property=\"article:published_time\" content=\"2024-02-01T17:18:00+00:00\" \/>\n<meta property=\"article:modified_time\" content=\"2024-02-01T17:19:00+00:00\" \/>\n<meta property=\"og:image\" content=\"https:\/\/www.fcbarcelonanoticias.com\/en\/wp-content\/uploads\/sites\/2\/2024\/02\/vitor-roque-en-el-estadi-olimpic-lluis-compannys.jpeg\" \/>\n\t<meta property=\"og:image:width\" content=\"1200\" \/>\n\t<meta property=\"og:image:height\" content=\"675\" \/>\n\t<meta property=\"og:image:type\" content=\"image\/jpeg\" \/>\n<meta name=\"twitter:card\" content=\"summary_large_image\" \/>\n<meta name=\"twitter:label1\" content=\"Est. reading time\" \/>\n\t<meta name=\"twitter:data1\" content=\"3 minutes\" \/>\n<script type=\"application\/ld+json\" class=\"yoast-schema-graph\">{\"@context\":\"https:\\\/\\\/schema.org\",\"@graph\":[{\"@type\":\"Article\",\"@id\":\"https:\\\/\\\/www.fcbarcelonanoticias.com\\\/en\\\/players\\\/vitor-roque-remedy-for-barca-needed-of-spark_300461_102.html#article\",\"isPartOf\":{\"@id\":\"https:\\\/\\\/www.fcbarcelonanoticias.com\\\/en\\\/players\\\/vitor-roque-remedy-for-barca-needed-of-spark_300461_102.html\"},\"author\":{\"name\":\"\",\"@id\":\"\"},\"headline\":\"Vitor Roque, &#8216;remedy&#8217; for a Bar\u00e7a in need of a spark\",\"datePublished\":\"2024-02-01T17:18:00+00:00\",\"dateModified\":\"2024-02-01T17:19:00+00:00\",\"mainEntityOfPage\":{\"@id\":\"https:\\\/\\\/www.fcbarcelonanoticias.com\\\/en\\\/players\\\/vitor-roque-remedy-for-barca-needed-of-spark_300461_102.html\"},\"wordCount\":523,\"image\":{\"@id\":\"https:\\\/\\\/www.fcbarcelonanoticias.com\\\/en\\\/players\\\/vitor-roque-remedy-for-barca-needed-of-spark_300461_102.html#primaryimage\"},\"thumbnailUrl\":\"https:\\\/\\\/www.fcbarcelonanoticias.com\\\/en\\\/wp-content\\\/uploads\\\/sites\\\/2\\\/2024\\\/02\\\/vitor-roque-en-el-estadi-olimpic-lluis-compannys.jpeg\",\"keywords\":[\"Vitor Roque\"],\"articleSection\":[\"Players\",\"Players\"],\"inLanguage\":\"en-US\"},{\"@type\":\"WebPage\",\"@id\":\"https:\\\/\\\/www.fcbarcelonanoticias.com\\\/en\\\/players\\\/vitor-roque-remedy-for-barca-needed-of-spark_300461_102.html\",\"url\":\"https:\\\/\\\/www.fcbarcelonanoticias.com\\\/en\\\/players\\\/vitor-roque-remedy-for-barca-needed-of-spark_300461_102.html\",\"name\":\"Vitor Roque, 'remedy' for a Bar\u00e7a needed of spark\",\"isPartOf\":{\"@id\":\"https:\\\/\\\/www.fcbarcelonanoticias.com\\\/en\\\/#website\"},\"primaryImageOfPage\":{\"@id\":\"https:\\\/\\\/www.fcbarcelonanoticias.com\\\/en\\\/players\\\/vitor-roque-remedy-for-barca-needed-of-spark_300461_102.html#primaryimage\"},\"image\":{\"@id\":\"https:\\\/\\\/www.fcbarcelonanoticias.com\\\/en\\\/players\\\/vitor-roque-remedy-for-barca-needed-of-spark_300461_102.html#primaryimage\"},\"thumbnailUrl\":\"https:\\\/\\\/www.fcbarcelonanoticias.com\\\/en\\\/wp-content\\\/uploads\\\/sites\\\/2\\\/2024\\\/02\\\/vitor-roque-en-el-estadi-olimpic-lluis-compannys.jpeg\",\"datePublished\":\"2024-02-01T17:18:00+00:00\",\"dateModified\":\"2024-02-01T17:19:00+00:00\",\"author\":{\"@id\":\"\"},\"description\":\"In the FC Barcelona trust that, once freed of the pressure of the rimer goal, Vitor Roque can be a decisive player in a team that, urgently, needs of his spark and disequilibrium\",\"breadcrumb\":{\"@id\":\"https:\\\/\\\/www.fcbarcelonanoticias.com\\\/en\\\/players\\\/vitor-roque-remedy-for-barca-needed-of-spark_300461_102.html#breadcrumb\"},\"inLanguage\":\"en-US\",\"potentialAction\":[{\"@type\":\"ReadAction\",\"target\":[\"https:\\\/\\\/www.fcbarcelonanoticias.com\\\/en\\\/players\\\/vitor-roque-remedy-for-barca-needed-of-spark_300461_102.html\"]}]},{\"@type\":\"ImageObject\",\"inLanguage\":\"en-US\",\"@id\":\"https:\\\/\\\/www.fcbarcelonanoticias.com\\\/en\\\/players\\\/vitor-roque-remedy-for-barca-needed-of-spark_300461_102.html#primaryimage\",\"url\":\"https:\\\/\\\/www.fcbarcelonanoticias.com\\\/en\\\/wp-content\\\/uploads\\\/sites\\\/2\\\/2024\\\/02\\\/vitor-roque-en-el-estadi-olimpic-lluis-compannys.jpeg\",\"contentUrl\":\"https:\\\/\\\/www.fcbarcelonanoticias.com\\\/en\\\/wp-content\\\/uploads\\\/sites\\\/2\\\/2024\\\/02\\\/vitor-roque-en-el-estadi-olimpic-lluis-compannys.jpeg\",\"width\":1200,\"height\":675},{\"@type\":\"BreadcrumbList\",\"@id\":\"https:\\\/\\\/www.fcbarcelonanoticias.com\\\/en\\\/players\\\/vitor-roque-remedy-for-barca-needed-of-spark_300461_102.html#breadcrumb\",\"itemListElement\":[{\"@type\":\"ListItem\",\"position\":1,\"name\":\"Portada\",\"item\":\"https:\\\/\\\/www.fcbarcelonanoticias.com\\\/en\\\/\"},{\"@type\":\"ListItem\",\"position\":2,\"name\":\"Vitor Roque, &#8216;remedy&#8217; for a Bar\u00e7a in need of a spark\"}]},{\"@type\":\"WebSite\",\"@id\":\"https:\\\/\\\/www.fcbarcelonanoticias.com\\\/en\\\/#website\",\"url\":\"https:\\\/\\\/www.fcbarcelonanoticias.com\\\/en\\\/\",\"name\":\"EN - FC Barcelona Noticias\",\"description\":\"\",\"potentialAction\":[{\"@type\":\"SearchAction\",\"target\":{\"@type\":\"EntryPoint\",\"urlTemplate\":\"https:\\\/\\\/www.fcbarcelonanoticias.com\\\/en\\\/?s={search_term_string}\"},\"query-input\":{\"@type\":\"PropertyValueSpecification\",\"valueRequired\":true,\"valueName\":\"search_term_string\"}}],\"inLanguage\":\"en-US\"}]}<\/script>\n<!-- \/ Yoast SEO plugin. -->","yoast_head_json":{"title":"Vitor Roque, 'remedy' for a Bar\u00e7a needed of spark","description":"In the FC Barcelona trust that, once freed of the pressure of the rimer goal, Vitor Roque can be a decisive player in a team that, urgently, needs of his spark and disequilibrium","robots":{"index":"index","follow":"follow","max-snippet":"max-snippet:-1","max-image-preview":"max-image-preview:large","max-video-preview":"max-video-preview:-1"},"canonical":"https:\/\/www.fcbarcelonanoticias.com\/en\/players\/vitor-roque-remedy-for-barca-needed-of-spark_300461_102.html","og_locale":"en_US","og_type":"article","og_title":"Vitor Roque, 'remedy' for a Bar\u00e7a needed of spark","og_description":"In the FC Barcelona trust that, once freed of the pressure of the rimer goal, Vitor Roque can be a decisive player in a team that, urgently, needs of his spark and disequilibrium","og_url":"https:\/\/www.fcbarcelonanoticias.com\/en\/players\/vitor-roque-remedy-for-barca-needed-of-spark_300461_102.html","og_site_name":"EN - FC Barcelona Noticias","article_published_time":"2024-02-01T17:18:00+00:00","article_modified_time":"2024-02-01T17:19:00+00:00","og_image":[{"width":1200,"height":675,"url":"https:\/\/www.fcbarcelonanoticias.com\/en\/wp-content\/uploads\/sites\/2\/2024\/02\/vitor-roque-en-el-estadi-olimpic-lluis-compannys.jpeg","type":"image\/jpeg"}],"twitter_card":"summary_large_image","twitter_misc":{"Est. reading time":"3 minutes"},"schema":{"@context":"https:\/\/schema.org","@graph":[{"@type":"Article","@id":"https:\/\/www.fcbarcelonanoticias.com\/en\/players\/vitor-roque-remedy-for-barca-needed-of-spark_300461_102.html#article","isPartOf":{"@id":"https:\/\/www.fcbarcelonanoticias.com\/en\/players\/vitor-roque-remedy-for-barca-needed-of-spark_300461_102.html"},"author":{"name":"","@id":""},"headline":"Vitor Roque, &#8216;remedy&#8217; for a Bar\u00e7a in need of a spark","datePublished":"2024-02-01T17:18:00+00:00","dateModified":"2024-02-01T17:19:00+00:00","mainEntityOfPage":{"@id":"https:\/\/www.fcbarcelonanoticias.com\/en\/players\/vitor-roque-remedy-for-barca-needed-of-spark_300461_102.html"},"wordCount":523,"image":{"@id":"https:\/\/www.fcbarcelonanoticias.com\/en\/players\/vitor-roque-remedy-for-barca-needed-of-spark_300461_102.html#primaryimage"},"thumbnailUrl":"https:\/\/www.fcbarcelonanoticias.com\/en\/wp-content\/uploads\/sites\/2\/2024\/02\/vitor-roque-en-el-estadi-olimpic-lluis-compannys.jpeg","keywords":["Vitor Roque"],"articleSection":["Players","Players"],"inLanguage":"en-US"},{"@type":"WebPage","@id":"https:\/\/www.fcbarcelonanoticias.com\/en\/players\/vitor-roque-remedy-for-barca-needed-of-spark_300461_102.html","url":"https:\/\/www.fcbarcelonanoticias.com\/en\/players\/vitor-roque-remedy-for-barca-needed-of-spark_300461_102.html","name":"Vitor Roque, 'remedy' for a Bar\u00e7a needed of spark","isPartOf":{"@id":"https:\/\/www.fcbarcelonanoticias.com\/en\/#website"},"primaryImageOfPage":{"@id":"https:\/\/www.fcbarcelonanoticias.com\/en\/players\/vitor-roque-remedy-for-barca-needed-of-spark_300461_102.html#primaryimage"},"image":{"@id":"https:\/\/www.fcbarcelonanoticias.com\/en\/players\/vitor-roque-remedy-for-barca-needed-of-spark_300461_102.html#primaryimage"},"thumbnailUrl":"https:\/\/www.fcbarcelonanoticias.com\/en\/wp-content\/uploads\/sites\/2\/2024\/02\/vitor-roque-en-el-estadi-olimpic-lluis-compannys.jpeg","datePublished":"2024-02-01T17:18:00+00:00","dateModified":"2024-02-01T17:19:00+00:00","author":{"@id":""},"description":"In the FC Barcelona trust that, once freed of the pressure of the rimer goal, Vitor Roque can be a decisive player in a team that, urgently, needs of his spark and disequilibrium","breadcrumb":{"@id":"https:\/\/www.fcbarcelonanoticias.com\/en\/players\/vitor-roque-remedy-for-barca-needed-of-spark_300461_102.html#breadcrumb"},"inLanguage":"en-US","potentialAction":[{"@type":"ReadAction","target":["https:\/\/www.fcbarcelonanoticias.com\/en\/players\/vitor-roque-remedy-for-barca-needed-of-spark_300461_102.html"]}]},{"@type":"ImageObject","inLanguage":"en-US","@id":"https:\/\/www.fcbarcelonanoticias.com\/en\/players\/vitor-roque-remedy-for-barca-needed-of-spark_300461_102.html#primaryimage","url":"https:\/\/www.fcbarcelonanoticias.com\/en\/wp-content\/uploads\/sites\/2\/2024\/02\/vitor-roque-en-el-estadi-olimpic-lluis-compannys.jpeg","contentUrl":"https:\/\/www.fcbarcelonanoticias.com\/en\/wp-content\/uploads\/sites\/2\/2024\/02\/vitor-roque-en-el-estadi-olimpic-lluis-compannys.jpeg","width":1200,"height":675},{"@type":"BreadcrumbList","@id":"https:\/\/www.fcbarcelonanoticias.com\/en\/players\/vitor-roque-remedy-for-barca-needed-of-spark_300461_102.html#breadcrumb","itemListElement":[{"@type":"ListItem","position":1,"name":"Portada","item":"https:\/\/www.fcbarcelonanoticias.com\/en\/"},{"@type":"ListItem","position":2,"name":"Vitor Roque, &#8216;remedy&#8217; for a Bar\u00e7a in need of a spark"}]},{"@type":"WebSite","@id":"https:\/\/www.fcbarcelonanoticias.com\/en\/#website","url":"https:\/\/www.fcbarcelonanoticias.com\/en\/","name":"EN - FC Barcelona Noticias","description":"","potentialAction":[{"@type":"SearchAction","target":{"@type":"EntryPoint","urlTemplate":"https:\/\/www.fcbarcelonanoticias.com\/en\/?s={search_term_string}"},"query-input":{"@type":"PropertyValueSpecification","valueRequired":true,"valueName":"search_term_string"}}],"inLanguage":"en-US"}]}},"_links":{"self":[{"href":"https:\/\/www.fcbarcelonanoticias.com\/en\/wp-json\/wp\/v2\/posts\/81002","targetHints":{"allow":["GET"]}}],"collection":[{"href":"https:\/\/www.fcbarcelonanoticias.com\/en\/wp-json\/wp\/v2\/posts"}],"about":[{"href":"https:\/\/www.fcbarcelonanoticias.com\/en\/wp-json\/wp\/v2\/types\/post"}],"replies":[{"embeddable":true,"href":"https:\/\/www.fcbarcelonanoticias.com\/en\/wp-json\/wp\/v2\/comments?post=81002"}],"version-history":[{"count":1,"href":"https:\/\/www.fcbarcelonanoticias.com\/en\/wp-json\/wp\/v2\/posts\/81002\/revisions"}],"predecessor-version":[{"id":123404,"href":"https:\/\/www.fcbarcelonanoticias.com\/en\/wp-json\/wp\/v2\/posts\/81002\/revisions\/123404"}],"wp:featuredmedia":[{"embeddable":true,"href":"https:\/\/www.fcbarcelonanoticias.com\/en\/wp-json\/wp\/v2\/media\/7002"}],"wp:attachment":[{"href":"https:\/\/www.fcbarcelonanoticias.com\/en\/wp-json\/wp\/v2\/media?parent=81002"}],"wp:term":[{"taxonomy":"category","embeddable":true,"href":"https:\/\/www.fcbarcelonanoticias.com\/en\/wp-json\/wp\/v2\/categories?post=81002"},{"taxonomy":"post_tag","embeddable":true,"href":"https:\/\/www.fcbarcelonanoticias.com\/en\/wp-json\/wp\/v2\/tags?post=81002"}],"curies":[{"name":"wp","href":"https:\/\/api.w.org\/{rel}","templated":true}]}}