{"id":81012,"date":"2023-10-17T21:45:00","date_gmt":"2023-10-17T19:45:00","guid":{"rendered":"https:\/\/weisetech.dev\/fc-barcelona-noticias\/en\/vitor-roque-reveals-how-is-of-his-injury-and-when-could-go-back-to-play_297172_102\/"},"modified":"2023-10-17T21:46:00","modified_gmt":"2023-10-17T19:46:00","slug":"vitor-roque-reveals-how-is-of-his-injury-and-when-could-go-back-to-play_297172_102","status":"publish","type":"post","link":"https:\/\/www.fcbarcelonanoticias.com\/en\/players\/vitor-roque-reveals-how-is-of-his-injury-and-when-could-go-back-to-play_297172_102.html","title":{"rendered":"Vitor Roque reveals how he is doing with his injury and when he could return to play"},"content":{"rendered":"<h2 class=\"wp-block-heading\">The Bar\u00e7a has not had a simple summer from the economic, but still like this attained fichar to one of the most promising forwards of the world, one that right now is recovering of an important injury of ankle<\/h2>  \r\n<div class=\"article-addons\">\r\n    <a href=\"https:\/\/www.fcbarcelonanoticias.com\/en\/calendar-fc-barcelona.html\"\r\n       target=\"_self\"\r\n       title=\"Calendar of FC Barcelona\"\r\n       class=\"blue-gredient-btn\">\r\n       \r\n        Calendar of FC Barcelona    <\/a>\r\n<\/div>   <p><a data-external=\"0\" data-intl-links-en=\"https:\/\/www.fcbarcelonanoticias.com\/en\/players\/vitor-roque-confirms-that-it-never-doubted-to-play-in-barca-and-reveals-if-it-will-arrive-in-january_297169_102.html\" data-intl-links-es=\"https:\/\/www.fcbarcelonanoticias.com\/jugadores\/vitor-roque-confirma-nunca-dudo-jugar-en-barca-revela-si-llegara-en-enero_297169_102.html\" href=\"https:\/\/www.fcbarcelonanoticias.com\/en\/players\/vitor-roque-confirms-that-it-never-doubted-to-play-in-barca-and-reveals-if-it-will-arrive-in-january_297169_102.html\" rel=\"follow\" target=\"_self\" title=\"Vitor Roque confirma que nunca dud\u00f3 de jugar en el Bar\u00e7a y revela si llegar\u00e1&nbsp;en&nbsp;enero\">Vitor Roque<\/a> Suffered a grave injury after a very hard entrance in the Brasileirao recently less than a month, producing a break of the ligament of his left ankle. <strong>This action had a prognosis of some three months like time estimated of drop,<\/strong> by what now in the middle of his recovery has taken the time to give an interview to &#8216;Sportive World&#8217;.<\/p>  <p>From his house the Brazilian forward cleared how goes his process and how works to try reappear the before possible, even before his possible landing in the FC Barcelona the next month of January. Shelving for one moment the duties cul\u00e9s with the &#8216;fair play&#8217; financial, <strong>Roque stood out that &#8220;I am recovering me well, my recovery is being optimum, am very young, then this also helps a lot&#8221;, analysed.<\/strong><\/p>  <h2>Vitor Roque Seems to have clear his leaf of route to recover<\/h2>  <p>On the type of rehabilitation that is having, the footballer of 18 years explained that &#8220;every day I go for the Centre of Training, do physiotherapy, do two sessions and sometimes also treat me at night here (in his house)&#8221;, ensured Roque. <strong>It is worthwhile to remember that between all the parts involved decided that the ariete did not go through the operating theatre and had a conservative recovery. <\/strong><\/p>  <p>On the possibility that the season 2023 have not finished for him in the Paranaense, Vitor Roque surprised to some when standing out that have the idea to play still with the Athletico. <strong>If all goes well with the recovery, think that I will play&#8221;, explained.<\/strong> Equally it remains clear that so that this stage produce first would have to exist the green light of a Bar\u00e7a that surely does not have scheduled this situation.<\/p>  <h2>Raphinha, the attendant to welcome Roque<\/h2>  <p>The &#8216;9&#8217; equally did not want to finalise his interview without mentioning that once that his signing did official Raphinha ensured him that they were expecting it and that &#8220;were anxious to play with me. <strong>And that when it arrive they will help me to adapt me well&#8221;, explained Roque, adding besides that some days before &#8220;called me Araujo.<\/strong> First it commanded him a message to Canobbio \u2013Uruguayan and mate of Vitor in the Paranaense- and said him that it was to the Bar\u00e7a. &#8216;Come to the Bar\u00e7a, see, see to play with us&#8217;, said me&#8221;. It revealed between laughs the goleador.<\/p> ","protected":false},"excerpt":{"rendered":"<p>The Bar\u00e7a has not had a simple summer from the economic, but still like this attained fichar to one of the most promising forwards of the world, one that right now is recovering of an important injury of ankle Vitor Roque Suffered a grave injury after a very hard entrance in the Brasileirao recently less [&hellip;]<\/p>\n","protected":false},"author":345,"featured_media":14524,"comment_status":"closed","ping_status":"open","sticky":false,"template":"","format":"standard","meta":{"_acf_changed":false,"inline_featured_image":false,"_nextfly_llmd_date_locked":false,"footnotes":""},"categories":[453,107],"tags":[335,327,48],"class_list":["post-81012","post","type-post","status-publish","format-standard","has-post-thumbnail","hentry","category-players-2","category-players","tag-deco","tag-vitor-roque","tag-xavi-hernandez"],"acf":[],"yoast_head":"<!-- This site is optimized with the Yoast SEO plugin v27.3 - https:\/\/yoast.com\/product\/yoast-seo-wordpress\/ -->\n<title>Vitor Roque reveals how he is doing with his injury and when he could return to play<\/title>\n<meta name=\"description\" content=\"The Bar\u00e7a has not had a simple summer from the economic, but still like this attained fichar to one of the most promising forwards of the world, one that right now is recovering of an important injury of ankle\" \/>\n<meta name=\"robots\" content=\"index, follow, max-snippet:-1, max-image-preview:large, max-video-preview:-1\" \/>\n<link rel=\"canonical\" href=\"https:\/\/www.fcbarcelonanoticias.com\/en\/players\/vitor-roque-reveals-how-is-of-his-injury-and-when-could-go-back-to-play_297172_102.html\" \/>\n<meta property=\"og:locale\" content=\"en_US\" \/>\n<meta property=\"og:type\" content=\"article\" \/>\n<meta property=\"og:title\" content=\"Vitor Roque reveals how he is doing with his injury and when he could return to play\" \/>\n<meta property=\"og:description\" content=\"The Bar\u00e7a has not had a simple summer from the economic, but still like this attained fichar to one of the most promising forwards of the world, one that right now is recovering of an important injury of ankle\" \/>\n<meta property=\"og:url\" content=\"https:\/\/www.fcbarcelonanoticias.com\/en\/players\/vitor-roque-reveals-how-is-of-his-injury-and-when-could-go-back-to-play_297172_102.html\" \/>\n<meta property=\"og:site_name\" content=\"EN - FC Barcelona Noticias\" \/>\n<meta property=\"article:published_time\" content=\"2023-10-17T19:45:00+00:00\" \/>\n<meta property=\"article:modified_time\" content=\"2023-10-17T19:46:00+00:00\" \/>\n<meta property=\"og:image\" content=\"https:\/\/www.fcbarcelonanoticias.com\/en\/wp-content\/uploads\/sites\/2\/2023\/11\/vitor-roque-partido7.jpeg\" \/>\n\t<meta property=\"og:image:width\" content=\"1300\" \/>\n\t<meta property=\"og:image:height\" content=\"733\" \/>\n\t<meta property=\"og:image:type\" content=\"image\/jpeg\" \/>\n<meta name=\"author\" content=\"Carlos Montenegro\" \/>\n<meta name=\"twitter:card\" content=\"summary_large_image\" \/>\n<meta name=\"twitter:label1\" content=\"Written by\" \/>\n\t<meta name=\"twitter:data1\" content=\"Carlos Montenegro\" \/>\n\t<meta name=\"twitter:label2\" content=\"Est. reading time\" \/>\n\t<meta name=\"twitter:data2\" content=\"2 minutes\" \/>\n<script type=\"application\/ld+json\" class=\"yoast-schema-graph\">{\"@context\":\"https:\\\/\\\/schema.org\",\"@graph\":[{\"@type\":\"Article\",\"@id\":\"https:\\\/\\\/www.fcbarcelonanoticias.com\\\/en\\\/players\\\/vitor-roque-reveals-how-is-of-his-injury-and-when-could-go-back-to-play_297172_102.html#article\",\"isPartOf\":{\"@id\":\"https:\\\/\\\/www.fcbarcelonanoticias.com\\\/en\\\/players\\\/vitor-roque-reveals-how-is-of-his-injury-and-when-could-go-back-to-play_297172_102.html\"},\"author\":{\"name\":\"Carlos Montenegro\",\"@id\":\"https:\\\/\\\/www.fcbarcelonanoticias.com\\\/en\\\/#\\\/schema\\\/person\\\/aa1d038709c262cb247e240f6b39bbf5\"},\"headline\":\"Vitor Roque reveals how he is doing with his injury and when he could return to play\",\"datePublished\":\"2023-10-17T19:45:00+00:00\",\"dateModified\":\"2023-10-17T19:46:00+00:00\",\"mainEntityOfPage\":{\"@id\":\"https:\\\/\\\/www.fcbarcelonanoticias.com\\\/en\\\/players\\\/vitor-roque-reveals-how-is-of-his-injury-and-when-could-go-back-to-play_297172_102.html\"},\"wordCount\":455,\"image\":{\"@id\":\"https:\\\/\\\/www.fcbarcelonanoticias.com\\\/en\\\/players\\\/vitor-roque-reveals-how-is-of-his-injury-and-when-could-go-back-to-play_297172_102.html#primaryimage\"},\"thumbnailUrl\":\"https:\\\/\\\/www.fcbarcelonanoticias.com\\\/en\\\/wp-content\\\/uploads\\\/sites\\\/2\\\/2023\\\/11\\\/vitor-roque-partido7.jpeg\",\"keywords\":[\"Deco\",\"Vitor Roque\",\"Xavi Hern\u00e1ndez\"],\"articleSection\":[\"Players\",\"Players\"],\"inLanguage\":\"en-US\"},{\"@type\":\"WebPage\",\"@id\":\"https:\\\/\\\/www.fcbarcelonanoticias.com\\\/en\\\/players\\\/vitor-roque-reveals-how-is-of-his-injury-and-when-could-go-back-to-play_297172_102.html\",\"url\":\"https:\\\/\\\/www.fcbarcelonanoticias.com\\\/en\\\/players\\\/vitor-roque-reveals-how-is-of-his-injury-and-when-could-go-back-to-play_297172_102.html\",\"name\":\"Vitor Roque reveals how he is doing with his injury and when he could return to play\",\"isPartOf\":{\"@id\":\"https:\\\/\\\/www.fcbarcelonanoticias.com\\\/en\\\/#website\"},\"primaryImageOfPage\":{\"@id\":\"https:\\\/\\\/www.fcbarcelonanoticias.com\\\/en\\\/players\\\/vitor-roque-reveals-how-is-of-his-injury-and-when-could-go-back-to-play_297172_102.html#primaryimage\"},\"image\":{\"@id\":\"https:\\\/\\\/www.fcbarcelonanoticias.com\\\/en\\\/players\\\/vitor-roque-reveals-how-is-of-his-injury-and-when-could-go-back-to-play_297172_102.html#primaryimage\"},\"thumbnailUrl\":\"https:\\\/\\\/www.fcbarcelonanoticias.com\\\/en\\\/wp-content\\\/uploads\\\/sites\\\/2\\\/2023\\\/11\\\/vitor-roque-partido7.jpeg\",\"datePublished\":\"2023-10-17T19:45:00+00:00\",\"dateModified\":\"2023-10-17T19:46:00+00:00\",\"author\":{\"@id\":\"https:\\\/\\\/www.fcbarcelonanoticias.com\\\/en\\\/#\\\/schema\\\/person\\\/aa1d038709c262cb247e240f6b39bbf5\"},\"description\":\"The Bar\u00e7a has not had a simple summer from the economic, but still like this attained fichar to one of the most promising forwards of the world, one that right now is recovering of an important injury of ankle\",\"breadcrumb\":{\"@id\":\"https:\\\/\\\/www.fcbarcelonanoticias.com\\\/en\\\/players\\\/vitor-roque-reveals-how-is-of-his-injury-and-when-could-go-back-to-play_297172_102.html#breadcrumb\"},\"inLanguage\":\"en-US\",\"potentialAction\":[{\"@type\":\"ReadAction\",\"target\":[\"https:\\\/\\\/www.fcbarcelonanoticias.com\\\/en\\\/players\\\/vitor-roque-reveals-how-is-of-his-injury-and-when-could-go-back-to-play_297172_102.html\"]}]},{\"@type\":\"ImageObject\",\"inLanguage\":\"en-US\",\"@id\":\"https:\\\/\\\/www.fcbarcelonanoticias.com\\\/en\\\/players\\\/vitor-roque-reveals-how-is-of-his-injury-and-when-could-go-back-to-play_297172_102.html#primaryimage\",\"url\":\"https:\\\/\\\/www.fcbarcelonanoticias.com\\\/en\\\/wp-content\\\/uploads\\\/sites\\\/2\\\/2023\\\/11\\\/vitor-roque-partido7.jpeg\",\"contentUrl\":\"https:\\\/\\\/www.fcbarcelonanoticias.com\\\/en\\\/wp-content\\\/uploads\\\/sites\\\/2\\\/2023\\\/11\\\/vitor-roque-partido7.jpeg\",\"width\":1300,\"height\":733},{\"@type\":\"BreadcrumbList\",\"@id\":\"https:\\\/\\\/www.fcbarcelonanoticias.com\\\/en\\\/players\\\/vitor-roque-reveals-how-is-of-his-injury-and-when-could-go-back-to-play_297172_102.html#breadcrumb\",\"itemListElement\":[{\"@type\":\"ListItem\",\"position\":1,\"name\":\"Portada\",\"item\":\"https:\\\/\\\/www.fcbarcelonanoticias.com\\\/en\\\/\"},{\"@type\":\"ListItem\",\"position\":2,\"name\":\"Vitor Roque reveals how he is doing with his injury and when he could return to play\"}]},{\"@type\":\"WebSite\",\"@id\":\"https:\\\/\\\/www.fcbarcelonanoticias.com\\\/en\\\/#website\",\"url\":\"https:\\\/\\\/www.fcbarcelonanoticias.com\\\/en\\\/\",\"name\":\"EN - FC Barcelona Noticias\",\"description\":\"\",\"potentialAction\":[{\"@type\":\"SearchAction\",\"target\":{\"@type\":\"EntryPoint\",\"urlTemplate\":\"https:\\\/\\\/www.fcbarcelonanoticias.com\\\/en\\\/?s={search_term_string}\"},\"query-input\":{\"@type\":\"PropertyValueSpecification\",\"valueRequired\":true,\"valueName\":\"search_term_string\"}}],\"inLanguage\":\"en-US\"},{\"@type\":\"Person\",\"@id\":\"https:\\\/\\\/www.fcbarcelonanoticias.com\\\/en\\\/#\\\/schema\\\/person\\\/aa1d038709c262cb247e240f6b39bbf5\",\"name\":\"Carlos Montenegro\",\"image\":{\"@type\":\"ImageObject\",\"inLanguage\":\"en-US\",\"@id\":\"https:\\\/\\\/secure.gravatar.com\\\/avatar\\\/?s=96&d=mm&r=g\",\"url\":\"https:\\\/\\\/secure.gravatar.com\\\/avatar\\\/?s=96&d=mm&r=g\",\"contentUrl\":\"https:\\\/\\\/secure.gravatar.com\\\/avatar\\\/?s=96&d=mm&r=g\",\"caption\":\"Carlos Montenegro\"},\"url\":\"https:\\\/\\\/www.fcbarcelonanoticias.com\\\/en\\\/carlos-montenegro_20_115.html\"}]}<\/script>\n<!-- \/ Yoast SEO plugin. -->","yoast_head_json":{"title":"Vitor Roque reveals how he is doing with his injury and when he could return to play","description":"The Bar\u00e7a has not had a simple summer from the economic, but still like this attained fichar to one of the most promising forwards of the world, one that right now is recovering of an important injury of ankle","robots":{"index":"index","follow":"follow","max-snippet":"max-snippet:-1","max-image-preview":"max-image-preview:large","max-video-preview":"max-video-preview:-1"},"canonical":"https:\/\/www.fcbarcelonanoticias.com\/en\/players\/vitor-roque-reveals-how-is-of-his-injury-and-when-could-go-back-to-play_297172_102.html","og_locale":"en_US","og_type":"article","og_title":"Vitor Roque reveals how he is doing with his injury and when he could return to play","og_description":"The Bar\u00e7a has not had a simple summer from the economic, but still like this attained fichar to one of the most promising forwards of the world, one that right now is recovering of an important injury of ankle","og_url":"https:\/\/www.fcbarcelonanoticias.com\/en\/players\/vitor-roque-reveals-how-is-of-his-injury-and-when-could-go-back-to-play_297172_102.html","og_site_name":"EN - FC Barcelona Noticias","article_published_time":"2023-10-17T19:45:00+00:00","article_modified_time":"2023-10-17T19:46:00+00:00","og_image":[{"width":1300,"height":733,"url":"https:\/\/www.fcbarcelonanoticias.com\/en\/wp-content\/uploads\/sites\/2\/2023\/11\/vitor-roque-partido7.jpeg","type":"image\/jpeg"}],"author":"Carlos Montenegro","twitter_card":"summary_large_image","twitter_misc":{"Written by":"Carlos Montenegro","Est. reading time":"2 minutes"},"schema":{"@context":"https:\/\/schema.org","@graph":[{"@type":"Article","@id":"https:\/\/www.fcbarcelonanoticias.com\/en\/players\/vitor-roque-reveals-how-is-of-his-injury-and-when-could-go-back-to-play_297172_102.html#article","isPartOf":{"@id":"https:\/\/www.fcbarcelonanoticias.com\/en\/players\/vitor-roque-reveals-how-is-of-his-injury-and-when-could-go-back-to-play_297172_102.html"},"author":{"name":"Carlos Montenegro","@id":"https:\/\/www.fcbarcelonanoticias.com\/en\/#\/schema\/person\/aa1d038709c262cb247e240f6b39bbf5"},"headline":"Vitor Roque reveals how he is doing with his injury and when he could return to play","datePublished":"2023-10-17T19:45:00+00:00","dateModified":"2023-10-17T19:46:00+00:00","mainEntityOfPage":{"@id":"https:\/\/www.fcbarcelonanoticias.com\/en\/players\/vitor-roque-reveals-how-is-of-his-injury-and-when-could-go-back-to-play_297172_102.html"},"wordCount":455,"image":{"@id":"https:\/\/www.fcbarcelonanoticias.com\/en\/players\/vitor-roque-reveals-how-is-of-his-injury-and-when-could-go-back-to-play_297172_102.html#primaryimage"},"thumbnailUrl":"https:\/\/www.fcbarcelonanoticias.com\/en\/wp-content\/uploads\/sites\/2\/2023\/11\/vitor-roque-partido7.jpeg","keywords":["Deco","Vitor Roque","Xavi Hern\u00e1ndez"],"articleSection":["Players","Players"],"inLanguage":"en-US"},{"@type":"WebPage","@id":"https:\/\/www.fcbarcelonanoticias.com\/en\/players\/vitor-roque-reveals-how-is-of-his-injury-and-when-could-go-back-to-play_297172_102.html","url":"https:\/\/www.fcbarcelonanoticias.com\/en\/players\/vitor-roque-reveals-how-is-of-his-injury-and-when-could-go-back-to-play_297172_102.html","name":"Vitor Roque reveals how he is doing with his injury and when he could return to play","isPartOf":{"@id":"https:\/\/www.fcbarcelonanoticias.com\/en\/#website"},"primaryImageOfPage":{"@id":"https:\/\/www.fcbarcelonanoticias.com\/en\/players\/vitor-roque-reveals-how-is-of-his-injury-and-when-could-go-back-to-play_297172_102.html#primaryimage"},"image":{"@id":"https:\/\/www.fcbarcelonanoticias.com\/en\/players\/vitor-roque-reveals-how-is-of-his-injury-and-when-could-go-back-to-play_297172_102.html#primaryimage"},"thumbnailUrl":"https:\/\/www.fcbarcelonanoticias.com\/en\/wp-content\/uploads\/sites\/2\/2023\/11\/vitor-roque-partido7.jpeg","datePublished":"2023-10-17T19:45:00+00:00","dateModified":"2023-10-17T19:46:00+00:00","author":{"@id":"https:\/\/www.fcbarcelonanoticias.com\/en\/#\/schema\/person\/aa1d038709c262cb247e240f6b39bbf5"},"description":"The Bar\u00e7a has not had a simple summer from the economic, but still like this attained fichar to one of the most promising forwards of the world, one that right now is recovering of an important injury of ankle","breadcrumb":{"@id":"https:\/\/www.fcbarcelonanoticias.com\/en\/players\/vitor-roque-reveals-how-is-of-his-injury-and-when-could-go-back-to-play_297172_102.html#breadcrumb"},"inLanguage":"en-US","potentialAction":[{"@type":"ReadAction","target":["https:\/\/www.fcbarcelonanoticias.com\/en\/players\/vitor-roque-reveals-how-is-of-his-injury-and-when-could-go-back-to-play_297172_102.html"]}]},{"@type":"ImageObject","inLanguage":"en-US","@id":"https:\/\/www.fcbarcelonanoticias.com\/en\/players\/vitor-roque-reveals-how-is-of-his-injury-and-when-could-go-back-to-play_297172_102.html#primaryimage","url":"https:\/\/www.fcbarcelonanoticias.com\/en\/wp-content\/uploads\/sites\/2\/2023\/11\/vitor-roque-partido7.jpeg","contentUrl":"https:\/\/www.fcbarcelonanoticias.com\/en\/wp-content\/uploads\/sites\/2\/2023\/11\/vitor-roque-partido7.jpeg","width":1300,"height":733},{"@type":"BreadcrumbList","@id":"https:\/\/www.fcbarcelonanoticias.com\/en\/players\/vitor-roque-reveals-how-is-of-his-injury-and-when-could-go-back-to-play_297172_102.html#breadcrumb","itemListElement":[{"@type":"ListItem","position":1,"name":"Portada","item":"https:\/\/www.fcbarcelonanoticias.com\/en\/"},{"@type":"ListItem","position":2,"name":"Vitor Roque reveals how he is doing with his injury and when he could return to play"}]},{"@type":"WebSite","@id":"https:\/\/www.fcbarcelonanoticias.com\/en\/#website","url":"https:\/\/www.fcbarcelonanoticias.com\/en\/","name":"EN - FC Barcelona Noticias","description":"","potentialAction":[{"@type":"SearchAction","target":{"@type":"EntryPoint","urlTemplate":"https:\/\/www.fcbarcelonanoticias.com\/en\/?s={search_term_string}"},"query-input":{"@type":"PropertyValueSpecification","valueRequired":true,"valueName":"search_term_string"}}],"inLanguage":"en-US"},{"@type":"Person","@id":"https:\/\/www.fcbarcelonanoticias.com\/en\/#\/schema\/person\/aa1d038709c262cb247e240f6b39bbf5","name":"Carlos Montenegro","image":{"@type":"ImageObject","inLanguage":"en-US","@id":"https:\/\/secure.gravatar.com\/avatar\/?s=96&d=mm&r=g","url":"https:\/\/secure.gravatar.com\/avatar\/?s=96&d=mm&r=g","contentUrl":"https:\/\/secure.gravatar.com\/avatar\/?s=96&d=mm&r=g","caption":"Carlos Montenegro"},"url":"https:\/\/www.fcbarcelonanoticias.com\/en\/carlos-montenegro_20_115.html"}]}},"_links":{"self":[{"href":"https:\/\/www.fcbarcelonanoticias.com\/en\/wp-json\/wp\/v2\/posts\/81012","targetHints":{"allow":["GET"]}}],"collection":[{"href":"https:\/\/www.fcbarcelonanoticias.com\/en\/wp-json\/wp\/v2\/posts"}],"about":[{"href":"https:\/\/www.fcbarcelonanoticias.com\/en\/wp-json\/wp\/v2\/types\/post"}],"author":[{"embeddable":true,"href":"https:\/\/www.fcbarcelonanoticias.com\/en\/wp-json\/wp\/v2\/users\/345"}],"replies":[{"embeddable":true,"href":"https:\/\/www.fcbarcelonanoticias.com\/en\/wp-json\/wp\/v2\/comments?post=81012"}],"version-history":[{"count":1,"href":"https:\/\/www.fcbarcelonanoticias.com\/en\/wp-json\/wp\/v2\/posts\/81012\/revisions"}],"predecessor-version":[{"id":81014,"href":"https:\/\/www.fcbarcelonanoticias.com\/en\/wp-json\/wp\/v2\/posts\/81012\/revisions\/81014"}],"wp:featuredmedia":[{"embeddable":true,"href":"https:\/\/www.fcbarcelonanoticias.com\/en\/wp-json\/wp\/v2\/media\/14524"}],"wp:attachment":[{"href":"https:\/\/www.fcbarcelonanoticias.com\/en\/wp-json\/wp\/v2\/media?parent=81012"}],"wp:term":[{"taxonomy":"category","embeddable":true,"href":"https:\/\/www.fcbarcelonanoticias.com\/en\/wp-json\/wp\/v2\/categories?post=81012"},{"taxonomy":"post_tag","embeddable":true,"href":"https:\/\/www.fcbarcelonanoticias.com\/en\/wp-json\/wp\/v2\/tags?post=81012"}],"curies":[{"name":"wp","href":"https:\/\/api.w.org\/{rel}","templated":true}]}}