{"id":81115,"date":"2020-05-05T20:27:00","date_gmt":"2020-05-05T18:27:00","guid":{"rendered":"https:\/\/weisetech.dev\/fc-barcelona-noticias\/en\/what-sergi-samper-will-give-him-to-the-fc-barcelona_182287_102\/"},"modified":"2020-05-05T20:27:00","modified_gmt":"2020-05-05T18:27:00","slug":"wague-return-barcelona-niza-confirm-that-not-buy_257476_102","status":"publish","type":"post","link":"https:\/\/www.fcbarcelonanoticias.com\/en\/players\/wague-return-barcelona-niza-confirm-that-not-buy_257476_102.html","title":{"rendered":"Wagu\u00e9 will return to Bar\u00e7a: Niza confirm that they will not buy him"},"content":{"rendered":"<h2 class=\"wp-block-heading\">Moussa Wagu\u00e9 will return to Bar\u00e7a this summer after Nice confirmed that they will not exercise the purchase option they had to keep it owned. The future of the laneman is in the air and Seti\u00e9n will decide in preseason<\/h2>  \r\n<div class=\"article-addons\">\r\n    <a href=\"https:\/\/www.fcbarcelonanoticias.com\/en\/calendar-fc-barcelona.html\"\r\n       target=\"_self\"\r\n       title=\"Calendar of FC Barcelona\"\r\n       class=\"blue-gredient-btn\">\r\n       \r\n        Calendar of FC Barcelona    <\/a>\r\n<\/div>   <p><strong><a data-external=\"0\" data-intl-links-en=\"https:\/\/www.fcbarcelonanoticias.com\/en\/tags\/moussa-wague\" data-intl-links-es=\"https:\/\/www.fcbarcelonanoticias.com\/tags\/moussa-wague\" href=\"https:\/\/www.fcbarcelonanoticias.com\/en\/tags\/moussa-wague.html\" rel=\"follow\" target=\"_self\" title=\"Moussa Wagu\u00e9\">Moussa Wagu\u00e9<\/a><\/strong> Was allocated to be the right side headline of the <strong><a data-external=\"0\" data-intl-links-en=\"https:\/\/www.fcbarcelonanoticias.com\/en\/fc-barcelona\" data-intl-links-es=\"https:\/\/www.fcbarcelonanoticias.com\/fc-barcelona\" href=\"https:\/\/www.fcbarcelonanoticias.com\/en\/football-soccer\/fc-barcelona.html\" rel=\"follow\" target=\"_self\" title=\"FC Barcelona\">FC Barcelona<\/a>\u200b<\/strong> of the future, but right now his future is all an inc\u00f3gnita. The Senegalese was until winter the acting natural of N\u00e9lson Semedo, but Ernesto Valverde never showed him faith and preferred to Sergi Roberto when the luso was not available. After being two complete parties and participate in the discount of another,<strong> the Bar\u00e7a opted for giving him gone out in January so that fogueara in another side<\/strong>.<\/p>  <p>The Nice showed very interested by the carrilero right-handed and carried his cession for what subtracted of campaign. Besides, the French wanted to save an option of purchase of 10 million euros in case they wanted to remain with him in property. Unfortunately for the Barcelona, that wanted to have these &#8217;10&#8217; kilos, <strong>the periplo of the African in France has not gone very there and the conjoint Frenchman has confirmed that it will not exert this clause<\/strong> of purchase.<\/p>  <p>In the p<strong>rimeros five meetings since it arrived to the Nice, Wagu\u00e9 so alone participated in 18 minutes divided in three crashes<\/strong>. It was to title for the first time on 1 March and it completed a good performance in front of the Girondins of Burdeos, giving an assistance in the 1-1 final. His performance cost him the titularity in the party against the Monaco of the following week, and in the victory in front of the monegasque went back to shine with another pass of goal.<\/p>  <p>Justo in his best moment arrived the coronavirus and forced to stop the French competition. It Tie it 1 it suspended indefinitely in front of the pandemia and does a week knew the news of his definite cancellation. This has forced to the club Frenchman to take a decision anticipated on Wagu\u00e9. <strong>Given the little that has played and the economic crisis that has generated the illness, have preferred to give him back to the Barcelona<\/strong> and not spending these 10 millions that cost.<\/p>  <h3>His future in the Bar\u00e7a is not clear<\/h3>  <p>The international by Senegal is already on holiday and expects news of the Barcelona to know what do. &#8216;Sportive world&#8217; affirms that the club has decided that it will not have he this week when reincorporen the rest of players. In the Bar\u00e7a seems that they have lost the faith in him and <strong>the most likely is that it try him give exit even before it begin the pre-season <\/strong>of the campaign that comes.<\/p>  <p>In <strong>the case of not to find him a traspaso or another cession, the side will have to put to the orders of Quique Seti\u00e9n<\/strong> after the holidays of summer. The santanderino has not seen him still in direct, since it arrived when the African was , by what could have a lot that say on his future. It is necessary to remember that the cul\u00e9s could traspasar to N\u00e9lson Semedo and if this occurred Wagu\u00e9 could be a solution of emergency.<\/p> ","protected":false},"excerpt":{"rendered":"<p>Moussa Wagu\u00e9 will return to Bar\u00e7a this summer after Nice confirmed that they will not exercise the purchase option they had to keep it owned. The future of the laneman is in the air and Seti\u00e9n will decide in preseason Moussa Wagu\u00e9 Was allocated to be the right side headline of the FC Barcelona\u200b of [&hellip;]<\/p>\n","protected":false},"author":392,"featured_media":81123,"comment_status":"closed","ping_status":"open","sticky":false,"template":"","format":"standard","meta":{"_acf_changed":false,"inline_featured_image":false,"_nextfly_llmd_date_locked":false,"footnotes":""},"categories":[453,107],"tags":[299],"class_list":["post-81115","post","type-post","status-publish","format-standard","has-post-thumbnail","hentry","category-players-2","category-players","tag-moussa-wague"],"acf":[],"yoast_head":"<!-- This site is optimized with the Yoast SEO plugin v27.3 - https:\/\/yoast.com\/product\/yoast-seo-wordpress\/ -->\n<title>Wagu\u00e9 will return to Bar\u00e7a: Niza confirm that they will not buy him<\/title>\n<meta name=\"description\" content=\"Moussa Wagu\u00e9 Will return to the Bar\u00e7a this summer after the Nice confirmed that it will not exert the option of purchase that had to remain it in property. The...\" \/>\n<meta name=\"robots\" content=\"index, follow, max-snippet:-1, max-image-preview:large, max-video-preview:-1\" \/>\n<link rel=\"canonical\" href=\"https:\/\/www.fcbarcelonanoticias.com\/en\/players\/wague-return-barcelona-niza-confirm-that-not-buy_257476_102.html\" \/>\n<meta property=\"og:locale\" content=\"en_US\" \/>\n<meta property=\"og:type\" content=\"article\" \/>\n<meta property=\"og:title\" content=\"Wagu\u00e9 will return to Bar\u00e7a: Niza confirm that they will not buy him\" \/>\n<meta property=\"og:description\" content=\"Moussa Wagu\u00e9 Will return to the Bar\u00e7a this summer after the Nice confirmed that it will not exert the option of purchase that had to remain it in property. The...\" \/>\n<meta property=\"og:url\" content=\"https:\/\/www.fcbarcelonanoticias.com\/en\/players\/wague-return-barcelona-niza-confirm-that-not-buy_257476_102.html\" \/>\n<meta property=\"og:site_name\" content=\"EN - FC Barcelona Noticias\" \/>\n<meta property=\"article:published_time\" content=\"2020-05-05T18:27:00+00:00\" \/>\n<meta property=\"og:image\" content=\"https:\/\/www.fcbarcelonanoticias.com\/en\/wp-content\/uploads\/sites\/2\/2020\/05\/wague-niza-opcion-compra.jpeg\" \/>\n\t<meta property=\"og:image:width\" content=\"1200\" \/>\n\t<meta property=\"og:image:height\" content=\"743\" \/>\n\t<meta property=\"og:image:type\" content=\"image\/jpeg\" \/>\n<meta name=\"author\" content=\"user_4048\" \/>\n<meta name=\"twitter:card\" content=\"summary_large_image\" \/>\n<meta name=\"twitter:label1\" content=\"Written by\" \/>\n\t<meta name=\"twitter:data1\" content=\"user_4048\" \/>\n\t<meta name=\"twitter:label2\" content=\"Est. reading time\" \/>\n\t<meta name=\"twitter:data2\" content=\"3 minutes\" \/>\n<script type=\"application\/ld+json\" class=\"yoast-schema-graph\">{\"@context\":\"https:\\\/\\\/schema.org\",\"@graph\":[{\"@type\":\"Article\",\"@id\":\"https:\\\/\\\/www.fcbarcelonanoticias.com\\\/en\\\/players\\\/wague-return-barcelona-niza-confirm-that-not-buy_257476_102.html#article\",\"isPartOf\":{\"@id\":\"https:\\\/\\\/www.fcbarcelonanoticias.com\\\/en\\\/players\\\/wague-return-barcelona-niza-confirm-that-not-buy_257476_102.html\"},\"author\":{\"name\":\"user_4048\",\"@id\":\"https:\\\/\\\/www.fcbarcelonanoticias.com\\\/en\\\/#\\\/schema\\\/person\\\/fcdad55cab72b8d0e106d75506783b6d\"},\"headline\":\"Wagu\u00e9 will return to Bar\u00e7a: Niza confirm that they will not buy him\",\"datePublished\":\"2020-05-05T18:27:00+00:00\",\"mainEntityOfPage\":{\"@id\":\"https:\\\/\\\/www.fcbarcelonanoticias.com\\\/en\\\/players\\\/wague-return-barcelona-niza-confirm-that-not-buy_257476_102.html\"},\"wordCount\":555,\"image\":{\"@id\":\"https:\\\/\\\/www.fcbarcelonanoticias.com\\\/en\\\/players\\\/wague-return-barcelona-niza-confirm-that-not-buy_257476_102.html#primaryimage\"},\"thumbnailUrl\":\"https:\\\/\\\/www.fcbarcelonanoticias.com\\\/en\\\/wp-content\\\/uploads\\\/sites\\\/2\\\/2020\\\/05\\\/wague-niza-opcion-compra.jpeg\",\"keywords\":[\"Moussa Wagu\u00e9\"],\"articleSection\":[\"Players\",\"Players\"],\"inLanguage\":\"en-US\"},{\"@type\":\"WebPage\",\"@id\":\"https:\\\/\\\/www.fcbarcelonanoticias.com\\\/en\\\/players\\\/wague-return-barcelona-niza-confirm-that-not-buy_257476_102.html\",\"url\":\"https:\\\/\\\/www.fcbarcelonanoticias.com\\\/en\\\/players\\\/wague-return-barcelona-niza-confirm-that-not-buy_257476_102.html\",\"name\":\"Wagu\u00e9 will return to Bar\u00e7a: Niza confirm that they will not buy him\",\"isPartOf\":{\"@id\":\"https:\\\/\\\/www.fcbarcelonanoticias.com\\\/en\\\/#website\"},\"primaryImageOfPage\":{\"@id\":\"https:\\\/\\\/www.fcbarcelonanoticias.com\\\/en\\\/players\\\/wague-return-barcelona-niza-confirm-that-not-buy_257476_102.html#primaryimage\"},\"image\":{\"@id\":\"https:\\\/\\\/www.fcbarcelonanoticias.com\\\/en\\\/players\\\/wague-return-barcelona-niza-confirm-that-not-buy_257476_102.html#primaryimage\"},\"thumbnailUrl\":\"https:\\\/\\\/www.fcbarcelonanoticias.com\\\/en\\\/wp-content\\\/uploads\\\/sites\\\/2\\\/2020\\\/05\\\/wague-niza-opcion-compra.jpeg\",\"datePublished\":\"2020-05-05T18:27:00+00:00\",\"author\":{\"@id\":\"https:\\\/\\\/www.fcbarcelonanoticias.com\\\/en\\\/#\\\/schema\\\/person\\\/fcdad55cab72b8d0e106d75506783b6d\"},\"description\":\"Moussa Wagu\u00e9 Will return to the Bar\u00e7a this summer after the Nice confirmed that it will not exert the option of purchase that had to remain it in property. The...\",\"breadcrumb\":{\"@id\":\"https:\\\/\\\/www.fcbarcelonanoticias.com\\\/en\\\/players\\\/wague-return-barcelona-niza-confirm-that-not-buy_257476_102.html#breadcrumb\"},\"inLanguage\":\"en-US\",\"potentialAction\":[{\"@type\":\"ReadAction\",\"target\":[\"https:\\\/\\\/www.fcbarcelonanoticias.com\\\/en\\\/players\\\/wague-return-barcelona-niza-confirm-that-not-buy_257476_102.html\"]}]},{\"@type\":\"ImageObject\",\"inLanguage\":\"en-US\",\"@id\":\"https:\\\/\\\/www.fcbarcelonanoticias.com\\\/en\\\/players\\\/wague-return-barcelona-niza-confirm-that-not-buy_257476_102.html#primaryimage\",\"url\":\"https:\\\/\\\/www.fcbarcelonanoticias.com\\\/en\\\/wp-content\\\/uploads\\\/sites\\\/2\\\/2020\\\/05\\\/wague-niza-opcion-compra.jpeg\",\"contentUrl\":\"https:\\\/\\\/www.fcbarcelonanoticias.com\\\/en\\\/wp-content\\\/uploads\\\/sites\\\/2\\\/2020\\\/05\\\/wague-niza-opcion-compra.jpeg\",\"width\":1200,\"height\":743},{\"@type\":\"BreadcrumbList\",\"@id\":\"https:\\\/\\\/www.fcbarcelonanoticias.com\\\/en\\\/players\\\/wague-return-barcelona-niza-confirm-that-not-buy_257476_102.html#breadcrumb\",\"itemListElement\":[{\"@type\":\"ListItem\",\"position\":1,\"name\":\"Portada\",\"item\":\"https:\\\/\\\/www.fcbarcelonanoticias.com\\\/en\\\/\"},{\"@type\":\"ListItem\",\"position\":2,\"name\":\"Wagu\u00e9 will return to Bar\u00e7a: Niza confirm that they will not buy him\"}]},{\"@type\":\"WebSite\",\"@id\":\"https:\\\/\\\/www.fcbarcelonanoticias.com\\\/en\\\/#website\",\"url\":\"https:\\\/\\\/www.fcbarcelonanoticias.com\\\/en\\\/\",\"name\":\"EN - FC Barcelona Noticias\",\"description\":\"\",\"potentialAction\":[{\"@type\":\"SearchAction\",\"target\":{\"@type\":\"EntryPoint\",\"urlTemplate\":\"https:\\\/\\\/www.fcbarcelonanoticias.com\\\/en\\\/?s={search_term_string}\"},\"query-input\":{\"@type\":\"PropertyValueSpecification\",\"valueRequired\":true,\"valueName\":\"search_term_string\"}}],\"inLanguage\":\"en-US\"},{\"@type\":\"Person\",\"@id\":\"https:\\\/\\\/www.fcbarcelonanoticias.com\\\/en\\\/#\\\/schema\\\/person\\\/fcdad55cab72b8d0e106d75506783b6d\",\"name\":\"user_4048\",\"image\":{\"@type\":\"ImageObject\",\"inLanguage\":\"en-US\",\"@id\":\"https:\\\/\\\/secure.gravatar.com\\\/avatar\\\/?s=96&d=mm&r=g\",\"url\":\"https:\\\/\\\/secure.gravatar.com\\\/avatar\\\/?s=96&d=mm&r=g\",\"contentUrl\":\"https:\\\/\\\/secure.gravatar.com\\\/avatar\\\/?s=96&d=mm&r=g\",\"caption\":\"user_4048\"},\"url\":\"https:\\\/\\\/www.fcbarcelonanoticias.com\\\/en\\\/user_4048.html\"}]}<\/script>\n<!-- \/ Yoast SEO plugin. -->","yoast_head_json":{"title":"Wagu\u00e9 will return to Bar\u00e7a: Niza confirm that they will not buy him","description":"Moussa Wagu\u00e9 Will return to the Bar\u00e7a this summer after the Nice confirmed that it will not exert the option of purchase that had to remain it in property. The...","robots":{"index":"index","follow":"follow","max-snippet":"max-snippet:-1","max-image-preview":"max-image-preview:large","max-video-preview":"max-video-preview:-1"},"canonical":"https:\/\/www.fcbarcelonanoticias.com\/en\/players\/wague-return-barcelona-niza-confirm-that-not-buy_257476_102.html","og_locale":"en_US","og_type":"article","og_title":"Wagu\u00e9 will return to Bar\u00e7a: Niza confirm that they will not buy him","og_description":"Moussa Wagu\u00e9 Will return to the Bar\u00e7a this summer after the Nice confirmed that it will not exert the option of purchase that had to remain it in property. The...","og_url":"https:\/\/www.fcbarcelonanoticias.com\/en\/players\/wague-return-barcelona-niza-confirm-that-not-buy_257476_102.html","og_site_name":"EN - FC Barcelona Noticias","article_published_time":"2020-05-05T18:27:00+00:00","og_image":[{"width":1200,"height":743,"url":"https:\/\/www.fcbarcelonanoticias.com\/en\/wp-content\/uploads\/sites\/2\/2020\/05\/wague-niza-opcion-compra.jpeg","type":"image\/jpeg"}],"author":"user_4048","twitter_card":"summary_large_image","twitter_misc":{"Written by":"user_4048","Est. reading time":"3 minutes"},"schema":{"@context":"https:\/\/schema.org","@graph":[{"@type":"Article","@id":"https:\/\/www.fcbarcelonanoticias.com\/en\/players\/wague-return-barcelona-niza-confirm-that-not-buy_257476_102.html#article","isPartOf":{"@id":"https:\/\/www.fcbarcelonanoticias.com\/en\/players\/wague-return-barcelona-niza-confirm-that-not-buy_257476_102.html"},"author":{"name":"user_4048","@id":"https:\/\/www.fcbarcelonanoticias.com\/en\/#\/schema\/person\/fcdad55cab72b8d0e106d75506783b6d"},"headline":"Wagu\u00e9 will return to Bar\u00e7a: Niza confirm that they will not buy him","datePublished":"2020-05-05T18:27:00+00:00","mainEntityOfPage":{"@id":"https:\/\/www.fcbarcelonanoticias.com\/en\/players\/wague-return-barcelona-niza-confirm-that-not-buy_257476_102.html"},"wordCount":555,"image":{"@id":"https:\/\/www.fcbarcelonanoticias.com\/en\/players\/wague-return-barcelona-niza-confirm-that-not-buy_257476_102.html#primaryimage"},"thumbnailUrl":"https:\/\/www.fcbarcelonanoticias.com\/en\/wp-content\/uploads\/sites\/2\/2020\/05\/wague-niza-opcion-compra.jpeg","keywords":["Moussa Wagu\u00e9"],"articleSection":["Players","Players"],"inLanguage":"en-US"},{"@type":"WebPage","@id":"https:\/\/www.fcbarcelonanoticias.com\/en\/players\/wague-return-barcelona-niza-confirm-that-not-buy_257476_102.html","url":"https:\/\/www.fcbarcelonanoticias.com\/en\/players\/wague-return-barcelona-niza-confirm-that-not-buy_257476_102.html","name":"Wagu\u00e9 will return to Bar\u00e7a: Niza confirm that they will not buy him","isPartOf":{"@id":"https:\/\/www.fcbarcelonanoticias.com\/en\/#website"},"primaryImageOfPage":{"@id":"https:\/\/www.fcbarcelonanoticias.com\/en\/players\/wague-return-barcelona-niza-confirm-that-not-buy_257476_102.html#primaryimage"},"image":{"@id":"https:\/\/www.fcbarcelonanoticias.com\/en\/players\/wague-return-barcelona-niza-confirm-that-not-buy_257476_102.html#primaryimage"},"thumbnailUrl":"https:\/\/www.fcbarcelonanoticias.com\/en\/wp-content\/uploads\/sites\/2\/2020\/05\/wague-niza-opcion-compra.jpeg","datePublished":"2020-05-05T18:27:00+00:00","author":{"@id":"https:\/\/www.fcbarcelonanoticias.com\/en\/#\/schema\/person\/fcdad55cab72b8d0e106d75506783b6d"},"description":"Moussa Wagu\u00e9 Will return to the Bar\u00e7a this summer after the Nice confirmed that it will not exert the option of purchase that had to remain it in property. The...","breadcrumb":{"@id":"https:\/\/www.fcbarcelonanoticias.com\/en\/players\/wague-return-barcelona-niza-confirm-that-not-buy_257476_102.html#breadcrumb"},"inLanguage":"en-US","potentialAction":[{"@type":"ReadAction","target":["https:\/\/www.fcbarcelonanoticias.com\/en\/players\/wague-return-barcelona-niza-confirm-that-not-buy_257476_102.html"]}]},{"@type":"ImageObject","inLanguage":"en-US","@id":"https:\/\/www.fcbarcelonanoticias.com\/en\/players\/wague-return-barcelona-niza-confirm-that-not-buy_257476_102.html#primaryimage","url":"https:\/\/www.fcbarcelonanoticias.com\/en\/wp-content\/uploads\/sites\/2\/2020\/05\/wague-niza-opcion-compra.jpeg","contentUrl":"https:\/\/www.fcbarcelonanoticias.com\/en\/wp-content\/uploads\/sites\/2\/2020\/05\/wague-niza-opcion-compra.jpeg","width":1200,"height":743},{"@type":"BreadcrumbList","@id":"https:\/\/www.fcbarcelonanoticias.com\/en\/players\/wague-return-barcelona-niza-confirm-that-not-buy_257476_102.html#breadcrumb","itemListElement":[{"@type":"ListItem","position":1,"name":"Portada","item":"https:\/\/www.fcbarcelonanoticias.com\/en\/"},{"@type":"ListItem","position":2,"name":"Wagu\u00e9 will return to Bar\u00e7a: Niza confirm that they will not buy him"}]},{"@type":"WebSite","@id":"https:\/\/www.fcbarcelonanoticias.com\/en\/#website","url":"https:\/\/www.fcbarcelonanoticias.com\/en\/","name":"EN - FC Barcelona Noticias","description":"","potentialAction":[{"@type":"SearchAction","target":{"@type":"EntryPoint","urlTemplate":"https:\/\/www.fcbarcelonanoticias.com\/en\/?s={search_term_string}"},"query-input":{"@type":"PropertyValueSpecification","valueRequired":true,"valueName":"search_term_string"}}],"inLanguage":"en-US"},{"@type":"Person","@id":"https:\/\/www.fcbarcelonanoticias.com\/en\/#\/schema\/person\/fcdad55cab72b8d0e106d75506783b6d","name":"user_4048","image":{"@type":"ImageObject","inLanguage":"en-US","@id":"https:\/\/secure.gravatar.com\/avatar\/?s=96&d=mm&r=g","url":"https:\/\/secure.gravatar.com\/avatar\/?s=96&d=mm&r=g","contentUrl":"https:\/\/secure.gravatar.com\/avatar\/?s=96&d=mm&r=g","caption":"user_4048"},"url":"https:\/\/www.fcbarcelonanoticias.com\/en\/user_4048.html"}]}},"_links":{"self":[{"href":"https:\/\/www.fcbarcelonanoticias.com\/en\/wp-json\/wp\/v2\/posts\/81115","targetHints":{"allow":["GET"]}}],"collection":[{"href":"https:\/\/www.fcbarcelonanoticias.com\/en\/wp-json\/wp\/v2\/posts"}],"about":[{"href":"https:\/\/www.fcbarcelonanoticias.com\/en\/wp-json\/wp\/v2\/types\/post"}],"author":[{"embeddable":true,"href":"https:\/\/www.fcbarcelonanoticias.com\/en\/wp-json\/wp\/v2\/users\/392"}],"replies":[{"embeddable":true,"href":"https:\/\/www.fcbarcelonanoticias.com\/en\/wp-json\/wp\/v2\/comments?post=81115"}],"version-history":[{"count":1,"href":"https:\/\/www.fcbarcelonanoticias.com\/en\/wp-json\/wp\/v2\/posts\/81115\/revisions"}],"predecessor-version":[{"id":81119,"href":"https:\/\/www.fcbarcelonanoticias.com\/en\/wp-json\/wp\/v2\/posts\/81115\/revisions\/81119"}],"wp:featuredmedia":[{"embeddable":true,"href":"https:\/\/www.fcbarcelonanoticias.com\/en\/wp-json\/wp\/v2\/media\/81123"}],"wp:attachment":[{"href":"https:\/\/www.fcbarcelonanoticias.com\/en\/wp-json\/wp\/v2\/media?parent=81115"}],"wp:term":[{"taxonomy":"category","embeddable":true,"href":"https:\/\/www.fcbarcelonanoticias.com\/en\/wp-json\/wp\/v2\/categories?post=81115"},{"taxonomy":"post_tag","embeddable":true,"href":"https:\/\/www.fcbarcelonanoticias.com\/en\/wp-json\/wp\/v2\/tags?post=81115"}],"curies":[{"name":"wp","href":"https:\/\/api.w.org\/{rel}","templated":true}]}}