{"id":81129,"date":"2022-05-21T17:12:00","date_gmt":"2022-05-21T15:12:00","guid":{"rendered":"https:\/\/weisetech.dev\/fc-barcelona-noticias\/en\/florentino-perez-and-the-ridiculous-elder-of-the-history-of-the-real-madrid_280508_102\/"},"modified":"2022-05-21T17:12:00","modified_gmt":"2022-05-21T15:12:00","slug":"florentino-perez-and-the-ridiculous-elder-of-the-history-of-the-real-madrid_280508_102","status":"publish","type":"post","link":"https:\/\/www.fcbarcelonanoticias.com\/en\/real-madrid\/florentino-perez-and-the-ridiculous-elder-of-the-history-of-the-real-madrid_280508_102.html","title":{"rendered":"Florentino P\u00e9rez and the greatest ridicule in the history of Real Madrid"},"content":{"rendered":"<h2 class=\"wp-block-heading\">Florentino P\u00e9rez has signed, definitively, the biggest ridicule in its history: Kylian Mbapp\u00e9, the great dream of Real Madrid, will renew with Paris Saint-Germain after giving the Madrid club pumpkins<\/h2>  \r\n<div class=\"article-addons\">\r\n    <a href=\"https:\/\/www.fcbarcelonanoticias.com\/en\/calendar-fc-barcelona.html\"\r\n       target=\"_self\"\r\n       title=\"Calendar of FC Barcelona\"\r\n       class=\"blue-gredient-btn\">\r\n       \r\n        Calendar of FC Barcelona    <\/a>\r\n<\/div>   <p><strong>The <a data-external=\"0\" data-intl-links-en=\"https:\/\/www.fcbarcelonanoticias.com\/en\/real-madrid\" data-intl-links-es=\"https:\/\/www.fcbarcelonanoticias.com\/real-madrid\" href=\"https:\/\/www.fcbarcelonanoticias.com\/en\/football-soccer\/real-madrid.html\" rel=\"follow\" target=\"_self\" title=\"Real Madrid\">Real Madrid<\/a> had like big purpose fichar to Kylian Mbapp\u00e9<\/strong>. It was not a wish of this summer neither of does some months, but an aim of Florentino P\u00e9rez from 2017, when the French player burst into in the ACE Monaco and won the interest of &#8216;big&#8217; as the club merengue and the Paris Saint-Germain. This summer, the Madrilenian employer was very near to achieve the contracting of the footballer and finished him giving pumpkins to last hour. Five years afterwards, in 2022, the history has repeated .<\/p>  <p>This summer was the year. <strong>The Madrid had put on the table all what had the past summer, with an offer of until 200 million euros<\/strong> that the Paris Saint-Germain refused categorically, although Mbapp\u00e9 (as it recognised months afterwards) had asked to abandon the Park of the Princes during the month of July. It was the first frustration of the Real Madrid, but seemed smart so that recalara in Santiago Bernab\u00e9u this year like free agent and seemed near, with a supposed agreement that had reached at the beginning of this month. All the contrary.<\/p>  <p><strong>Florentino P\u00e9rez had received the &#8220;himself&#8221; of the player and his surroundings in the last weeks. <\/strong>It seemed one hundred percent agreed and during the trip of Mbapp\u00e9 to the capital of Spain had closed all the fringes of the operation, although after the meeting of the attacker with the sheiks of Qatar the situation twisted completely. They left him clear that went to have enough control in the club to level of sportive decisions, like the election of signings, exits, trainers and sportive directors.<\/p>  <h3>Absolute failure of the Madrid<\/h3>  <p>The Real Madrid remains with the failure and little more. They had promised, t\u00e1citamente, that Mbapp\u00e9 went to dress of white and would be the attendant of inagurar the new Santiago Bernab\u00e9u. The history has said the contrary and the president remains between the sword and the wall, because some sector of the madridismo begins to ask his resignation. <strong>Already it lost this year to Erling Haaland, that left to the Manchester City, and now to Mbapp\u00e9. <\/strong><\/p>  <p>The White House will live some weeks complicated with all the focuses on. They are to the doors of a final of Champions League that it could serve to calm the waters, if they win it. In case of not to achieve it, <strong>the end of the season will be remembered like one of the big failures of Florentino P\u00e9rez like president madridista.<\/strong><\/p> ","protected":false},"excerpt":{"rendered":"<p>Florentino P\u00e9rez has signed, definitively, the biggest ridicule in its history: Kylian Mbapp\u00e9, the great dream of Real Madrid, will renew with Paris Saint-Germain after giving the Madrid club pumpkins The Real Madrid had like big purpose fichar to Kylian Mbapp\u00e9. It was not a wish of this summer neither of does some months, but [&hellip;]<\/p>\n","protected":false},"author":377,"featured_media":5443,"comment_status":"closed","ping_status":"open","sticky":false,"template":"","format":"standard","meta":{"_acf_changed":false,"inline_featured_image":false,"_nextfly_llmd_date_locked":false,"footnotes":""},"categories":[450,119],"tags":[177,171,88],"class_list":["post-81129","post","type-post","status-publish","format-standard","has-post-thumbnail","hentry","category-real-madrid-2","category-real-madrid","tag-florentino-perez","tag-mbappe","tag-paris-saint-germain"],"acf":[],"yoast_head":"<!-- This site is optimized with the Yoast SEO plugin v27.3 - https:\/\/yoast.com\/product\/yoast-seo-wordpress\/ -->\n<title>Florentino P\u00e9rez and the ridiculous elder of the history of the Real Madrid<\/title>\n<meta name=\"description\" content=\"Florentino P\u00e9rez has signed, of definite way, the ridiculous elder of his history: Kylian Mbapp\u00e9, the big dream of the Real Madrid, will renew with the Paris Sain...\" \/>\n<meta name=\"robots\" content=\"index, follow, max-snippet:-1, max-image-preview:large, max-video-preview:-1\" \/>\n<link rel=\"canonical\" href=\"https:\/\/www.fcbarcelonanoticias.com\/en\/real-madrid\/florentino-perez-and-the-ridiculous-elder-of-the-history-of-the-real-madrid_280508_102.html\" \/>\n<meta property=\"og:locale\" content=\"en_US\" \/>\n<meta property=\"og:type\" content=\"article\" \/>\n<meta property=\"og:title\" content=\"Florentino P\u00e9rez and the ridiculous elder of the history of the Real Madrid\" \/>\n<meta property=\"og:description\" content=\"Florentino P\u00e9rez has signed, of definite way, the ridiculous elder of his history: Kylian Mbapp\u00e9, the big dream of the Real Madrid, will renew with the Paris Sain...\" \/>\n<meta property=\"og:url\" content=\"https:\/\/www.fcbarcelonanoticias.com\/en\/real-madrid\/florentino-perez-and-the-ridiculous-elder-of-the-history-of-the-real-madrid_280508_102.html\" \/>\n<meta property=\"og:site_name\" content=\"EN - FC Barcelona Noticias\" \/>\n<meta property=\"article:published_time\" content=\"2022-05-21T15:12:00+00:00\" \/>\n<meta property=\"og:image\" content=\"https:\/\/www.fcbarcelonanoticias.com\/en\/wp-content\/uploads\/sites\/2\/2022\/09\/florentino-bosque-prensa.jpeg\" \/>\n\t<meta property=\"og:image:width\" content=\"1300\" \/>\n\t<meta property=\"og:image:height\" content=\"768\" \/>\n\t<meta property=\"og:image:type\" content=\"image\/jpeg\" \/>\n<meta name=\"author\" content=\"user_4033\" \/>\n<meta name=\"twitter:card\" content=\"summary_large_image\" \/>\n<meta name=\"twitter:label1\" content=\"Written by\" \/>\n\t<meta name=\"twitter:data1\" content=\"user_4033\" \/>\n\t<meta name=\"twitter:label2\" content=\"Est. reading time\" \/>\n\t<meta name=\"twitter:data2\" content=\"2 minutes\" \/>\n<script type=\"application\/ld+json\" class=\"yoast-schema-graph\">{\"@context\":\"https:\\\/\\\/schema.org\",\"@graph\":[{\"@type\":\"Article\",\"@id\":\"https:\\\/\\\/www.fcbarcelonanoticias.com\\\/en\\\/real-madrid\\\/florentino-perez-and-the-ridiculous-elder-of-the-history-of-the-real-madrid_280508_102.html#article\",\"isPartOf\":{\"@id\":\"https:\\\/\\\/www.fcbarcelonanoticias.com\\\/en\\\/real-madrid\\\/florentino-perez-and-the-ridiculous-elder-of-the-history-of-the-real-madrid_280508_102.html\"},\"author\":{\"name\":\"user_4033\",\"@id\":\"https:\\\/\\\/www.fcbarcelonanoticias.com\\\/en\\\/#\\\/schema\\\/person\\\/ef17c1dea904b5d4464ec95dd322e667\"},\"headline\":\"Florentino P\u00e9rez and the greatest ridicule in the history of Real Madrid\",\"datePublished\":\"2022-05-21T15:12:00+00:00\",\"mainEntityOfPage\":{\"@id\":\"https:\\\/\\\/www.fcbarcelonanoticias.com\\\/en\\\/real-madrid\\\/florentino-perez-and-the-ridiculous-elder-of-the-history-of-the-real-madrid_280508_102.html\"},\"wordCount\":460,\"image\":{\"@id\":\"https:\\\/\\\/www.fcbarcelonanoticias.com\\\/en\\\/real-madrid\\\/florentino-perez-and-the-ridiculous-elder-of-the-history-of-the-real-madrid_280508_102.html#primaryimage\"},\"thumbnailUrl\":\"https:\\\/\\\/www.fcbarcelonanoticias.com\\\/en\\\/wp-content\\\/uploads\\\/sites\\\/2\\\/2022\\\/09\\\/florentino-bosque-prensa.jpeg\",\"keywords\":[\"Florentino P\u00e9rez\",\"Mbapp\u00e9\",\"Paris Saint-Germain\"],\"articleSection\":[\"Real Madrid\",\"Real Madrid\"],\"inLanguage\":\"en-US\"},{\"@type\":\"WebPage\",\"@id\":\"https:\\\/\\\/www.fcbarcelonanoticias.com\\\/en\\\/real-madrid\\\/florentino-perez-and-the-ridiculous-elder-of-the-history-of-the-real-madrid_280508_102.html\",\"url\":\"https:\\\/\\\/www.fcbarcelonanoticias.com\\\/en\\\/real-madrid\\\/florentino-perez-and-the-ridiculous-elder-of-the-history-of-the-real-madrid_280508_102.html\",\"name\":\"Florentino P\u00e9rez and the ridiculous elder of the history of the Real Madrid\",\"isPartOf\":{\"@id\":\"https:\\\/\\\/www.fcbarcelonanoticias.com\\\/en\\\/#website\"},\"primaryImageOfPage\":{\"@id\":\"https:\\\/\\\/www.fcbarcelonanoticias.com\\\/en\\\/real-madrid\\\/florentino-perez-and-the-ridiculous-elder-of-the-history-of-the-real-madrid_280508_102.html#primaryimage\"},\"image\":{\"@id\":\"https:\\\/\\\/www.fcbarcelonanoticias.com\\\/en\\\/real-madrid\\\/florentino-perez-and-the-ridiculous-elder-of-the-history-of-the-real-madrid_280508_102.html#primaryimage\"},\"thumbnailUrl\":\"https:\\\/\\\/www.fcbarcelonanoticias.com\\\/en\\\/wp-content\\\/uploads\\\/sites\\\/2\\\/2022\\\/09\\\/florentino-bosque-prensa.jpeg\",\"datePublished\":\"2022-05-21T15:12:00+00:00\",\"author\":{\"@id\":\"https:\\\/\\\/www.fcbarcelonanoticias.com\\\/en\\\/#\\\/schema\\\/person\\\/ef17c1dea904b5d4464ec95dd322e667\"},\"description\":\"Florentino P\u00e9rez has signed, of definite way, the ridiculous elder of his history: Kylian Mbapp\u00e9, the big dream of the Real Madrid, will renew with the Paris Sain...\",\"breadcrumb\":{\"@id\":\"https:\\\/\\\/www.fcbarcelonanoticias.com\\\/en\\\/real-madrid\\\/florentino-perez-and-the-ridiculous-elder-of-the-history-of-the-real-madrid_280508_102.html#breadcrumb\"},\"inLanguage\":\"en-US\",\"potentialAction\":[{\"@type\":\"ReadAction\",\"target\":[\"https:\\\/\\\/www.fcbarcelonanoticias.com\\\/en\\\/real-madrid\\\/florentino-perez-and-the-ridiculous-elder-of-the-history-of-the-real-madrid_280508_102.html\"]}]},{\"@type\":\"ImageObject\",\"inLanguage\":\"en-US\",\"@id\":\"https:\\\/\\\/www.fcbarcelonanoticias.com\\\/en\\\/real-madrid\\\/florentino-perez-and-the-ridiculous-elder-of-the-history-of-the-real-madrid_280508_102.html#primaryimage\",\"url\":\"https:\\\/\\\/www.fcbarcelonanoticias.com\\\/en\\\/wp-content\\\/uploads\\\/sites\\\/2\\\/2022\\\/09\\\/florentino-bosque-prensa.jpeg\",\"contentUrl\":\"https:\\\/\\\/www.fcbarcelonanoticias.com\\\/en\\\/wp-content\\\/uploads\\\/sites\\\/2\\\/2022\\\/09\\\/florentino-bosque-prensa.jpeg\",\"width\":1300,\"height\":768},{\"@type\":\"BreadcrumbList\",\"@id\":\"https:\\\/\\\/www.fcbarcelonanoticias.com\\\/en\\\/real-madrid\\\/florentino-perez-and-the-ridiculous-elder-of-the-history-of-the-real-madrid_280508_102.html#breadcrumb\",\"itemListElement\":[{\"@type\":\"ListItem\",\"position\":1,\"name\":\"Portada\",\"item\":\"https:\\\/\\\/www.fcbarcelonanoticias.com\\\/en\\\/\"},{\"@type\":\"ListItem\",\"position\":2,\"name\":\"Florentino P\u00e9rez and the greatest ridicule in the history of Real Madrid\"}]},{\"@type\":\"WebSite\",\"@id\":\"https:\\\/\\\/www.fcbarcelonanoticias.com\\\/en\\\/#website\",\"url\":\"https:\\\/\\\/www.fcbarcelonanoticias.com\\\/en\\\/\",\"name\":\"EN - FC Barcelona Noticias\",\"description\":\"\",\"potentialAction\":[{\"@type\":\"SearchAction\",\"target\":{\"@type\":\"EntryPoint\",\"urlTemplate\":\"https:\\\/\\\/www.fcbarcelonanoticias.com\\\/en\\\/?s={search_term_string}\"},\"query-input\":{\"@type\":\"PropertyValueSpecification\",\"valueRequired\":true,\"valueName\":\"search_term_string\"}}],\"inLanguage\":\"en-US\"},{\"@type\":\"Person\",\"@id\":\"https:\\\/\\\/www.fcbarcelonanoticias.com\\\/en\\\/#\\\/schema\\\/person\\\/ef17c1dea904b5d4464ec95dd322e667\",\"name\":\"user_4033\",\"image\":{\"@type\":\"ImageObject\",\"inLanguage\":\"en-US\",\"@id\":\"https:\\\/\\\/secure.gravatar.com\\\/avatar\\\/?s=96&d=mm&r=g\",\"url\":\"https:\\\/\\\/secure.gravatar.com\\\/avatar\\\/?s=96&d=mm&r=g\",\"contentUrl\":\"https:\\\/\\\/secure.gravatar.com\\\/avatar\\\/?s=96&d=mm&r=g\",\"caption\":\"user_4033\"},\"url\":\"https:\\\/\\\/www.fcbarcelonanoticias.com\\\/en\\\/user_4033.html\"}]}<\/script>\n<!-- \/ Yoast SEO plugin. -->","yoast_head_json":{"title":"Florentino P\u00e9rez and the ridiculous elder of the history of the Real Madrid","description":"Florentino P\u00e9rez has signed, of definite way, the ridiculous elder of his history: Kylian Mbapp\u00e9, the big dream of the Real Madrid, will renew with the Paris Sain...","robots":{"index":"index","follow":"follow","max-snippet":"max-snippet:-1","max-image-preview":"max-image-preview:large","max-video-preview":"max-video-preview:-1"},"canonical":"https:\/\/www.fcbarcelonanoticias.com\/en\/real-madrid\/florentino-perez-and-the-ridiculous-elder-of-the-history-of-the-real-madrid_280508_102.html","og_locale":"en_US","og_type":"article","og_title":"Florentino P\u00e9rez and the ridiculous elder of the history of the Real Madrid","og_description":"Florentino P\u00e9rez has signed, of definite way, the ridiculous elder of his history: Kylian Mbapp\u00e9, the big dream of the Real Madrid, will renew with the Paris Sain...","og_url":"https:\/\/www.fcbarcelonanoticias.com\/en\/real-madrid\/florentino-perez-and-the-ridiculous-elder-of-the-history-of-the-real-madrid_280508_102.html","og_site_name":"EN - FC Barcelona Noticias","article_published_time":"2022-05-21T15:12:00+00:00","og_image":[{"width":1300,"height":768,"url":"https:\/\/www.fcbarcelonanoticias.com\/en\/wp-content\/uploads\/sites\/2\/2022\/09\/florentino-bosque-prensa.jpeg","type":"image\/jpeg"}],"author":"user_4033","twitter_card":"summary_large_image","twitter_misc":{"Written by":"user_4033","Est. reading time":"2 minutes"},"schema":{"@context":"https:\/\/schema.org","@graph":[{"@type":"Article","@id":"https:\/\/www.fcbarcelonanoticias.com\/en\/real-madrid\/florentino-perez-and-the-ridiculous-elder-of-the-history-of-the-real-madrid_280508_102.html#article","isPartOf":{"@id":"https:\/\/www.fcbarcelonanoticias.com\/en\/real-madrid\/florentino-perez-and-the-ridiculous-elder-of-the-history-of-the-real-madrid_280508_102.html"},"author":{"name":"user_4033","@id":"https:\/\/www.fcbarcelonanoticias.com\/en\/#\/schema\/person\/ef17c1dea904b5d4464ec95dd322e667"},"headline":"Florentino P\u00e9rez and the greatest ridicule in the history of Real Madrid","datePublished":"2022-05-21T15:12:00+00:00","mainEntityOfPage":{"@id":"https:\/\/www.fcbarcelonanoticias.com\/en\/real-madrid\/florentino-perez-and-the-ridiculous-elder-of-the-history-of-the-real-madrid_280508_102.html"},"wordCount":460,"image":{"@id":"https:\/\/www.fcbarcelonanoticias.com\/en\/real-madrid\/florentino-perez-and-the-ridiculous-elder-of-the-history-of-the-real-madrid_280508_102.html#primaryimage"},"thumbnailUrl":"https:\/\/www.fcbarcelonanoticias.com\/en\/wp-content\/uploads\/sites\/2\/2022\/09\/florentino-bosque-prensa.jpeg","keywords":["Florentino P\u00e9rez","Mbapp\u00e9","Paris Saint-Germain"],"articleSection":["Real Madrid","Real Madrid"],"inLanguage":"en-US"},{"@type":"WebPage","@id":"https:\/\/www.fcbarcelonanoticias.com\/en\/real-madrid\/florentino-perez-and-the-ridiculous-elder-of-the-history-of-the-real-madrid_280508_102.html","url":"https:\/\/www.fcbarcelonanoticias.com\/en\/real-madrid\/florentino-perez-and-the-ridiculous-elder-of-the-history-of-the-real-madrid_280508_102.html","name":"Florentino P\u00e9rez and the ridiculous elder of the history of the Real Madrid","isPartOf":{"@id":"https:\/\/www.fcbarcelonanoticias.com\/en\/#website"},"primaryImageOfPage":{"@id":"https:\/\/www.fcbarcelonanoticias.com\/en\/real-madrid\/florentino-perez-and-the-ridiculous-elder-of-the-history-of-the-real-madrid_280508_102.html#primaryimage"},"image":{"@id":"https:\/\/www.fcbarcelonanoticias.com\/en\/real-madrid\/florentino-perez-and-the-ridiculous-elder-of-the-history-of-the-real-madrid_280508_102.html#primaryimage"},"thumbnailUrl":"https:\/\/www.fcbarcelonanoticias.com\/en\/wp-content\/uploads\/sites\/2\/2022\/09\/florentino-bosque-prensa.jpeg","datePublished":"2022-05-21T15:12:00+00:00","author":{"@id":"https:\/\/www.fcbarcelonanoticias.com\/en\/#\/schema\/person\/ef17c1dea904b5d4464ec95dd322e667"},"description":"Florentino P\u00e9rez has signed, of definite way, the ridiculous elder of his history: Kylian Mbapp\u00e9, the big dream of the Real Madrid, will renew with the Paris Sain...","breadcrumb":{"@id":"https:\/\/www.fcbarcelonanoticias.com\/en\/real-madrid\/florentino-perez-and-the-ridiculous-elder-of-the-history-of-the-real-madrid_280508_102.html#breadcrumb"},"inLanguage":"en-US","potentialAction":[{"@type":"ReadAction","target":["https:\/\/www.fcbarcelonanoticias.com\/en\/real-madrid\/florentino-perez-and-the-ridiculous-elder-of-the-history-of-the-real-madrid_280508_102.html"]}]},{"@type":"ImageObject","inLanguage":"en-US","@id":"https:\/\/www.fcbarcelonanoticias.com\/en\/real-madrid\/florentino-perez-and-the-ridiculous-elder-of-the-history-of-the-real-madrid_280508_102.html#primaryimage","url":"https:\/\/www.fcbarcelonanoticias.com\/en\/wp-content\/uploads\/sites\/2\/2022\/09\/florentino-bosque-prensa.jpeg","contentUrl":"https:\/\/www.fcbarcelonanoticias.com\/en\/wp-content\/uploads\/sites\/2\/2022\/09\/florentino-bosque-prensa.jpeg","width":1300,"height":768},{"@type":"BreadcrumbList","@id":"https:\/\/www.fcbarcelonanoticias.com\/en\/real-madrid\/florentino-perez-and-the-ridiculous-elder-of-the-history-of-the-real-madrid_280508_102.html#breadcrumb","itemListElement":[{"@type":"ListItem","position":1,"name":"Portada","item":"https:\/\/www.fcbarcelonanoticias.com\/en\/"},{"@type":"ListItem","position":2,"name":"Florentino P\u00e9rez and the greatest ridicule in the history of Real Madrid"}]},{"@type":"WebSite","@id":"https:\/\/www.fcbarcelonanoticias.com\/en\/#website","url":"https:\/\/www.fcbarcelonanoticias.com\/en\/","name":"EN - FC Barcelona Noticias","description":"","potentialAction":[{"@type":"SearchAction","target":{"@type":"EntryPoint","urlTemplate":"https:\/\/www.fcbarcelonanoticias.com\/en\/?s={search_term_string}"},"query-input":{"@type":"PropertyValueSpecification","valueRequired":true,"valueName":"search_term_string"}}],"inLanguage":"en-US"},{"@type":"Person","@id":"https:\/\/www.fcbarcelonanoticias.com\/en\/#\/schema\/person\/ef17c1dea904b5d4464ec95dd322e667","name":"user_4033","image":{"@type":"ImageObject","inLanguage":"en-US","@id":"https:\/\/secure.gravatar.com\/avatar\/?s=96&d=mm&r=g","url":"https:\/\/secure.gravatar.com\/avatar\/?s=96&d=mm&r=g","contentUrl":"https:\/\/secure.gravatar.com\/avatar\/?s=96&d=mm&r=g","caption":"user_4033"},"url":"https:\/\/www.fcbarcelonanoticias.com\/en\/user_4033.html"}]}},"_links":{"self":[{"href":"https:\/\/www.fcbarcelonanoticias.com\/en\/wp-json\/wp\/v2\/posts\/81129","targetHints":{"allow":["GET"]}}],"collection":[{"href":"https:\/\/www.fcbarcelonanoticias.com\/en\/wp-json\/wp\/v2\/posts"}],"about":[{"href":"https:\/\/www.fcbarcelonanoticias.com\/en\/wp-json\/wp\/v2\/types\/post"}],"author":[{"embeddable":true,"href":"https:\/\/www.fcbarcelonanoticias.com\/en\/wp-json\/wp\/v2\/users\/377"}],"replies":[{"embeddable":true,"href":"https:\/\/www.fcbarcelonanoticias.com\/en\/wp-json\/wp\/v2\/comments?post=81129"}],"version-history":[{"count":1,"href":"https:\/\/www.fcbarcelonanoticias.com\/en\/wp-json\/wp\/v2\/posts\/81129\/revisions"}],"predecessor-version":[{"id":122325,"href":"https:\/\/www.fcbarcelonanoticias.com\/en\/wp-json\/wp\/v2\/posts\/81129\/revisions\/122325"}],"wp:featuredmedia":[{"embeddable":true,"href":"https:\/\/www.fcbarcelonanoticias.com\/en\/wp-json\/wp\/v2\/media\/5443"}],"wp:attachment":[{"href":"https:\/\/www.fcbarcelonanoticias.com\/en\/wp-json\/wp\/v2\/media?parent=81129"}],"wp:term":[{"taxonomy":"category","embeddable":true,"href":"https:\/\/www.fcbarcelonanoticias.com\/en\/wp-json\/wp\/v2\/categories?post=81129"},{"taxonomy":"post_tag","embeddable":true,"href":"https:\/\/www.fcbarcelonanoticias.com\/en\/wp-json\/wp\/v2\/tags?post=81129"}],"curies":[{"name":"wp","href":"https:\/\/api.w.org\/{rel}","templated":true}]}}