{"id":81221,"date":"2022-04-04T01:59:00","date_gmt":"2022-04-03T23:59:00","guid":{"rendered":"https:\/\/weisetech.dev\/fc-barcelona-noticias\/en\/was-applauded-return-rakitic-camp-nou_279111_102\/"},"modified":"2022-04-04T02:39:00","modified_gmt":"2022-04-04T00:39:00","slug":"was-applauded-return-rakitic-camp-nou_279111_102","status":"publish","type":"post","link":"https:\/\/www.fcbarcelonanoticias.com\/en\/players\/was-applauded-return-rakitic-camp-nou_279111_102.html","title":{"rendered":"Like this it was the applauded return of Rakitic to the Camp Nou"},"content":{"rendered":"<h2 class=\"wp-block-heading\">Ivan Rakitic met the fans of FC Barcelona again after his departure from the team two seasons ago. The corata left his mark on the Bar\u00e7a team and the Catalans let him know with a standing ovation as he entered the field<\/h2>  \r\n<div class=\"article-addons\">\r\n    <a href=\"https:\/\/www.fcbarcelonanoticias.com\/en\/calendar-fc-barcelona.html\"\r\n       target=\"_self\"\r\n       title=\"Calendar of FC Barcelona\"\r\n       class=\"blue-gredient-btn\">\r\n       \r\n        Calendar of FC Barcelona    <\/a>\r\n<\/div>   <p><a data-external=\"0\" data-intl-links-en=\"https:\/\/www.fcbarcelonanoticias.com\/en\/tags\/ivan-rakitic\" data-intl-links-es=\"https:\/\/www.fcbarcelonanoticias.com\/tags\/ivan-rakitic\" href=\"https:\/\/www.fcbarcelonanoticias.com\/en\/tags\/ivan-rakitic.html\" rel=\"follow\" target=\"_self\" title=\"Ivan Rakitic\">Ivan Rakitic<\/a> went back to which went his house during 6 years. The Croat returned to the Camp Nou by third time since you saw the T-shirt of the Seville, but this time with ingredient very special: the public. The midfield player had not been able to reencontrarse with the bloated of the <a data-external=\"0\" data-intl-links-en=\"https:\/\/www.fcbarcelonanoticias.com\/en\/fc-barcelona\" data-intl-links-es=\"https:\/\/www.fcbarcelonanoticias.com\/fc-barcelona\" href=\"https:\/\/www.fcbarcelonanoticias.com\/en\/football-soccer\/fc-barcelona.html\" rel=\"follow\" target=\"_self\" title=\"FC Barcelona\">FC Barcelona<\/a> because of the pandemia, <strong>and the fanatical cul\u00e9s took advantage of the occasion to receive it with a caluroso applause<\/strong> grieve stepped the lawn of the feudo Catalan.<\/p>  <p>The ex barcelonista was a pillar in the midfield of the teams of Luis Enrique and, later, Ernesto Valverde. The footballer won all the possible dressing the Barcelona T-shirt, <strong>with which contested 310 parties and achieved to raise 13 trophies<\/strong>. The most important was the Champions achieved in the 2015 in front of the Juventus, in which the Croat was one of the protagonists when annotating a goal in that final in the Olympic Stadium of Berlin.<\/p>  <p>When going out to the terrain of game beside his mates to be followed the routines of previous warming to the meeting, the Croat received the appreciate and respect of the public. <strong>You inflate them Catalan him propiciaron an audible ovation when this touched the lawn of the Camp Nou<\/strong>, and more advance, when being appointed by the megaphony of the stadium when they quoted the alignment of the directed by Julen Lopetegui. When finalising the meeting, the player remained in underpantss after giving him his pieces to the terracings.<\/p>  <p>But the welcome has not remained here. His ancient mates offered him an affectionate greeting. The &#8216;holy cows&#8217;, Jordi Alba, Gerard Hammered and Sergio Busquets, with which the Balkan kept a big relation, <strong>approached for &#8216;give him&#8217; an embrace and chat with the player<\/strong>. Ivan was key in the changing room of the team during his last moment of glory. In spite of this, the decaimiento of the changing room under the orders of Valverde and Seti\u00e9n, earned as &#8216;victim&#8217; to the footballer, that had to put course of turn to Seville.<\/p>  <h3>The replacement of Xavi<\/h3>  <p>Ironically, the mediocampista arrived to the entity blaugrana to replace to Xavi Hern\u00e1ndez in the medullary. The now technical cul\u00e9 and the player sevillista <strong>coincided in the changing room of the cul\u00e9s during the last season of the of Terrassa in Can<\/strong>Bar\u00e7a . After his gone to Qatar, was Rakitic the one who took the controls of the midfield barcelonista and turned into fundamental figure of the team during the following campaigns.<\/p> ","protected":false},"excerpt":{"rendered":"<p>Ivan Rakitic met the fans of FC Barcelona again after his departure from the team two seasons ago. The corata left his mark on the Bar\u00e7a team and the Catalans let him know with a standing ovation as he entered the field Ivan Rakitic went back to which went his house during 6 years. The [&hellip;]<\/p>\n","protected":false},"author":358,"featured_media":17534,"comment_status":"closed","ping_status":"open","sticky":false,"template":"","format":"standard","meta":{"_acf_changed":false,"inline_featured_image":false,"_nextfly_llmd_date_locked":false,"footnotes":""},"categories":[107,453],"tags":[82,278,74],"class_list":["post-81221","post","type-post","status-publish","format-standard","has-post-thumbnail","hentry","category-players","category-players-2","tag-camp-nou","tag-ivan-rakitic","tag-sevilla-fc"],"acf":[],"yoast_head":"<!-- This site is optimized with the Yoast SEO plugin v27.3 - https:\/\/yoast.com\/product\/yoast-seo-wordpress\/ -->\n<title>Like this it was the applauded return of Rakitic to the Camp Nou<\/title>\n<meta name=\"description\" content=\"Ivan Rakitic went back to find with the bloated of the FC Barcelona after his exit of the team does two seasons. The corata left footprint in the team az...\" \/>\n<meta name=\"robots\" content=\"index, follow, max-snippet:-1, max-image-preview:large, max-video-preview:-1\" \/>\n<link rel=\"canonical\" href=\"https:\/\/www.fcbarcelonanoticias.com\/en\/players\/was-applauded-return-rakitic-camp-nou_279111_102.html\" \/>\n<meta property=\"og:locale\" content=\"en_US\" \/>\n<meta property=\"og:type\" content=\"article\" \/>\n<meta property=\"og:title\" content=\"Like this it was the applauded return of Rakitic to the Camp Nou\" \/>\n<meta property=\"og:description\" content=\"Ivan Rakitic went back to find with the bloated of the FC Barcelona after his exit of the team does two seasons. The corata left footprint in the team az...\" \/>\n<meta property=\"og:url\" content=\"https:\/\/www.fcbarcelonanoticias.com\/en\/players\/was-applauded-return-rakitic-camp-nou_279111_102.html\" \/>\n<meta property=\"og:site_name\" content=\"EN - FC Barcelona Noticias\" \/>\n<meta property=\"article:published_time\" content=\"2022-04-03T23:59:00+00:00\" \/>\n<meta property=\"article:modified_time\" content=\"2022-04-04T00:39:00+00:00\" \/>\n<meta property=\"og:image\" content=\"https:\/\/www.fcbarcelonanoticias.com\/en\/wp-content\/uploads\/sites\/2\/2026\/03\/ivan-rakitic-calzoncillos.jpeg\" \/>\n\t<meta property=\"og:image:width\" content=\"1300\" \/>\n\t<meta property=\"og:image:height\" content=\"733\" \/>\n\t<meta property=\"og:image:type\" content=\"image\/jpeg\" \/>\n<meta name=\"author\" content=\"Juan Pablo Berdugo\" \/>\n<meta name=\"twitter:card\" content=\"summary_large_image\" \/>\n<meta name=\"twitter:label1\" content=\"Written by\" \/>\n\t<meta name=\"twitter:data1\" content=\"Juan Pablo Berdugo\" \/>\n\t<meta name=\"twitter:label2\" content=\"Est. reading time\" \/>\n\t<meta name=\"twitter:data2\" content=\"2 minutes\" \/>\n<script type=\"application\/ld+json\" class=\"yoast-schema-graph\">{\"@context\":\"https:\\\/\\\/schema.org\",\"@graph\":[{\"@type\":\"Article\",\"@id\":\"https:\\\/\\\/www.fcbarcelonanoticias.com\\\/en\\\/players\\\/was-applauded-return-rakitic-camp-nou_279111_102.html#article\",\"isPartOf\":{\"@id\":\"https:\\\/\\\/www.fcbarcelonanoticias.com\\\/en\\\/players\\\/was-applauded-return-rakitic-camp-nou_279111_102.html\"},\"author\":{\"name\":\"Juan Pablo Berdugo\",\"@id\":\"https:\\\/\\\/www.fcbarcelonanoticias.com\\\/en\\\/#\\\/schema\\\/person\\\/88d756918a0a1ae9fa593b5edddd1815\"},\"headline\":\"Like this it was the applauded return of Rakitic to the Camp Nou\",\"datePublished\":\"2022-04-03T23:59:00+00:00\",\"dateModified\":\"2022-04-04T00:39:00+00:00\",\"mainEntityOfPage\":{\"@id\":\"https:\\\/\\\/www.fcbarcelonanoticias.com\\\/en\\\/players\\\/was-applauded-return-rakitic-camp-nou_279111_102.html\"},\"wordCount\":474,\"image\":{\"@id\":\"https:\\\/\\\/www.fcbarcelonanoticias.com\\\/en\\\/players\\\/was-applauded-return-rakitic-camp-nou_279111_102.html#primaryimage\"},\"thumbnailUrl\":\"https:\\\/\\\/www.fcbarcelonanoticias.com\\\/en\\\/wp-content\\\/uploads\\\/sites\\\/2\\\/2026\\\/03\\\/ivan-rakitic-calzoncillos.jpeg\",\"keywords\":[\"Camp Nou\",\"Ivan Rakitic\",\"Sevilla FC\"],\"articleSection\":[\"Players\",\"Players\"],\"inLanguage\":\"en-US\"},{\"@type\":\"WebPage\",\"@id\":\"https:\\\/\\\/www.fcbarcelonanoticias.com\\\/en\\\/players\\\/was-applauded-return-rakitic-camp-nou_279111_102.html\",\"url\":\"https:\\\/\\\/www.fcbarcelonanoticias.com\\\/en\\\/players\\\/was-applauded-return-rakitic-camp-nou_279111_102.html\",\"name\":\"Like this it was the applauded return of Rakitic to the Camp Nou\",\"isPartOf\":{\"@id\":\"https:\\\/\\\/www.fcbarcelonanoticias.com\\\/en\\\/#website\"},\"primaryImageOfPage\":{\"@id\":\"https:\\\/\\\/www.fcbarcelonanoticias.com\\\/en\\\/players\\\/was-applauded-return-rakitic-camp-nou_279111_102.html#primaryimage\"},\"image\":{\"@id\":\"https:\\\/\\\/www.fcbarcelonanoticias.com\\\/en\\\/players\\\/was-applauded-return-rakitic-camp-nou_279111_102.html#primaryimage\"},\"thumbnailUrl\":\"https:\\\/\\\/www.fcbarcelonanoticias.com\\\/en\\\/wp-content\\\/uploads\\\/sites\\\/2\\\/2026\\\/03\\\/ivan-rakitic-calzoncillos.jpeg\",\"datePublished\":\"2022-04-03T23:59:00+00:00\",\"dateModified\":\"2022-04-04T00:39:00+00:00\",\"author\":{\"@id\":\"https:\\\/\\\/www.fcbarcelonanoticias.com\\\/en\\\/#\\\/schema\\\/person\\\/88d756918a0a1ae9fa593b5edddd1815\"},\"description\":\"Ivan Rakitic went back to find with the bloated of the FC Barcelona after his exit of the team does two seasons. The corata left footprint in the team az...\",\"breadcrumb\":{\"@id\":\"https:\\\/\\\/www.fcbarcelonanoticias.com\\\/en\\\/players\\\/was-applauded-return-rakitic-camp-nou_279111_102.html#breadcrumb\"},\"inLanguage\":\"en-US\",\"potentialAction\":[{\"@type\":\"ReadAction\",\"target\":[\"https:\\\/\\\/www.fcbarcelonanoticias.com\\\/en\\\/players\\\/was-applauded-return-rakitic-camp-nou_279111_102.html\"]}]},{\"@type\":\"ImageObject\",\"inLanguage\":\"en-US\",\"@id\":\"https:\\\/\\\/www.fcbarcelonanoticias.com\\\/en\\\/players\\\/was-applauded-return-rakitic-camp-nou_279111_102.html#primaryimage\",\"url\":\"https:\\\/\\\/www.fcbarcelonanoticias.com\\\/en\\\/wp-content\\\/uploads\\\/sites\\\/2\\\/2026\\\/03\\\/ivan-rakitic-calzoncillos.jpeg\",\"contentUrl\":\"https:\\\/\\\/www.fcbarcelonanoticias.com\\\/en\\\/wp-content\\\/uploads\\\/sites\\\/2\\\/2026\\\/03\\\/ivan-rakitic-calzoncillos.jpeg\",\"width\":1300,\"height\":733},{\"@type\":\"BreadcrumbList\",\"@id\":\"https:\\\/\\\/www.fcbarcelonanoticias.com\\\/en\\\/players\\\/was-applauded-return-rakitic-camp-nou_279111_102.html#breadcrumb\",\"itemListElement\":[{\"@type\":\"ListItem\",\"position\":1,\"name\":\"Portada\",\"item\":\"https:\\\/\\\/www.fcbarcelonanoticias.com\\\/en\\\/\"},{\"@type\":\"ListItem\",\"position\":2,\"name\":\"Like this it was the applauded return of Rakitic to the Camp Nou\"}]},{\"@type\":\"WebSite\",\"@id\":\"https:\\\/\\\/www.fcbarcelonanoticias.com\\\/en\\\/#website\",\"url\":\"https:\\\/\\\/www.fcbarcelonanoticias.com\\\/en\\\/\",\"name\":\"EN - FC Barcelona Noticias\",\"description\":\"\",\"potentialAction\":[{\"@type\":\"SearchAction\",\"target\":{\"@type\":\"EntryPoint\",\"urlTemplate\":\"https:\\\/\\\/www.fcbarcelonanoticias.com\\\/en\\\/?s={search_term_string}\"},\"query-input\":{\"@type\":\"PropertyValueSpecification\",\"valueRequired\":true,\"valueName\":\"search_term_string\"}}],\"inLanguage\":\"en-US\"},{\"@type\":\"Person\",\"@id\":\"https:\\\/\\\/www.fcbarcelonanoticias.com\\\/en\\\/#\\\/schema\\\/person\\\/88d756918a0a1ae9fa593b5edddd1815\",\"name\":\"Juan Pablo Berdugo\",\"image\":{\"@type\":\"ImageObject\",\"inLanguage\":\"en-US\",\"@id\":\"https:\\\/\\\/secure.gravatar.com\\\/avatar\\\/?s=96&d=mm&r=g\",\"url\":\"https:\\\/\\\/secure.gravatar.com\\\/avatar\\\/?s=96&d=mm&r=g\",\"contentUrl\":\"https:\\\/\\\/secure.gravatar.com\\\/avatar\\\/?s=96&d=mm&r=g\",\"caption\":\"Juan Pablo Berdugo\"},\"description\":\"Juan Pablo Berdugo es graduado en Periodismo. Colabora con FCBN como especialista en informaci\u00f3n del primer equipo del FC Barcelona, f\u00fatbol internacional y mercado de fichajes. Destaca por su enfoque anal\u00edtico, su rigor informativo y su capacidad para detectar tendencias emergentes en el f\u00fatbol global.\",\"url\":\"https:\\\/\\\/www.fcbarcelonanoticias.com\\\/en\\\/fc-barcelona\\\/juan-pablo-berdugo_18_115.html\"}]}<\/script>\n<!-- \/ Yoast SEO plugin. -->","yoast_head_json":{"title":"Like this it was the applauded return of Rakitic to the Camp Nou","description":"Ivan Rakitic went back to find with the bloated of the FC Barcelona after his exit of the team does two seasons. The corata left footprint in the team az...","robots":{"index":"index","follow":"follow","max-snippet":"max-snippet:-1","max-image-preview":"max-image-preview:large","max-video-preview":"max-video-preview:-1"},"canonical":"https:\/\/www.fcbarcelonanoticias.com\/en\/players\/was-applauded-return-rakitic-camp-nou_279111_102.html","og_locale":"en_US","og_type":"article","og_title":"Like this it was the applauded return of Rakitic to the Camp Nou","og_description":"Ivan Rakitic went back to find with the bloated of the FC Barcelona after his exit of the team does two seasons. The corata left footprint in the team az...","og_url":"https:\/\/www.fcbarcelonanoticias.com\/en\/players\/was-applauded-return-rakitic-camp-nou_279111_102.html","og_site_name":"EN - FC Barcelona Noticias","article_published_time":"2022-04-03T23:59:00+00:00","article_modified_time":"2022-04-04T00:39:00+00:00","og_image":[{"width":1300,"height":733,"url":"https:\/\/www.fcbarcelonanoticias.com\/en\/wp-content\/uploads\/sites\/2\/2026\/03\/ivan-rakitic-calzoncillos.jpeg","type":"image\/jpeg"}],"author":"Juan Pablo Berdugo","twitter_card":"summary_large_image","twitter_misc":{"Written by":"Juan Pablo Berdugo","Est. reading time":"2 minutes"},"schema":{"@context":"https:\/\/schema.org","@graph":[{"@type":"Article","@id":"https:\/\/www.fcbarcelonanoticias.com\/en\/players\/was-applauded-return-rakitic-camp-nou_279111_102.html#article","isPartOf":{"@id":"https:\/\/www.fcbarcelonanoticias.com\/en\/players\/was-applauded-return-rakitic-camp-nou_279111_102.html"},"author":{"name":"Juan Pablo Berdugo","@id":"https:\/\/www.fcbarcelonanoticias.com\/en\/#\/schema\/person\/88d756918a0a1ae9fa593b5edddd1815"},"headline":"Like this it was the applauded return of Rakitic to the Camp Nou","datePublished":"2022-04-03T23:59:00+00:00","dateModified":"2022-04-04T00:39:00+00:00","mainEntityOfPage":{"@id":"https:\/\/www.fcbarcelonanoticias.com\/en\/players\/was-applauded-return-rakitic-camp-nou_279111_102.html"},"wordCount":474,"image":{"@id":"https:\/\/www.fcbarcelonanoticias.com\/en\/players\/was-applauded-return-rakitic-camp-nou_279111_102.html#primaryimage"},"thumbnailUrl":"https:\/\/www.fcbarcelonanoticias.com\/en\/wp-content\/uploads\/sites\/2\/2026\/03\/ivan-rakitic-calzoncillos.jpeg","keywords":["Camp Nou","Ivan Rakitic","Sevilla FC"],"articleSection":["Players","Players"],"inLanguage":"en-US"},{"@type":"WebPage","@id":"https:\/\/www.fcbarcelonanoticias.com\/en\/players\/was-applauded-return-rakitic-camp-nou_279111_102.html","url":"https:\/\/www.fcbarcelonanoticias.com\/en\/players\/was-applauded-return-rakitic-camp-nou_279111_102.html","name":"Like this it was the applauded return of Rakitic to the Camp Nou","isPartOf":{"@id":"https:\/\/www.fcbarcelonanoticias.com\/en\/#website"},"primaryImageOfPage":{"@id":"https:\/\/www.fcbarcelonanoticias.com\/en\/players\/was-applauded-return-rakitic-camp-nou_279111_102.html#primaryimage"},"image":{"@id":"https:\/\/www.fcbarcelonanoticias.com\/en\/players\/was-applauded-return-rakitic-camp-nou_279111_102.html#primaryimage"},"thumbnailUrl":"https:\/\/www.fcbarcelonanoticias.com\/en\/wp-content\/uploads\/sites\/2\/2026\/03\/ivan-rakitic-calzoncillos.jpeg","datePublished":"2022-04-03T23:59:00+00:00","dateModified":"2022-04-04T00:39:00+00:00","author":{"@id":"https:\/\/www.fcbarcelonanoticias.com\/en\/#\/schema\/person\/88d756918a0a1ae9fa593b5edddd1815"},"description":"Ivan Rakitic went back to find with the bloated of the FC Barcelona after his exit of the team does two seasons. The corata left footprint in the team az...","breadcrumb":{"@id":"https:\/\/www.fcbarcelonanoticias.com\/en\/players\/was-applauded-return-rakitic-camp-nou_279111_102.html#breadcrumb"},"inLanguage":"en-US","potentialAction":[{"@type":"ReadAction","target":["https:\/\/www.fcbarcelonanoticias.com\/en\/players\/was-applauded-return-rakitic-camp-nou_279111_102.html"]}]},{"@type":"ImageObject","inLanguage":"en-US","@id":"https:\/\/www.fcbarcelonanoticias.com\/en\/players\/was-applauded-return-rakitic-camp-nou_279111_102.html#primaryimage","url":"https:\/\/www.fcbarcelonanoticias.com\/en\/wp-content\/uploads\/sites\/2\/2026\/03\/ivan-rakitic-calzoncillos.jpeg","contentUrl":"https:\/\/www.fcbarcelonanoticias.com\/en\/wp-content\/uploads\/sites\/2\/2026\/03\/ivan-rakitic-calzoncillos.jpeg","width":1300,"height":733},{"@type":"BreadcrumbList","@id":"https:\/\/www.fcbarcelonanoticias.com\/en\/players\/was-applauded-return-rakitic-camp-nou_279111_102.html#breadcrumb","itemListElement":[{"@type":"ListItem","position":1,"name":"Portada","item":"https:\/\/www.fcbarcelonanoticias.com\/en\/"},{"@type":"ListItem","position":2,"name":"Like this it was the applauded return of Rakitic to the Camp Nou"}]},{"@type":"WebSite","@id":"https:\/\/www.fcbarcelonanoticias.com\/en\/#website","url":"https:\/\/www.fcbarcelonanoticias.com\/en\/","name":"EN - FC Barcelona Noticias","description":"","potentialAction":[{"@type":"SearchAction","target":{"@type":"EntryPoint","urlTemplate":"https:\/\/www.fcbarcelonanoticias.com\/en\/?s={search_term_string}"},"query-input":{"@type":"PropertyValueSpecification","valueRequired":true,"valueName":"search_term_string"}}],"inLanguage":"en-US"},{"@type":"Person","@id":"https:\/\/www.fcbarcelonanoticias.com\/en\/#\/schema\/person\/88d756918a0a1ae9fa593b5edddd1815","name":"Juan Pablo Berdugo","image":{"@type":"ImageObject","inLanguage":"en-US","@id":"https:\/\/secure.gravatar.com\/avatar\/?s=96&d=mm&r=g","url":"https:\/\/secure.gravatar.com\/avatar\/?s=96&d=mm&r=g","contentUrl":"https:\/\/secure.gravatar.com\/avatar\/?s=96&d=mm&r=g","caption":"Juan Pablo Berdugo"},"description":"Juan Pablo Berdugo es graduado en Periodismo. Colabora con FCBN como especialista en informaci\u00f3n del primer equipo del FC Barcelona, f\u00fatbol internacional y mercado de fichajes. Destaca por su enfoque anal\u00edtico, su rigor informativo y su capacidad para detectar tendencias emergentes en el f\u00fatbol global.","url":"https:\/\/www.fcbarcelonanoticias.com\/en\/fc-barcelona\/juan-pablo-berdugo_18_115.html"}]}},"_links":{"self":[{"href":"https:\/\/www.fcbarcelonanoticias.com\/en\/wp-json\/wp\/v2\/posts\/81221","targetHints":{"allow":["GET"]}}],"collection":[{"href":"https:\/\/www.fcbarcelonanoticias.com\/en\/wp-json\/wp\/v2\/posts"}],"about":[{"href":"https:\/\/www.fcbarcelonanoticias.com\/en\/wp-json\/wp\/v2\/types\/post"}],"author":[{"embeddable":true,"href":"https:\/\/www.fcbarcelonanoticias.com\/en\/wp-json\/wp\/v2\/users\/358"}],"replies":[{"embeddable":true,"href":"https:\/\/www.fcbarcelonanoticias.com\/en\/wp-json\/wp\/v2\/comments?post=81221"}],"version-history":[{"count":2,"href":"https:\/\/www.fcbarcelonanoticias.com\/en\/wp-json\/wp\/v2\/posts\/81221\/revisions"}],"predecessor-version":[{"id":81230,"href":"https:\/\/www.fcbarcelonanoticias.com\/en\/wp-json\/wp\/v2\/posts\/81221\/revisions\/81230"}],"wp:featuredmedia":[{"embeddable":true,"href":"https:\/\/www.fcbarcelonanoticias.com\/en\/wp-json\/wp\/v2\/media\/17534"}],"wp:attachment":[{"href":"https:\/\/www.fcbarcelonanoticias.com\/en\/wp-json\/wp\/v2\/media?parent=81221"}],"wp:term":[{"taxonomy":"category","embeddable":true,"href":"https:\/\/www.fcbarcelonanoticias.com\/en\/wp-json\/wp\/v2\/categories?post=81221"},{"taxonomy":"post_tag","embeddable":true,"href":"https:\/\/www.fcbarcelonanoticias.com\/en\/wp-json\/wp\/v2\/tags?post=81221"}],"curies":[{"name":"wp","href":"https:\/\/api.w.org\/{rel}","templated":true}]}}