{"id":8132,"date":"2015-12-04T18:24:00","date_gmt":"2015-12-04T17:24:00","guid":{"rendered":"https:\/\/weisetech.dev\/fc-barcelona-noticias\/en\/the-three-months-for-the-horror-of-the-real-madrid-of-florentino_37376_102\/"},"modified":"2015-12-04T18:24:00","modified_gmt":"2015-12-04T17:24:00","slug":"the-three-months-for-the-horror-of-the-real-madrid-of-florentino_37376_102","status":"publish","type":"post","link":"https:\/\/www.fcbarcelonanoticias.com\/en\/copa-del-rey\/the-three-months-for-the-horror-of-the-real-madrid-of-florentino_37376_102.html","title":{"rendered":"The three months for the horror of the Real Madrid of Florentino"},"content":{"rendered":"\r\n<div class=\"article-addons\">\r\n    <a href=\"https:\/\/www.fcbarcelonanoticias.com\/en\/calendar-fc-barcelona.html\"\r\n       target=\"_self\"\r\n       title=\"Calendar of FC Barcelona\"\r\n       class=\"blue-gredient-btn\">\r\n       \r\n        Calendar of FC Barcelona    <\/a>\r\n<\/div>   <div class=\"separator\" style=\"clear: both; text-align: center;\"><a href=\"https:\/\/2.bp.blogspot.com\/en\/-H_-61chg6a4\/VmHloHuPegI\/AAAAAAAAEjM\/dl2LKPsJrEw\/s1600\/tres-meses-para-horror-real-madrid.jpg\" imageanchor=\"1\" style=\"margin-left: 1em; margin-right: 1em;\"><\/a><\/div> <br><b>It is more than clear that this 2015 is not the best year, neither much less, of the Real Madrid in all his history. Perhaps it can treat of one of the worst in the last times regarding bad luck, bad management in the dispatches and bad direction from the terrain of game<\/b><br><br><span style=\"font-size: large;\"><b><span style=\"color: #990000;\">Ticket<\/span><\/b> &#8211; <b><u><a href=\"http:\/\/www.viagogo.es\/en\/Entradas-Deportes\/Futbol\/La-Liga-Primera-Division\/FC-Barcelona-Entradas\/E-1073682?AffiliateID=1558&amp;PCID=AFFESIAFF1558A548FCBFC6-05\" rel=\"nofollow\" target=\"_blank\">Gone in FC Barcelona vs Sportive &#8211; League J15<\/a><\/u><\/b><\/span><br><span style=\"font-size: large;\"><b><span style=\"color: #990000;\">The Classical<\/span><\/b> &#8211; <b><u><a href=\"http:\/\/www.viagogo.es\/en\/Entradas-Deportes\/Futbol\/La-Liga-Primera-Division\/FC-Barcelona-Entradas\/E-1073691?AffiliateID=1558&amp;PCID=AFFESIAFF1558A548FCBFC6-05\" rel=\"nofollow\" target=\"_blank\">Gone in \/ Ticket FC Barcelona vs Real Madrid<\/a><\/u><\/b><\/span><br><span style=\"font-size: large;\"><b><span style=\"color: #990000;\">Ticket<\/span><\/b> &#8211; <b><u><a href=\"http:\/\/www.viagogo.es\/en\/Entradas-Deportes\/Futbol\/La-Liga-Primera-Division\/FC-Barcelona-Entradas?AffiliateID=1558&amp;PCID=AFFESIAFF1558A548FCBFC6-05\" rel=\"nofollow\" target=\"_blank\">Gone in for all the parties of the FC Barcelona<\/a><\/u><\/b><\/span><br><br>Of good safe that the president of the <b>Real Madrid, Florentino P\u00e9rez,<\/b> will have many win that it finish already this year 2015. This, if it holds in the place the next envite of the fans this weekend that boasts  will be apote\u00f3sico. And it is that during this year the white fans has assisted to the disaster of a team that <b>finish 2014 winning the World-wide of Clubs<\/b> and that since has not raised head. This joined to the <b>growth of giant that has had the FC Barcelona of Luis Enrique<\/b> and that has stressed  in these three first months of <b>season 2015-2016 <\/b>where if something can go out him badly to the team of the capital of Spain, of good sure will go out him bad.<br><br>And it is that in little more than 90 days to the white house has him caido of everything. From signings that do not arrive by fault of a paper until the elimination in Glass by undue alignment, going through the goleada of his rival maximum in his own house or the problems of his new trainer with half staff. Six have been the <b>more important and negative events that have occurred him to the Real Madrid in this first third of the campaign 2015-2016<\/b>. To continuation review them:<br><br><h2>1-it does not arrive the transfer of David of Gea<\/h2>It was the last day of the market of signings and from did months that the head office lechera no callaba with the signing of the guardameta toledano<b> David of Gea.<\/b> So much that even they achieved <b>the exit of Iker Boxes<\/b> to leave him his place to a goalkeeper that, to fault of a tr\u00e1nsfer that did not arrive to his hour remained  in <b>the Manchester United.<\/b> While, in the Bernab\u00e9u the one who kept  was a Keylor <b>Navas<\/b> that later would be the one who the would take out the chestnuts of the fire to the team.<br><br><h2>2-Problems of Rafael Ben\u00edtez with his players<\/h2>Florentino wanted to finish with the empire of the changing room that had had in Carlo Ancelotti more to a fellow that to a boss, entering in the staff to a trainer of those of fist of iron. <b>Like this it landed Rafael Ben\u00edtez by Chanmart\u00edn<\/b>, luciendo manual of style and throwing of discipline without marrying  with anybody. It has not happened a day from his arrival that have not spoken  of some internal problem that have had with his men. Or by that these have &#8220;rajado&#8221; of his methods of work, or because it has been he same the one who has hechado more firewood to the fire. <b>Sergio Bouquets, James Rodr\u00edguez, Marcelo, Cristiano Ronaldo, Karim Benzema, Jes\u00e9 Rodr\u00edguez<\/b>&#8230; A list that seems interminable.<br><br><h2>3-Karim Benzema, where said say say Diego<\/h2>When it seemed that they came time of calm to prepare the Classical appeared the case <b>&#8220;Karim Benzema&#8221;<\/b>. The French forward, that was lesionado and had not been selected pro France, communicated to the club that would attend to testificar in <b>the case of sexual blackmail of his mate of selection of Mathieu Valbuena<\/b>, but that there was not at all of what concern. The own <b>Florentino issued a communiqu\u00e9 of support<\/b> to his player that days afterwards would eat  with potatoes after going out to the light a conversation of the forward with a fellow that to, supposedly, of intermediary between the blackmailers and Valbuena.<br><br><h2>4-The 0-4 in Santiago Bernab\u00e9u in front of the FC Barcelona<\/h2>It is true that the Madrid of the Madrilenian technician bored until to the more fans madridistas of the place, but by the moment went taking out the parties to trompicones, and<b>n part thanks to Keylor Navas<\/b> with his decisive unemployed and partly to the effectiveness of the attack&#8230; Until it appeared the best team of the world. What had to be a meeting equalised like all derbi that  precie, finish being a dance of living room where the one who marked the tempo<b> were the men of Luis Enrique<\/b>. The Bar\u00e7a put him four to eleven men that walked in penalty by the lawn and assisted to one of the greater sportive embarrassments in the modern history of the club, and already go a few&#8230;<br><br><h2>5-Possible sanction of the FIFA<\/h2>Before it burst the last controversy, and although it seems that now anybody remember , several informations <b>affirmed that to the Real Madrid will fall him the same sanction from the FIFA that to the FC Barcelona<\/b> from the next year. That is to say, because of the bad management in the contracting of minors <b>will remain  during two windows of market without being able to fichar. <\/b>Something that is an authentic tragedy for a team where the prime chequebook always much more that the quarry.<br><br><h2>6-Deleted of the Glass of the King by undue alignment<\/h2>The guinda of all cake arrives of the way that all the world less expects . In this case, the one of the cake merengada, appeared the past Wednesday 2 December when Rafael Ben\u00edtez ranged of start in the party<b> of gone of the dieciseisavos of Glass of the King in front of the C\u00e1diz <\/b>to the canterano <b>Denis Cheryshev.<\/b> It gives  the casualidad that the extreme had been admonished in the last party of the past edition in front of the <b>FC Barcelona when it played in the Villarreal<\/b>, what supposed him an automatic sanction for accumulating three cautions. And this alignment, as all already know, has caused the elimination of the whites of the competition.<br><br> ","protected":false},"excerpt":{"rendered":"<p>It is more than clear that this 2015 is not the best year, neither much less, of the Real Madrid in all his history. Perhaps it can treat of one of the worst in the last times regarding bad luck, bad management in the dispatches and bad direction from the terrain of game Ticket &#8211; [&hellip;]<\/p>\n","protected":false},"author":477,"featured_media":8133,"comment_status":"closed","ping_status":"open","sticky":false,"template":"","format":"standard","meta":{"_acf_changed":false,"inline_featured_image":false,"_nextfly_llmd_date_locked":false,"footnotes":""},"categories":[118,446],"tags":[177,258],"class_list":["post-8132","post","type-post","status-publish","format-standard","has-post-thumbnail","hentry","category-copa-del-rey","category-copa-del-rey-2","tag-florentino-perez","tag-rafa-benitez"],"acf":[],"yoast_head":"<!-- This site is optimized with the Yoast SEO plugin v27.3 - https:\/\/yoast.com\/product\/yoast-seo-wordpress\/ -->\n<title>The three months for the horror of the Real Madrid of Florentino<\/title>\n<meta name=\"description\" content=\"FCBarcelonaNoticias.com\" \/>\n<meta name=\"robots\" content=\"index, follow, max-snippet:-1, max-image-preview:large, max-video-preview:-1\" \/>\n<link rel=\"canonical\" href=\"https:\/\/www.fcbarcelonanoticias.com\/en\/copa-del-rey\/the-three-months-for-the-horror-of-the-real-madrid-of-florentino_37376_102.html\" \/>\n<meta property=\"og:locale\" content=\"en_US\" \/>\n<meta property=\"og:type\" content=\"article\" \/>\n<meta property=\"og:title\" content=\"The three months for the horror of the Real Madrid of Florentino\" \/>\n<meta property=\"og:description\" content=\"FCBarcelonaNoticias.com\" \/>\n<meta property=\"og:url\" content=\"https:\/\/www.fcbarcelonanoticias.com\/en\/copa-del-rey\/the-three-months-for-the-horror-of-the-real-madrid-of-florentino_37376_102.html\" \/>\n<meta property=\"og:site_name\" content=\"EN - FC Barcelona Noticias\" \/>\n<meta property=\"article:published_time\" content=\"2015-12-04T17:24:00+00:00\" \/>\n<meta property=\"og:image\" content=\"https:\/\/www.fcbarcelonanoticias.com\/en\/wp-content\/uploads\/sites\/2\/2015\/12\/tres-meses-para-horror-real-madrid-37388.jpeg\" \/>\n\t<meta property=\"og:image:width\" content=\"610\" \/>\n\t<meta property=\"og:image:height\" content=\"343\" \/>\n\t<meta property=\"og:image:type\" content=\"image\/jpeg\" \/>\n<meta name=\"author\" content=\"user_4133\" \/>\n<meta name=\"twitter:card\" content=\"summary_large_image\" \/>\n<meta name=\"twitter:label1\" content=\"Written by\" \/>\n\t<meta name=\"twitter:data1\" content=\"user_4133\" \/>\n\t<meta name=\"twitter:label2\" content=\"Est. reading time\" \/>\n\t<meta name=\"twitter:data2\" content=\"5 minutes\" \/>\n<script type=\"application\/ld+json\" class=\"yoast-schema-graph\">{\"@context\":\"https:\\\/\\\/schema.org\",\"@graph\":[{\"@type\":\"Article\",\"@id\":\"https:\\\/\\\/www.fcbarcelonanoticias.com\\\/en\\\/copa-del-rey\\\/the-three-months-for-the-horror-of-the-real-madrid-of-florentino_37376_102.html#article\",\"isPartOf\":{\"@id\":\"https:\\\/\\\/www.fcbarcelonanoticias.com\\\/en\\\/copa-del-rey\\\/the-three-months-for-the-horror-of-the-real-madrid-of-florentino_37376_102.html\"},\"author\":{\"name\":\"user_4133\",\"@id\":\"https:\\\/\\\/www.fcbarcelonanoticias.com\\\/en\\\/#\\\/schema\\\/person\\\/ed5bb7a7aee68f98a042a7ff1a74c6dd\"},\"headline\":\"The three months for the horror of the Real Madrid of Florentino\",\"datePublished\":\"2015-12-04T17:24:00+00:00\",\"mainEntityOfPage\":{\"@id\":\"https:\\\/\\\/www.fcbarcelonanoticias.com\\\/en\\\/copa-del-rey\\\/the-three-months-for-the-horror-of-the-real-madrid-of-florentino_37376_102.html\"},\"wordCount\":1025,\"image\":{\"@id\":\"https:\\\/\\\/www.fcbarcelonanoticias.com\\\/en\\\/copa-del-rey\\\/the-three-months-for-the-horror-of-the-real-madrid-of-florentino_37376_102.html#primaryimage\"},\"thumbnailUrl\":\"https:\\\/\\\/www.fcbarcelonanoticias.com\\\/en\\\/wp-content\\\/uploads\\\/sites\\\/2\\\/2015\\\/12\\\/tres-meses-para-horror-real-madrid-37388.jpeg\",\"keywords\":[\"Florentino P\u00e9rez\",\"Rafa Ben\u00edtez\"],\"articleSection\":[\"Copa del Rey\",\"Copa del Rey\"],\"inLanguage\":\"en-US\"},{\"@type\":\"WebPage\",\"@id\":\"https:\\\/\\\/www.fcbarcelonanoticias.com\\\/en\\\/copa-del-rey\\\/the-three-months-for-the-horror-of-the-real-madrid-of-florentino_37376_102.html\",\"url\":\"https:\\\/\\\/www.fcbarcelonanoticias.com\\\/en\\\/copa-del-rey\\\/the-three-months-for-the-horror-of-the-real-madrid-of-florentino_37376_102.html\",\"name\":\"The three months for the horror of the Real Madrid of Florentino\",\"isPartOf\":{\"@id\":\"https:\\\/\\\/www.fcbarcelonanoticias.com\\\/en\\\/#website\"},\"primaryImageOfPage\":{\"@id\":\"https:\\\/\\\/www.fcbarcelonanoticias.com\\\/en\\\/copa-del-rey\\\/the-three-months-for-the-horror-of-the-real-madrid-of-florentino_37376_102.html#primaryimage\"},\"image\":{\"@id\":\"https:\\\/\\\/www.fcbarcelonanoticias.com\\\/en\\\/copa-del-rey\\\/the-three-months-for-the-horror-of-the-real-madrid-of-florentino_37376_102.html#primaryimage\"},\"thumbnailUrl\":\"https:\\\/\\\/www.fcbarcelonanoticias.com\\\/en\\\/wp-content\\\/uploads\\\/sites\\\/2\\\/2015\\\/12\\\/tres-meses-para-horror-real-madrid-37388.jpeg\",\"datePublished\":\"2015-12-04T17:24:00+00:00\",\"author\":{\"@id\":\"https:\\\/\\\/www.fcbarcelonanoticias.com\\\/en\\\/#\\\/schema\\\/person\\\/ed5bb7a7aee68f98a042a7ff1a74c6dd\"},\"description\":\"FCBarcelonaNoticias.com\",\"breadcrumb\":{\"@id\":\"https:\\\/\\\/www.fcbarcelonanoticias.com\\\/en\\\/copa-del-rey\\\/the-three-months-for-the-horror-of-the-real-madrid-of-florentino_37376_102.html#breadcrumb\"},\"inLanguage\":\"en-US\",\"potentialAction\":[{\"@type\":\"ReadAction\",\"target\":[\"https:\\\/\\\/www.fcbarcelonanoticias.com\\\/en\\\/copa-del-rey\\\/the-three-months-for-the-horror-of-the-real-madrid-of-florentino_37376_102.html\"]}]},{\"@type\":\"ImageObject\",\"inLanguage\":\"en-US\",\"@id\":\"https:\\\/\\\/www.fcbarcelonanoticias.com\\\/en\\\/copa-del-rey\\\/the-three-months-for-the-horror-of-the-real-madrid-of-florentino_37376_102.html#primaryimage\",\"url\":\"https:\\\/\\\/www.fcbarcelonanoticias.com\\\/en\\\/wp-content\\\/uploads\\\/sites\\\/2\\\/2015\\\/12\\\/tres-meses-para-horror-real-madrid-37388.jpeg\",\"contentUrl\":\"https:\\\/\\\/www.fcbarcelonanoticias.com\\\/en\\\/wp-content\\\/uploads\\\/sites\\\/2\\\/2015\\\/12\\\/tres-meses-para-horror-real-madrid-37388.jpeg\",\"width\":610,\"height\":343},{\"@type\":\"BreadcrumbList\",\"@id\":\"https:\\\/\\\/www.fcbarcelonanoticias.com\\\/en\\\/copa-del-rey\\\/the-three-months-for-the-horror-of-the-real-madrid-of-florentino_37376_102.html#breadcrumb\",\"itemListElement\":[{\"@type\":\"ListItem\",\"position\":1,\"name\":\"Portada\",\"item\":\"https:\\\/\\\/www.fcbarcelonanoticias.com\\\/en\\\/\"},{\"@type\":\"ListItem\",\"position\":2,\"name\":\"The three months for the horror of the Real Madrid of Florentino\"}]},{\"@type\":\"WebSite\",\"@id\":\"https:\\\/\\\/www.fcbarcelonanoticias.com\\\/en\\\/#website\",\"url\":\"https:\\\/\\\/www.fcbarcelonanoticias.com\\\/en\\\/\",\"name\":\"EN - FC Barcelona Noticias\",\"description\":\"\",\"potentialAction\":[{\"@type\":\"SearchAction\",\"target\":{\"@type\":\"EntryPoint\",\"urlTemplate\":\"https:\\\/\\\/www.fcbarcelonanoticias.com\\\/en\\\/?s={search_term_string}\"},\"query-input\":{\"@type\":\"PropertyValueSpecification\",\"valueRequired\":true,\"valueName\":\"search_term_string\"}}],\"inLanguage\":\"en-US\"},{\"@type\":\"Person\",\"@id\":\"https:\\\/\\\/www.fcbarcelonanoticias.com\\\/en\\\/#\\\/schema\\\/person\\\/ed5bb7a7aee68f98a042a7ff1a74c6dd\",\"name\":\"user_4133\",\"image\":{\"@type\":\"ImageObject\",\"inLanguage\":\"en-US\",\"@id\":\"https:\\\/\\\/secure.gravatar.com\\\/avatar\\\/?s=96&d=mm&r=g\",\"url\":\"https:\\\/\\\/secure.gravatar.com\\\/avatar\\\/?s=96&d=mm&r=g\",\"contentUrl\":\"https:\\\/\\\/secure.gravatar.com\\\/avatar\\\/?s=96&d=mm&r=g\",\"caption\":\"user_4133\"},\"url\":\"https:\\\/\\\/www.fcbarcelonanoticias.com\\\/en\\\/user_4133.html\"}]}<\/script>\n<!-- \/ Yoast SEO plugin. -->","yoast_head_json":{"title":"The three months for the horror of the Real Madrid of Florentino","description":"FCBarcelonaNoticias.com","robots":{"index":"index","follow":"follow","max-snippet":"max-snippet:-1","max-image-preview":"max-image-preview:large","max-video-preview":"max-video-preview:-1"},"canonical":"https:\/\/www.fcbarcelonanoticias.com\/en\/copa-del-rey\/the-three-months-for-the-horror-of-the-real-madrid-of-florentino_37376_102.html","og_locale":"en_US","og_type":"article","og_title":"The three months for the horror of the Real Madrid of Florentino","og_description":"FCBarcelonaNoticias.com","og_url":"https:\/\/www.fcbarcelonanoticias.com\/en\/copa-del-rey\/the-three-months-for-the-horror-of-the-real-madrid-of-florentino_37376_102.html","og_site_name":"EN - FC Barcelona Noticias","article_published_time":"2015-12-04T17:24:00+00:00","og_image":[{"width":610,"height":343,"url":"https:\/\/www.fcbarcelonanoticias.com\/en\/wp-content\/uploads\/sites\/2\/2015\/12\/tres-meses-para-horror-real-madrid-37388.jpeg","type":"image\/jpeg"}],"author":"user_4133","twitter_card":"summary_large_image","twitter_misc":{"Written by":"user_4133","Est. reading time":"5 minutes"},"schema":{"@context":"https:\/\/schema.org","@graph":[{"@type":"Article","@id":"https:\/\/www.fcbarcelonanoticias.com\/en\/copa-del-rey\/the-three-months-for-the-horror-of-the-real-madrid-of-florentino_37376_102.html#article","isPartOf":{"@id":"https:\/\/www.fcbarcelonanoticias.com\/en\/copa-del-rey\/the-three-months-for-the-horror-of-the-real-madrid-of-florentino_37376_102.html"},"author":{"name":"user_4133","@id":"https:\/\/www.fcbarcelonanoticias.com\/en\/#\/schema\/person\/ed5bb7a7aee68f98a042a7ff1a74c6dd"},"headline":"The three months for the horror of the Real Madrid of Florentino","datePublished":"2015-12-04T17:24:00+00:00","mainEntityOfPage":{"@id":"https:\/\/www.fcbarcelonanoticias.com\/en\/copa-del-rey\/the-three-months-for-the-horror-of-the-real-madrid-of-florentino_37376_102.html"},"wordCount":1025,"image":{"@id":"https:\/\/www.fcbarcelonanoticias.com\/en\/copa-del-rey\/the-three-months-for-the-horror-of-the-real-madrid-of-florentino_37376_102.html#primaryimage"},"thumbnailUrl":"https:\/\/www.fcbarcelonanoticias.com\/en\/wp-content\/uploads\/sites\/2\/2015\/12\/tres-meses-para-horror-real-madrid-37388.jpeg","keywords":["Florentino P\u00e9rez","Rafa Ben\u00edtez"],"articleSection":["Copa del Rey","Copa del Rey"],"inLanguage":"en-US"},{"@type":"WebPage","@id":"https:\/\/www.fcbarcelonanoticias.com\/en\/copa-del-rey\/the-three-months-for-the-horror-of-the-real-madrid-of-florentino_37376_102.html","url":"https:\/\/www.fcbarcelonanoticias.com\/en\/copa-del-rey\/the-three-months-for-the-horror-of-the-real-madrid-of-florentino_37376_102.html","name":"The three months for the horror of the Real Madrid of Florentino","isPartOf":{"@id":"https:\/\/www.fcbarcelonanoticias.com\/en\/#website"},"primaryImageOfPage":{"@id":"https:\/\/www.fcbarcelonanoticias.com\/en\/copa-del-rey\/the-three-months-for-the-horror-of-the-real-madrid-of-florentino_37376_102.html#primaryimage"},"image":{"@id":"https:\/\/www.fcbarcelonanoticias.com\/en\/copa-del-rey\/the-three-months-for-the-horror-of-the-real-madrid-of-florentino_37376_102.html#primaryimage"},"thumbnailUrl":"https:\/\/www.fcbarcelonanoticias.com\/en\/wp-content\/uploads\/sites\/2\/2015\/12\/tres-meses-para-horror-real-madrid-37388.jpeg","datePublished":"2015-12-04T17:24:00+00:00","author":{"@id":"https:\/\/www.fcbarcelonanoticias.com\/en\/#\/schema\/person\/ed5bb7a7aee68f98a042a7ff1a74c6dd"},"description":"FCBarcelonaNoticias.com","breadcrumb":{"@id":"https:\/\/www.fcbarcelonanoticias.com\/en\/copa-del-rey\/the-three-months-for-the-horror-of-the-real-madrid-of-florentino_37376_102.html#breadcrumb"},"inLanguage":"en-US","potentialAction":[{"@type":"ReadAction","target":["https:\/\/www.fcbarcelonanoticias.com\/en\/copa-del-rey\/the-three-months-for-the-horror-of-the-real-madrid-of-florentino_37376_102.html"]}]},{"@type":"ImageObject","inLanguage":"en-US","@id":"https:\/\/www.fcbarcelonanoticias.com\/en\/copa-del-rey\/the-three-months-for-the-horror-of-the-real-madrid-of-florentino_37376_102.html#primaryimage","url":"https:\/\/www.fcbarcelonanoticias.com\/en\/wp-content\/uploads\/sites\/2\/2015\/12\/tres-meses-para-horror-real-madrid-37388.jpeg","contentUrl":"https:\/\/www.fcbarcelonanoticias.com\/en\/wp-content\/uploads\/sites\/2\/2015\/12\/tres-meses-para-horror-real-madrid-37388.jpeg","width":610,"height":343},{"@type":"BreadcrumbList","@id":"https:\/\/www.fcbarcelonanoticias.com\/en\/copa-del-rey\/the-three-months-for-the-horror-of-the-real-madrid-of-florentino_37376_102.html#breadcrumb","itemListElement":[{"@type":"ListItem","position":1,"name":"Portada","item":"https:\/\/www.fcbarcelonanoticias.com\/en\/"},{"@type":"ListItem","position":2,"name":"The three months for the horror of the Real Madrid of Florentino"}]},{"@type":"WebSite","@id":"https:\/\/www.fcbarcelonanoticias.com\/en\/#website","url":"https:\/\/www.fcbarcelonanoticias.com\/en\/","name":"EN - FC Barcelona Noticias","description":"","potentialAction":[{"@type":"SearchAction","target":{"@type":"EntryPoint","urlTemplate":"https:\/\/www.fcbarcelonanoticias.com\/en\/?s={search_term_string}"},"query-input":{"@type":"PropertyValueSpecification","valueRequired":true,"valueName":"search_term_string"}}],"inLanguage":"en-US"},{"@type":"Person","@id":"https:\/\/www.fcbarcelonanoticias.com\/en\/#\/schema\/person\/ed5bb7a7aee68f98a042a7ff1a74c6dd","name":"user_4133","image":{"@type":"ImageObject","inLanguage":"en-US","@id":"https:\/\/secure.gravatar.com\/avatar\/?s=96&d=mm&r=g","url":"https:\/\/secure.gravatar.com\/avatar\/?s=96&d=mm&r=g","contentUrl":"https:\/\/secure.gravatar.com\/avatar\/?s=96&d=mm&r=g","caption":"user_4133"},"url":"https:\/\/www.fcbarcelonanoticias.com\/en\/user_4133.html"}]}},"_links":{"self":[{"href":"https:\/\/www.fcbarcelonanoticias.com\/en\/wp-json\/wp\/v2\/posts\/8132","targetHints":{"allow":["GET"]}}],"collection":[{"href":"https:\/\/www.fcbarcelonanoticias.com\/en\/wp-json\/wp\/v2\/posts"}],"about":[{"href":"https:\/\/www.fcbarcelonanoticias.com\/en\/wp-json\/wp\/v2\/types\/post"}],"author":[{"embeddable":true,"href":"https:\/\/www.fcbarcelonanoticias.com\/en\/wp-json\/wp\/v2\/users\/477"}],"replies":[{"embeddable":true,"href":"https:\/\/www.fcbarcelonanoticias.com\/en\/wp-json\/wp\/v2\/comments?post=8132"}],"version-history":[{"count":1,"href":"https:\/\/www.fcbarcelonanoticias.com\/en\/wp-json\/wp\/v2\/posts\/8132\/revisions"}],"predecessor-version":[{"id":105155,"href":"https:\/\/www.fcbarcelonanoticias.com\/en\/wp-json\/wp\/v2\/posts\/8132\/revisions\/105155"}],"wp:featuredmedia":[{"embeddable":true,"href":"https:\/\/www.fcbarcelonanoticias.com\/en\/wp-json\/wp\/v2\/media\/8133"}],"wp:attachment":[{"href":"https:\/\/www.fcbarcelonanoticias.com\/en\/wp-json\/wp\/v2\/media?parent=8132"}],"wp:term":[{"taxonomy":"category","embeddable":true,"href":"https:\/\/www.fcbarcelonanoticias.com\/en\/wp-json\/wp\/v2\/categories?post=8132"},{"taxonomy":"post_tag","embeddable":true,"href":"https:\/\/www.fcbarcelonanoticias.com\/en\/wp-json\/wp\/v2\/tags?post=8132"}],"curies":[{"name":"wp","href":"https:\/\/api.w.org\/{rel}","templated":true}]}}