{"id":81436,"date":"2022-01-20T01:22:00","date_gmt":"2022-01-20T00:22:00","guid":{"rendered":"https:\/\/weisetech.dev\/fc-barcelona-noticias\/en\/gareth-bleat-and-eden-hazard-go-in-in-the-announcement-stops_277087_102\/"},"modified":"2022-01-20T01:22:00","modified_gmt":"2022-01-20T00:22:00","slug":"gareth-bleat-and-eden-hazard-go-in-in-the-announcement-stops_277087_102","status":"publish","type":"post","link":"https:\/\/www.fcbarcelonanoticias.com\/en\/real-madrid\/gareth-bleat-and-eden-hazard-go-in-in-the-announcement-stops_277087_102.html","title":{"rendered":"Gareth Bale and Eden Hazard enter the call to face Elche"},"content":{"rendered":"<h2 class=\"wp-block-heading\">Carlo Ancelotti cleared the doubts on the situation of Gareth Bale and Eden Hazard. In the press conference prior to the match against Elche, the Italian assured that both are available to play in Alicante<\/h2>  \r\n<div class=\"article-addons\">\r\n    <a href=\"https:\/\/www.fcbarcelonanoticias.com\/en\/calendar-fc-barcelona.html\"\r\n       target=\"_self\"\r\n       title=\"Calendar of FC Barcelona\"\r\n       class=\"blue-gredient-btn\">\r\n       \r\n        Calendar of FC Barcelona    <\/a>\r\n<\/div>   <p><strong>Gareth Bleat and Eden Hazard went in in the announcement <\/strong>of the Real Madrid for the party in front of the <a data-external=\"0\" data-intl-links-en=\"https:\/\/www.fcbarcelonanoticias.com\/en\/copa-del-rey\/elche-cf-vs-real-madrid-in-tv-when-and-where-see-the-eighth-of-glass-of-rey_277078_102.html\" data-intl-links-es=\"https:\/\/www.fcbarcelonanoticias.com\/copa-del-rey\/elche-cf-vs-real-madrid-tv-cuando-donde-ver-octavos-copa-rey_277078_102.html\" href=\"https:\/\/www.fcbarcelonanoticias.com\/en\/copa-del-rey\/elche-cf-vs-real-madrid-in-tv-when-and-where-see-the-eighth-of-glass-of-rey_277078_102.html\" rel=\"follow\" target=\"_self\" title=\"Elche vs Real Madrid en TV: Cu\u00e1ndo y d\u00f3nde ver los octavos de Copa del Rey\">Elche<\/a> by the eighth of final of the Glass of Rey. In the previous press conference to the party, Carlo Ancelotti ensured that &#8220;it has not happened at all rare with both players&#8221; and, in the case of the Welsh, already has surpassed his physical annoyances.<\/p>  <p>In accordance with Ancelotti, with Hazard neither has occurred at all odd, &#8220;only that there is competition in the team and it is necessary to choose to the best in each party. <strong>Hazard is training And expecting the call of the trainer<\/strong>. I think that it will be smart when it arrive&#8221;, affirmed the Italian.<\/p>  <p>In the case of Gareth, <strong>the m\u00edster ensured that it has recovered when remaining in Valdebebas<\/strong>. The Welsh did not travel with <a data-external=\"0\" data-intl-links-en=\"https:\/\/www.fcbarcelonanoticias.com\/en\/players\/pedrerol-plays-will-resign-if-mbappe-does-not-sign-real-madrid-this-summer_277072_102.html\" data-intl-links-es=\"https:\/\/www.fcbarcelonanoticias.com\/jugadores\/pedrerol-juega-dimitira-si-mbappe-no-ficha-real-madrid-este-verano_277072_102.html\" href=\"https:\/\/www.fcbarcelonanoticias.com\/en\/players\/pedrerol-plays-will-resign-if-mbappe-does-not-sign-real-madrid-this-summer_277072_102.html\" rel=\"follow\" target=\"_self\" title=\"\u00a1Pedrerol se la juega! Dimitir\u00e1 si Mbapp\u00e9 no ficha por el Madrid este verano\">the Madrid<\/a> to Arabia for the Supercopa Spanish and could see minutes in Alicante, in which it would be his first party in more than four months.<\/p>  <p>On the possible rotations, <strong>Ancelotti ensured that, when being an eliminatory, will go out with the best that has<\/strong>. On Vinicius, the Italian ensured that &#8220;it does not see him tired&#8221;, by which will play this Thursday. &#8220;I think that it has to stop when we see him tired, when it can not show his quality in the field or when it was lesionado, but now see him well&#8221;, added.<\/p>  <h3>Without Courtois neither Benzema<\/h3>  <p>The one who himself received rest after the Supercopa was Karim Benzema. The forward of 34 years did not go in in the announcement because of the physical load in Arabia. <strong>The surprise of the announcement was the absence of Thibaut Courtois<\/strong>, the one who according to Ancelotti &#8220;suffered an indisposition&#8221;. The technician did not give greater details, but wait that the goalkeeper was available for the party of LaLiga of the Sunday, also in front of the Elche, but in Santiago Bernab\u00e9u.<\/p> ","protected":false},"excerpt":{"rendered":"<p>Carlo Ancelotti cleared the doubts on the situation of Gareth Bale and Eden Hazard. In the press conference prior to the match against Elche, the Italian assured that both are available to play in Alicante Gareth Bleat and Eden Hazard went in in the announcement of the Real Madrid for the party in front of [&hellip;]<\/p>\n","protected":false},"author":347,"featured_media":81418,"comment_status":"closed","ping_status":"open","sticky":false,"template":"","format":"standard","meta":{"_acf_changed":false,"inline_featured_image":false,"_nextfly_llmd_date_locked":false,"footnotes":""},"categories":[450,119],"tags":[347,133],"class_list":["post-81436","post","type-post","status-publish","format-standard","has-post-thumbnail","hentry","category-real-madrid-2","category-real-madrid","tag-elche-cf","tag-gareth-bleat"],"acf":[],"yoast_head":"<!-- This site is optimized with the Yoast SEO plugin v27.3 - https:\/\/yoast.com\/product\/yoast-seo-wordpress\/ -->\n<title>Gareth Bale and Eden Hazard enter the call to face Elche<\/title>\n<meta name=\"description\" content=\"Carlo Ancelotti cleared the doubts on the situation of Gareth Bleat and Eden Hazard. In the previous press conference to the party in front of Elche, the Italian ensured qu...\" \/>\n<meta name=\"robots\" content=\"index, follow, max-snippet:-1, max-image-preview:large, max-video-preview:-1\" \/>\n<link rel=\"canonical\" href=\"https:\/\/www.fcbarcelonanoticias.com\/en\/real-madrid\/gareth-bleat-and-eden-hazard-go-in-in-the-announcement-stops_277087_102.html\" \/>\n<meta property=\"og:locale\" content=\"en_US\" \/>\n<meta property=\"og:type\" content=\"article\" \/>\n<meta property=\"og:title\" content=\"Gareth Bale and Eden Hazard enter the call to face Elche\" \/>\n<meta property=\"og:description\" content=\"Carlo Ancelotti cleared the doubts on the situation of Gareth Bleat and Eden Hazard. In the previous press conference to the party in front of Elche, the Italian ensured qu...\" \/>\n<meta property=\"og:url\" content=\"https:\/\/www.fcbarcelonanoticias.com\/en\/real-madrid\/gareth-bleat-and-eden-hazard-go-in-in-the-announcement-stops_277087_102.html\" \/>\n<meta property=\"og:site_name\" content=\"EN - FC Barcelona Noticias\" \/>\n<meta property=\"article:published_time\" content=\"2022-01-20T00:22:00+00:00\" \/>\n<meta property=\"og:image\" content=\"https:\/\/www.fcbarcelonanoticias.com\/en\/wp-content\/uploads\/sites\/2\/2021\/09\/bale-ficha-madrid.jpeg\" \/>\n\t<meta property=\"og:image:width\" content=\"1200\" \/>\n\t<meta property=\"og:image:height\" content=\"675\" \/>\n\t<meta property=\"og:image:type\" content=\"image\/jpeg\" \/>\n<meta name=\"author\" content=\"Andr\u00e9s Quiroz\" \/>\n<meta name=\"twitter:card\" content=\"summary_large_image\" \/>\n<meta name=\"twitter:label1\" content=\"Written by\" \/>\n\t<meta name=\"twitter:data1\" content=\"Andr\u00e9s Quiroz\" \/>\n\t<meta name=\"twitter:label2\" content=\"Est. reading time\" \/>\n\t<meta name=\"twitter:data2\" content=\"2 minutes\" \/>\n<script type=\"application\/ld+json\" class=\"yoast-schema-graph\">{\"@context\":\"https:\\\/\\\/schema.org\",\"@graph\":[{\"@type\":\"Article\",\"@id\":\"https:\\\/\\\/www.fcbarcelonanoticias.com\\\/en\\\/real-madrid\\\/gareth-bleat-and-eden-hazard-go-in-in-the-announcement-stops_277087_102.html#article\",\"isPartOf\":{\"@id\":\"https:\\\/\\\/www.fcbarcelonanoticias.com\\\/en\\\/real-madrid\\\/gareth-bleat-and-eden-hazard-go-in-in-the-announcement-stops_277087_102.html\"},\"author\":{\"name\":\"Andr\u00e9s Quiroz\",\"@id\":\"https:\\\/\\\/www.fcbarcelonanoticias.com\\\/en\\\/#\\\/schema\\\/person\\\/c2cd9f6fa1af5c0d0eccd0fefa575c88\"},\"headline\":\"Gareth Bale and Eden Hazard enter the call to face Elche\",\"datePublished\":\"2022-01-20T00:22:00+00:00\",\"mainEntityOfPage\":{\"@id\":\"https:\\\/\\\/www.fcbarcelonanoticias.com\\\/en\\\/real-madrid\\\/gareth-bleat-and-eden-hazard-go-in-in-the-announcement-stops_277087_102.html\"},\"wordCount\":375,\"image\":{\"@id\":\"https:\\\/\\\/www.fcbarcelonanoticias.com\\\/en\\\/real-madrid\\\/gareth-bleat-and-eden-hazard-go-in-in-the-announcement-stops_277087_102.html#primaryimage\"},\"thumbnailUrl\":\"https:\\\/\\\/www.fcbarcelonanoticias.com\\\/en\\\/wp-content\\\/uploads\\\/sites\\\/2\\\/2021\\\/09\\\/bale-ficha-madrid.jpeg\",\"keywords\":[\"Elche CF\",\"Gareth Bleat\"],\"articleSection\":[\"Real Madrid\",\"Real Madrid\"],\"inLanguage\":\"en-US\"},{\"@type\":\"WebPage\",\"@id\":\"https:\\\/\\\/www.fcbarcelonanoticias.com\\\/en\\\/real-madrid\\\/gareth-bleat-and-eden-hazard-go-in-in-the-announcement-stops_277087_102.html\",\"url\":\"https:\\\/\\\/www.fcbarcelonanoticias.com\\\/en\\\/real-madrid\\\/gareth-bleat-and-eden-hazard-go-in-in-the-announcement-stops_277087_102.html\",\"name\":\"Gareth Bale and Eden Hazard enter the call to face Elche\",\"isPartOf\":{\"@id\":\"https:\\\/\\\/www.fcbarcelonanoticias.com\\\/en\\\/#website\"},\"primaryImageOfPage\":{\"@id\":\"https:\\\/\\\/www.fcbarcelonanoticias.com\\\/en\\\/real-madrid\\\/gareth-bleat-and-eden-hazard-go-in-in-the-announcement-stops_277087_102.html#primaryimage\"},\"image\":{\"@id\":\"https:\\\/\\\/www.fcbarcelonanoticias.com\\\/en\\\/real-madrid\\\/gareth-bleat-and-eden-hazard-go-in-in-the-announcement-stops_277087_102.html#primaryimage\"},\"thumbnailUrl\":\"https:\\\/\\\/www.fcbarcelonanoticias.com\\\/en\\\/wp-content\\\/uploads\\\/sites\\\/2\\\/2021\\\/09\\\/bale-ficha-madrid.jpeg\",\"datePublished\":\"2022-01-20T00:22:00+00:00\",\"author\":{\"@id\":\"https:\\\/\\\/www.fcbarcelonanoticias.com\\\/en\\\/#\\\/schema\\\/person\\\/c2cd9f6fa1af5c0d0eccd0fefa575c88\"},\"description\":\"Carlo Ancelotti cleared the doubts on the situation of Gareth Bleat and Eden Hazard. In the previous press conference to the party in front of Elche, the Italian ensured qu...\",\"breadcrumb\":{\"@id\":\"https:\\\/\\\/www.fcbarcelonanoticias.com\\\/en\\\/real-madrid\\\/gareth-bleat-and-eden-hazard-go-in-in-the-announcement-stops_277087_102.html#breadcrumb\"},\"inLanguage\":\"en-US\",\"potentialAction\":[{\"@type\":\"ReadAction\",\"target\":[\"https:\\\/\\\/www.fcbarcelonanoticias.com\\\/en\\\/real-madrid\\\/gareth-bleat-and-eden-hazard-go-in-in-the-announcement-stops_277087_102.html\"]}]},{\"@type\":\"ImageObject\",\"inLanguage\":\"en-US\",\"@id\":\"https:\\\/\\\/www.fcbarcelonanoticias.com\\\/en\\\/real-madrid\\\/gareth-bleat-and-eden-hazard-go-in-in-the-announcement-stops_277087_102.html#primaryimage\",\"url\":\"https:\\\/\\\/www.fcbarcelonanoticias.com\\\/en\\\/wp-content\\\/uploads\\\/sites\\\/2\\\/2021\\\/09\\\/bale-ficha-madrid.jpeg\",\"contentUrl\":\"https:\\\/\\\/www.fcbarcelonanoticias.com\\\/en\\\/wp-content\\\/uploads\\\/sites\\\/2\\\/2021\\\/09\\\/bale-ficha-madrid.jpeg\",\"width\":1200,\"height\":675},{\"@type\":\"BreadcrumbList\",\"@id\":\"https:\\\/\\\/www.fcbarcelonanoticias.com\\\/en\\\/real-madrid\\\/gareth-bleat-and-eden-hazard-go-in-in-the-announcement-stops_277087_102.html#breadcrumb\",\"itemListElement\":[{\"@type\":\"ListItem\",\"position\":1,\"name\":\"Portada\",\"item\":\"https:\\\/\\\/www.fcbarcelonanoticias.com\\\/en\\\/\"},{\"@type\":\"ListItem\",\"position\":2,\"name\":\"Gareth Bale and Eden Hazard enter the call to face Elche\"}]},{\"@type\":\"WebSite\",\"@id\":\"https:\\\/\\\/www.fcbarcelonanoticias.com\\\/en\\\/#website\",\"url\":\"https:\\\/\\\/www.fcbarcelonanoticias.com\\\/en\\\/\",\"name\":\"EN - FC Barcelona Noticias\",\"description\":\"\",\"potentialAction\":[{\"@type\":\"SearchAction\",\"target\":{\"@type\":\"EntryPoint\",\"urlTemplate\":\"https:\\\/\\\/www.fcbarcelonanoticias.com\\\/en\\\/?s={search_term_string}\"},\"query-input\":{\"@type\":\"PropertyValueSpecification\",\"valueRequired\":true,\"valueName\":\"search_term_string\"}}],\"inLanguage\":\"en-US\"},{\"@type\":\"Person\",\"@id\":\"https:\\\/\\\/www.fcbarcelonanoticias.com\\\/en\\\/#\\\/schema\\\/person\\\/c2cd9f6fa1af5c0d0eccd0fefa575c88\",\"name\":\"Andr\u00e9s Quiroz\",\"image\":{\"@type\":\"ImageObject\",\"inLanguage\":\"en-US\",\"@id\":\"https:\\\/\\\/secure.gravatar.com\\\/avatar\\\/?s=96&d=mm&r=g\",\"url\":\"https:\\\/\\\/secure.gravatar.com\\\/avatar\\\/?s=96&d=mm&r=g\",\"contentUrl\":\"https:\\\/\\\/secure.gravatar.com\\\/avatar\\\/?s=96&d=mm&r=g\",\"caption\":\"Andr\u00e9s Quiroz\"},\"description\":\"Licenciado en Periodismo por la Universidad de los Andes. Me encargo de analizar y compartir los contenidos m\u00e1s destacados de la\u00a0actualidad del F\u00fatbol Club Barcelona, Mercado de Fichajes y F\u00fatbol Internacional en FCBN. La informaci\u00f3n es poder, pero tambi\u00e9n conocimiento.\",\"url\":\"https:\\\/\\\/www.fcbarcelonanoticias.com\\\/en\\\/fc-barcelona\\\/andres-quiroz_17_115.html\"}]}<\/script>\n<!-- \/ Yoast SEO plugin. -->","yoast_head_json":{"title":"Gareth Bale and Eden Hazard enter the call to face Elche","description":"Carlo Ancelotti cleared the doubts on the situation of Gareth Bleat and Eden Hazard. In the previous press conference to the party in front of Elche, the Italian ensured qu...","robots":{"index":"index","follow":"follow","max-snippet":"max-snippet:-1","max-image-preview":"max-image-preview:large","max-video-preview":"max-video-preview:-1"},"canonical":"https:\/\/www.fcbarcelonanoticias.com\/en\/real-madrid\/gareth-bleat-and-eden-hazard-go-in-in-the-announcement-stops_277087_102.html","og_locale":"en_US","og_type":"article","og_title":"Gareth Bale and Eden Hazard enter the call to face Elche","og_description":"Carlo Ancelotti cleared the doubts on the situation of Gareth Bleat and Eden Hazard. In the previous press conference to the party in front of Elche, the Italian ensured qu...","og_url":"https:\/\/www.fcbarcelonanoticias.com\/en\/real-madrid\/gareth-bleat-and-eden-hazard-go-in-in-the-announcement-stops_277087_102.html","og_site_name":"EN - FC Barcelona Noticias","article_published_time":"2022-01-20T00:22:00+00:00","og_image":[{"width":1200,"height":675,"url":"https:\/\/www.fcbarcelonanoticias.com\/en\/wp-content\/uploads\/sites\/2\/2021\/09\/bale-ficha-madrid.jpeg","type":"image\/jpeg"}],"author":"Andr\u00e9s Quiroz","twitter_card":"summary_large_image","twitter_misc":{"Written by":"Andr\u00e9s Quiroz","Est. reading time":"2 minutes"},"schema":{"@context":"https:\/\/schema.org","@graph":[{"@type":"Article","@id":"https:\/\/www.fcbarcelonanoticias.com\/en\/real-madrid\/gareth-bleat-and-eden-hazard-go-in-in-the-announcement-stops_277087_102.html#article","isPartOf":{"@id":"https:\/\/www.fcbarcelonanoticias.com\/en\/real-madrid\/gareth-bleat-and-eden-hazard-go-in-in-the-announcement-stops_277087_102.html"},"author":{"name":"Andr\u00e9s Quiroz","@id":"https:\/\/www.fcbarcelonanoticias.com\/en\/#\/schema\/person\/c2cd9f6fa1af5c0d0eccd0fefa575c88"},"headline":"Gareth Bale and Eden Hazard enter the call to face Elche","datePublished":"2022-01-20T00:22:00+00:00","mainEntityOfPage":{"@id":"https:\/\/www.fcbarcelonanoticias.com\/en\/real-madrid\/gareth-bleat-and-eden-hazard-go-in-in-the-announcement-stops_277087_102.html"},"wordCount":375,"image":{"@id":"https:\/\/www.fcbarcelonanoticias.com\/en\/real-madrid\/gareth-bleat-and-eden-hazard-go-in-in-the-announcement-stops_277087_102.html#primaryimage"},"thumbnailUrl":"https:\/\/www.fcbarcelonanoticias.com\/en\/wp-content\/uploads\/sites\/2\/2021\/09\/bale-ficha-madrid.jpeg","keywords":["Elche CF","Gareth Bleat"],"articleSection":["Real Madrid","Real Madrid"],"inLanguage":"en-US"},{"@type":"WebPage","@id":"https:\/\/www.fcbarcelonanoticias.com\/en\/real-madrid\/gareth-bleat-and-eden-hazard-go-in-in-the-announcement-stops_277087_102.html","url":"https:\/\/www.fcbarcelonanoticias.com\/en\/real-madrid\/gareth-bleat-and-eden-hazard-go-in-in-the-announcement-stops_277087_102.html","name":"Gareth Bale and Eden Hazard enter the call to face Elche","isPartOf":{"@id":"https:\/\/www.fcbarcelonanoticias.com\/en\/#website"},"primaryImageOfPage":{"@id":"https:\/\/www.fcbarcelonanoticias.com\/en\/real-madrid\/gareth-bleat-and-eden-hazard-go-in-in-the-announcement-stops_277087_102.html#primaryimage"},"image":{"@id":"https:\/\/www.fcbarcelonanoticias.com\/en\/real-madrid\/gareth-bleat-and-eden-hazard-go-in-in-the-announcement-stops_277087_102.html#primaryimage"},"thumbnailUrl":"https:\/\/www.fcbarcelonanoticias.com\/en\/wp-content\/uploads\/sites\/2\/2021\/09\/bale-ficha-madrid.jpeg","datePublished":"2022-01-20T00:22:00+00:00","author":{"@id":"https:\/\/www.fcbarcelonanoticias.com\/en\/#\/schema\/person\/c2cd9f6fa1af5c0d0eccd0fefa575c88"},"description":"Carlo Ancelotti cleared the doubts on the situation of Gareth Bleat and Eden Hazard. In the previous press conference to the party in front of Elche, the Italian ensured qu...","breadcrumb":{"@id":"https:\/\/www.fcbarcelonanoticias.com\/en\/real-madrid\/gareth-bleat-and-eden-hazard-go-in-in-the-announcement-stops_277087_102.html#breadcrumb"},"inLanguage":"en-US","potentialAction":[{"@type":"ReadAction","target":["https:\/\/www.fcbarcelonanoticias.com\/en\/real-madrid\/gareth-bleat-and-eden-hazard-go-in-in-the-announcement-stops_277087_102.html"]}]},{"@type":"ImageObject","inLanguage":"en-US","@id":"https:\/\/www.fcbarcelonanoticias.com\/en\/real-madrid\/gareth-bleat-and-eden-hazard-go-in-in-the-announcement-stops_277087_102.html#primaryimage","url":"https:\/\/www.fcbarcelonanoticias.com\/en\/wp-content\/uploads\/sites\/2\/2021\/09\/bale-ficha-madrid.jpeg","contentUrl":"https:\/\/www.fcbarcelonanoticias.com\/en\/wp-content\/uploads\/sites\/2\/2021\/09\/bale-ficha-madrid.jpeg","width":1200,"height":675},{"@type":"BreadcrumbList","@id":"https:\/\/www.fcbarcelonanoticias.com\/en\/real-madrid\/gareth-bleat-and-eden-hazard-go-in-in-the-announcement-stops_277087_102.html#breadcrumb","itemListElement":[{"@type":"ListItem","position":1,"name":"Portada","item":"https:\/\/www.fcbarcelonanoticias.com\/en\/"},{"@type":"ListItem","position":2,"name":"Gareth Bale and Eden Hazard enter the call to face Elche"}]},{"@type":"WebSite","@id":"https:\/\/www.fcbarcelonanoticias.com\/en\/#website","url":"https:\/\/www.fcbarcelonanoticias.com\/en\/","name":"EN - FC Barcelona Noticias","description":"","potentialAction":[{"@type":"SearchAction","target":{"@type":"EntryPoint","urlTemplate":"https:\/\/www.fcbarcelonanoticias.com\/en\/?s={search_term_string}"},"query-input":{"@type":"PropertyValueSpecification","valueRequired":true,"valueName":"search_term_string"}}],"inLanguage":"en-US"},{"@type":"Person","@id":"https:\/\/www.fcbarcelonanoticias.com\/en\/#\/schema\/person\/c2cd9f6fa1af5c0d0eccd0fefa575c88","name":"Andr\u00e9s Quiroz","image":{"@type":"ImageObject","inLanguage":"en-US","@id":"https:\/\/secure.gravatar.com\/avatar\/?s=96&d=mm&r=g","url":"https:\/\/secure.gravatar.com\/avatar\/?s=96&d=mm&r=g","contentUrl":"https:\/\/secure.gravatar.com\/avatar\/?s=96&d=mm&r=g","caption":"Andr\u00e9s Quiroz"},"description":"Licenciado en Periodismo por la Universidad de los Andes. Me encargo de analizar y compartir los contenidos m\u00e1s destacados de la\u00a0actualidad del F\u00fatbol Club Barcelona, Mercado de Fichajes y F\u00fatbol Internacional en FCBN. La informaci\u00f3n es poder, pero tambi\u00e9n conocimiento.","url":"https:\/\/www.fcbarcelonanoticias.com\/en\/fc-barcelona\/andres-quiroz_17_115.html"}]}},"_links":{"self":[{"href":"https:\/\/www.fcbarcelonanoticias.com\/en\/wp-json\/wp\/v2\/posts\/81436","targetHints":{"allow":["GET"]}}],"collection":[{"href":"https:\/\/www.fcbarcelonanoticias.com\/en\/wp-json\/wp\/v2\/posts"}],"about":[{"href":"https:\/\/www.fcbarcelonanoticias.com\/en\/wp-json\/wp\/v2\/types\/post"}],"author":[{"embeddable":true,"href":"https:\/\/www.fcbarcelonanoticias.com\/en\/wp-json\/wp\/v2\/users\/347"}],"replies":[{"embeddable":true,"href":"https:\/\/www.fcbarcelonanoticias.com\/en\/wp-json\/wp\/v2\/comments?post=81436"}],"version-history":[{"count":1,"href":"https:\/\/www.fcbarcelonanoticias.com\/en\/wp-json\/wp\/v2\/posts\/81436\/revisions"}],"predecessor-version":[{"id":122399,"href":"https:\/\/www.fcbarcelonanoticias.com\/en\/wp-json\/wp\/v2\/posts\/81436\/revisions\/122399"}],"wp:featuredmedia":[{"embeddable":true,"href":"https:\/\/www.fcbarcelonanoticias.com\/en\/wp-json\/wp\/v2\/media\/81418"}],"wp:attachment":[{"href":"https:\/\/www.fcbarcelonanoticias.com\/en\/wp-json\/wp\/v2\/media?parent=81436"}],"wp:term":[{"taxonomy":"category","embeddable":true,"href":"https:\/\/www.fcbarcelonanoticias.com\/en\/wp-json\/wp\/v2\/categories?post=81436"},{"taxonomy":"post_tag","embeddable":true,"href":"https:\/\/www.fcbarcelonanoticias.com\/en\/wp-json\/wp\/v2\/tags?post=81436"}],"curies":[{"name":"wp","href":"https:\/\/api.w.org\/{rel}","templated":true}]}}