{"id":81443,"date":"2021-11-07T20:08:00","date_gmt":"2021-11-07T19:08:00","guid":{"rendered":"https:\/\/weisetech.dev\/fc-barcelona-noticias\/en\/florentino-perez-traces-the-way-for-armour-to-the-new-star-of-the-madrid_274683_102\/"},"modified":"2021-11-07T20:08:00","modified_gmt":"2021-11-07T19:08:00","slug":"florentino-perez-traces-the-way-for-armour-to-the-new-star-of-the-madrid_274683_102","status":"publish","type":"post","link":"https:\/\/www.fcbarcelonanoticias.com\/en\/real-madrid\/florentino-perez-traces-the-way-for-armour-to-the-new-star-of-the-madrid_274683_102.html","title":{"rendered":"Florentino P\u00e9rez traces the way to &#8216;shield&#8217; the new star of Madrid"},"content":{"rendered":"<h2 class=\"wp-block-heading\">Real Madrid does not want headaches when it comes to the future of Vin\u00edcius Jr. Florentino P\u00e9rez is already working on its renovation and hopes to complete it shortly<\/h2>  \r\n<div class=\"article-addons\">\r\n    <a href=\"https:\/\/www.fcbarcelonanoticias.com\/en\/calendar-fc-barcelona.html\"\r\n       target=\"_self\"\r\n       title=\"Calendar of FC Barcelona\"\r\n       class=\"blue-gredient-btn\">\r\n       \r\n        Calendar of FC Barcelona    <\/a>\r\n<\/div>   <p><strong>The explosion of Vin\u00edcius Jr <\/strong>has not happened unobserved for anybody. The Brazilian forward has signed a beginning of season ilusionante, with a lot of goal and with better feelings. It has not woken up overnight, in no case. <strong>His current performance answers to the work that comes making for many years<\/strong>, that finally are giving reward and the <a data-external=\"0\" data-intl-links-en=\"https:\/\/www.fcbarcelonanoticias.com\/en\/real-madrid\" data-intl-links-es=\"https:\/\/www.fcbarcelonanoticias.com\/real-madrid\" href=\"https:\/\/www.fcbarcelonanoticias.com\/en\/football-soccer\/real-madrid.html\" rel=\"follow\" target=\"_self\" title=\"Real Madrid\">Real Madrid<\/a> is &#8216;taking advantage of&#8217; of this. Vini No longer has alone dribbling and desborde, but also goal and assistances.<\/p>  <p>In Santiago Bernab\u00e9u are loved with him, so much the fans (that against the Real Betis corearon his name from the terracings), but also <strong>the directors, that are &#8216;proud&#8217; to having taken the decision to trust he, <\/strong>even when the panorama was complicated and did not annotate almost goals. Now, Florentino P\u00e9rez and company celebrate his big victory and trace the way so that the Brazilian seen the elastic madridista by a lot of years more.<\/p>  <p>The skilled journalist in the market of signings, Fabrizio Romano, has explained that<strong> the Real Madrid and Vin\u00edcius Jr will begin the conversations to improve his wage, expand his stay in Concha Spine and, more important still, increase his clause of rescission<\/strong> to avoid a &#8216;surprise&#8217; in the next windows of transfers, taking in consideration the million the clubs-state and that, for example, already the Paris Saint-Germain has showed very interested in the perdil of the player of 21 years.<\/p>  <p>It is necessary to remember that Florentino P\u00e9rez has been working recently in the renewals of his more important players and elevating his clauses liberatorias for no only scare to possible clubs interested, but also show him to these players<strong> the importance that have for the club.<\/strong><\/p>  <p>At present, the clauses <strong>of Fede Valverde and Karim Benzema are the highest, of 1000 million <\/strong>euros each one, gone on down Luka Modric (750), Isco Alarc\u00f3n (700), Marco Asensio (700), Thibaut Courtois (700), the own Vin\u00edcius (700) and Toni Kroos (500). It expects that the Brazilian equalise or surpass to the &#8216;Pajarito&#8217; or the French forward.<\/p>  <h3>Vin\u00edcius Jr Wants to renew with the Madrid<\/h3>  <p>To beginnings of this month, the Brazilian forward issued some statements aiming to that it wanted to renew his agreement with the White House. In this opportunity, highlighted that <strong>&#8220;they have not said me at all, but am very calm because it remains long still.<\/strong> Claro that I want to renew, clear that I want to remain me here by long, but am very calm with this, everything in the correct moment&#8221;.<\/p>  <p>&#8216;Vini&#8217; Has converted practically in a madridista of the house and has left more than clear that is not slope of the how or how much goes to ingresar with a new agreement, only to defend to the Real Madrid and follow helping to the team to base of goals: &#8220;The agreement that have still is the one of when were 16 years old. <strong>It does not matter when I go to renew, how much go to earn or how much collection<\/strong>, what matters is the satisfaction to be in the best team of the world&#8221;.<\/p> ","protected":false},"excerpt":{"rendered":"<p>Real Madrid does not want headaches when it comes to the future of Vin\u00edcius Jr. Florentino P\u00e9rez is already working on its renovation and hopes to complete it shortly The explosion of Vin\u00edcius Jr has not happened unobserved for anybody. The Brazilian forward has signed a beginning of season ilusionante, with a lot of goal [&hellip;]<\/p>\n","protected":false},"author":352,"featured_media":81449,"comment_status":"closed","ping_status":"open","sticky":false,"template":"","format":"standard","meta":{"_acf_changed":false,"inline_featured_image":false,"_nextfly_llmd_date_locked":false,"footnotes":""},"categories":[450,119],"tags":[177],"class_list":["post-81443","post","type-post","status-publish","format-standard","has-post-thumbnail","hentry","category-real-madrid-2","category-real-madrid","tag-florentino-perez"],"acf":[],"yoast_head":"<!-- This site is optimized with the Yoast SEO plugin v27.3 - https:\/\/yoast.com\/product\/yoast-seo-wordpress\/ -->\n<title>Florentino P\u00e9rez traces the way to &#039;shield&#039; the new star of Madrid<\/title>\n<meta name=\"description\" content=\"The Real Madrid does not want headaches in what to the future of Vin\u00edcius Jr respecta. Florentino P\u00e9rez already works in his renewal and expects to concretise it in...\" \/>\n<meta name=\"robots\" content=\"index, follow, max-snippet:-1, max-image-preview:large, max-video-preview:-1\" \/>\n<link rel=\"canonical\" href=\"https:\/\/www.fcbarcelonanoticias.com\/en\/real-madrid\/florentino-perez-traces-the-way-for-armour-to-the-new-star-of-the-madrid_274683_102.html\" \/>\n<meta property=\"og:locale\" content=\"en_US\" \/>\n<meta property=\"og:type\" content=\"article\" \/>\n<meta property=\"og:title\" content=\"Florentino P\u00e9rez traces the way to &#039;shield&#039; the new star of Madrid\" \/>\n<meta property=\"og:description\" content=\"The Real Madrid does not want headaches in what to the future of Vin\u00edcius Jr respecta. Florentino P\u00e9rez already works in his renewal and expects to concretise it in...\" \/>\n<meta property=\"og:url\" content=\"https:\/\/www.fcbarcelonanoticias.com\/en\/real-madrid\/florentino-perez-traces-the-way-for-armour-to-the-new-star-of-the-madrid_274683_102.html\" \/>\n<meta property=\"og:site_name\" content=\"EN - FC Barcelona Noticias\" \/>\n<meta property=\"article:published_time\" content=\"2021-11-07T19:08:00+00:00\" \/>\n<meta property=\"og:image\" content=\"https:\/\/www.fcbarcelonanoticias.com\/en\/wp-content\/uploads\/sites\/2\/2021\/11\/1003169472-1.jpeg\" \/>\n\t<meta property=\"og:image:width\" content=\"1200\" \/>\n\t<meta property=\"og:image:height\" content=\"710\" \/>\n\t<meta property=\"og:image:type\" content=\"image\/jpeg\" \/>\n<meta name=\"author\" content=\"Paola Guevara\" \/>\n<meta name=\"twitter:card\" content=\"summary_large_image\" \/>\n<meta name=\"twitter:label1\" content=\"Written by\" \/>\n\t<meta name=\"twitter:data1\" content=\"Paola Guevara\" \/>\n\t<meta name=\"twitter:label2\" content=\"Est. reading time\" \/>\n\t<meta name=\"twitter:data2\" content=\"3 minutes\" \/>\n<script type=\"application\/ld+json\" class=\"yoast-schema-graph\">{\"@context\":\"https:\\\/\\\/schema.org\",\"@graph\":[{\"@type\":\"Article\",\"@id\":\"https:\\\/\\\/www.fcbarcelonanoticias.com\\\/en\\\/real-madrid\\\/florentino-perez-traces-the-way-for-armour-to-the-new-star-of-the-madrid_274683_102.html#article\",\"isPartOf\":{\"@id\":\"https:\\\/\\\/www.fcbarcelonanoticias.com\\\/en\\\/real-madrid\\\/florentino-perez-traces-the-way-for-armour-to-the-new-star-of-the-madrid_274683_102.html\"},\"author\":{\"name\":\"Paola Guevara\",\"@id\":\"https:\\\/\\\/www.fcbarcelonanoticias.com\\\/en\\\/#\\\/schema\\\/person\\\/3b408513ee236e64c3043ec901f019ee\"},\"headline\":\"Florentino P\u00e9rez traces the way to &#8216;shield&#8217; the new star of Madrid\",\"datePublished\":\"2021-11-07T19:08:00+00:00\",\"mainEntityOfPage\":{\"@id\":\"https:\\\/\\\/www.fcbarcelonanoticias.com\\\/en\\\/real-madrid\\\/florentino-perez-traces-the-way-for-armour-to-the-new-star-of-the-madrid_274683_102.html\"},\"wordCount\":559,\"image\":{\"@id\":\"https:\\\/\\\/www.fcbarcelonanoticias.com\\\/en\\\/real-madrid\\\/florentino-perez-traces-the-way-for-armour-to-the-new-star-of-the-madrid_274683_102.html#primaryimage\"},\"thumbnailUrl\":\"https:\\\/\\\/www.fcbarcelonanoticias.com\\\/en\\\/wp-content\\\/uploads\\\/sites\\\/2\\\/2021\\\/11\\\/1003169472-1.jpeg\",\"keywords\":[\"Florentino P\u00e9rez\"],\"articleSection\":[\"Real Madrid\",\"Real Madrid\"],\"inLanguage\":\"en-US\"},{\"@type\":\"WebPage\",\"@id\":\"https:\\\/\\\/www.fcbarcelonanoticias.com\\\/en\\\/real-madrid\\\/florentino-perez-traces-the-way-for-armour-to-the-new-star-of-the-madrid_274683_102.html\",\"url\":\"https:\\\/\\\/www.fcbarcelonanoticias.com\\\/en\\\/real-madrid\\\/florentino-perez-traces-the-way-for-armour-to-the-new-star-of-the-madrid_274683_102.html\",\"name\":\"Florentino P\u00e9rez traces the way to 'shield' the new star of Madrid\",\"isPartOf\":{\"@id\":\"https:\\\/\\\/www.fcbarcelonanoticias.com\\\/en\\\/#website\"},\"primaryImageOfPage\":{\"@id\":\"https:\\\/\\\/www.fcbarcelonanoticias.com\\\/en\\\/real-madrid\\\/florentino-perez-traces-the-way-for-armour-to-the-new-star-of-the-madrid_274683_102.html#primaryimage\"},\"image\":{\"@id\":\"https:\\\/\\\/www.fcbarcelonanoticias.com\\\/en\\\/real-madrid\\\/florentino-perez-traces-the-way-for-armour-to-the-new-star-of-the-madrid_274683_102.html#primaryimage\"},\"thumbnailUrl\":\"https:\\\/\\\/www.fcbarcelonanoticias.com\\\/en\\\/wp-content\\\/uploads\\\/sites\\\/2\\\/2021\\\/11\\\/1003169472-1.jpeg\",\"datePublished\":\"2021-11-07T19:08:00+00:00\",\"author\":{\"@id\":\"https:\\\/\\\/www.fcbarcelonanoticias.com\\\/en\\\/#\\\/schema\\\/person\\\/3b408513ee236e64c3043ec901f019ee\"},\"description\":\"The Real Madrid does not want headaches in what to the future of Vin\u00edcius Jr respecta. Florentino P\u00e9rez already works in his renewal and expects to concretise it in...\",\"breadcrumb\":{\"@id\":\"https:\\\/\\\/www.fcbarcelonanoticias.com\\\/en\\\/real-madrid\\\/florentino-perez-traces-the-way-for-armour-to-the-new-star-of-the-madrid_274683_102.html#breadcrumb\"},\"inLanguage\":\"en-US\",\"potentialAction\":[{\"@type\":\"ReadAction\",\"target\":[\"https:\\\/\\\/www.fcbarcelonanoticias.com\\\/en\\\/real-madrid\\\/florentino-perez-traces-the-way-for-armour-to-the-new-star-of-the-madrid_274683_102.html\"]}]},{\"@type\":\"ImageObject\",\"inLanguage\":\"en-US\",\"@id\":\"https:\\\/\\\/www.fcbarcelonanoticias.com\\\/en\\\/real-madrid\\\/florentino-perez-traces-the-way-for-armour-to-the-new-star-of-the-madrid_274683_102.html#primaryimage\",\"url\":\"https:\\\/\\\/www.fcbarcelonanoticias.com\\\/en\\\/wp-content\\\/uploads\\\/sites\\\/2\\\/2021\\\/11\\\/1003169472-1.jpeg\",\"contentUrl\":\"https:\\\/\\\/www.fcbarcelonanoticias.com\\\/en\\\/wp-content\\\/uploads\\\/sites\\\/2\\\/2021\\\/11\\\/1003169472-1.jpeg\",\"width\":1200,\"height\":710},{\"@type\":\"BreadcrumbList\",\"@id\":\"https:\\\/\\\/www.fcbarcelonanoticias.com\\\/en\\\/real-madrid\\\/florentino-perez-traces-the-way-for-armour-to-the-new-star-of-the-madrid_274683_102.html#breadcrumb\",\"itemListElement\":[{\"@type\":\"ListItem\",\"position\":1,\"name\":\"Portada\",\"item\":\"https:\\\/\\\/www.fcbarcelonanoticias.com\\\/en\\\/\"},{\"@type\":\"ListItem\",\"position\":2,\"name\":\"Florentino P\u00e9rez traces the way to &#8216;shield&#8217; the new star of Madrid\"}]},{\"@type\":\"WebSite\",\"@id\":\"https:\\\/\\\/www.fcbarcelonanoticias.com\\\/en\\\/#website\",\"url\":\"https:\\\/\\\/www.fcbarcelonanoticias.com\\\/en\\\/\",\"name\":\"EN - FC Barcelona Noticias\",\"description\":\"\",\"potentialAction\":[{\"@type\":\"SearchAction\",\"target\":{\"@type\":\"EntryPoint\",\"urlTemplate\":\"https:\\\/\\\/www.fcbarcelonanoticias.com\\\/en\\\/?s={search_term_string}\"},\"query-input\":{\"@type\":\"PropertyValueSpecification\",\"valueRequired\":true,\"valueName\":\"search_term_string\"}}],\"inLanguage\":\"en-US\"},{\"@type\":\"Person\",\"@id\":\"https:\\\/\\\/www.fcbarcelonanoticias.com\\\/en\\\/#\\\/schema\\\/person\\\/3b408513ee236e64c3043ec901f019ee\",\"name\":\"Paola Guevara\",\"image\":{\"@type\":\"ImageObject\",\"inLanguage\":\"en-US\",\"@id\":\"https:\\\/\\\/secure.gravatar.com\\\/avatar\\\/?s=96&d=mm&r=g\",\"url\":\"https:\\\/\\\/secure.gravatar.com\\\/avatar\\\/?s=96&d=mm&r=g\",\"contentUrl\":\"https:\\\/\\\/secure.gravatar.com\\\/avatar\\\/?s=96&d=mm&r=g\",\"caption\":\"Paola Guevara\"},\"url\":\"https:\\\/\\\/www.fcbarcelonanoticias.com\\\/en\\\/fc-barcelona\\\/paola-guevara_9_115.html\"}]}<\/script>\n<!-- \/ Yoast SEO plugin. -->","yoast_head_json":{"title":"Florentino P\u00e9rez traces the way to 'shield' the new star of Madrid","description":"The Real Madrid does not want headaches in what to the future of Vin\u00edcius Jr respecta. Florentino P\u00e9rez already works in his renewal and expects to concretise it in...","robots":{"index":"index","follow":"follow","max-snippet":"max-snippet:-1","max-image-preview":"max-image-preview:large","max-video-preview":"max-video-preview:-1"},"canonical":"https:\/\/www.fcbarcelonanoticias.com\/en\/real-madrid\/florentino-perez-traces-the-way-for-armour-to-the-new-star-of-the-madrid_274683_102.html","og_locale":"en_US","og_type":"article","og_title":"Florentino P\u00e9rez traces the way to 'shield' the new star of Madrid","og_description":"The Real Madrid does not want headaches in what to the future of Vin\u00edcius Jr respecta. Florentino P\u00e9rez already works in his renewal and expects to concretise it in...","og_url":"https:\/\/www.fcbarcelonanoticias.com\/en\/real-madrid\/florentino-perez-traces-the-way-for-armour-to-the-new-star-of-the-madrid_274683_102.html","og_site_name":"EN - FC Barcelona Noticias","article_published_time":"2021-11-07T19:08:00+00:00","og_image":[{"width":1200,"height":710,"url":"https:\/\/www.fcbarcelonanoticias.com\/en\/wp-content\/uploads\/sites\/2\/2021\/11\/1003169472-1.jpeg","type":"image\/jpeg"}],"author":"Paola Guevara","twitter_card":"summary_large_image","twitter_misc":{"Written by":"Paola Guevara","Est. reading time":"3 minutes"},"schema":{"@context":"https:\/\/schema.org","@graph":[{"@type":"Article","@id":"https:\/\/www.fcbarcelonanoticias.com\/en\/real-madrid\/florentino-perez-traces-the-way-for-armour-to-the-new-star-of-the-madrid_274683_102.html#article","isPartOf":{"@id":"https:\/\/www.fcbarcelonanoticias.com\/en\/real-madrid\/florentino-perez-traces-the-way-for-armour-to-the-new-star-of-the-madrid_274683_102.html"},"author":{"name":"Paola Guevara","@id":"https:\/\/www.fcbarcelonanoticias.com\/en\/#\/schema\/person\/3b408513ee236e64c3043ec901f019ee"},"headline":"Florentino P\u00e9rez traces the way to &#8216;shield&#8217; the new star of Madrid","datePublished":"2021-11-07T19:08:00+00:00","mainEntityOfPage":{"@id":"https:\/\/www.fcbarcelonanoticias.com\/en\/real-madrid\/florentino-perez-traces-the-way-for-armour-to-the-new-star-of-the-madrid_274683_102.html"},"wordCount":559,"image":{"@id":"https:\/\/www.fcbarcelonanoticias.com\/en\/real-madrid\/florentino-perez-traces-the-way-for-armour-to-the-new-star-of-the-madrid_274683_102.html#primaryimage"},"thumbnailUrl":"https:\/\/www.fcbarcelonanoticias.com\/en\/wp-content\/uploads\/sites\/2\/2021\/11\/1003169472-1.jpeg","keywords":["Florentino P\u00e9rez"],"articleSection":["Real Madrid","Real Madrid"],"inLanguage":"en-US"},{"@type":"WebPage","@id":"https:\/\/www.fcbarcelonanoticias.com\/en\/real-madrid\/florentino-perez-traces-the-way-for-armour-to-the-new-star-of-the-madrid_274683_102.html","url":"https:\/\/www.fcbarcelonanoticias.com\/en\/real-madrid\/florentino-perez-traces-the-way-for-armour-to-the-new-star-of-the-madrid_274683_102.html","name":"Florentino P\u00e9rez traces the way to 'shield' the new star of Madrid","isPartOf":{"@id":"https:\/\/www.fcbarcelonanoticias.com\/en\/#website"},"primaryImageOfPage":{"@id":"https:\/\/www.fcbarcelonanoticias.com\/en\/real-madrid\/florentino-perez-traces-the-way-for-armour-to-the-new-star-of-the-madrid_274683_102.html#primaryimage"},"image":{"@id":"https:\/\/www.fcbarcelonanoticias.com\/en\/real-madrid\/florentino-perez-traces-the-way-for-armour-to-the-new-star-of-the-madrid_274683_102.html#primaryimage"},"thumbnailUrl":"https:\/\/www.fcbarcelonanoticias.com\/en\/wp-content\/uploads\/sites\/2\/2021\/11\/1003169472-1.jpeg","datePublished":"2021-11-07T19:08:00+00:00","author":{"@id":"https:\/\/www.fcbarcelonanoticias.com\/en\/#\/schema\/person\/3b408513ee236e64c3043ec901f019ee"},"description":"The Real Madrid does not want headaches in what to the future of Vin\u00edcius Jr respecta. Florentino P\u00e9rez already works in his renewal and expects to concretise it in...","breadcrumb":{"@id":"https:\/\/www.fcbarcelonanoticias.com\/en\/real-madrid\/florentino-perez-traces-the-way-for-armour-to-the-new-star-of-the-madrid_274683_102.html#breadcrumb"},"inLanguage":"en-US","potentialAction":[{"@type":"ReadAction","target":["https:\/\/www.fcbarcelonanoticias.com\/en\/real-madrid\/florentino-perez-traces-the-way-for-armour-to-the-new-star-of-the-madrid_274683_102.html"]}]},{"@type":"ImageObject","inLanguage":"en-US","@id":"https:\/\/www.fcbarcelonanoticias.com\/en\/real-madrid\/florentino-perez-traces-the-way-for-armour-to-the-new-star-of-the-madrid_274683_102.html#primaryimage","url":"https:\/\/www.fcbarcelonanoticias.com\/en\/wp-content\/uploads\/sites\/2\/2021\/11\/1003169472-1.jpeg","contentUrl":"https:\/\/www.fcbarcelonanoticias.com\/en\/wp-content\/uploads\/sites\/2\/2021\/11\/1003169472-1.jpeg","width":1200,"height":710},{"@type":"BreadcrumbList","@id":"https:\/\/www.fcbarcelonanoticias.com\/en\/real-madrid\/florentino-perez-traces-the-way-for-armour-to-the-new-star-of-the-madrid_274683_102.html#breadcrumb","itemListElement":[{"@type":"ListItem","position":1,"name":"Portada","item":"https:\/\/www.fcbarcelonanoticias.com\/en\/"},{"@type":"ListItem","position":2,"name":"Florentino P\u00e9rez traces the way to &#8216;shield&#8217; the new star of Madrid"}]},{"@type":"WebSite","@id":"https:\/\/www.fcbarcelonanoticias.com\/en\/#website","url":"https:\/\/www.fcbarcelonanoticias.com\/en\/","name":"EN - FC Barcelona Noticias","description":"","potentialAction":[{"@type":"SearchAction","target":{"@type":"EntryPoint","urlTemplate":"https:\/\/www.fcbarcelonanoticias.com\/en\/?s={search_term_string}"},"query-input":{"@type":"PropertyValueSpecification","valueRequired":true,"valueName":"search_term_string"}}],"inLanguage":"en-US"},{"@type":"Person","@id":"https:\/\/www.fcbarcelonanoticias.com\/en\/#\/schema\/person\/3b408513ee236e64c3043ec901f019ee","name":"Paola Guevara","image":{"@type":"ImageObject","inLanguage":"en-US","@id":"https:\/\/secure.gravatar.com\/avatar\/?s=96&d=mm&r=g","url":"https:\/\/secure.gravatar.com\/avatar\/?s=96&d=mm&r=g","contentUrl":"https:\/\/secure.gravatar.com\/avatar\/?s=96&d=mm&r=g","caption":"Paola Guevara"},"url":"https:\/\/www.fcbarcelonanoticias.com\/en\/fc-barcelona\/paola-guevara_9_115.html"}]}},"_links":{"self":[{"href":"https:\/\/www.fcbarcelonanoticias.com\/en\/wp-json\/wp\/v2\/posts\/81443","targetHints":{"allow":["GET"]}}],"collection":[{"href":"https:\/\/www.fcbarcelonanoticias.com\/en\/wp-json\/wp\/v2\/posts"}],"about":[{"href":"https:\/\/www.fcbarcelonanoticias.com\/en\/wp-json\/wp\/v2\/types\/post"}],"author":[{"embeddable":true,"href":"https:\/\/www.fcbarcelonanoticias.com\/en\/wp-json\/wp\/v2\/users\/352"}],"replies":[{"embeddable":true,"href":"https:\/\/www.fcbarcelonanoticias.com\/en\/wp-json\/wp\/v2\/comments?post=81443"}],"version-history":[{"count":1,"href":"https:\/\/www.fcbarcelonanoticias.com\/en\/wp-json\/wp\/v2\/posts\/81443\/revisions"}],"predecessor-version":[{"id":122408,"href":"https:\/\/www.fcbarcelonanoticias.com\/en\/wp-json\/wp\/v2\/posts\/81443\/revisions\/122408"}],"wp:featuredmedia":[{"embeddable":true,"href":"https:\/\/www.fcbarcelonanoticias.com\/en\/wp-json\/wp\/v2\/media\/81449"}],"wp:attachment":[{"href":"https:\/\/www.fcbarcelonanoticias.com\/en\/wp-json\/wp\/v2\/media?parent=81443"}],"wp:term":[{"taxonomy":"category","embeddable":true,"href":"https:\/\/www.fcbarcelonanoticias.com\/en\/wp-json\/wp\/v2\/categories?post=81443"},{"taxonomy":"post_tag","embeddable":true,"href":"https:\/\/www.fcbarcelonanoticias.com\/en\/wp-json\/wp\/v2\/tags?post=81443"}],"curies":[{"name":"wp","href":"https:\/\/api.w.org\/{rel}","templated":true}]}}