{"id":81521,"date":"2024-01-19T19:52:00","date_gmt":"2024-01-19T18:52:00","guid":{"rendered":"https:\/\/weisetech.dev\/fc-barcelona-noticias\/en\/with-the-injuries-of-semedo-and-vermaelen-like-this-remains-the-infirmary-of-the-fc-barcelona_219476_102\/"},"modified":"2024-01-19T19:52:00","modified_gmt":"2024-01-19T18:52:00","slug":"xavi-continues-expanding-his-list-of-jewels-of-the-masia-that-has-done-to-debut-in-his-barca_300066_102","status":"publish","type":"post","link":"https:\/\/www.fcbarcelonanoticias.com\/en\/players\/xavi-continues-expanding-his-list-of-jewels-of-the-masia-that-has-done-to-debut-in-his-barca_300066_102.html","title":{"rendered":"Xavi continues to expand his list of &#8216;jewels&#8217; of La Masia who have made their debut in his Bar\u00e7a"},"content":{"rendered":"<h2 class=\"wp-block-heading\">FC Barcelona are trying to make the most of their youth academy at a time when their economy limits their margin when it comes to moving in the market and Xavi has understood this perfectly<\/h2>  \r\n<div class=\"article-addons\">\r\n    <a href=\"https:\/\/www.fcbarcelonanoticias.com\/en\/calendar-fc-barcelona.html\"\r\n       target=\"_self\"\r\n       title=\"Calendar of FC Barcelona\"\r\n       class=\"blue-gredient-btn\">\r\n       \r\n        Calendar of FC Barcelona    <\/a>\r\n<\/div>   <p>Xavi already has said in several opportunities that the players that proceed of the quarry are different, special, touched by a magic wand and that anytime can have the opportunity to explode in the first team. <strong>During the two years and coins that the m\u00edster has been in the bench <a data-external=\"0\" data-intl-links-en=\"https:\/\/www.fcbarcelonanoticias.com\/en\/fc-barcelona\/the-good-news-for-fcbarcelona-after-the-victory-against-unionistas_300045_102.html\" data-intl-links-es=\"https:\/\/www.fcbarcelonanoticias.com\/fc-barcelona\/buenas-noticias-ha-dejado-fc-barcelona-victoria-unionistas_300045_102.html\" href=\"https:\/\/www.fcbarcelonanoticias.com\/en\/fc-barcelona\/the-good-news-for-fcbarcelona-after-the-victory-against-unionistas_300045_102.html\" rel=\"follow\" target=\"_self\" title=\"Las buenas noticias que ha dejado para el FC Barcelona la victoria ante el Unionistas\">of the FC Barcelona<\/a> already have been 15 canteranos that have called to the doors of the first team, standing out names like the one of Ferm\u00edn, I\u00f1aki Crag or Lamine Yamal.<\/strong><\/p>  <p>This has been one of the signals of identity of the Catalan, trying give alternatives to the team without taking into account the age or demarcation of the footballer or the transcendence of the party. <strong>This Thursday, in the eighth of final of the Glass against Unionistas, did to debut to another canterano: Pau Cubars\u00ed.<\/strong> The central, of only 16 years, is the fourth youngster that goes up to First this course and the 15 from his arrival like trainer.<\/p>  <h2>A very promising list that keeps growing in the Bar\u00e7a<\/h2>  <p>The defence had a participation stood out in Salamanca and even gave an assistance of goal, joining to a so varied list like wide. This group initiated it Ilias Akhomach, being in the XI in the first party of Xavi in the Bar\u00e7a. <strong>They followed Ferran Jutgl\u00e0, \u00c1lvaro Sanz, Estanis Pedrola and Mika Marble. Besides they went adding I\u00f1aki Crag, Marc Casad\u00f3, Chadi Riad, \u00c1ngel Alarc\u00f3n and Aleix Garrido during the 2022. <\/strong><\/p>  <p>The 2023 very interesting names, standing out of course to Lamine Yamal and his record when adding minutes when it still had 15 years. <strong>Later they have arrived Ferm\u00edn L\u00f3pez , Marc Guiu, H\u00e9ctor Fort and Cubars\u00ed. The bet has been constant. <\/strong>Five canteranos rose in the first season of Xavi; six more did it in the 22-23; and this course already are four: Ferm\u00edn,Guiu,Fort and Cubars\u00ed. Besides, with the one of Terrassa also played H\u00e9ctor Beller\u00edn in his return, eleven campaigns afterwards, to the Barcelona, but did it already consecrated: with 27 years.<\/p> ","protected":false},"excerpt":{"rendered":"<p>FC Barcelona are trying to make the most of their youth academy at a time when their economy limits their margin when it comes to moving in the market and Xavi has understood this perfectly Xavi already has said in several opportunities that the players that proceed of the quarry are different, special, touched by [&hellip;]<\/p>\n","protected":false},"author":345,"featured_media":5732,"comment_status":"closed","ping_status":"open","sticky":false,"template":"","format":"standard","meta":{"_acf_changed":false,"inline_featured_image":false,"_nextfly_llmd_date_locked":false,"footnotes":""},"categories":[453,107],"tags":[158,181,48],"class_list":["post-81521","post","type-post","status-publish","format-standard","has-post-thumbnail","hentry","category-players-2","category-players","tag-joan-laporta","tag-the-masia","tag-xavi-hernandez"],"acf":[],"yoast_head":"<!-- This site is optimized with the Yoast SEO plugin v27.3 - https:\/\/yoast.com\/product\/yoast-seo-wordpress\/ -->\n<title>Xavi continues to expand his list of &#039;jewels&#039; of La Masia who have made their debut in his Bar\u00e7a<\/title>\n<meta name=\"description\" content=\"FC Barcelona are trying to make the most of their youth academy at a time when their economy limits their margin when it comes to moving in the market and Xavi has understood this perfectly\" \/>\n<meta name=\"robots\" content=\"index, follow, max-snippet:-1, max-image-preview:large, max-video-preview:-1\" \/>\n<link rel=\"canonical\" href=\"https:\/\/www.fcbarcelonanoticias.com\/en\/players\/xavi-continues-expanding-his-list-of-jewels-of-the-masia-that-has-done-to-debut-in-his-barca_300066_102.html\" \/>\n<meta property=\"og:locale\" content=\"en_US\" \/>\n<meta property=\"og:type\" content=\"article\" \/>\n<meta property=\"og:title\" content=\"Xavi continues to expand his list of &#039;jewels&#039; of La Masia who have made their debut in his Bar\u00e7a\" \/>\n<meta property=\"og:description\" content=\"FC Barcelona are trying to make the most of their youth academy at a time when their economy limits their margin when it comes to moving in the market and Xavi has understood this perfectly\" \/>\n<meta property=\"og:url\" content=\"https:\/\/www.fcbarcelonanoticias.com\/en\/players\/xavi-continues-expanding-his-list-of-jewels-of-the-masia-that-has-done-to-debut-in-his-barca_300066_102.html\" \/>\n<meta property=\"og:site_name\" content=\"EN - FC Barcelona Noticias\" \/>\n<meta property=\"article:published_time\" content=\"2024-01-19T18:52:00+00:00\" \/>\n<meta property=\"og:image\" content=\"https:\/\/www.fcbarcelonanoticias.com\/en\/wp-content\/uploads\/sites\/2\/2024\/02\/jugadores-barca-entrenamiento4.jpeg\" \/>\n\t<meta property=\"og:image:width\" content=\"1300\" \/>\n\t<meta property=\"og:image:height\" content=\"732\" \/>\n\t<meta property=\"og:image:type\" content=\"image\/jpeg\" \/>\n<meta name=\"author\" content=\"Carlos Montenegro\" \/>\n<meta name=\"twitter:card\" content=\"summary_large_image\" \/>\n<meta name=\"twitter:label1\" content=\"Written by\" \/>\n\t<meta name=\"twitter:data1\" content=\"Carlos Montenegro\" \/>\n\t<meta name=\"twitter:label2\" content=\"Est. reading time\" \/>\n\t<meta name=\"twitter:data2\" content=\"2 minutes\" \/>\n<script type=\"application\/ld+json\" class=\"yoast-schema-graph\">{\"@context\":\"https:\\\/\\\/schema.org\",\"@graph\":[{\"@type\":\"Article\",\"@id\":\"https:\\\/\\\/www.fcbarcelonanoticias.com\\\/en\\\/players\\\/xavi-continues-expanding-his-list-of-jewels-of-the-masia-that-has-done-to-debut-in-his-barca_300066_102.html#article\",\"isPartOf\":{\"@id\":\"https:\\\/\\\/www.fcbarcelonanoticias.com\\\/en\\\/players\\\/xavi-continues-expanding-his-list-of-jewels-of-the-masia-that-has-done-to-debut-in-his-barca_300066_102.html\"},\"author\":{\"name\":\"Carlos Montenegro\",\"@id\":\"https:\\\/\\\/www.fcbarcelonanoticias.com\\\/en\\\/#\\\/schema\\\/person\\\/aa1d038709c262cb247e240f6b39bbf5\"},\"headline\":\"Xavi continues to expand his list of &#8216;jewels&#8217; of La Masia who have made their debut in his Bar\u00e7a\",\"datePublished\":\"2024-01-19T18:52:00+00:00\",\"mainEntityOfPage\":{\"@id\":\"https:\\\/\\\/www.fcbarcelonanoticias.com\\\/en\\\/players\\\/xavi-continues-expanding-his-list-of-jewels-of-the-masia-that-has-done-to-debut-in-his-barca_300066_102.html\"},\"wordCount\":400,\"image\":{\"@id\":\"https:\\\/\\\/www.fcbarcelonanoticias.com\\\/en\\\/players\\\/xavi-continues-expanding-his-list-of-jewels-of-the-masia-that-has-done-to-debut-in-his-barca_300066_102.html#primaryimage\"},\"thumbnailUrl\":\"https:\\\/\\\/www.fcbarcelonanoticias.com\\\/en\\\/wp-content\\\/uploads\\\/sites\\\/2\\\/2024\\\/02\\\/jugadores-barca-entrenamiento4.jpeg\",\"keywords\":[\"Joan Laporta\",\"The Masia\",\"Xavi Hern\u00e1ndez\"],\"articleSection\":[\"Players\",\"Players\"],\"inLanguage\":\"en-US\"},{\"@type\":\"WebPage\",\"@id\":\"https:\\\/\\\/www.fcbarcelonanoticias.com\\\/en\\\/players\\\/xavi-continues-expanding-his-list-of-jewels-of-the-masia-that-has-done-to-debut-in-his-barca_300066_102.html\",\"url\":\"https:\\\/\\\/www.fcbarcelonanoticias.com\\\/en\\\/players\\\/xavi-continues-expanding-his-list-of-jewels-of-the-masia-that-has-done-to-debut-in-his-barca_300066_102.html\",\"name\":\"Xavi continues to expand his list of 'jewels' of La Masia who have made their debut in his Bar\u00e7a\",\"isPartOf\":{\"@id\":\"https:\\\/\\\/www.fcbarcelonanoticias.com\\\/en\\\/#website\"},\"primaryImageOfPage\":{\"@id\":\"https:\\\/\\\/www.fcbarcelonanoticias.com\\\/en\\\/players\\\/xavi-continues-expanding-his-list-of-jewels-of-the-masia-that-has-done-to-debut-in-his-barca_300066_102.html#primaryimage\"},\"image\":{\"@id\":\"https:\\\/\\\/www.fcbarcelonanoticias.com\\\/en\\\/players\\\/xavi-continues-expanding-his-list-of-jewels-of-the-masia-that-has-done-to-debut-in-his-barca_300066_102.html#primaryimage\"},\"thumbnailUrl\":\"https:\\\/\\\/www.fcbarcelonanoticias.com\\\/en\\\/wp-content\\\/uploads\\\/sites\\\/2\\\/2024\\\/02\\\/jugadores-barca-entrenamiento4.jpeg\",\"datePublished\":\"2024-01-19T18:52:00+00:00\",\"author\":{\"@id\":\"https:\\\/\\\/www.fcbarcelonanoticias.com\\\/en\\\/#\\\/schema\\\/person\\\/aa1d038709c262cb247e240f6b39bbf5\"},\"description\":\"FC Barcelona are trying to make the most of their youth academy at a time when their economy limits their margin when it comes to moving in the market and Xavi has understood this perfectly\",\"breadcrumb\":{\"@id\":\"https:\\\/\\\/www.fcbarcelonanoticias.com\\\/en\\\/players\\\/xavi-continues-expanding-his-list-of-jewels-of-the-masia-that-has-done-to-debut-in-his-barca_300066_102.html#breadcrumb\"},\"inLanguage\":\"en-US\",\"potentialAction\":[{\"@type\":\"ReadAction\",\"target\":[\"https:\\\/\\\/www.fcbarcelonanoticias.com\\\/en\\\/players\\\/xavi-continues-expanding-his-list-of-jewels-of-the-masia-that-has-done-to-debut-in-his-barca_300066_102.html\"]}]},{\"@type\":\"ImageObject\",\"inLanguage\":\"en-US\",\"@id\":\"https:\\\/\\\/www.fcbarcelonanoticias.com\\\/en\\\/players\\\/xavi-continues-expanding-his-list-of-jewels-of-the-masia-that-has-done-to-debut-in-his-barca_300066_102.html#primaryimage\",\"url\":\"https:\\\/\\\/www.fcbarcelonanoticias.com\\\/en\\\/wp-content\\\/uploads\\\/sites\\\/2\\\/2024\\\/02\\\/jugadores-barca-entrenamiento4.jpeg\",\"contentUrl\":\"https:\\\/\\\/www.fcbarcelonanoticias.com\\\/en\\\/wp-content\\\/uploads\\\/sites\\\/2\\\/2024\\\/02\\\/jugadores-barca-entrenamiento4.jpeg\",\"width\":1300,\"height\":732},{\"@type\":\"BreadcrumbList\",\"@id\":\"https:\\\/\\\/www.fcbarcelonanoticias.com\\\/en\\\/players\\\/xavi-continues-expanding-his-list-of-jewels-of-the-masia-that-has-done-to-debut-in-his-barca_300066_102.html#breadcrumb\",\"itemListElement\":[{\"@type\":\"ListItem\",\"position\":1,\"name\":\"Portada\",\"item\":\"https:\\\/\\\/www.fcbarcelonanoticias.com\\\/en\\\/\"},{\"@type\":\"ListItem\",\"position\":2,\"name\":\"Xavi continues to expand his list of &#8216;jewels&#8217; of La Masia who have made their debut in his Bar\u00e7a\"}]},{\"@type\":\"WebSite\",\"@id\":\"https:\\\/\\\/www.fcbarcelonanoticias.com\\\/en\\\/#website\",\"url\":\"https:\\\/\\\/www.fcbarcelonanoticias.com\\\/en\\\/\",\"name\":\"EN - FC Barcelona Noticias\",\"description\":\"\",\"potentialAction\":[{\"@type\":\"SearchAction\",\"target\":{\"@type\":\"EntryPoint\",\"urlTemplate\":\"https:\\\/\\\/www.fcbarcelonanoticias.com\\\/en\\\/?s={search_term_string}\"},\"query-input\":{\"@type\":\"PropertyValueSpecification\",\"valueRequired\":true,\"valueName\":\"search_term_string\"}}],\"inLanguage\":\"en-US\"},{\"@type\":\"Person\",\"@id\":\"https:\\\/\\\/www.fcbarcelonanoticias.com\\\/en\\\/#\\\/schema\\\/person\\\/aa1d038709c262cb247e240f6b39bbf5\",\"name\":\"Carlos Montenegro\",\"image\":{\"@type\":\"ImageObject\",\"inLanguage\":\"en-US\",\"@id\":\"https:\\\/\\\/secure.gravatar.com\\\/avatar\\\/?s=96&d=mm&r=g\",\"url\":\"https:\\\/\\\/secure.gravatar.com\\\/avatar\\\/?s=96&d=mm&r=g\",\"contentUrl\":\"https:\\\/\\\/secure.gravatar.com\\\/avatar\\\/?s=96&d=mm&r=g\",\"caption\":\"Carlos Montenegro\"},\"url\":\"https:\\\/\\\/www.fcbarcelonanoticias.com\\\/en\\\/carlos-montenegro_20_115.html\"}]}<\/script>\n<!-- \/ Yoast SEO plugin. -->","yoast_head_json":{"title":"Xavi continues to expand his list of 'jewels' of La Masia who have made their debut in his Bar\u00e7a","description":"FC Barcelona are trying to make the most of their youth academy at a time when their economy limits their margin when it comes to moving in the market and Xavi has understood this perfectly","robots":{"index":"index","follow":"follow","max-snippet":"max-snippet:-1","max-image-preview":"max-image-preview:large","max-video-preview":"max-video-preview:-1"},"canonical":"https:\/\/www.fcbarcelonanoticias.com\/en\/players\/xavi-continues-expanding-his-list-of-jewels-of-the-masia-that-has-done-to-debut-in-his-barca_300066_102.html","og_locale":"en_US","og_type":"article","og_title":"Xavi continues to expand his list of 'jewels' of La Masia who have made their debut in his Bar\u00e7a","og_description":"FC Barcelona are trying to make the most of their youth academy at a time when their economy limits their margin when it comes to moving in the market and Xavi has understood this perfectly","og_url":"https:\/\/www.fcbarcelonanoticias.com\/en\/players\/xavi-continues-expanding-his-list-of-jewels-of-the-masia-that-has-done-to-debut-in-his-barca_300066_102.html","og_site_name":"EN - FC Barcelona Noticias","article_published_time":"2024-01-19T18:52:00+00:00","og_image":[{"width":1300,"height":732,"url":"https:\/\/www.fcbarcelonanoticias.com\/en\/wp-content\/uploads\/sites\/2\/2024\/02\/jugadores-barca-entrenamiento4.jpeg","type":"image\/jpeg"}],"author":"Carlos Montenegro","twitter_card":"summary_large_image","twitter_misc":{"Written by":"Carlos Montenegro","Est. reading time":"2 minutes"},"schema":{"@context":"https:\/\/schema.org","@graph":[{"@type":"Article","@id":"https:\/\/www.fcbarcelonanoticias.com\/en\/players\/xavi-continues-expanding-his-list-of-jewels-of-the-masia-that-has-done-to-debut-in-his-barca_300066_102.html#article","isPartOf":{"@id":"https:\/\/www.fcbarcelonanoticias.com\/en\/players\/xavi-continues-expanding-his-list-of-jewels-of-the-masia-that-has-done-to-debut-in-his-barca_300066_102.html"},"author":{"name":"Carlos Montenegro","@id":"https:\/\/www.fcbarcelonanoticias.com\/en\/#\/schema\/person\/aa1d038709c262cb247e240f6b39bbf5"},"headline":"Xavi continues to expand his list of &#8216;jewels&#8217; of La Masia who have made their debut in his Bar\u00e7a","datePublished":"2024-01-19T18:52:00+00:00","mainEntityOfPage":{"@id":"https:\/\/www.fcbarcelonanoticias.com\/en\/players\/xavi-continues-expanding-his-list-of-jewels-of-the-masia-that-has-done-to-debut-in-his-barca_300066_102.html"},"wordCount":400,"image":{"@id":"https:\/\/www.fcbarcelonanoticias.com\/en\/players\/xavi-continues-expanding-his-list-of-jewels-of-the-masia-that-has-done-to-debut-in-his-barca_300066_102.html#primaryimage"},"thumbnailUrl":"https:\/\/www.fcbarcelonanoticias.com\/en\/wp-content\/uploads\/sites\/2\/2024\/02\/jugadores-barca-entrenamiento4.jpeg","keywords":["Joan Laporta","The Masia","Xavi Hern\u00e1ndez"],"articleSection":["Players","Players"],"inLanguage":"en-US"},{"@type":"WebPage","@id":"https:\/\/www.fcbarcelonanoticias.com\/en\/players\/xavi-continues-expanding-his-list-of-jewels-of-the-masia-that-has-done-to-debut-in-his-barca_300066_102.html","url":"https:\/\/www.fcbarcelonanoticias.com\/en\/players\/xavi-continues-expanding-his-list-of-jewels-of-the-masia-that-has-done-to-debut-in-his-barca_300066_102.html","name":"Xavi continues to expand his list of 'jewels' of La Masia who have made their debut in his Bar\u00e7a","isPartOf":{"@id":"https:\/\/www.fcbarcelonanoticias.com\/en\/#website"},"primaryImageOfPage":{"@id":"https:\/\/www.fcbarcelonanoticias.com\/en\/players\/xavi-continues-expanding-his-list-of-jewels-of-the-masia-that-has-done-to-debut-in-his-barca_300066_102.html#primaryimage"},"image":{"@id":"https:\/\/www.fcbarcelonanoticias.com\/en\/players\/xavi-continues-expanding-his-list-of-jewels-of-the-masia-that-has-done-to-debut-in-his-barca_300066_102.html#primaryimage"},"thumbnailUrl":"https:\/\/www.fcbarcelonanoticias.com\/en\/wp-content\/uploads\/sites\/2\/2024\/02\/jugadores-barca-entrenamiento4.jpeg","datePublished":"2024-01-19T18:52:00+00:00","author":{"@id":"https:\/\/www.fcbarcelonanoticias.com\/en\/#\/schema\/person\/aa1d038709c262cb247e240f6b39bbf5"},"description":"FC Barcelona are trying to make the most of their youth academy at a time when their economy limits their margin when it comes to moving in the market and Xavi has understood this perfectly","breadcrumb":{"@id":"https:\/\/www.fcbarcelonanoticias.com\/en\/players\/xavi-continues-expanding-his-list-of-jewels-of-the-masia-that-has-done-to-debut-in-his-barca_300066_102.html#breadcrumb"},"inLanguage":"en-US","potentialAction":[{"@type":"ReadAction","target":["https:\/\/www.fcbarcelonanoticias.com\/en\/players\/xavi-continues-expanding-his-list-of-jewels-of-the-masia-that-has-done-to-debut-in-his-barca_300066_102.html"]}]},{"@type":"ImageObject","inLanguage":"en-US","@id":"https:\/\/www.fcbarcelonanoticias.com\/en\/players\/xavi-continues-expanding-his-list-of-jewels-of-the-masia-that-has-done-to-debut-in-his-barca_300066_102.html#primaryimage","url":"https:\/\/www.fcbarcelonanoticias.com\/en\/wp-content\/uploads\/sites\/2\/2024\/02\/jugadores-barca-entrenamiento4.jpeg","contentUrl":"https:\/\/www.fcbarcelonanoticias.com\/en\/wp-content\/uploads\/sites\/2\/2024\/02\/jugadores-barca-entrenamiento4.jpeg","width":1300,"height":732},{"@type":"BreadcrumbList","@id":"https:\/\/www.fcbarcelonanoticias.com\/en\/players\/xavi-continues-expanding-his-list-of-jewels-of-the-masia-that-has-done-to-debut-in-his-barca_300066_102.html#breadcrumb","itemListElement":[{"@type":"ListItem","position":1,"name":"Portada","item":"https:\/\/www.fcbarcelonanoticias.com\/en\/"},{"@type":"ListItem","position":2,"name":"Xavi continues to expand his list of &#8216;jewels&#8217; of La Masia who have made their debut in his Bar\u00e7a"}]},{"@type":"WebSite","@id":"https:\/\/www.fcbarcelonanoticias.com\/en\/#website","url":"https:\/\/www.fcbarcelonanoticias.com\/en\/","name":"EN - FC Barcelona Noticias","description":"","potentialAction":[{"@type":"SearchAction","target":{"@type":"EntryPoint","urlTemplate":"https:\/\/www.fcbarcelonanoticias.com\/en\/?s={search_term_string}"},"query-input":{"@type":"PropertyValueSpecification","valueRequired":true,"valueName":"search_term_string"}}],"inLanguage":"en-US"},{"@type":"Person","@id":"https:\/\/www.fcbarcelonanoticias.com\/en\/#\/schema\/person\/aa1d038709c262cb247e240f6b39bbf5","name":"Carlos Montenegro","image":{"@type":"ImageObject","inLanguage":"en-US","@id":"https:\/\/secure.gravatar.com\/avatar\/?s=96&d=mm&r=g","url":"https:\/\/secure.gravatar.com\/avatar\/?s=96&d=mm&r=g","contentUrl":"https:\/\/secure.gravatar.com\/avatar\/?s=96&d=mm&r=g","caption":"Carlos Montenegro"},"url":"https:\/\/www.fcbarcelonanoticias.com\/en\/carlos-montenegro_20_115.html"}]}},"_links":{"self":[{"href":"https:\/\/www.fcbarcelonanoticias.com\/en\/wp-json\/wp\/v2\/posts\/81521","targetHints":{"allow":["GET"]}}],"collection":[{"href":"https:\/\/www.fcbarcelonanoticias.com\/en\/wp-json\/wp\/v2\/posts"}],"about":[{"href":"https:\/\/www.fcbarcelonanoticias.com\/en\/wp-json\/wp\/v2\/types\/post"}],"author":[{"embeddable":true,"href":"https:\/\/www.fcbarcelonanoticias.com\/en\/wp-json\/wp\/v2\/users\/345"}],"replies":[{"embeddable":true,"href":"https:\/\/www.fcbarcelonanoticias.com\/en\/wp-json\/wp\/v2\/comments?post=81521"}],"version-history":[{"count":1,"href":"https:\/\/www.fcbarcelonanoticias.com\/en\/wp-json\/wp\/v2\/posts\/81521\/revisions"}],"predecessor-version":[{"id":81523,"href":"https:\/\/www.fcbarcelonanoticias.com\/en\/wp-json\/wp\/v2\/posts\/81521\/revisions\/81523"}],"wp:featuredmedia":[{"embeddable":true,"href":"https:\/\/www.fcbarcelonanoticias.com\/en\/wp-json\/wp\/v2\/media\/5732"}],"wp:attachment":[{"href":"https:\/\/www.fcbarcelonanoticias.com\/en\/wp-json\/wp\/v2\/media?parent=81521"}],"wp:term":[{"taxonomy":"category","embeddable":true,"href":"https:\/\/www.fcbarcelonanoticias.com\/en\/wp-json\/wp\/v2\/categories?post=81521"},{"taxonomy":"post_tag","embeddable":true,"href":"https:\/\/www.fcbarcelonanoticias.com\/en\/wp-json\/wp\/v2\/tags?post=81521"}],"curies":[{"name":"wp","href":"https:\/\/api.w.org\/{rel}","templated":true}]}}