{"id":81650,"date":"2025-08-24T02:43:00","date_gmt":"2025-08-24T00:43:00","guid":{"rendered":"https:\/\/weisetech.dev\/fc-barcelona-noticias\/en\/francos-chants-bernabeu-what-does-xabi-alonso-think-controversy_314347_102\/"},"modified":"2026-04-16T09:48:03","modified_gmt":"2026-04-16T07:48:03","slug":"francos-chants-bernabeu-what-does-xabi-alonso-think-controversy_314347_102","status":"publish","type":"post","link":"https:\/\/www.fcbarcelonanoticias.com\/en\/real-madrid\/francos-chants-bernabeu-what-does-xabi-alonso-think-controversy_314347_102.html","title":{"rendered":"Chants to Franco at the Bernab\u00e9u: What does Xabi Alonso think about the controversy?"},"content":{"rendered":"<h2 class=\"wp-block-heading\">Xabi Alonso responds to the controversy over Franco chants at the Bernab\u00e9u. What did the coach say about it?<\/h2>  \r\n<div class=\"article-addons\">\r\n    <a href=\"https:\/\/www.fcbarcelonanoticias.com\/en\/calendar-fc-barcelona.html\"\r\n       target=\"_self\"\r\n       title=\"Calendar of FC Barcelona\"\r\n       class=\"blue-gredient-btn\">\r\n       \r\n        Calendar of FC Barcelona    <\/a>\r\n<\/div>   <p><a data-external=\"0\" data-intl-links-en=\"https:\/\/www.fcbarcelonanoticias.com\/en\/laliga\/outrage-in-osasuna-over-the-penalty-to-mbappe-but-silence-regarding-the-mastantuono-case_314257_102.html\" data-intl-links-es=\"https:\/\/www.fcbarcelonanoticias.com\/laliga\/indignacion-osasuna-penalti-mbappe-pero-silencio-caso-mastantuono_314257_102.html\" href=\"https:\/\/www.fcbarcelonanoticias.com\/laliga\/indignacion-osasuna-penalti-mbappe-pero-silencio-caso-mastantuono_314257_102.html\" rel=\"follow\" target=\"_self\" title=\"Outrage in Osasuna over the penalty on Mbapp\u00e9, but silence on the 'Mastantuono case'\">Franco Mastantuono debuted with Real Madrid last Tuesday against Osasuna at the Santiago Bernab\u00e9u<\/a> and the chant &#8216;Franco, Franco&#8217; was aimed at him, which has sparked a controversy. It is worth noting that <strong>the name of the Argentine midfielder coincides with the surname of the Spanish dictator Francisco Franco<\/strong>, which has led to uncomfortable situations.<\/p>  <p>Franco Mastantuono has remained in the eye of the storm for the chants towards him, which trivialize the Spanish authoritarian,<a data-external=\"0\" data-intl-links-en=\"https:\/\/www.fcbarcelonanoticias.com\/en\/football\/mastantuono-registration-at-real-madrid-could-there-be-controversy-with-uefa_314290_102.html\" data-intl-links-es=\"https:\/\/www.fcbarcelonanoticias.com\/futbol\/mastantuono-real-madrid-lista-b-uefa_314290_102.html\" href=\"https:\/\/www.fcbarcelonanoticias.com\/futbol\/mastantuono-real-madrid-lista-b-uefa_314290_102.html\" rel=\"follow\" target=\"_self\" title=\"Registration of Mastantuono at Real Madrid: could there be controversy with UEFA?\"> also for his registration in the Castilla reserve team<\/a> to bypass Financial Fair Play.<\/p>  <h2>Real Madrid does not allow printing the jersey with the name &#8216;Franco&#8217;<\/h2>  <p>Although in recent days a large part of the &#8216;merengue&#8217; fans have acclaimed <strong>Franco Mastantuono&#8217;s<\/strong> jersey, it has not been possible to print the shirt with the name <strong>&#8216;Franco&#8217;<\/strong>.<\/p>  <p><strong>&#8220;We are sorry. Our personalization policy does not allow the use of this name,&#8221;<\/strong> is what appears on the Real Madrid website when they try to print the jersey with the word &#8216;Franco&#8217;, generating discontent among the white fans.<\/p>  <p><strong>Real Madrid&#8217;s<\/strong> veto would only apply to the name &#8216;Franco&#8217; and to star players from rival teams, such as <strong>FC Barcelona or Atl\u00e9tico de Madrid.<\/strong> A user complained that they did not allow personalizing the jersey with &#8216;Franco&#8217;, but did allow messages like &#8216;Gora ETA&#8217; or names like &#8216;Stalin&#8217; and &#8216;Jos\u00e9 Bret\u00f3n&#8217;, who murdered his children.<\/p>  <div data-oembed-url=\"https:\/\/x.com\/UnamaRenacidoo\/status\/1958437558175535200?ref_src=twsrc%5Etfw%7Ctwcamp%5Etweetembed%7Ctwterm%5E1958437558175535200%7Ctwgr%5Ead9aebf68e15db9942241fa186e49cca57d98959%7Ctwcon%5Es1_&amp;ref_url=https%3A%2F%2Fwww.abc.es%2Fdeportes%2Ffutbol%2Freal-madrid-deja-serigrafiar-nombre-franco-camiseta-20250821133727-nt.html\"> <blockquote align=\"center\" class=\"twitter-tweet\" data-dnt=\"true\"> <p dir=\"ltr\" lang=\"en\">Hello <a href=\"https:\/\/twitter.com\/en\/realmadrid?ref_src=twsrc%5Etfw\">@realmadrid<\/a> according to your policies, putting &#8220;Franco&#8221; on a jersey on your website is not allowed.<br><br> However, other names like &#8220;Stalin&#8221; are allowed, what is your policy based on?<br><br> I hope you rectify this and stop trying not to call someone by their name. <a href=\"https:\/\/t.co\/en\/5OfctSjLRV\">pic.twitter.com\/5OfctSjLRV<\/a><\/p> \u2014 UnamaRENACIDO\ud83c\uddea\ud83c\uddf8 (@UnamaRenacidoo) <a href=\"https:\/\/twitter.com\/en\/UnamaRenacidoo\/status\/1958437558175535200?ref_src=twsrc%5Etfw\">August 21, 2025<\/a> <\/blockquote>  <\/div>  <h2>Xabi Alonso has only praise for Mastantuono<\/h2>  <p>When asked about the cheering for <strong>Franco Mastantuono<\/strong> by his name, <strong>Xabi Alonso<\/strong> made it very clear that he has not spoken with Mastantuono about the topic and explained that he has seen the &#8217;30&#8217; &#8216;merengue&#8217; doing very well since his arrival.<\/p>  <blockquote> <p>&#8220;I haven&#8217;t spoken [with him], but I focus on the player and I see Franco is doing well, he&#8217;s having a good relationship with his teammates and it seems like he&#8217;s been here longer than he has. I see him with a smile.&#8221;<\/p> <\/blockquote>  <p>Mastantuono is part of the squad for this Sunday&#8217;s match against Real Oviedo for matchday 2 of LaLiga EA Sports 25\/26. Will it be another day of cheers for &#8216;Franco&#8217;?<\/p> ","protected":false},"excerpt":{"rendered":"<p>Xabi Alonso responds to the controversy over Franco chants at the Bernab\u00e9u. What did the coach say about it? Franco Mastantuono debuted with Real Madrid last Tuesday against Osasuna at the Santiago Bernab\u00e9u and the chant &#8216;Franco, Franco&#8217; was aimed at him, which has sparked a controversy. It is worth noting that the name of [&hellip;]<\/p>\n","protected":false},"author":362,"featured_media":81654,"comment_status":"closed","ping_status":"open","sticky":false,"template":"","format":"standard","meta":{"_acf_changed":false,"inline_featured_image":false,"_nextfly_llmd_date_locked":false,"footnotes":""},"categories":[450,119],"tags":[],"class_list":["post-81650","post","type-post","status-publish","format-standard","has-post-thumbnail","hentry","category-real-madrid-2","category-real-madrid"],"acf":[],"yoast_head":"<!-- This site is optimized with the Yoast SEO plugin v27.3 - https:\/\/yoast.com\/product\/yoast-seo-wordpress\/ -->\n<title>FC Barcelona Noticias<\/title>\n<meta name=\"description\" content=\"FCBarcelonaNoticias.com\" \/>\n<meta name=\"robots\" content=\"index, follow, max-snippet:-1, max-image-preview:large, max-video-preview:-1\" \/>\n<link rel=\"canonical\" href=\"https:\/\/www.fcbarcelonanoticias.com\/en\/real-madrid\/francos-chants-bernabeu-what-does-xabi-alonso-think-controversy_314347_102.html\" \/>\n<meta property=\"og:locale\" content=\"en_US\" \/>\n<meta property=\"og:type\" content=\"article\" \/>\n<meta property=\"og:title\" content=\"FC Barcelona Noticias\" \/>\n<meta property=\"og:description\" content=\"FCBarcelonaNoticias.com\" \/>\n<meta property=\"og:url\" content=\"https:\/\/www.fcbarcelonanoticias.com\/en\/real-madrid\/francos-chants-bernabeu-what-does-xabi-alonso-think-controversy_314347_102.html\" \/>\n<meta property=\"og:site_name\" content=\"EN - FC Barcelona Noticias\" \/>\n<meta property=\"article:published_time\" content=\"2025-08-24T00:43:00+00:00\" \/>\n<meta property=\"article:modified_time\" content=\"2026-04-16T07:48:03+00:00\" \/>\n<meta property=\"og:image\" content=\"https:\/\/www.fcbarcelonanoticias.com\/en\/wp-content\/uploads\/sites\/2\/2025\/08\/real-madrid-cf-v-ca-osasuna-laliga-ea-sports.webp\" \/>\n\t<meta property=\"og:image:width\" content=\"1200\" \/>\n\t<meta property=\"og:image:height\" content=\"675\" \/>\n\t<meta property=\"og:image:type\" content=\"image\/webp\" \/>\n<meta name=\"author\" content=\"Reinaldo David\" \/>\n<meta name=\"twitter:card\" content=\"summary_large_image\" \/>\n<meta name=\"twitter:label1\" content=\"Written by\" \/>\n\t<meta name=\"twitter:data1\" content=\"Reinaldo David\" \/>\n\t<meta name=\"twitter:label2\" content=\"Est. reading time\" \/>\n\t<meta name=\"twitter:data2\" content=\"2 minutes\" \/>\n<script type=\"application\/ld+json\" class=\"yoast-schema-graph\">{\"@context\":\"https:\\\/\\\/schema.org\",\"@graph\":[{\"@type\":\"Article\",\"@id\":\"https:\\\/\\\/www.fcbarcelonanoticias.com\\\/en\\\/real-madrid\\\/francos-chants-bernabeu-what-does-xabi-alonso-think-controversy_314347_102.html#article\",\"isPartOf\":{\"@id\":\"https:\\\/\\\/www.fcbarcelonanoticias.com\\\/en\\\/real-madrid\\\/francos-chants-bernabeu-what-does-xabi-alonso-think-controversy_314347_102.html\"},\"author\":{\"name\":\"Reinaldo David\",\"@id\":\"https:\\\/\\\/www.fcbarcelonanoticias.com\\\/en\\\/#\\\/schema\\\/person\\\/f7c2a90edfe1134cfd813911ba5c0178\"},\"headline\":\"Chants to Franco at the Bernab\u00e9u: What does Xabi Alonso think about the controversy?\",\"datePublished\":\"2025-08-24T00:43:00+00:00\",\"dateModified\":\"2026-04-16T07:48:03+00:00\",\"mainEntityOfPage\":{\"@id\":\"https:\\\/\\\/www.fcbarcelonanoticias.com\\\/en\\\/real-madrid\\\/francos-chants-bernabeu-what-does-xabi-alonso-think-controversy_314347_102.html\"},\"wordCount\":440,\"image\":{\"@id\":\"https:\\\/\\\/www.fcbarcelonanoticias.com\\\/en\\\/real-madrid\\\/francos-chants-bernabeu-what-does-xabi-alonso-think-controversy_314347_102.html#primaryimage\"},\"thumbnailUrl\":\"https:\\\/\\\/www.fcbarcelonanoticias.com\\\/en\\\/wp-content\\\/uploads\\\/sites\\\/2\\\/2025\\\/08\\\/real-madrid-cf-v-ca-osasuna-laliga-ea-sports.webp\",\"articleSection\":[\"Real Madrid\",\"Real Madrid\"],\"inLanguage\":\"en-US\"},{\"@type\":\"WebPage\",\"@id\":\"https:\\\/\\\/www.fcbarcelonanoticias.com\\\/en\\\/real-madrid\\\/francos-chants-bernabeu-what-does-xabi-alonso-think-controversy_314347_102.html\",\"url\":\"https:\\\/\\\/www.fcbarcelonanoticias.com\\\/en\\\/real-madrid\\\/francos-chants-bernabeu-what-does-xabi-alonso-think-controversy_314347_102.html\",\"name\":\"FC Barcelona Noticias\",\"isPartOf\":{\"@id\":\"https:\\\/\\\/www.fcbarcelonanoticias.com\\\/en\\\/#website\"},\"primaryImageOfPage\":{\"@id\":\"https:\\\/\\\/www.fcbarcelonanoticias.com\\\/en\\\/real-madrid\\\/francos-chants-bernabeu-what-does-xabi-alonso-think-controversy_314347_102.html#primaryimage\"},\"image\":{\"@id\":\"https:\\\/\\\/www.fcbarcelonanoticias.com\\\/en\\\/real-madrid\\\/francos-chants-bernabeu-what-does-xabi-alonso-think-controversy_314347_102.html#primaryimage\"},\"thumbnailUrl\":\"https:\\\/\\\/www.fcbarcelonanoticias.com\\\/en\\\/wp-content\\\/uploads\\\/sites\\\/2\\\/2025\\\/08\\\/real-madrid-cf-v-ca-osasuna-laliga-ea-sports.webp\",\"datePublished\":\"2025-08-24T00:43:00+00:00\",\"dateModified\":\"2026-04-16T07:48:03+00:00\",\"author\":{\"@id\":\"https:\\\/\\\/www.fcbarcelonanoticias.com\\\/en\\\/#\\\/schema\\\/person\\\/f7c2a90edfe1134cfd813911ba5c0178\"},\"description\":\"FCBarcelonaNoticias.com\",\"breadcrumb\":{\"@id\":\"https:\\\/\\\/www.fcbarcelonanoticias.com\\\/en\\\/real-madrid\\\/francos-chants-bernabeu-what-does-xabi-alonso-think-controversy_314347_102.html#breadcrumb\"},\"inLanguage\":\"en-US\",\"potentialAction\":[{\"@type\":\"ReadAction\",\"target\":[\"https:\\\/\\\/www.fcbarcelonanoticias.com\\\/en\\\/real-madrid\\\/francos-chants-bernabeu-what-does-xabi-alonso-think-controversy_314347_102.html\"]}]},{\"@type\":\"ImageObject\",\"inLanguage\":\"en-US\",\"@id\":\"https:\\\/\\\/www.fcbarcelonanoticias.com\\\/en\\\/real-madrid\\\/francos-chants-bernabeu-what-does-xabi-alonso-think-controversy_314347_102.html#primaryimage\",\"url\":\"https:\\\/\\\/www.fcbarcelonanoticias.com\\\/en\\\/wp-content\\\/uploads\\\/sites\\\/2\\\/2025\\\/08\\\/real-madrid-cf-v-ca-osasuna-laliga-ea-sports.webp\",\"contentUrl\":\"https:\\\/\\\/www.fcbarcelonanoticias.com\\\/en\\\/wp-content\\\/uploads\\\/sites\\\/2\\\/2025\\\/08\\\/real-madrid-cf-v-ca-osasuna-laliga-ea-sports.webp\",\"width\":1200,\"height\":675},{\"@type\":\"BreadcrumbList\",\"@id\":\"https:\\\/\\\/www.fcbarcelonanoticias.com\\\/en\\\/real-madrid\\\/francos-chants-bernabeu-what-does-xabi-alonso-think-controversy_314347_102.html#breadcrumb\",\"itemListElement\":[{\"@type\":\"ListItem\",\"position\":1,\"name\":\"Portada\",\"item\":\"https:\\\/\\\/www.fcbarcelonanoticias.com\\\/en\\\/\"},{\"@type\":\"ListItem\",\"position\":2,\"name\":\"Chants to Franco at the Bernab\u00e9u: What does Xabi Alonso think about the controversy?\"}]},{\"@type\":\"WebSite\",\"@id\":\"https:\\\/\\\/www.fcbarcelonanoticias.com\\\/en\\\/#website\",\"url\":\"https:\\\/\\\/www.fcbarcelonanoticias.com\\\/en\\\/\",\"name\":\"EN - FC Barcelona Noticias\",\"description\":\"\",\"potentialAction\":[{\"@type\":\"SearchAction\",\"target\":{\"@type\":\"EntryPoint\",\"urlTemplate\":\"https:\\\/\\\/www.fcbarcelonanoticias.com\\\/en\\\/?s={search_term_string}\"},\"query-input\":{\"@type\":\"PropertyValueSpecification\",\"valueRequired\":true,\"valueName\":\"search_term_string\"}}],\"inLanguage\":\"en-US\"},{\"@type\":\"Person\",\"@id\":\"https:\\\/\\\/www.fcbarcelonanoticias.com\\\/en\\\/#\\\/schema\\\/person\\\/f7c2a90edfe1134cfd813911ba5c0178\",\"name\":\"Reinaldo David\",\"image\":{\"@type\":\"ImageObject\",\"inLanguage\":\"en-US\",\"@id\":\"https:\\\/\\\/secure.gravatar.com\\\/avatar\\\/?s=96&d=mm&r=g\",\"url\":\"https:\\\/\\\/secure.gravatar.com\\\/avatar\\\/?s=96&d=mm&r=g\",\"contentUrl\":\"https:\\\/\\\/secure.gravatar.com\\\/avatar\\\/?s=96&d=mm&r=g\",\"caption\":\"Reinaldo David\"},\"description\":\"Licenciado en Periodismo y redactor en\u00a0FCBN. Encargado de traerte todos los d\u00edas\u00a0la \u00faltima hora del Bar\u00e7a y del mercado de traspasos. Analista de LaLiga, la Champions, la Copa del Rey tambi\u00e9n de las principales ligas y competiciones europeas.\",\"url\":\"https:\\\/\\\/www.fcbarcelonanoticias.com\\\/en\\\/reinaldo-david_37_115.html\"}]}<\/script>\n<!-- \/ Yoast SEO plugin. -->","yoast_head_json":{"title":"FC Barcelona Noticias","description":"FCBarcelonaNoticias.com","robots":{"index":"index","follow":"follow","max-snippet":"max-snippet:-1","max-image-preview":"max-image-preview:large","max-video-preview":"max-video-preview:-1"},"canonical":"https:\/\/www.fcbarcelonanoticias.com\/en\/real-madrid\/francos-chants-bernabeu-what-does-xabi-alonso-think-controversy_314347_102.html","og_locale":"en_US","og_type":"article","og_title":"FC Barcelona Noticias","og_description":"FCBarcelonaNoticias.com","og_url":"https:\/\/www.fcbarcelonanoticias.com\/en\/real-madrid\/francos-chants-bernabeu-what-does-xabi-alonso-think-controversy_314347_102.html","og_site_name":"EN - FC Barcelona Noticias","article_published_time":"2025-08-24T00:43:00+00:00","article_modified_time":"2026-04-16T07:48:03+00:00","og_image":[{"width":1200,"height":675,"url":"https:\/\/www.fcbarcelonanoticias.com\/en\/wp-content\/uploads\/sites\/2\/2025\/08\/real-madrid-cf-v-ca-osasuna-laliga-ea-sports.webp","type":"image\/webp"}],"author":"Reinaldo David","twitter_card":"summary_large_image","twitter_misc":{"Written by":"Reinaldo David","Est. reading time":"2 minutes"},"schema":{"@context":"https:\/\/schema.org","@graph":[{"@type":"Article","@id":"https:\/\/www.fcbarcelonanoticias.com\/en\/real-madrid\/francos-chants-bernabeu-what-does-xabi-alonso-think-controversy_314347_102.html#article","isPartOf":{"@id":"https:\/\/www.fcbarcelonanoticias.com\/en\/real-madrid\/francos-chants-bernabeu-what-does-xabi-alonso-think-controversy_314347_102.html"},"author":{"name":"Reinaldo David","@id":"https:\/\/www.fcbarcelonanoticias.com\/en\/#\/schema\/person\/f7c2a90edfe1134cfd813911ba5c0178"},"headline":"Chants to Franco at the Bernab\u00e9u: What does Xabi Alonso think about the controversy?","datePublished":"2025-08-24T00:43:00+00:00","dateModified":"2026-04-16T07:48:03+00:00","mainEntityOfPage":{"@id":"https:\/\/www.fcbarcelonanoticias.com\/en\/real-madrid\/francos-chants-bernabeu-what-does-xabi-alonso-think-controversy_314347_102.html"},"wordCount":440,"image":{"@id":"https:\/\/www.fcbarcelonanoticias.com\/en\/real-madrid\/francos-chants-bernabeu-what-does-xabi-alonso-think-controversy_314347_102.html#primaryimage"},"thumbnailUrl":"https:\/\/www.fcbarcelonanoticias.com\/en\/wp-content\/uploads\/sites\/2\/2025\/08\/real-madrid-cf-v-ca-osasuna-laliga-ea-sports.webp","articleSection":["Real Madrid","Real Madrid"],"inLanguage":"en-US"},{"@type":"WebPage","@id":"https:\/\/www.fcbarcelonanoticias.com\/en\/real-madrid\/francos-chants-bernabeu-what-does-xabi-alonso-think-controversy_314347_102.html","url":"https:\/\/www.fcbarcelonanoticias.com\/en\/real-madrid\/francos-chants-bernabeu-what-does-xabi-alonso-think-controversy_314347_102.html","name":"FC Barcelona Noticias","isPartOf":{"@id":"https:\/\/www.fcbarcelonanoticias.com\/en\/#website"},"primaryImageOfPage":{"@id":"https:\/\/www.fcbarcelonanoticias.com\/en\/real-madrid\/francos-chants-bernabeu-what-does-xabi-alonso-think-controversy_314347_102.html#primaryimage"},"image":{"@id":"https:\/\/www.fcbarcelonanoticias.com\/en\/real-madrid\/francos-chants-bernabeu-what-does-xabi-alonso-think-controversy_314347_102.html#primaryimage"},"thumbnailUrl":"https:\/\/www.fcbarcelonanoticias.com\/en\/wp-content\/uploads\/sites\/2\/2025\/08\/real-madrid-cf-v-ca-osasuna-laliga-ea-sports.webp","datePublished":"2025-08-24T00:43:00+00:00","dateModified":"2026-04-16T07:48:03+00:00","author":{"@id":"https:\/\/www.fcbarcelonanoticias.com\/en\/#\/schema\/person\/f7c2a90edfe1134cfd813911ba5c0178"},"description":"FCBarcelonaNoticias.com","breadcrumb":{"@id":"https:\/\/www.fcbarcelonanoticias.com\/en\/real-madrid\/francos-chants-bernabeu-what-does-xabi-alonso-think-controversy_314347_102.html#breadcrumb"},"inLanguage":"en-US","potentialAction":[{"@type":"ReadAction","target":["https:\/\/www.fcbarcelonanoticias.com\/en\/real-madrid\/francos-chants-bernabeu-what-does-xabi-alonso-think-controversy_314347_102.html"]}]},{"@type":"ImageObject","inLanguage":"en-US","@id":"https:\/\/www.fcbarcelonanoticias.com\/en\/real-madrid\/francos-chants-bernabeu-what-does-xabi-alonso-think-controversy_314347_102.html#primaryimage","url":"https:\/\/www.fcbarcelonanoticias.com\/en\/wp-content\/uploads\/sites\/2\/2025\/08\/real-madrid-cf-v-ca-osasuna-laliga-ea-sports.webp","contentUrl":"https:\/\/www.fcbarcelonanoticias.com\/en\/wp-content\/uploads\/sites\/2\/2025\/08\/real-madrid-cf-v-ca-osasuna-laliga-ea-sports.webp","width":1200,"height":675},{"@type":"BreadcrumbList","@id":"https:\/\/www.fcbarcelonanoticias.com\/en\/real-madrid\/francos-chants-bernabeu-what-does-xabi-alonso-think-controversy_314347_102.html#breadcrumb","itemListElement":[{"@type":"ListItem","position":1,"name":"Portada","item":"https:\/\/www.fcbarcelonanoticias.com\/en\/"},{"@type":"ListItem","position":2,"name":"Chants to Franco at the Bernab\u00e9u: What does Xabi Alonso think about the controversy?"}]},{"@type":"WebSite","@id":"https:\/\/www.fcbarcelonanoticias.com\/en\/#website","url":"https:\/\/www.fcbarcelonanoticias.com\/en\/","name":"EN - FC Barcelona Noticias","description":"","potentialAction":[{"@type":"SearchAction","target":{"@type":"EntryPoint","urlTemplate":"https:\/\/www.fcbarcelonanoticias.com\/en\/?s={search_term_string}"},"query-input":{"@type":"PropertyValueSpecification","valueRequired":true,"valueName":"search_term_string"}}],"inLanguage":"en-US"},{"@type":"Person","@id":"https:\/\/www.fcbarcelonanoticias.com\/en\/#\/schema\/person\/f7c2a90edfe1134cfd813911ba5c0178","name":"Reinaldo David","image":{"@type":"ImageObject","inLanguage":"en-US","@id":"https:\/\/secure.gravatar.com\/avatar\/?s=96&d=mm&r=g","url":"https:\/\/secure.gravatar.com\/avatar\/?s=96&d=mm&r=g","contentUrl":"https:\/\/secure.gravatar.com\/avatar\/?s=96&d=mm&r=g","caption":"Reinaldo David"},"description":"Licenciado en Periodismo y redactor en\u00a0FCBN. Encargado de traerte todos los d\u00edas\u00a0la \u00faltima hora del Bar\u00e7a y del mercado de traspasos. Analista de LaLiga, la Champions, la Copa del Rey tambi\u00e9n de las principales ligas y competiciones europeas.","url":"https:\/\/www.fcbarcelonanoticias.com\/en\/reinaldo-david_37_115.html"}]}},"_links":{"self":[{"href":"https:\/\/www.fcbarcelonanoticias.com\/en\/wp-json\/wp\/v2\/posts\/81650","targetHints":{"allow":["GET"]}}],"collection":[{"href":"https:\/\/www.fcbarcelonanoticias.com\/en\/wp-json\/wp\/v2\/posts"}],"about":[{"href":"https:\/\/www.fcbarcelonanoticias.com\/en\/wp-json\/wp\/v2\/types\/post"}],"author":[{"embeddable":true,"href":"https:\/\/www.fcbarcelonanoticias.com\/en\/wp-json\/wp\/v2\/users\/362"}],"replies":[{"embeddable":true,"href":"https:\/\/www.fcbarcelonanoticias.com\/en\/wp-json\/wp\/v2\/comments?post=81650"}],"version-history":[{"count":3,"href":"https:\/\/www.fcbarcelonanoticias.com\/en\/wp-json\/wp\/v2\/posts\/81650\/revisions"}],"predecessor-version":[{"id":180380,"href":"https:\/\/www.fcbarcelonanoticias.com\/en\/wp-json\/wp\/v2\/posts\/81650\/revisions\/180380"}],"wp:featuredmedia":[{"embeddable":true,"href":"https:\/\/www.fcbarcelonanoticias.com\/en\/wp-json\/wp\/v2\/media\/81654"}],"wp:attachment":[{"href":"https:\/\/www.fcbarcelonanoticias.com\/en\/wp-json\/wp\/v2\/media?parent=81650"}],"wp:term":[{"taxonomy":"category","embeddable":true,"href":"https:\/\/www.fcbarcelonanoticias.com\/en\/wp-json\/wp\/v2\/categories?post=81650"},{"taxonomy":"post_tag","embeddable":true,"href":"https:\/\/www.fcbarcelonanoticias.com\/en\/wp-json\/wp\/v2\/tags?post=81650"}],"curies":[{"name":"wp","href":"https:\/\/api.w.org\/{rel}","templated":true}]}}