{"id":81667,"date":"2024-11-24T20:27:00","date_gmt":"2024-11-24T19:27:00","guid":{"rendered":"https:\/\/weisetech.dev\/fc-barcelona-noticias\/en\/florentino-perez-slams-equipe-and-uefa-for-vinicius-no-ballon-or_308850_102\/"},"modified":"2024-11-24T22:04:00","modified_gmt":"2024-11-24T21:04:00","slug":"florentino-perez-slams-equipe-and-uefa-for-vinicius-no-ballon-or_308850_102","status":"publish","type":"post","link":"https:\/\/www.fcbarcelonanoticias.com\/en\/real-madrid\/florentino-perez-slams-equipe-and-uefa-for-vinicius-no-ballon-or_308850_102.html","title":{"rendered":"Florentino P\u00e9rez &#8216;slams&#8217; L&#8217;Equipe and UEFA for Vinicius&#8217; &#8216;no&#8217; Ballon d&#8217;Or"},"content":{"rendered":"<h2 class=\"wp-block-heading\">Florentino P\u00e9rez hinted that there were mistakes and bad intentions to harm Vinicius Jr. in the Ballon d&#8217;Or selection<\/h2>  \r\n<div class=\"article-addons\">\r\n    <a href=\"https:\/\/www.fcbarcelonanoticias.com\/en\/calendar-fc-barcelona.html\"\r\n       target=\"_self\"\r\n       title=\"Calendar of FC Barcelona\"\r\n       class=\"blue-gredient-btn\">\r\n       \r\n        Calendar of FC Barcelona    <\/a>\r\n<\/div>   <p>At the <strong>Real Madrid<\/strong> Assembly of Members,<strong> Florentino P\u00e9rez<\/strong>, president of the club, brutally attacked L&#8217;Equipe and UEFA for the organisation of the <strong>Ballon d&#8217;Or<\/strong>. <a data-external=\"0\" data-intl-links-en=\"https:\/\/www.fcbarcelonanoticias.com\/en\/football-soccer\/vinicius-his-controversial-challenging-message-golden-ball_308251_102.html\" data-intl-links-es=\"https:\/\/www.fcbarcelonanoticias.com\/futbol\/vinicius-su-polemico-desafiante-mensaje-balon-oro_308251_102.html\" href=\"https:\/\/www.fcbarcelonanoticias.com\/en\/football-soccer\/vinicius-his-controversial-challenging-message-golden-ball_308251_102.html\" rel=\"follow\" target=\"_self\" title=\"Vin\u00edcius and his controversial and defiant message to the Ballon d'Or\">An award that, in his opinion, Vinicius Jr. deserved<\/a>.<\/p>  <blockquote> <p>&#8220;The Ballon d&#8217;Or should have been for a Real Madrid player. Whatever criteria is applied. L&#8217;Equipe did a survey and gave the award to Vinicius. Or Carvajal, who also won the Euro Cup&#8221;<\/p> <\/blockquote>  <p>The top Madrid official continued his defence by assuring that &#8220;it is surprising that in the UEFA statement, it states that his entry into the organisation would not affect the criteria. They changed the voting system, the points for journalists&#8230; And it is surprising that, with football being something so global, journalists from countries with such a large population like India do not vote&#8230; and others with less than a million, yes. And nobody knows them! <strong>Without Namibia, Uganda, Albania and Finland, Vinicius would have won the Ballon d&#8217;Or<\/strong>.&#8221;<\/p>  <p>&#8220;In Finland they didn&#8217;t give him a single point, not even in the top ten&#8230; At least their journalist has resigned and admits his mistake,&#8221; he continued.<\/p>  <h3>Did Rodri deserve the Ballon d&#8217;Or?<\/h3>  <p>For <strong>Florentino<\/strong>, <strong>Rodri <\/strong>did not deserve the award this season. &#8220;For the first time in history, it was organised by UEFA with France Football and L&#8217;Equipe. I want to make it clear that Rodrigo is a great footballer. From Madrid and&#8230; a Madrid native. Let him know that this has nothing to do with him. I&#8217;m going to read the editorial from Tuttosport: <strong>&#8216;Rodrigo deserves a Ballon d&#8217;Or, but not this one&#8217;<\/strong>,&#8221; the president began reading.<\/p>  <blockquote> <p>&#8220;&#8216;Last year City won the treble and scored, but didn&#8217;t even finish on the podium? This time, they wanted to make up for that.&#8217; I agree&#8221;<\/p> <\/blockquote>  <p>Finally, <strong>P\u00e9rez <\/strong>finished his speech with a poisoned &#8216;dart&#8217; to the organisers of the award. &#8220;You&#8217;d have to ask the organisation what the criteria are, <strong>but it&#8217;s clear that they can do whatever they want without any cost<\/strong>. I would ask France Football and L&#8217;\u00c9quipe if it makes much sense to join forces with UEFA right now. The Ballon d&#8217;Or should be an independent trophy and voted for by renowned people,&#8221; he concluded.<\/p> ","protected":false},"excerpt":{"rendered":"<p>Florentino P\u00e9rez hinted that there were mistakes and bad intentions to harm Vinicius Jr. in the Ballon d&#8217;Or selection At the Real Madrid Assembly of Members, Florentino P\u00e9rez, president of the club, brutally attacked L&#8217;Equipe and UEFA for the organisation of the Ballon d&#8217;Or. An award that, in his opinion, Vinicius Jr. deserved. &#8220;The Ballon [&hellip;]<\/p>\n","protected":false},"author":358,"featured_media":81143,"comment_status":"closed","ping_status":"open","sticky":false,"template":"","format":"standard","meta":{"_acf_changed":false,"inline_featured_image":false,"_nextfly_llmd_date_locked":false,"footnotes":""},"categories":[119,450],"tags":[153,177,54],"class_list":["post-81667","post","type-post","status-publish","format-standard","has-post-thumbnail","hentry","category-real-madrid","category-real-madrid-2","tag-ballon-or","tag-florentino-perez","tag-uefa"],"acf":[],"yoast_head":"<!-- This site is optimized with the Yoast SEO plugin v27.3 - https:\/\/yoast.com\/product\/yoast-seo-wordpress\/ -->\n<title>Florentino P\u00e9rez &#039;slams&#039; L&#039;Equipe and UEFA for Vinicius&#039; &#039;no&#039; Ballon d&#039;Or<\/title>\n<meta name=\"description\" content=\"Florentino P\u00e9rez hinted that there were mistakes and bad intentions to harm Vinicius Jr. in the Ballon d&#039;Or selection\" \/>\n<meta name=\"robots\" content=\"index, follow, max-snippet:-1, max-image-preview:large, max-video-preview:-1\" \/>\n<link rel=\"canonical\" href=\"https:\/\/www.fcbarcelonanoticias.com\/en\/real-madrid\/florentino-perez-slams-equipe-and-uefa-for-vinicius-no-ballon-or_308850_102.html\" \/>\n<meta property=\"og:locale\" content=\"en_US\" \/>\n<meta property=\"og:type\" content=\"article\" \/>\n<meta property=\"og:title\" content=\"Florentino P\u00e9rez &#039;slams&#039; L&#039;Equipe and UEFA for Vinicius&#039; &#039;no&#039; Ballon d&#039;Or\" \/>\n<meta property=\"og:description\" content=\"Florentino P\u00e9rez hinted that there were mistakes and bad intentions to harm Vinicius Jr. in the Ballon d&#039;Or selection\" \/>\n<meta property=\"og:url\" content=\"https:\/\/www.fcbarcelonanoticias.com\/en\/real-madrid\/florentino-perez-slams-equipe-and-uefa-for-vinicius-no-ballon-or_308850_102.html\" \/>\n<meta property=\"og:site_name\" content=\"EN - FC Barcelona Noticias\" \/>\n<meta property=\"article:published_time\" content=\"2024-11-24T19:27:00+00:00\" \/>\n<meta property=\"article:modified_time\" content=\"2024-11-24T21:04:00+00:00\" \/>\n<meta property=\"og:image\" content=\"https:\/\/www.fcbarcelonanoticias.com\/en\/wp-content\/uploads\/sites\/2\/2021\/06\/florentino-perez-madrid.jpeg\" \/>\n\t<meta property=\"og:image:width\" content=\"1300\" \/>\n\t<meta property=\"og:image:height\" content=\"731\" \/>\n\t<meta property=\"og:image:type\" content=\"image\/jpeg\" \/>\n<meta name=\"author\" content=\"Juan Pablo Berdugo\" \/>\n<meta name=\"twitter:card\" content=\"summary_large_image\" \/>\n<meta name=\"twitter:label1\" content=\"Written by\" \/>\n\t<meta name=\"twitter:data1\" content=\"Juan Pablo Berdugo\" \/>\n\t<meta name=\"twitter:label2\" content=\"Est. reading time\" \/>\n\t<meta name=\"twitter:data2\" content=\"2 minutes\" \/>\n<script type=\"application\/ld+json\" class=\"yoast-schema-graph\">{\"@context\":\"https:\\\/\\\/schema.org\",\"@graph\":[{\"@type\":\"Article\",\"@id\":\"https:\\\/\\\/www.fcbarcelonanoticias.com\\\/en\\\/real-madrid\\\/florentino-perez-slams-equipe-and-uefa-for-vinicius-no-ballon-or_308850_102.html#article\",\"isPartOf\":{\"@id\":\"https:\\\/\\\/www.fcbarcelonanoticias.com\\\/en\\\/real-madrid\\\/florentino-perez-slams-equipe-and-uefa-for-vinicius-no-ballon-or_308850_102.html\"},\"author\":{\"name\":\"Juan Pablo Berdugo\",\"@id\":\"https:\\\/\\\/www.fcbarcelonanoticias.com\\\/en\\\/#\\\/schema\\\/person\\\/88d756918a0a1ae9fa593b5edddd1815\"},\"headline\":\"Florentino P\u00e9rez &#8216;slams&#8217; L&#8217;Equipe and UEFA for Vinicius&#8217; &#8216;no&#8217; Ballon d&#8217;Or\",\"datePublished\":\"2024-11-24T19:27:00+00:00\",\"dateModified\":\"2024-11-24T21:04:00+00:00\",\"mainEntityOfPage\":{\"@id\":\"https:\\\/\\\/www.fcbarcelonanoticias.com\\\/en\\\/real-madrid\\\/florentino-perez-slams-equipe-and-uefa-for-vinicius-no-ballon-or_308850_102.html\"},\"wordCount\":416,\"image\":{\"@id\":\"https:\\\/\\\/www.fcbarcelonanoticias.com\\\/en\\\/real-madrid\\\/florentino-perez-slams-equipe-and-uefa-for-vinicius-no-ballon-or_308850_102.html#primaryimage\"},\"thumbnailUrl\":\"https:\\\/\\\/www.fcbarcelonanoticias.com\\\/en\\\/wp-content\\\/uploads\\\/sites\\\/2\\\/2021\\\/06\\\/florentino-perez-madrid.jpeg\",\"keywords\":[\"Ballon d'Or\",\"Florentino P\u00e9rez\",\"UEFA\"],\"articleSection\":[\"Real Madrid\",\"Real Madrid\"],\"inLanguage\":\"en-US\"},{\"@type\":\"WebPage\",\"@id\":\"https:\\\/\\\/www.fcbarcelonanoticias.com\\\/en\\\/real-madrid\\\/florentino-perez-slams-equipe-and-uefa-for-vinicius-no-ballon-or_308850_102.html\",\"url\":\"https:\\\/\\\/www.fcbarcelonanoticias.com\\\/en\\\/real-madrid\\\/florentino-perez-slams-equipe-and-uefa-for-vinicius-no-ballon-or_308850_102.html\",\"name\":\"Florentino P\u00e9rez 'slams' L'Equipe and UEFA for Vinicius' 'no' Ballon d'Or\",\"isPartOf\":{\"@id\":\"https:\\\/\\\/www.fcbarcelonanoticias.com\\\/en\\\/#website\"},\"primaryImageOfPage\":{\"@id\":\"https:\\\/\\\/www.fcbarcelonanoticias.com\\\/en\\\/real-madrid\\\/florentino-perez-slams-equipe-and-uefa-for-vinicius-no-ballon-or_308850_102.html#primaryimage\"},\"image\":{\"@id\":\"https:\\\/\\\/www.fcbarcelonanoticias.com\\\/en\\\/real-madrid\\\/florentino-perez-slams-equipe-and-uefa-for-vinicius-no-ballon-or_308850_102.html#primaryimage\"},\"thumbnailUrl\":\"https:\\\/\\\/www.fcbarcelonanoticias.com\\\/en\\\/wp-content\\\/uploads\\\/sites\\\/2\\\/2021\\\/06\\\/florentino-perez-madrid.jpeg\",\"datePublished\":\"2024-11-24T19:27:00+00:00\",\"dateModified\":\"2024-11-24T21:04:00+00:00\",\"author\":{\"@id\":\"https:\\\/\\\/www.fcbarcelonanoticias.com\\\/en\\\/#\\\/schema\\\/person\\\/88d756918a0a1ae9fa593b5edddd1815\"},\"description\":\"Florentino P\u00e9rez hinted that there were mistakes and bad intentions to harm Vinicius Jr. in the Ballon d'Or selection\",\"breadcrumb\":{\"@id\":\"https:\\\/\\\/www.fcbarcelonanoticias.com\\\/en\\\/real-madrid\\\/florentino-perez-slams-equipe-and-uefa-for-vinicius-no-ballon-or_308850_102.html#breadcrumb\"},\"inLanguage\":\"en-US\",\"potentialAction\":[{\"@type\":\"ReadAction\",\"target\":[\"https:\\\/\\\/www.fcbarcelonanoticias.com\\\/en\\\/real-madrid\\\/florentino-perez-slams-equipe-and-uefa-for-vinicius-no-ballon-or_308850_102.html\"]}]},{\"@type\":\"ImageObject\",\"inLanguage\":\"en-US\",\"@id\":\"https:\\\/\\\/www.fcbarcelonanoticias.com\\\/en\\\/real-madrid\\\/florentino-perez-slams-equipe-and-uefa-for-vinicius-no-ballon-or_308850_102.html#primaryimage\",\"url\":\"https:\\\/\\\/www.fcbarcelonanoticias.com\\\/en\\\/wp-content\\\/uploads\\\/sites\\\/2\\\/2021\\\/06\\\/florentino-perez-madrid.jpeg\",\"contentUrl\":\"https:\\\/\\\/www.fcbarcelonanoticias.com\\\/en\\\/wp-content\\\/uploads\\\/sites\\\/2\\\/2021\\\/06\\\/florentino-perez-madrid.jpeg\",\"width\":1300,\"height\":731},{\"@type\":\"BreadcrumbList\",\"@id\":\"https:\\\/\\\/www.fcbarcelonanoticias.com\\\/en\\\/real-madrid\\\/florentino-perez-slams-equipe-and-uefa-for-vinicius-no-ballon-or_308850_102.html#breadcrumb\",\"itemListElement\":[{\"@type\":\"ListItem\",\"position\":1,\"name\":\"Portada\",\"item\":\"https:\\\/\\\/www.fcbarcelonanoticias.com\\\/en\\\/\"},{\"@type\":\"ListItem\",\"position\":2,\"name\":\"Florentino P\u00e9rez &#8216;slams&#8217; L&#8217;Equipe and UEFA for Vinicius&#8217; &#8216;no&#8217; Ballon d&#8217;Or\"}]},{\"@type\":\"WebSite\",\"@id\":\"https:\\\/\\\/www.fcbarcelonanoticias.com\\\/en\\\/#website\",\"url\":\"https:\\\/\\\/www.fcbarcelonanoticias.com\\\/en\\\/\",\"name\":\"EN - FC Barcelona Noticias\",\"description\":\"\",\"potentialAction\":[{\"@type\":\"SearchAction\",\"target\":{\"@type\":\"EntryPoint\",\"urlTemplate\":\"https:\\\/\\\/www.fcbarcelonanoticias.com\\\/en\\\/?s={search_term_string}\"},\"query-input\":{\"@type\":\"PropertyValueSpecification\",\"valueRequired\":true,\"valueName\":\"search_term_string\"}}],\"inLanguage\":\"en-US\"},{\"@type\":\"Person\",\"@id\":\"https:\\\/\\\/www.fcbarcelonanoticias.com\\\/en\\\/#\\\/schema\\\/person\\\/88d756918a0a1ae9fa593b5edddd1815\",\"name\":\"Juan Pablo Berdugo\",\"image\":{\"@type\":\"ImageObject\",\"inLanguage\":\"en-US\",\"@id\":\"https:\\\/\\\/secure.gravatar.com\\\/avatar\\\/?s=96&d=mm&r=g\",\"url\":\"https:\\\/\\\/secure.gravatar.com\\\/avatar\\\/?s=96&d=mm&r=g\",\"contentUrl\":\"https:\\\/\\\/secure.gravatar.com\\\/avatar\\\/?s=96&d=mm&r=g\",\"caption\":\"Juan Pablo Berdugo\"},\"description\":\"Juan Pablo Berdugo es graduado en Periodismo. Colabora con FCBN como especialista en informaci\u00f3n del primer equipo del FC Barcelona, f\u00fatbol internacional y mercado de fichajes. Destaca por su enfoque anal\u00edtico, su rigor informativo y su capacidad para detectar tendencias emergentes en el f\u00fatbol global.\",\"url\":\"https:\\\/\\\/www.fcbarcelonanoticias.com\\\/en\\\/fc-barcelona\\\/juan-pablo-berdugo_18_115.html\"}]}<\/script>\n<!-- \/ Yoast SEO plugin. -->","yoast_head_json":{"title":"Florentino P\u00e9rez 'slams' L'Equipe and UEFA for Vinicius' 'no' Ballon d'Or","description":"Florentino P\u00e9rez hinted that there were mistakes and bad intentions to harm Vinicius Jr. in the Ballon d'Or selection","robots":{"index":"index","follow":"follow","max-snippet":"max-snippet:-1","max-image-preview":"max-image-preview:large","max-video-preview":"max-video-preview:-1"},"canonical":"https:\/\/www.fcbarcelonanoticias.com\/en\/real-madrid\/florentino-perez-slams-equipe-and-uefa-for-vinicius-no-ballon-or_308850_102.html","og_locale":"en_US","og_type":"article","og_title":"Florentino P\u00e9rez 'slams' L'Equipe and UEFA for Vinicius' 'no' Ballon d'Or","og_description":"Florentino P\u00e9rez hinted that there were mistakes and bad intentions to harm Vinicius Jr. in the Ballon d'Or selection","og_url":"https:\/\/www.fcbarcelonanoticias.com\/en\/real-madrid\/florentino-perez-slams-equipe-and-uefa-for-vinicius-no-ballon-or_308850_102.html","og_site_name":"EN - FC Barcelona Noticias","article_published_time":"2024-11-24T19:27:00+00:00","article_modified_time":"2024-11-24T21:04:00+00:00","og_image":[{"width":1300,"height":731,"url":"https:\/\/www.fcbarcelonanoticias.com\/en\/wp-content\/uploads\/sites\/2\/2021\/06\/florentino-perez-madrid.jpeg","type":"image\/jpeg"}],"author":"Juan Pablo Berdugo","twitter_card":"summary_large_image","twitter_misc":{"Written by":"Juan Pablo Berdugo","Est. reading time":"2 minutes"},"schema":{"@context":"https:\/\/schema.org","@graph":[{"@type":"Article","@id":"https:\/\/www.fcbarcelonanoticias.com\/en\/real-madrid\/florentino-perez-slams-equipe-and-uefa-for-vinicius-no-ballon-or_308850_102.html#article","isPartOf":{"@id":"https:\/\/www.fcbarcelonanoticias.com\/en\/real-madrid\/florentino-perez-slams-equipe-and-uefa-for-vinicius-no-ballon-or_308850_102.html"},"author":{"name":"Juan Pablo Berdugo","@id":"https:\/\/www.fcbarcelonanoticias.com\/en\/#\/schema\/person\/88d756918a0a1ae9fa593b5edddd1815"},"headline":"Florentino P\u00e9rez &#8216;slams&#8217; L&#8217;Equipe and UEFA for Vinicius&#8217; &#8216;no&#8217; Ballon d&#8217;Or","datePublished":"2024-11-24T19:27:00+00:00","dateModified":"2024-11-24T21:04:00+00:00","mainEntityOfPage":{"@id":"https:\/\/www.fcbarcelonanoticias.com\/en\/real-madrid\/florentino-perez-slams-equipe-and-uefa-for-vinicius-no-ballon-or_308850_102.html"},"wordCount":416,"image":{"@id":"https:\/\/www.fcbarcelonanoticias.com\/en\/real-madrid\/florentino-perez-slams-equipe-and-uefa-for-vinicius-no-ballon-or_308850_102.html#primaryimage"},"thumbnailUrl":"https:\/\/www.fcbarcelonanoticias.com\/en\/wp-content\/uploads\/sites\/2\/2021\/06\/florentino-perez-madrid.jpeg","keywords":["Ballon d'Or","Florentino P\u00e9rez","UEFA"],"articleSection":["Real Madrid","Real Madrid"],"inLanguage":"en-US"},{"@type":"WebPage","@id":"https:\/\/www.fcbarcelonanoticias.com\/en\/real-madrid\/florentino-perez-slams-equipe-and-uefa-for-vinicius-no-ballon-or_308850_102.html","url":"https:\/\/www.fcbarcelonanoticias.com\/en\/real-madrid\/florentino-perez-slams-equipe-and-uefa-for-vinicius-no-ballon-or_308850_102.html","name":"Florentino P\u00e9rez 'slams' L'Equipe and UEFA for Vinicius' 'no' Ballon d'Or","isPartOf":{"@id":"https:\/\/www.fcbarcelonanoticias.com\/en\/#website"},"primaryImageOfPage":{"@id":"https:\/\/www.fcbarcelonanoticias.com\/en\/real-madrid\/florentino-perez-slams-equipe-and-uefa-for-vinicius-no-ballon-or_308850_102.html#primaryimage"},"image":{"@id":"https:\/\/www.fcbarcelonanoticias.com\/en\/real-madrid\/florentino-perez-slams-equipe-and-uefa-for-vinicius-no-ballon-or_308850_102.html#primaryimage"},"thumbnailUrl":"https:\/\/www.fcbarcelonanoticias.com\/en\/wp-content\/uploads\/sites\/2\/2021\/06\/florentino-perez-madrid.jpeg","datePublished":"2024-11-24T19:27:00+00:00","dateModified":"2024-11-24T21:04:00+00:00","author":{"@id":"https:\/\/www.fcbarcelonanoticias.com\/en\/#\/schema\/person\/88d756918a0a1ae9fa593b5edddd1815"},"description":"Florentino P\u00e9rez hinted that there were mistakes and bad intentions to harm Vinicius Jr. in the Ballon d'Or selection","breadcrumb":{"@id":"https:\/\/www.fcbarcelonanoticias.com\/en\/real-madrid\/florentino-perez-slams-equipe-and-uefa-for-vinicius-no-ballon-or_308850_102.html#breadcrumb"},"inLanguage":"en-US","potentialAction":[{"@type":"ReadAction","target":["https:\/\/www.fcbarcelonanoticias.com\/en\/real-madrid\/florentino-perez-slams-equipe-and-uefa-for-vinicius-no-ballon-or_308850_102.html"]}]},{"@type":"ImageObject","inLanguage":"en-US","@id":"https:\/\/www.fcbarcelonanoticias.com\/en\/real-madrid\/florentino-perez-slams-equipe-and-uefa-for-vinicius-no-ballon-or_308850_102.html#primaryimage","url":"https:\/\/www.fcbarcelonanoticias.com\/en\/wp-content\/uploads\/sites\/2\/2021\/06\/florentino-perez-madrid.jpeg","contentUrl":"https:\/\/www.fcbarcelonanoticias.com\/en\/wp-content\/uploads\/sites\/2\/2021\/06\/florentino-perez-madrid.jpeg","width":1300,"height":731},{"@type":"BreadcrumbList","@id":"https:\/\/www.fcbarcelonanoticias.com\/en\/real-madrid\/florentino-perez-slams-equipe-and-uefa-for-vinicius-no-ballon-or_308850_102.html#breadcrumb","itemListElement":[{"@type":"ListItem","position":1,"name":"Portada","item":"https:\/\/www.fcbarcelonanoticias.com\/en\/"},{"@type":"ListItem","position":2,"name":"Florentino P\u00e9rez &#8216;slams&#8217; L&#8217;Equipe and UEFA for Vinicius&#8217; &#8216;no&#8217; Ballon d&#8217;Or"}]},{"@type":"WebSite","@id":"https:\/\/www.fcbarcelonanoticias.com\/en\/#website","url":"https:\/\/www.fcbarcelonanoticias.com\/en\/","name":"EN - FC Barcelona Noticias","description":"","potentialAction":[{"@type":"SearchAction","target":{"@type":"EntryPoint","urlTemplate":"https:\/\/www.fcbarcelonanoticias.com\/en\/?s={search_term_string}"},"query-input":{"@type":"PropertyValueSpecification","valueRequired":true,"valueName":"search_term_string"}}],"inLanguage":"en-US"},{"@type":"Person","@id":"https:\/\/www.fcbarcelonanoticias.com\/en\/#\/schema\/person\/88d756918a0a1ae9fa593b5edddd1815","name":"Juan Pablo Berdugo","image":{"@type":"ImageObject","inLanguage":"en-US","@id":"https:\/\/secure.gravatar.com\/avatar\/?s=96&d=mm&r=g","url":"https:\/\/secure.gravatar.com\/avatar\/?s=96&d=mm&r=g","contentUrl":"https:\/\/secure.gravatar.com\/avatar\/?s=96&d=mm&r=g","caption":"Juan Pablo Berdugo"},"description":"Juan Pablo Berdugo es graduado en Periodismo. Colabora con FCBN como especialista en informaci\u00f3n del primer equipo del FC Barcelona, f\u00fatbol internacional y mercado de fichajes. Destaca por su enfoque anal\u00edtico, su rigor informativo y su capacidad para detectar tendencias emergentes en el f\u00fatbol global.","url":"https:\/\/www.fcbarcelonanoticias.com\/en\/fc-barcelona\/juan-pablo-berdugo_18_115.html"}]}},"_links":{"self":[{"href":"https:\/\/www.fcbarcelonanoticias.com\/en\/wp-json\/wp\/v2\/posts\/81667","targetHints":{"allow":["GET"]}}],"collection":[{"href":"https:\/\/www.fcbarcelonanoticias.com\/en\/wp-json\/wp\/v2\/posts"}],"about":[{"href":"https:\/\/www.fcbarcelonanoticias.com\/en\/wp-json\/wp\/v2\/types\/post"}],"author":[{"embeddable":true,"href":"https:\/\/www.fcbarcelonanoticias.com\/en\/wp-json\/wp\/v2\/users\/358"}],"replies":[{"embeddable":true,"href":"https:\/\/www.fcbarcelonanoticias.com\/en\/wp-json\/wp\/v2\/comments?post=81667"}],"version-history":[{"count":1,"href":"https:\/\/www.fcbarcelonanoticias.com\/en\/wp-json\/wp\/v2\/posts\/81667\/revisions"}],"predecessor-version":[{"id":122411,"href":"https:\/\/www.fcbarcelonanoticias.com\/en\/wp-json\/wp\/v2\/posts\/81667\/revisions\/122411"}],"wp:featuredmedia":[{"embeddable":true,"href":"https:\/\/www.fcbarcelonanoticias.com\/en\/wp-json\/wp\/v2\/media\/81143"}],"wp:attachment":[{"href":"https:\/\/www.fcbarcelonanoticias.com\/en\/wp-json\/wp\/v2\/media?parent=81667"}],"wp:term":[{"taxonomy":"category","embeddable":true,"href":"https:\/\/www.fcbarcelonanoticias.com\/en\/wp-json\/wp\/v2\/categories?post=81667"},{"taxonomy":"post_tag","embeddable":true,"href":"https:\/\/www.fcbarcelonanoticias.com\/en\/wp-json\/wp\/v2\/tags?post=81667"}],"curies":[{"name":"wp","href":"https:\/\/api.w.org\/{rel}","templated":true}]}}