{"id":81886,"date":"2022-07-19T19:49:00","date_gmt":"2022-07-19T17:49:00","guid":{"rendered":"https:\/\/weisetech.dev\/fc-barcelona-noticias\/en\/green-light-xavi-will-join-first-team-this-wednesday_282360_102\/"},"modified":"2026-04-16T09:16:16","modified_gmt":"2026-04-16T07:16:16","slug":"green-light-xavi-will-join-first-team-this-wednesday_282360_102","status":"publish","type":"post","link":"https:\/\/www.fcbarcelonanoticias.com\/en\/preseason\/green-light-xavi-will-join-first-team-this-wednesday_282360_102.html","title":{"rendered":"Green light! Xavi will join the first team this Wednesday"},"content":{"rendered":"<h2 class=\"wp-block-heading\">Xavi will join the concentration this Wednesday. The Egarense will spend the night in Madrid to head to American soil first thing in the morning. With the permission of the US embassy in hand, he will travel to Miami in the afternoon<\/h2>  \r\n<div class=\"article-addons\">\r\n    <a href=\"https:\/\/www.fcbarcelonanoticias.com\/en\/calendar-fc-barcelona.html\"\r\n       target=\"_self\"\r\n       title=\"Calendar of FC Barcelona\"\r\n       class=\"blue-gredient-btn\">\r\n       \r\n        Calendar of FC Barcelona    <\/a>\r\n<\/div>   <p>The <a href=\"https:\/\/www.fcbarcelonanoticias.com\/futbol\/fc-barcelona.html\" title=\"FC Barcelona\">FC Barcelona<\/a> already finds in United States preparing turns it of pre-season that will face in American floor. They are 28 the footballers that find in Miami, summoned by <a href=\"https:\/\/www.fcbarcelonanoticias.com\/en\/tags\/xavi-hernandez.html\" title=\"Xavi Hern\u00e1ndez\">Xavi Hern\u00e1ndez<\/a> to conform the Barcelona expedition that will see the faces with the Inter Miami, the Real Madrid, the Juventus and the New York Network Bulls. However, the Barcelona square is not complete<strong> due to the fact that the egarense has not been able to go in to the American earth<\/strong>.<\/p>  <p>And it is that when the staff barcelonista had to undertake his trip to North America, <strong>to the trainer of Terrassa denied him the THIS (in Spanish, Electronic System for the Permission of Trip), by what could not go up to the aeroplane beside his players and his technical body<\/strong>. The reason whereby to Hern\u00e1ndez denied him said permission is that during his stage like footballer of the To the-Sadd, the ex mediocampista had travelled until thrice to Iran, which is a country enemy of United States.<\/p>  <p>Now, the &#8216;serial&#8217; of Hern\u00e1ndez with the Americans seems to have come to an end. Along this Tuesday,<strong> the Catalan technician will go out of Barcelona with destination to the Capital, in where it will happen the night to put course to North America to first hour of the morning of the Wednesday<\/strong>. Once that it have stepped American floor, except some setback surprise, expects that it was him conceded the permission to go in to the country. After this, Xavi will take a flight headed to Miami to first hour of the afternoon.<\/p>  <p>Already in the installations of the Inter Miami, the trainer will go back to take the control of the staff blaugrana to which has added him Robert Lewandowski. The &#8216;crack&#8217; Polish was request expresses of Hern\u00e1ndez, the one who played a fundamental role in his contracting when explaining him at first hand the sportive project of the entity and the paper that will have the &#8216;9&#8217; in him. Nevertheless, <strong>due to the fact that the forward joined to the concentration cul\u00e9 in United States, east and his new technician have not been able to find like members of the same institution<\/strong>.<\/p>  <h3>It will go back in the Classical<\/h3>  <p>In the meantime, the Bar\u00e7a prepares to face his first party of turns it American in front of &#8216;The Garzas&#8217;. <strong>As Xavi will not arrive to time to seat in the bench of the DRV PNK Stadium, his brother \u00d3scar will be the attendant to train to the square blaugrana<\/strong> in the meeting that will take place during the next morning. Likewise, Hern\u00e1ndez will incorporate to the expedition along the Wednesday and will put course to The Vegas during the Thursday, place in where they will see the faces with the Real Madrid in which it will be the first party directed by the egarense in turns it and the first Classical of Lewandowski like cul\u00e9.<\/p> ","protected":false},"excerpt":{"rendered":"<p>Xavi will join the concentration this Wednesday. The Egarense will spend the night in Madrid to head to American soil first thing in the morning. With the permission of the US embassy in hand, he will travel to Miami in the afternoon The FC Barcelona already finds in United States preparing turns it of pre-season [&hellip;]<\/p>\n","protected":false},"author":358,"featured_media":81893,"comment_status":"closed","ping_status":"open","sticky":false,"template":"","format":"standard","meta":{"_acf_changed":false,"inline_featured_image":false,"_nextfly_llmd_date_locked":false,"footnotes":""},"categories":[131],"tags":[48],"class_list":["post-81886","post","type-post","status-publish","format-standard","has-post-thumbnail","hentry","category-preseason","tag-xavi-hernandez"],"acf":[],"yoast_head":"<!-- This site is optimized with the Yoast SEO plugin v27.3 - https:\/\/yoast.com\/product\/yoast-seo-wordpress\/ -->\n<title>Green light! Xavi will join the first team this Wednesday<\/title>\n<meta name=\"description\" content=\"Xavi will join to the concentration during this Wednesday. The egarense will happen the night in Madrid to put course to American floor to first hour of the day. With...\" \/>\n<meta name=\"robots\" content=\"index, follow, max-snippet:-1, max-image-preview:large, max-video-preview:-1\" \/>\n<link rel=\"canonical\" href=\"https:\/\/www.fcbarcelonanoticias.com\/en\/preseason\/green-light-xavi-will-join-first-team-this-wednesday_282360_102.html\" \/>\n<meta property=\"og:locale\" content=\"en_US\" \/>\n<meta property=\"og:type\" content=\"article\" \/>\n<meta property=\"og:title\" content=\"Green light! Xavi will join the first team this Wednesday\" \/>\n<meta property=\"og:description\" content=\"Xavi will join to the concentration during this Wednesday. The egarense will happen the night in Madrid to put course to American floor to first hour of the day. With...\" \/>\n<meta property=\"og:url\" content=\"https:\/\/www.fcbarcelonanoticias.com\/en\/preseason\/green-light-xavi-will-join-first-team-this-wednesday_282360_102.html\" \/>\n<meta property=\"og:site_name\" content=\"EN - FC Barcelona Noticias\" \/>\n<meta property=\"article:published_time\" content=\"2022-07-19T17:49:00+00:00\" \/>\n<meta property=\"article:modified_time\" content=\"2026-04-16T07:16:16+00:00\" \/>\n<meta property=\"og:image\" content=\"https:\/\/www.fcbarcelonanoticias.com\/en\/wp-content\/uploads\/sites\/2\/2022\/07\/xavi-herna-ndez-durante-un-entrenamiento-del-barc-a-1.jpeg\" \/>\n\t<meta property=\"og:image:width\" content=\"1200\" \/>\n\t<meta property=\"og:image:height\" content=\"675\" \/>\n\t<meta property=\"og:image:type\" content=\"image\/jpeg\" \/>\n<meta name=\"author\" content=\"Juan Pablo Berdugo\" \/>\n<meta name=\"twitter:card\" content=\"summary_large_image\" \/>\n<meta name=\"twitter:label1\" content=\"Written by\" \/>\n\t<meta name=\"twitter:data1\" content=\"Juan Pablo Berdugo\" \/>\n\t<meta name=\"twitter:label2\" content=\"Est. reading time\" \/>\n\t<meta name=\"twitter:data2\" content=\"3 minutes\" \/>\n<script type=\"application\/ld+json\" class=\"yoast-schema-graph\">{\"@context\":\"https:\\\/\\\/schema.org\",\"@graph\":[{\"@type\":\"Article\",\"@id\":\"https:\\\/\\\/www.fcbarcelonanoticias.com\\\/en\\\/preseason\\\/green-light-xavi-will-join-first-team-this-wednesday_282360_102.html#article\",\"isPartOf\":{\"@id\":\"https:\\\/\\\/www.fcbarcelonanoticias.com\\\/en\\\/preseason\\\/green-light-xavi-will-join-first-team-this-wednesday_282360_102.html\"},\"author\":{\"name\":\"Juan Pablo Berdugo\",\"@id\":\"https:\\\/\\\/www.fcbarcelonanoticias.com\\\/en\\\/#\\\/schema\\\/person\\\/88d756918a0a1ae9fa593b5edddd1815\"},\"headline\":\"Green light! Xavi will join the first team this Wednesday\",\"datePublished\":\"2022-07-19T17:49:00+00:00\",\"dateModified\":\"2026-04-16T07:16:16+00:00\",\"mainEntityOfPage\":{\"@id\":\"https:\\\/\\\/www.fcbarcelonanoticias.com\\\/en\\\/preseason\\\/green-light-xavi-will-join-first-team-this-wednesday_282360_102.html\"},\"wordCount\":543,\"image\":{\"@id\":\"https:\\\/\\\/www.fcbarcelonanoticias.com\\\/en\\\/preseason\\\/green-light-xavi-will-join-first-team-this-wednesday_282360_102.html#primaryimage\"},\"thumbnailUrl\":\"https:\\\/\\\/www.fcbarcelonanoticias.com\\\/en\\\/wp-content\\\/uploads\\\/sites\\\/2\\\/2022\\\/07\\\/xavi-herna-ndez-durante-un-entrenamiento-del-barc-a-1.jpeg\",\"keywords\":[\"Xavi Hern\u00e1ndez\"],\"articleSection\":[\"Preseason\"],\"inLanguage\":\"en-US\"},{\"@type\":\"WebPage\",\"@id\":\"https:\\\/\\\/www.fcbarcelonanoticias.com\\\/en\\\/preseason\\\/green-light-xavi-will-join-first-team-this-wednesday_282360_102.html\",\"url\":\"https:\\\/\\\/www.fcbarcelonanoticias.com\\\/en\\\/preseason\\\/green-light-xavi-will-join-first-team-this-wednesday_282360_102.html\",\"name\":\"Green light! Xavi will join the first team this Wednesday\",\"isPartOf\":{\"@id\":\"https:\\\/\\\/www.fcbarcelonanoticias.com\\\/en\\\/#website\"},\"primaryImageOfPage\":{\"@id\":\"https:\\\/\\\/www.fcbarcelonanoticias.com\\\/en\\\/preseason\\\/green-light-xavi-will-join-first-team-this-wednesday_282360_102.html#primaryimage\"},\"image\":{\"@id\":\"https:\\\/\\\/www.fcbarcelonanoticias.com\\\/en\\\/preseason\\\/green-light-xavi-will-join-first-team-this-wednesday_282360_102.html#primaryimage\"},\"thumbnailUrl\":\"https:\\\/\\\/www.fcbarcelonanoticias.com\\\/en\\\/wp-content\\\/uploads\\\/sites\\\/2\\\/2022\\\/07\\\/xavi-herna-ndez-durante-un-entrenamiento-del-barc-a-1.jpeg\",\"datePublished\":\"2022-07-19T17:49:00+00:00\",\"dateModified\":\"2026-04-16T07:16:16+00:00\",\"author\":{\"@id\":\"https:\\\/\\\/www.fcbarcelonanoticias.com\\\/en\\\/#\\\/schema\\\/person\\\/88d756918a0a1ae9fa593b5edddd1815\"},\"description\":\"Xavi will join to the concentration during this Wednesday. The egarense will happen the night in Madrid to put course to American floor to first hour of the day. With...\",\"breadcrumb\":{\"@id\":\"https:\\\/\\\/www.fcbarcelonanoticias.com\\\/en\\\/preseason\\\/green-light-xavi-will-join-first-team-this-wednesday_282360_102.html#breadcrumb\"},\"inLanguage\":\"en-US\",\"potentialAction\":[{\"@type\":\"ReadAction\",\"target\":[\"https:\\\/\\\/www.fcbarcelonanoticias.com\\\/en\\\/preseason\\\/green-light-xavi-will-join-first-team-this-wednesday_282360_102.html\"]}]},{\"@type\":\"ImageObject\",\"inLanguage\":\"en-US\",\"@id\":\"https:\\\/\\\/www.fcbarcelonanoticias.com\\\/en\\\/preseason\\\/green-light-xavi-will-join-first-team-this-wednesday_282360_102.html#primaryimage\",\"url\":\"https:\\\/\\\/www.fcbarcelonanoticias.com\\\/en\\\/wp-content\\\/uploads\\\/sites\\\/2\\\/2022\\\/07\\\/xavi-herna-ndez-durante-un-entrenamiento-del-barc-a-1.jpeg\",\"contentUrl\":\"https:\\\/\\\/www.fcbarcelonanoticias.com\\\/en\\\/wp-content\\\/uploads\\\/sites\\\/2\\\/2022\\\/07\\\/xavi-herna-ndez-durante-un-entrenamiento-del-barc-a-1.jpeg\",\"width\":1200,\"height\":675},{\"@type\":\"BreadcrumbList\",\"@id\":\"https:\\\/\\\/www.fcbarcelonanoticias.com\\\/en\\\/preseason\\\/green-light-xavi-will-join-first-team-this-wednesday_282360_102.html#breadcrumb\",\"itemListElement\":[{\"@type\":\"ListItem\",\"position\":1,\"name\":\"Portada\",\"item\":\"https:\\\/\\\/www.fcbarcelonanoticias.com\\\/en\\\/\"},{\"@type\":\"ListItem\",\"position\":2,\"name\":\"Green light! Xavi will join the first team this Wednesday\"}]},{\"@type\":\"WebSite\",\"@id\":\"https:\\\/\\\/www.fcbarcelonanoticias.com\\\/en\\\/#website\",\"url\":\"https:\\\/\\\/www.fcbarcelonanoticias.com\\\/en\\\/\",\"name\":\"EN - FC Barcelona Noticias\",\"description\":\"\",\"potentialAction\":[{\"@type\":\"SearchAction\",\"target\":{\"@type\":\"EntryPoint\",\"urlTemplate\":\"https:\\\/\\\/www.fcbarcelonanoticias.com\\\/en\\\/?s={search_term_string}\"},\"query-input\":{\"@type\":\"PropertyValueSpecification\",\"valueRequired\":true,\"valueName\":\"search_term_string\"}}],\"inLanguage\":\"en-US\"},{\"@type\":\"Person\",\"@id\":\"https:\\\/\\\/www.fcbarcelonanoticias.com\\\/en\\\/#\\\/schema\\\/person\\\/88d756918a0a1ae9fa593b5edddd1815\",\"name\":\"Juan Pablo Berdugo\",\"image\":{\"@type\":\"ImageObject\",\"inLanguage\":\"en-US\",\"@id\":\"https:\\\/\\\/secure.gravatar.com\\\/avatar\\\/?s=96&d=mm&r=g\",\"url\":\"https:\\\/\\\/secure.gravatar.com\\\/avatar\\\/?s=96&d=mm&r=g\",\"contentUrl\":\"https:\\\/\\\/secure.gravatar.com\\\/avatar\\\/?s=96&d=mm&r=g\",\"caption\":\"Juan Pablo Berdugo\"},\"description\":\"Juan Pablo Berdugo es graduado en Periodismo. Colabora con FCBN como especialista en informaci\u00f3n del primer equipo del FC Barcelona, f\u00fatbol internacional y mercado de fichajes. Destaca por su enfoque anal\u00edtico, su rigor informativo y su capacidad para detectar tendencias emergentes en el f\u00fatbol global.\",\"url\":\"https:\\\/\\\/www.fcbarcelonanoticias.com\\\/en\\\/fc-barcelona\\\/juan-pablo-berdugo_18_115.html\"}]}<\/script>\n<!-- \/ Yoast SEO plugin. -->","yoast_head_json":{"title":"Green light! Xavi will join the first team this Wednesday","description":"Xavi will join to the concentration during this Wednesday. The egarense will happen the night in Madrid to put course to American floor to first hour of the day. With...","robots":{"index":"index","follow":"follow","max-snippet":"max-snippet:-1","max-image-preview":"max-image-preview:large","max-video-preview":"max-video-preview:-1"},"canonical":"https:\/\/www.fcbarcelonanoticias.com\/en\/preseason\/green-light-xavi-will-join-first-team-this-wednesday_282360_102.html","og_locale":"en_US","og_type":"article","og_title":"Green light! Xavi will join the first team this Wednesday","og_description":"Xavi will join to the concentration during this Wednesday. The egarense will happen the night in Madrid to put course to American floor to first hour of the day. With...","og_url":"https:\/\/www.fcbarcelonanoticias.com\/en\/preseason\/green-light-xavi-will-join-first-team-this-wednesday_282360_102.html","og_site_name":"EN - FC Barcelona Noticias","article_published_time":"2022-07-19T17:49:00+00:00","article_modified_time":"2026-04-16T07:16:16+00:00","og_image":[{"width":1200,"height":675,"url":"https:\/\/www.fcbarcelonanoticias.com\/en\/wp-content\/uploads\/sites\/2\/2022\/07\/xavi-herna-ndez-durante-un-entrenamiento-del-barc-a-1.jpeg","type":"image\/jpeg"}],"author":"Juan Pablo Berdugo","twitter_card":"summary_large_image","twitter_misc":{"Written by":"Juan Pablo Berdugo","Est. reading time":"3 minutes"},"schema":{"@context":"https:\/\/schema.org","@graph":[{"@type":"Article","@id":"https:\/\/www.fcbarcelonanoticias.com\/en\/preseason\/green-light-xavi-will-join-first-team-this-wednesday_282360_102.html#article","isPartOf":{"@id":"https:\/\/www.fcbarcelonanoticias.com\/en\/preseason\/green-light-xavi-will-join-first-team-this-wednesday_282360_102.html"},"author":{"name":"Juan Pablo Berdugo","@id":"https:\/\/www.fcbarcelonanoticias.com\/en\/#\/schema\/person\/88d756918a0a1ae9fa593b5edddd1815"},"headline":"Green light! Xavi will join the first team this Wednesday","datePublished":"2022-07-19T17:49:00+00:00","dateModified":"2026-04-16T07:16:16+00:00","mainEntityOfPage":{"@id":"https:\/\/www.fcbarcelonanoticias.com\/en\/preseason\/green-light-xavi-will-join-first-team-this-wednesday_282360_102.html"},"wordCount":543,"image":{"@id":"https:\/\/www.fcbarcelonanoticias.com\/en\/preseason\/green-light-xavi-will-join-first-team-this-wednesday_282360_102.html#primaryimage"},"thumbnailUrl":"https:\/\/www.fcbarcelonanoticias.com\/en\/wp-content\/uploads\/sites\/2\/2022\/07\/xavi-herna-ndez-durante-un-entrenamiento-del-barc-a-1.jpeg","keywords":["Xavi Hern\u00e1ndez"],"articleSection":["Preseason"],"inLanguage":"en-US"},{"@type":"WebPage","@id":"https:\/\/www.fcbarcelonanoticias.com\/en\/preseason\/green-light-xavi-will-join-first-team-this-wednesday_282360_102.html","url":"https:\/\/www.fcbarcelonanoticias.com\/en\/preseason\/green-light-xavi-will-join-first-team-this-wednesday_282360_102.html","name":"Green light! Xavi will join the first team this Wednesday","isPartOf":{"@id":"https:\/\/www.fcbarcelonanoticias.com\/en\/#website"},"primaryImageOfPage":{"@id":"https:\/\/www.fcbarcelonanoticias.com\/en\/preseason\/green-light-xavi-will-join-first-team-this-wednesday_282360_102.html#primaryimage"},"image":{"@id":"https:\/\/www.fcbarcelonanoticias.com\/en\/preseason\/green-light-xavi-will-join-first-team-this-wednesday_282360_102.html#primaryimage"},"thumbnailUrl":"https:\/\/www.fcbarcelonanoticias.com\/en\/wp-content\/uploads\/sites\/2\/2022\/07\/xavi-herna-ndez-durante-un-entrenamiento-del-barc-a-1.jpeg","datePublished":"2022-07-19T17:49:00+00:00","dateModified":"2026-04-16T07:16:16+00:00","author":{"@id":"https:\/\/www.fcbarcelonanoticias.com\/en\/#\/schema\/person\/88d756918a0a1ae9fa593b5edddd1815"},"description":"Xavi will join to the concentration during this Wednesday. The egarense will happen the night in Madrid to put course to American floor to first hour of the day. With...","breadcrumb":{"@id":"https:\/\/www.fcbarcelonanoticias.com\/en\/preseason\/green-light-xavi-will-join-first-team-this-wednesday_282360_102.html#breadcrumb"},"inLanguage":"en-US","potentialAction":[{"@type":"ReadAction","target":["https:\/\/www.fcbarcelonanoticias.com\/en\/preseason\/green-light-xavi-will-join-first-team-this-wednesday_282360_102.html"]}]},{"@type":"ImageObject","inLanguage":"en-US","@id":"https:\/\/www.fcbarcelonanoticias.com\/en\/preseason\/green-light-xavi-will-join-first-team-this-wednesday_282360_102.html#primaryimage","url":"https:\/\/www.fcbarcelonanoticias.com\/en\/wp-content\/uploads\/sites\/2\/2022\/07\/xavi-herna-ndez-durante-un-entrenamiento-del-barc-a-1.jpeg","contentUrl":"https:\/\/www.fcbarcelonanoticias.com\/en\/wp-content\/uploads\/sites\/2\/2022\/07\/xavi-herna-ndez-durante-un-entrenamiento-del-barc-a-1.jpeg","width":1200,"height":675},{"@type":"BreadcrumbList","@id":"https:\/\/www.fcbarcelonanoticias.com\/en\/preseason\/green-light-xavi-will-join-first-team-this-wednesday_282360_102.html#breadcrumb","itemListElement":[{"@type":"ListItem","position":1,"name":"Portada","item":"https:\/\/www.fcbarcelonanoticias.com\/en\/"},{"@type":"ListItem","position":2,"name":"Green light! Xavi will join the first team this Wednesday"}]},{"@type":"WebSite","@id":"https:\/\/www.fcbarcelonanoticias.com\/en\/#website","url":"https:\/\/www.fcbarcelonanoticias.com\/en\/","name":"EN - FC Barcelona Noticias","description":"","potentialAction":[{"@type":"SearchAction","target":{"@type":"EntryPoint","urlTemplate":"https:\/\/www.fcbarcelonanoticias.com\/en\/?s={search_term_string}"},"query-input":{"@type":"PropertyValueSpecification","valueRequired":true,"valueName":"search_term_string"}}],"inLanguage":"en-US"},{"@type":"Person","@id":"https:\/\/www.fcbarcelonanoticias.com\/en\/#\/schema\/person\/88d756918a0a1ae9fa593b5edddd1815","name":"Juan Pablo Berdugo","image":{"@type":"ImageObject","inLanguage":"en-US","@id":"https:\/\/secure.gravatar.com\/avatar\/?s=96&d=mm&r=g","url":"https:\/\/secure.gravatar.com\/avatar\/?s=96&d=mm&r=g","contentUrl":"https:\/\/secure.gravatar.com\/avatar\/?s=96&d=mm&r=g","caption":"Juan Pablo Berdugo"},"description":"Juan Pablo Berdugo es graduado en Periodismo. Colabora con FCBN como especialista en informaci\u00f3n del primer equipo del FC Barcelona, f\u00fatbol internacional y mercado de fichajes. Destaca por su enfoque anal\u00edtico, su rigor informativo y su capacidad para detectar tendencias emergentes en el f\u00fatbol global.","url":"https:\/\/www.fcbarcelonanoticias.com\/en\/fc-barcelona\/juan-pablo-berdugo_18_115.html"}]}},"_links":{"self":[{"href":"https:\/\/www.fcbarcelonanoticias.com\/en\/wp-json\/wp\/v2\/posts\/81886","targetHints":{"allow":["GET"]}}],"collection":[{"href":"https:\/\/www.fcbarcelonanoticias.com\/en\/wp-json\/wp\/v2\/posts"}],"about":[{"href":"https:\/\/www.fcbarcelonanoticias.com\/en\/wp-json\/wp\/v2\/types\/post"}],"author":[{"embeddable":true,"href":"https:\/\/www.fcbarcelonanoticias.com\/en\/wp-json\/wp\/v2\/users\/358"}],"replies":[{"embeddable":true,"href":"https:\/\/www.fcbarcelonanoticias.com\/en\/wp-json\/wp\/v2\/comments?post=81886"}],"version-history":[{"count":2,"href":"https:\/\/www.fcbarcelonanoticias.com\/en\/wp-json\/wp\/v2\/posts\/81886\/revisions"}],"predecessor-version":[{"id":170650,"href":"https:\/\/www.fcbarcelonanoticias.com\/en\/wp-json\/wp\/v2\/posts\/81886\/revisions\/170650"}],"wp:featuredmedia":[{"embeddable":true,"href":"https:\/\/www.fcbarcelonanoticias.com\/en\/wp-json\/wp\/v2\/media\/81893"}],"wp:attachment":[{"href":"https:\/\/www.fcbarcelonanoticias.com\/en\/wp-json\/wp\/v2\/media?parent=81886"}],"wp:term":[{"taxonomy":"category","embeddable":true,"href":"https:\/\/www.fcbarcelonanoticias.com\/en\/wp-json\/wp\/v2\/categories?post=81886"},{"taxonomy":"post_tag","embeddable":true,"href":"https:\/\/www.fcbarcelonanoticias.com\/en\/wp-json\/wp\/v2\/tags?post=81886"}],"curies":[{"name":"wp","href":"https:\/\/api.w.org\/{rel}","templated":true}]}}