{"id":81945,"date":"2015-11-28T09:50:00","date_gmt":"2015-11-28T08:50:00","guid":{"rendered":"https:\/\/weisetech.dev\/fc-barcelona-noticias\/en\/in-the-madrid-begin-to-form-edicts-against-and-in-favour-of-benitez_37589_102\/"},"modified":"2015-11-28T09:50:00","modified_gmt":"2015-11-28T08:50:00","slug":"in-the-madrid-begin-to-form-edicts-against-and-in-favour-of-benitez_37589_102","status":"publish","type":"post","link":"https:\/\/www.fcbarcelonanoticias.com\/en\/real-madrid\/in-the-madrid-begin-to-form-edicts-against-and-in-favour-of-benitez_37589_102.html","title":{"rendered":"In the Madrid begin to form  edicts against and in favour of Ben\u00edtez"},"content":{"rendered":"\r\n<div class=\"article-addons\">\r\n    <a href=\"https:\/\/www.fcbarcelonanoticias.com\/en\/calendar-fc-barcelona.html\"\r\n       target=\"_self\"\r\n       title=\"Calendar of FC Barcelona\"\r\n       class=\"blue-gredient-btn\">\r\n       \r\n        Calendar of FC Barcelona    <\/a>\r\n<\/div>   <div class=\"separator\" style=\"clear: both; text-align: center;\"><a href=\"https:\/\/2.bp.blogspot.com\/en\/-0T5yqDbkc08\/VllasXrOftI\/AAAAAAAAEPY\/LYnFzX5VR1s\/s1600\/vestuario-real-madrid-bandos-contra-favor-benitez.jpg\" imageanchor=\"1\" style=\"margin-left: 1em; margin-right: 1em;\"><\/a><\/div> <br><b>Although it still has not arrived the blood to the river, Rafael Ben\u00edtez already has achieved to go back to confront to the two big edicts inside the changing room madridista. The staff finds  in the situation to support to the technician, by a part, and the one to criticise his methods, by another<\/b><br><br><span style=\"font-size: large;\"><b><span style=\"color: #990000;\">Ticket<\/span><\/b> &#8211; <b><u><a href=\"http:\/\/www.viagogo.es\/en\/Entradas-Deportes\/Futbol\/La-Liga-Primera-Division\/FC-Barcelona-Entradas\/E-1278805?AffiliateID=1558&amp;PCID=AFFESIAFF1558A548FCBFC6-05\" rel=\"nofollow\" target=\"_blank\">Gone in FC Barcelona vs Villanovense &#8211; Glass<\/a><\/u><\/b><\/span><br><span style=\"font-size: large;\"><b><span style=\"color: #990000;\">The Classical<\/span><\/b> &#8211; <b><u><a href=\"http:\/\/www.viagogo.es\/en\/Entradas-Deportes\/Futbol\/La-Liga-Primera-Division\/FC-Barcelona-Entradas\/E-1073691?AffiliateID=1558&amp;PCID=AFFESIAFF1558A548FCBFC6-05\" rel=\"nofollow\" target=\"_blank\">Gone in \/ Ticket FC Barcelona vs Real Madrid<\/a><\/u><\/b><\/span><br><span style=\"font-size: large;\"><b><span style=\"color: #990000;\">Ticket<\/span><\/b> &#8211; <b><u><a href=\"http:\/\/www.viagogo.es\/en\/Entradas-Deportes\/Futbol\/La-Liga-Primera-Division\/FC-Barcelona-Entradas?AffiliateID=1558&amp;PCID=AFFESIAFF1558A548FCBFC6-05\" rel=\"nofollow\" target=\"_blank\">Gone in for all the parties of the FC Barcelona<\/a><\/u><\/b><\/span> <br><br>The staff of the <b>Real Madrid carried two seasons being a pineapple,<\/b> joined in front of the adversities. All this thanks to the arrival of a technician that sab\u00e1i how treat with them and that no them pon\u00e1i between the sword and the wall. Something totally different to what had suffered with <b>Jos\u00e9 Mourinho,<\/b> commissioned of atomizar the changing room until leaving it consume in his own ashes. And something that has in common with<b> Rafael Ben\u00edtez.<\/b><br><br>The Madrilenian technician has divided to the white players between adherents and detractores of his methods, at all Orthodox. Inside which <b>are not in favour <\/b>of as they are doing  the things fits to stand out, as it aims the newspaper &#8220;Sport&#8221; <b>to the captain Sergio Bouquets and to the Colombian James Rodr\u00edguez.<\/b> Two men that represent to a nourished group where would go in also Cristiano Ronaldo, this without leading any uprising but supporting it from the shadows.<br><br>By the another side, always according to the quoted half, would be the German <b>Toni Kroos and the Croat Luka Modric the defenders of the methods of Ben\u00edtez<\/b>. Both trust the Madrilenian and are adherents of a centre of the field with <b>Casemiro<\/b>, giving more stability, in place of James or Isco that do not finish of cuajar in the current diagram. Something that takes out of quicio to the international Colombian, that takes advantage of each comment that has for rajar.<br><br>Something that also does some Bouquets to the that the trainer criticised openly and in public does one month without coming to cuerto. Since the central, that has played with the practically broken shoulder and infiltrated, has sentenced him. To the equal that <b>a Christian that already has asked his head to Florentino.<\/b> The things complicate him  to a Ben\u00edtez that although it has the support of some sectors of the staff, the heavy weights are in his against. And everything by not having a more centred politics in calming egos and turn off fires. His, <b>much more pyromaniac, will finish him consuming in the Real Madrid.<\/b><br><br> ","protected":false},"excerpt":{"rendered":"<p>Although it still has not arrived the blood to the river, Rafael Ben\u00edtez already has achieved to go back to confront to the two big edicts inside the changing room madridista. The staff finds in the situation to support to the technician, by a part, and the one to criticise his methods, by another Ticket [&hellip;]<\/p>\n","protected":false},"author":477,"featured_media":81953,"comment_status":"closed","ping_status":"open","sticky":false,"template":"","format":"standard","meta":{"_acf_changed":false,"inline_featured_image":false,"_nextfly_llmd_date_locked":false,"footnotes":""},"categories":[450,119],"tags":[258,313],"class_list":["post-81945","post","type-post","status-publish","format-standard","has-post-thumbnail","hentry","category-real-madrid-2","category-real-madrid","tag-rafa-benitez","tag-sergio-bouquets"],"acf":[],"yoast_head":"<!-- This site is optimized with the Yoast SEO plugin v27.3 - https:\/\/yoast.com\/product\/yoast-seo-wordpress\/ -->\n<title>In the Madrid begin to form edicts against and in favour of Ben\u00edtez<\/title>\n<meta name=\"description\" content=\"FCBarcelonaNoticias.com\" \/>\n<meta name=\"robots\" content=\"index, follow, max-snippet:-1, max-image-preview:large, max-video-preview:-1\" \/>\n<link rel=\"canonical\" href=\"https:\/\/www.fcbarcelonanoticias.com\/en\/real-madrid\/in-the-madrid-begin-to-form-edicts-against-and-in-favour-of-benitez_37589_102.html\" \/>\n<meta property=\"og:locale\" content=\"en_US\" \/>\n<meta property=\"og:type\" content=\"article\" \/>\n<meta property=\"og:title\" content=\"In the Madrid begin to form edicts against and in favour of Ben\u00edtez\" \/>\n<meta property=\"og:description\" content=\"FCBarcelonaNoticias.com\" \/>\n<meta property=\"og:url\" content=\"https:\/\/www.fcbarcelonanoticias.com\/en\/real-madrid\/in-the-madrid-begin-to-form-edicts-against-and-in-favour-of-benitez_37589_102.html\" \/>\n<meta property=\"og:site_name\" content=\"EN - FC Barcelona Noticias\" \/>\n<meta property=\"article:published_time\" content=\"2015-11-28T08:50:00+00:00\" \/>\n<meta property=\"og:image\" content=\"https:\/\/www.fcbarcelonanoticias.com\/en\/wp-content\/uploads\/sites\/2\/2015\/11\/vestuario-real-madrid-bandos-contra-favor-benitez-37601.jpeg\" \/>\n\t<meta property=\"og:image:width\" content=\"610\" \/>\n\t<meta property=\"og:image:height\" content=\"343\" \/>\n\t<meta property=\"og:image:type\" content=\"image\/jpeg\" \/>\n<meta name=\"author\" content=\"user_4133\" \/>\n<meta name=\"twitter:card\" content=\"summary_large_image\" \/>\n<meta name=\"twitter:label1\" content=\"Written by\" \/>\n\t<meta name=\"twitter:data1\" content=\"user_4133\" \/>\n\t<meta name=\"twitter:label2\" content=\"Est. reading time\" \/>\n\t<meta name=\"twitter:data2\" content=\"2 minutes\" \/>\n<script type=\"application\/ld+json\" class=\"yoast-schema-graph\">{\"@context\":\"https:\\\/\\\/schema.org\",\"@graph\":[{\"@type\":\"Article\",\"@id\":\"https:\\\/\\\/www.fcbarcelonanoticias.com\\\/en\\\/real-madrid\\\/in-the-madrid-begin-to-form-edicts-against-and-in-favour-of-benitez_37589_102.html#article\",\"isPartOf\":{\"@id\":\"https:\\\/\\\/www.fcbarcelonanoticias.com\\\/en\\\/real-madrid\\\/in-the-madrid-begin-to-form-edicts-against-and-in-favour-of-benitez_37589_102.html\"},\"author\":{\"name\":\"user_4133\",\"@id\":\"https:\\\/\\\/www.fcbarcelonanoticias.com\\\/en\\\/#\\\/schema\\\/person\\\/ed5bb7a7aee68f98a042a7ff1a74c6dd\"},\"headline\":\"In the Madrid begin to form edicts against and in favour of Ben\u00edtez\",\"datePublished\":\"2015-11-28T08:50:00+00:00\",\"mainEntityOfPage\":{\"@id\":\"https:\\\/\\\/www.fcbarcelonanoticias.com\\\/en\\\/real-madrid\\\/in-the-madrid-begin-to-form-edicts-against-and-in-favour-of-benitez_37589_102.html\"},\"wordCount\":453,\"image\":{\"@id\":\"https:\\\/\\\/www.fcbarcelonanoticias.com\\\/en\\\/real-madrid\\\/in-the-madrid-begin-to-form-edicts-against-and-in-favour-of-benitez_37589_102.html#primaryimage\"},\"thumbnailUrl\":\"https:\\\/\\\/www.fcbarcelonanoticias.com\\\/en\\\/wp-content\\\/uploads\\\/sites\\\/2\\\/2015\\\/11\\\/vestuario-real-madrid-bandos-contra-favor-benitez-37601.jpeg\",\"keywords\":[\"Rafa Ben\u00edtez\",\"Sergio Bouquets\"],\"articleSection\":[\"Real Madrid\",\"Real Madrid\"],\"inLanguage\":\"en-US\"},{\"@type\":\"WebPage\",\"@id\":\"https:\\\/\\\/www.fcbarcelonanoticias.com\\\/en\\\/real-madrid\\\/in-the-madrid-begin-to-form-edicts-against-and-in-favour-of-benitez_37589_102.html\",\"url\":\"https:\\\/\\\/www.fcbarcelonanoticias.com\\\/en\\\/real-madrid\\\/in-the-madrid-begin-to-form-edicts-against-and-in-favour-of-benitez_37589_102.html\",\"name\":\"In the Madrid begin to form edicts against and in favour of Ben\u00edtez\",\"isPartOf\":{\"@id\":\"https:\\\/\\\/www.fcbarcelonanoticias.com\\\/en\\\/#website\"},\"primaryImageOfPage\":{\"@id\":\"https:\\\/\\\/www.fcbarcelonanoticias.com\\\/en\\\/real-madrid\\\/in-the-madrid-begin-to-form-edicts-against-and-in-favour-of-benitez_37589_102.html#primaryimage\"},\"image\":{\"@id\":\"https:\\\/\\\/www.fcbarcelonanoticias.com\\\/en\\\/real-madrid\\\/in-the-madrid-begin-to-form-edicts-against-and-in-favour-of-benitez_37589_102.html#primaryimage\"},\"thumbnailUrl\":\"https:\\\/\\\/www.fcbarcelonanoticias.com\\\/en\\\/wp-content\\\/uploads\\\/sites\\\/2\\\/2015\\\/11\\\/vestuario-real-madrid-bandos-contra-favor-benitez-37601.jpeg\",\"datePublished\":\"2015-11-28T08:50:00+00:00\",\"author\":{\"@id\":\"https:\\\/\\\/www.fcbarcelonanoticias.com\\\/en\\\/#\\\/schema\\\/person\\\/ed5bb7a7aee68f98a042a7ff1a74c6dd\"},\"description\":\"FCBarcelonaNoticias.com\",\"breadcrumb\":{\"@id\":\"https:\\\/\\\/www.fcbarcelonanoticias.com\\\/en\\\/real-madrid\\\/in-the-madrid-begin-to-form-edicts-against-and-in-favour-of-benitez_37589_102.html#breadcrumb\"},\"inLanguage\":\"en-US\",\"potentialAction\":[{\"@type\":\"ReadAction\",\"target\":[\"https:\\\/\\\/www.fcbarcelonanoticias.com\\\/en\\\/real-madrid\\\/in-the-madrid-begin-to-form-edicts-against-and-in-favour-of-benitez_37589_102.html\"]}]},{\"@type\":\"ImageObject\",\"inLanguage\":\"en-US\",\"@id\":\"https:\\\/\\\/www.fcbarcelonanoticias.com\\\/en\\\/real-madrid\\\/in-the-madrid-begin-to-form-edicts-against-and-in-favour-of-benitez_37589_102.html#primaryimage\",\"url\":\"https:\\\/\\\/www.fcbarcelonanoticias.com\\\/en\\\/wp-content\\\/uploads\\\/sites\\\/2\\\/2015\\\/11\\\/vestuario-real-madrid-bandos-contra-favor-benitez-37601.jpeg\",\"contentUrl\":\"https:\\\/\\\/www.fcbarcelonanoticias.com\\\/en\\\/wp-content\\\/uploads\\\/sites\\\/2\\\/2015\\\/11\\\/vestuario-real-madrid-bandos-contra-favor-benitez-37601.jpeg\",\"width\":610,\"height\":343},{\"@type\":\"BreadcrumbList\",\"@id\":\"https:\\\/\\\/www.fcbarcelonanoticias.com\\\/en\\\/real-madrid\\\/in-the-madrid-begin-to-form-edicts-against-and-in-favour-of-benitez_37589_102.html#breadcrumb\",\"itemListElement\":[{\"@type\":\"ListItem\",\"position\":1,\"name\":\"Portada\",\"item\":\"https:\\\/\\\/www.fcbarcelonanoticias.com\\\/en\\\/\"},{\"@type\":\"ListItem\",\"position\":2,\"name\":\"In the Madrid begin to form edicts against and in favour of Ben\u00edtez\"}]},{\"@type\":\"WebSite\",\"@id\":\"https:\\\/\\\/www.fcbarcelonanoticias.com\\\/en\\\/#website\",\"url\":\"https:\\\/\\\/www.fcbarcelonanoticias.com\\\/en\\\/\",\"name\":\"EN - FC Barcelona Noticias\",\"description\":\"\",\"potentialAction\":[{\"@type\":\"SearchAction\",\"target\":{\"@type\":\"EntryPoint\",\"urlTemplate\":\"https:\\\/\\\/www.fcbarcelonanoticias.com\\\/en\\\/?s={search_term_string}\"},\"query-input\":{\"@type\":\"PropertyValueSpecification\",\"valueRequired\":true,\"valueName\":\"search_term_string\"}}],\"inLanguage\":\"en-US\"},{\"@type\":\"Person\",\"@id\":\"https:\\\/\\\/www.fcbarcelonanoticias.com\\\/en\\\/#\\\/schema\\\/person\\\/ed5bb7a7aee68f98a042a7ff1a74c6dd\",\"name\":\"user_4133\",\"image\":{\"@type\":\"ImageObject\",\"inLanguage\":\"en-US\",\"@id\":\"https:\\\/\\\/secure.gravatar.com\\\/avatar\\\/?s=96&d=mm&r=g\",\"url\":\"https:\\\/\\\/secure.gravatar.com\\\/avatar\\\/?s=96&d=mm&r=g\",\"contentUrl\":\"https:\\\/\\\/secure.gravatar.com\\\/avatar\\\/?s=96&d=mm&r=g\",\"caption\":\"user_4133\"},\"url\":\"https:\\\/\\\/www.fcbarcelonanoticias.com\\\/en\\\/user_4133.html\"}]}<\/script>\n<!-- \/ Yoast SEO plugin. -->","yoast_head_json":{"title":"In the Madrid begin to form edicts against and in favour of Ben\u00edtez","description":"FCBarcelonaNoticias.com","robots":{"index":"index","follow":"follow","max-snippet":"max-snippet:-1","max-image-preview":"max-image-preview:large","max-video-preview":"max-video-preview:-1"},"canonical":"https:\/\/www.fcbarcelonanoticias.com\/en\/real-madrid\/in-the-madrid-begin-to-form-edicts-against-and-in-favour-of-benitez_37589_102.html","og_locale":"en_US","og_type":"article","og_title":"In the Madrid begin to form edicts against and in favour of Ben\u00edtez","og_description":"FCBarcelonaNoticias.com","og_url":"https:\/\/www.fcbarcelonanoticias.com\/en\/real-madrid\/in-the-madrid-begin-to-form-edicts-against-and-in-favour-of-benitez_37589_102.html","og_site_name":"EN - FC Barcelona Noticias","article_published_time":"2015-11-28T08:50:00+00:00","og_image":[{"width":610,"height":343,"url":"https:\/\/www.fcbarcelonanoticias.com\/en\/wp-content\/uploads\/sites\/2\/2015\/11\/vestuario-real-madrid-bandos-contra-favor-benitez-37601.jpeg","type":"image\/jpeg"}],"author":"user_4133","twitter_card":"summary_large_image","twitter_misc":{"Written by":"user_4133","Est. reading time":"2 minutes"},"schema":{"@context":"https:\/\/schema.org","@graph":[{"@type":"Article","@id":"https:\/\/www.fcbarcelonanoticias.com\/en\/real-madrid\/in-the-madrid-begin-to-form-edicts-against-and-in-favour-of-benitez_37589_102.html#article","isPartOf":{"@id":"https:\/\/www.fcbarcelonanoticias.com\/en\/real-madrid\/in-the-madrid-begin-to-form-edicts-against-and-in-favour-of-benitez_37589_102.html"},"author":{"name":"user_4133","@id":"https:\/\/www.fcbarcelonanoticias.com\/en\/#\/schema\/person\/ed5bb7a7aee68f98a042a7ff1a74c6dd"},"headline":"In the Madrid begin to form edicts against and in favour of Ben\u00edtez","datePublished":"2015-11-28T08:50:00+00:00","mainEntityOfPage":{"@id":"https:\/\/www.fcbarcelonanoticias.com\/en\/real-madrid\/in-the-madrid-begin-to-form-edicts-against-and-in-favour-of-benitez_37589_102.html"},"wordCount":453,"image":{"@id":"https:\/\/www.fcbarcelonanoticias.com\/en\/real-madrid\/in-the-madrid-begin-to-form-edicts-against-and-in-favour-of-benitez_37589_102.html#primaryimage"},"thumbnailUrl":"https:\/\/www.fcbarcelonanoticias.com\/en\/wp-content\/uploads\/sites\/2\/2015\/11\/vestuario-real-madrid-bandos-contra-favor-benitez-37601.jpeg","keywords":["Rafa Ben\u00edtez","Sergio Bouquets"],"articleSection":["Real Madrid","Real Madrid"],"inLanguage":"en-US"},{"@type":"WebPage","@id":"https:\/\/www.fcbarcelonanoticias.com\/en\/real-madrid\/in-the-madrid-begin-to-form-edicts-against-and-in-favour-of-benitez_37589_102.html","url":"https:\/\/www.fcbarcelonanoticias.com\/en\/real-madrid\/in-the-madrid-begin-to-form-edicts-against-and-in-favour-of-benitez_37589_102.html","name":"In the Madrid begin to form edicts against and in favour of Ben\u00edtez","isPartOf":{"@id":"https:\/\/www.fcbarcelonanoticias.com\/en\/#website"},"primaryImageOfPage":{"@id":"https:\/\/www.fcbarcelonanoticias.com\/en\/real-madrid\/in-the-madrid-begin-to-form-edicts-against-and-in-favour-of-benitez_37589_102.html#primaryimage"},"image":{"@id":"https:\/\/www.fcbarcelonanoticias.com\/en\/real-madrid\/in-the-madrid-begin-to-form-edicts-against-and-in-favour-of-benitez_37589_102.html#primaryimage"},"thumbnailUrl":"https:\/\/www.fcbarcelonanoticias.com\/en\/wp-content\/uploads\/sites\/2\/2015\/11\/vestuario-real-madrid-bandos-contra-favor-benitez-37601.jpeg","datePublished":"2015-11-28T08:50:00+00:00","author":{"@id":"https:\/\/www.fcbarcelonanoticias.com\/en\/#\/schema\/person\/ed5bb7a7aee68f98a042a7ff1a74c6dd"},"description":"FCBarcelonaNoticias.com","breadcrumb":{"@id":"https:\/\/www.fcbarcelonanoticias.com\/en\/real-madrid\/in-the-madrid-begin-to-form-edicts-against-and-in-favour-of-benitez_37589_102.html#breadcrumb"},"inLanguage":"en-US","potentialAction":[{"@type":"ReadAction","target":["https:\/\/www.fcbarcelonanoticias.com\/en\/real-madrid\/in-the-madrid-begin-to-form-edicts-against-and-in-favour-of-benitez_37589_102.html"]}]},{"@type":"ImageObject","inLanguage":"en-US","@id":"https:\/\/www.fcbarcelonanoticias.com\/en\/real-madrid\/in-the-madrid-begin-to-form-edicts-against-and-in-favour-of-benitez_37589_102.html#primaryimage","url":"https:\/\/www.fcbarcelonanoticias.com\/en\/wp-content\/uploads\/sites\/2\/2015\/11\/vestuario-real-madrid-bandos-contra-favor-benitez-37601.jpeg","contentUrl":"https:\/\/www.fcbarcelonanoticias.com\/en\/wp-content\/uploads\/sites\/2\/2015\/11\/vestuario-real-madrid-bandos-contra-favor-benitez-37601.jpeg","width":610,"height":343},{"@type":"BreadcrumbList","@id":"https:\/\/www.fcbarcelonanoticias.com\/en\/real-madrid\/in-the-madrid-begin-to-form-edicts-against-and-in-favour-of-benitez_37589_102.html#breadcrumb","itemListElement":[{"@type":"ListItem","position":1,"name":"Portada","item":"https:\/\/www.fcbarcelonanoticias.com\/en\/"},{"@type":"ListItem","position":2,"name":"In the Madrid begin to form edicts against and in favour of Ben\u00edtez"}]},{"@type":"WebSite","@id":"https:\/\/www.fcbarcelonanoticias.com\/en\/#website","url":"https:\/\/www.fcbarcelonanoticias.com\/en\/","name":"EN - FC Barcelona Noticias","description":"","potentialAction":[{"@type":"SearchAction","target":{"@type":"EntryPoint","urlTemplate":"https:\/\/www.fcbarcelonanoticias.com\/en\/?s={search_term_string}"},"query-input":{"@type":"PropertyValueSpecification","valueRequired":true,"valueName":"search_term_string"}}],"inLanguage":"en-US"},{"@type":"Person","@id":"https:\/\/www.fcbarcelonanoticias.com\/en\/#\/schema\/person\/ed5bb7a7aee68f98a042a7ff1a74c6dd","name":"user_4133","image":{"@type":"ImageObject","inLanguage":"en-US","@id":"https:\/\/secure.gravatar.com\/avatar\/?s=96&d=mm&r=g","url":"https:\/\/secure.gravatar.com\/avatar\/?s=96&d=mm&r=g","contentUrl":"https:\/\/secure.gravatar.com\/avatar\/?s=96&d=mm&r=g","caption":"user_4133"},"url":"https:\/\/www.fcbarcelonanoticias.com\/en\/user_4133.html"}]}},"_links":{"self":[{"href":"https:\/\/www.fcbarcelonanoticias.com\/en\/wp-json\/wp\/v2\/posts\/81945","targetHints":{"allow":["GET"]}}],"collection":[{"href":"https:\/\/www.fcbarcelonanoticias.com\/en\/wp-json\/wp\/v2\/posts"}],"about":[{"href":"https:\/\/www.fcbarcelonanoticias.com\/en\/wp-json\/wp\/v2\/types\/post"}],"author":[{"embeddable":true,"href":"https:\/\/www.fcbarcelonanoticias.com\/en\/wp-json\/wp\/v2\/users\/477"}],"replies":[{"embeddable":true,"href":"https:\/\/www.fcbarcelonanoticias.com\/en\/wp-json\/wp\/v2\/comments?post=81945"}],"version-history":[{"count":3,"href":"https:\/\/www.fcbarcelonanoticias.com\/en\/wp-json\/wp\/v2\/posts\/81945\/revisions"}],"predecessor-version":[{"id":81947,"href":"https:\/\/www.fcbarcelonanoticias.com\/en\/wp-json\/wp\/v2\/posts\/81945\/revisions\/81947"}],"wp:featuredmedia":[{"embeddable":true,"href":"https:\/\/www.fcbarcelonanoticias.com\/en\/wp-json\/wp\/v2\/media\/81953"}],"wp:attachment":[{"href":"https:\/\/www.fcbarcelonanoticias.com\/en\/wp-json\/wp\/v2\/media?parent=81945"}],"wp:term":[{"taxonomy":"category","embeddable":true,"href":"https:\/\/www.fcbarcelonanoticias.com\/en\/wp-json\/wp\/v2\/categories?post=81945"},{"taxonomy":"post_tag","embeddable":true,"href":"https:\/\/www.fcbarcelonanoticias.com\/en\/wp-json\/wp\/v2\/tags?post=81945"}],"curies":[{"name":"wp","href":"https:\/\/api.w.org\/{rel}","templated":true}]}}