{"id":82046,"date":"2023-07-18T00:24:00","date_gmt":"2023-07-17T22:24:00","guid":{"rendered":"https:\/\/weisetech.dev\/fc-barcelona-noticias\/en\/gavi-surprised-colleagues-last-training-fc-barcelona_294206_102\/"},"modified":"2023-07-18T00:24:00","modified_gmt":"2023-07-17T22:24:00","slug":"gavi-surprised-colleagues-last-training-fc-barcelona_294206_102","status":"publish","type":"post","link":"https:\/\/www.fcbarcelonanoticias.com\/en\/preseason\/gavi-surprised-colleagues-last-training-fc-barcelona_294206_102.html","title":{"rendered":"Gavi surprised his teammates in Bar\u00e7a&#8217;s last training session"},"content":{"rendered":"<h2 class=\"wp-block-heading\">Xavi Hern\u00e1ndez will add to the bulk of internationals from FC Barcelona to training this Tuesday. However, Gavi reappeared at the Ciudad Deportiva a day earlier to greet his teammates in the Monday afternoon session<\/h2>  \r\n<div class=\"article-addons\">\r\n    <a href=\"https:\/\/www.fcbarcelonanoticias.com\/en\/calendar-fc-barcelona.html\"\r\n       target=\"_self\"\r\n       title=\"Calendar of FC Barcelona\"\r\n       class=\"blue-gredient-btn\">\r\n       \r\n        Calendar of FC Barcelona    <\/a>\r\n<\/div>   <p>The session vespertina of trainings of the FC Barcelona explained the Monday with an unexpected visit. After an intense day in Can Bar\u00e7a by <a data-external=\"0\" data-intl-links-en=\"https:\/\/www.fcbarcelonanoticias.com\/en\/transfers\/laporta-returns-to-take-chest-for-the-plant-of-gundogan-to-the-suitors-who-paid-him-more_294189_102.html\" data-intl-links-es=\"https:\/\/www.fcbarcelonanoticias.com\/fichajes\/laporta-vuelve-sacar-pecho-por-plante-gundogan-pretendientes-le-pagaban-mas_294189_102.html\" href=\"https:\/\/www.fcbarcelonanoticias.com\/en\/transfers\/laporta-returns-to-take-chest-for-the-plant-of-gundogan-to-the-suitors-who-paid-him-more_294189_102.html\" rel=\"follow\" target=\"_self\" title=\"Laporta vuelve a sacar pecho por el 'plante' de G\u00fcndogan a los pretendientes que le&nbsp;pagaban&nbsp;m\u00e1s\">the presentation of \u00cdlkay G\u00fcndogan<\/a>, <strong>Gavi took advantage of to reappear in the Sportive City a day before the expected<\/strong>, surprising to his mates during the training of the afternoon.<\/p>  <blockquote class=\"twitter-tweet\"> <p dir=\"ltr\" lang=\"es\">Look who has come to see the train \ud83d\udc40 <a href=\"https:\/\/t.co\/en\/GOY6C5pBFk\">pic.twitter.com\/goy6c5pbfk<\/a><\/p> \u2014 FC Barcelona (@FCBarcelona_is) <a href=\"https:\/\/twitter.com\/en\/FCBarcelona_es\/status\/1681011517263687682?ref_src=twsrc%5Etfw\">July 17, 2023<\/a> <\/blockquote> <p>The one of The Palaces and Villafranca took advantage of to greet to the staff cul\u00e9 in <strong>the first of the three practices that will make the team before travelling the Wednesday to the United States<\/strong>. The mediocentro will add the Tuesday to the trainings beside the thickness of international Barcelona, between them the own G\u00fcndogan<strong>. <\/strong>The Saturday, Ansu Fati also had surprised when reporting with a pair of days of antelaci\u00f3n.<\/p>  <h2>Gavi Expects to tune to arrive to the Classical<\/h2>  <p>From this Tuesday, Gavi will train to the pair of the group thinking in putting to tope for turns it American. The Bar\u00e7a will contest four friendly in the coast American west between 22 July and on 1 August. In this sense, <strong>is very likely that so much the Andalusian like the other players that will add this Tuesday to the practices are not of the game the Saturday in front of the Juventus<\/strong>, but yes in the parties of the next week.<\/p>  <p>Of this way, <strong>the plan of Gavi aims to arrive to the 100 % to the <a data-external=\"0\" data-intl-links-en=\"https:\/\/www.fcbarcelonanoticias.com\/en\/preseason\/schedule-classic-date-all-games-preseason-barca_293698_102.html\" data-intl-links-es=\"https:\/\/www.fcbarcelonanoticias.com\/pretemporada\/horario-clasico-fecha-todos-partidos-pretemporada-barca_293698_102.html\" href=\"https:\/\/www.fcbarcelonanoticias.com\/en\/preseason\/schedule-classic-date-all-games-preseason-barca_293698_102.html\" rel=\"follow\" target=\"_self\" title=\"Horario del Cl\u00e1sico y fecha de todos los partidos de pretemporada del Bar\u00e7a\">Classical <\/a><a data-external=\"0\" data-intl-links-en=\"https:\/\/www.fcbarcelonanoticias.com\/en\/preseason\/schedule-classic-date-all-games-preseason-barca_293698_102.html\" data-intl-links-es=\"https:\/\/www.fcbarcelonanoticias.com\/pretemporada\/horario-clasico-fecha-todos-partidos-pretemporada-barca_293698_102.html\" href=\"https:\/\/www.fcbarcelonanoticias.com\/en\/preseason\/schedule-classic-date-all-games-preseason-barca_293698_102.html\" rel=\"follow\" target=\"_self\" title=\"Horario del Cl\u00e1sico y fecha de todos los partidos de pretemporada del Bar\u00e7a\"> in The Vegas<\/a> in front of the Real Madrid the Saturday 29<\/strong>. Previously, the ones of Xavi will confront to the Arsenal the Wednesday 26 in California, whereas the last party of turns it will be in front of the AC Milan the Tuesday 1 August. <strong>The Bar\u00e7a will split to North America this Wednesday to the 14:30 peninsular hour<\/strong>. In the morning, the team will complete his last session in Sant Joan Desp\u00ed.<\/p>  <h2>Ansu Added to the trainings this Monday<\/h2>  <p>The another that already &#8216;debuted&#8217; formally in the pre-season was Ansu, the one who had reappeared the Saturday in the Sportive City. The &#8217;10&#8217; trained with normality beside <strong>I\u00f1aki Crag, Balde, Dest, Eric, Ara\u00fajo, Marcos, Sergi Roberto, Nico Gonz\u00e1lez, Pedri, Ferran and Raphinha<\/strong>. I\u00f1igo Mart\u00ednez also was in the session, but follows to the margin of the group by some physical annoyances that will prevent him travel with the team to the United States.<\/p> ","protected":false},"excerpt":{"rendered":"<p>Xavi Hern\u00e1ndez will add to the bulk of internationals from FC Barcelona to training this Tuesday. However, Gavi reappeared at the Ciudad Deportiva a day earlier to greet his teammates in the Monday afternoon session The session vespertina of trainings of the FC Barcelona explained the Monday with an unexpected visit. After an intense day [&hellip;]<\/p>\n","protected":false},"author":347,"featured_media":82052,"comment_status":"closed","ping_status":"open","sticky":false,"template":"","format":"standard","meta":{"_acf_changed":false,"inline_featured_image":false,"_nextfly_llmd_date_locked":false,"footnotes":""},"categories":[131],"tags":[],"class_list":["post-82046","post","type-post","status-publish","format-standard","has-post-thumbnail","hentry","category-preseason"],"acf":[],"yoast_head":"<!-- This site is optimized with the Yoast SEO plugin v27.3 - https:\/\/yoast.com\/product\/yoast-seo-wordpress\/ -->\n<title>Gavi surprised his teammates in Bar\u00e7a&#039;s last training session<\/title>\n<meta name=\"description\" content=\"Xavi Hern\u00e1ndez will add to the bulk of internationals from FC Barcelona to training this Tuesday. However, Gavi reappeared at the Ciudad Deportiva a day earlier to greet his teammates in the Monday afternoon session\" \/>\n<meta name=\"robots\" content=\"index, follow, max-snippet:-1, max-image-preview:large, max-video-preview:-1\" \/>\n<link rel=\"canonical\" href=\"https:\/\/www.fcbarcelonanoticias.com\/en\/preseason\/gavi-surprised-colleagues-last-training-fc-barcelona_294206_102.html\" \/>\n<meta property=\"og:locale\" content=\"en_US\" \/>\n<meta property=\"og:type\" content=\"article\" \/>\n<meta property=\"og:title\" content=\"Gavi surprised his teammates in Bar\u00e7a&#039;s last training session\" \/>\n<meta property=\"og:description\" content=\"Xavi Hern\u00e1ndez will add to the bulk of internationals from FC Barcelona to training this Tuesday. However, Gavi reappeared at the Ciudad Deportiva a day earlier to greet his teammates in the Monday afternoon session\" \/>\n<meta property=\"og:url\" content=\"https:\/\/www.fcbarcelonanoticias.com\/en\/preseason\/gavi-surprised-colleagues-last-training-fc-barcelona_294206_102.html\" \/>\n<meta property=\"og:site_name\" content=\"EN - FC Barcelona Noticias\" \/>\n<meta property=\"article:published_time\" content=\"2023-07-17T22:24:00+00:00\" \/>\n<meta property=\"og:image\" content=\"https:\/\/www.fcbarcelonanoticias.com\/en\/wp-content\/uploads\/sites\/2\/2023\/07\/gavi-y-araujo-sobre-el-cesped-del-rcde-stadium-1.jpeg\" \/>\n\t<meta property=\"og:image:width\" content=\"1300\" \/>\n\t<meta property=\"og:image:height\" content=\"749\" \/>\n\t<meta property=\"og:image:type\" content=\"image\/jpeg\" \/>\n<meta name=\"author\" content=\"Andr\u00e9s Quiroz\" \/>\n<meta name=\"twitter:card\" content=\"summary_large_image\" \/>\n<meta name=\"twitter:label1\" content=\"Written by\" \/>\n\t<meta name=\"twitter:data1\" content=\"Andr\u00e9s Quiroz\" \/>\n\t<meta name=\"twitter:label2\" content=\"Est. reading time\" \/>\n\t<meta name=\"twitter:data2\" content=\"2 minutes\" \/>\n<script type=\"application\/ld+json\" class=\"yoast-schema-graph\">{\"@context\":\"https:\\\/\\\/schema.org\",\"@graph\":[{\"@type\":\"Article\",\"@id\":\"https:\\\/\\\/www.fcbarcelonanoticias.com\\\/en\\\/preseason\\\/gavi-surprised-colleagues-last-training-fc-barcelona_294206_102.html#article\",\"isPartOf\":{\"@id\":\"https:\\\/\\\/www.fcbarcelonanoticias.com\\\/en\\\/preseason\\\/gavi-surprised-colleagues-last-training-fc-barcelona_294206_102.html\"},\"author\":{\"name\":\"Andr\u00e9s Quiroz\",\"@id\":\"https:\\\/\\\/www.fcbarcelonanoticias.com\\\/en\\\/#\\\/schema\\\/person\\\/c2cd9f6fa1af5c0d0eccd0fefa575c88\"},\"headline\":\"Gavi surprised his teammates in Bar\u00e7a&#8217;s last training session\",\"datePublished\":\"2023-07-17T22:24:00+00:00\",\"mainEntityOfPage\":{\"@id\":\"https:\\\/\\\/www.fcbarcelonanoticias.com\\\/en\\\/preseason\\\/gavi-surprised-colleagues-last-training-fc-barcelona_294206_102.html\"},\"wordCount\":458,\"image\":{\"@id\":\"https:\\\/\\\/www.fcbarcelonanoticias.com\\\/en\\\/preseason\\\/gavi-surprised-colleagues-last-training-fc-barcelona_294206_102.html#primaryimage\"},\"thumbnailUrl\":\"https:\\\/\\\/www.fcbarcelonanoticias.com\\\/en\\\/wp-content\\\/uploads\\\/sites\\\/2\\\/2023\\\/07\\\/gavi-y-araujo-sobre-el-cesped-del-rcde-stadium-1.jpeg\",\"articleSection\":[\"Preseason\"],\"inLanguage\":\"en-US\"},{\"@type\":\"WebPage\",\"@id\":\"https:\\\/\\\/www.fcbarcelonanoticias.com\\\/en\\\/preseason\\\/gavi-surprised-colleagues-last-training-fc-barcelona_294206_102.html\",\"url\":\"https:\\\/\\\/www.fcbarcelonanoticias.com\\\/en\\\/preseason\\\/gavi-surprised-colleagues-last-training-fc-barcelona_294206_102.html\",\"name\":\"Gavi surprised his teammates in Bar\u00e7a's last training session\",\"isPartOf\":{\"@id\":\"https:\\\/\\\/www.fcbarcelonanoticias.com\\\/en\\\/#website\"},\"primaryImageOfPage\":{\"@id\":\"https:\\\/\\\/www.fcbarcelonanoticias.com\\\/en\\\/preseason\\\/gavi-surprised-colleagues-last-training-fc-barcelona_294206_102.html#primaryimage\"},\"image\":{\"@id\":\"https:\\\/\\\/www.fcbarcelonanoticias.com\\\/en\\\/preseason\\\/gavi-surprised-colleagues-last-training-fc-barcelona_294206_102.html#primaryimage\"},\"thumbnailUrl\":\"https:\\\/\\\/www.fcbarcelonanoticias.com\\\/en\\\/wp-content\\\/uploads\\\/sites\\\/2\\\/2023\\\/07\\\/gavi-y-araujo-sobre-el-cesped-del-rcde-stadium-1.jpeg\",\"datePublished\":\"2023-07-17T22:24:00+00:00\",\"author\":{\"@id\":\"https:\\\/\\\/www.fcbarcelonanoticias.com\\\/en\\\/#\\\/schema\\\/person\\\/c2cd9f6fa1af5c0d0eccd0fefa575c88\"},\"description\":\"Xavi Hern\u00e1ndez will add to the bulk of internationals from FC Barcelona to training this Tuesday. However, Gavi reappeared at the Ciudad Deportiva a day earlier to greet his teammates in the Monday afternoon session\",\"breadcrumb\":{\"@id\":\"https:\\\/\\\/www.fcbarcelonanoticias.com\\\/en\\\/preseason\\\/gavi-surprised-colleagues-last-training-fc-barcelona_294206_102.html#breadcrumb\"},\"inLanguage\":\"en-US\",\"potentialAction\":[{\"@type\":\"ReadAction\",\"target\":[\"https:\\\/\\\/www.fcbarcelonanoticias.com\\\/en\\\/preseason\\\/gavi-surprised-colleagues-last-training-fc-barcelona_294206_102.html\"]}]},{\"@type\":\"ImageObject\",\"inLanguage\":\"en-US\",\"@id\":\"https:\\\/\\\/www.fcbarcelonanoticias.com\\\/en\\\/preseason\\\/gavi-surprised-colleagues-last-training-fc-barcelona_294206_102.html#primaryimage\",\"url\":\"https:\\\/\\\/www.fcbarcelonanoticias.com\\\/en\\\/wp-content\\\/uploads\\\/sites\\\/2\\\/2023\\\/07\\\/gavi-y-araujo-sobre-el-cesped-del-rcde-stadium-1.jpeg\",\"contentUrl\":\"https:\\\/\\\/www.fcbarcelonanoticias.com\\\/en\\\/wp-content\\\/uploads\\\/sites\\\/2\\\/2023\\\/07\\\/gavi-y-araujo-sobre-el-cesped-del-rcde-stadium-1.jpeg\",\"width\":1300,\"height\":749},{\"@type\":\"BreadcrumbList\",\"@id\":\"https:\\\/\\\/www.fcbarcelonanoticias.com\\\/en\\\/preseason\\\/gavi-surprised-colleagues-last-training-fc-barcelona_294206_102.html#breadcrumb\",\"itemListElement\":[{\"@type\":\"ListItem\",\"position\":1,\"name\":\"Portada\",\"item\":\"https:\\\/\\\/www.fcbarcelonanoticias.com\\\/en\\\/\"},{\"@type\":\"ListItem\",\"position\":2,\"name\":\"Gavi surprised his teammates in Bar\u00e7a&#8217;s last training session\"}]},{\"@type\":\"WebSite\",\"@id\":\"https:\\\/\\\/www.fcbarcelonanoticias.com\\\/en\\\/#website\",\"url\":\"https:\\\/\\\/www.fcbarcelonanoticias.com\\\/en\\\/\",\"name\":\"EN - FC Barcelona Noticias\",\"description\":\"\",\"potentialAction\":[{\"@type\":\"SearchAction\",\"target\":{\"@type\":\"EntryPoint\",\"urlTemplate\":\"https:\\\/\\\/www.fcbarcelonanoticias.com\\\/en\\\/?s={search_term_string}\"},\"query-input\":{\"@type\":\"PropertyValueSpecification\",\"valueRequired\":true,\"valueName\":\"search_term_string\"}}],\"inLanguage\":\"en-US\"},{\"@type\":\"Person\",\"@id\":\"https:\\\/\\\/www.fcbarcelonanoticias.com\\\/en\\\/#\\\/schema\\\/person\\\/c2cd9f6fa1af5c0d0eccd0fefa575c88\",\"name\":\"Andr\u00e9s Quiroz\",\"image\":{\"@type\":\"ImageObject\",\"inLanguage\":\"en-US\",\"@id\":\"https:\\\/\\\/secure.gravatar.com\\\/avatar\\\/?s=96&d=mm&r=g\",\"url\":\"https:\\\/\\\/secure.gravatar.com\\\/avatar\\\/?s=96&d=mm&r=g\",\"contentUrl\":\"https:\\\/\\\/secure.gravatar.com\\\/avatar\\\/?s=96&d=mm&r=g\",\"caption\":\"Andr\u00e9s Quiroz\"},\"description\":\"Licenciado en Periodismo por la Universidad de los Andes. Me encargo de analizar y compartir los contenidos m\u00e1s destacados de la\u00a0actualidad del F\u00fatbol Club Barcelona, Mercado de Fichajes y F\u00fatbol Internacional en FCBN. La informaci\u00f3n es poder, pero tambi\u00e9n conocimiento.\",\"url\":\"https:\\\/\\\/www.fcbarcelonanoticias.com\\\/en\\\/fc-barcelona\\\/andres-quiroz_17_115.html\"}]}<\/script>\n<!-- \/ Yoast SEO plugin. -->","yoast_head_json":{"title":"Gavi surprised his teammates in Bar\u00e7a's last training session","description":"Xavi Hern\u00e1ndez will add to the bulk of internationals from FC Barcelona to training this Tuesday. However, Gavi reappeared at the Ciudad Deportiva a day earlier to greet his teammates in the Monday afternoon session","robots":{"index":"index","follow":"follow","max-snippet":"max-snippet:-1","max-image-preview":"max-image-preview:large","max-video-preview":"max-video-preview:-1"},"canonical":"https:\/\/www.fcbarcelonanoticias.com\/en\/preseason\/gavi-surprised-colleagues-last-training-fc-barcelona_294206_102.html","og_locale":"en_US","og_type":"article","og_title":"Gavi surprised his teammates in Bar\u00e7a's last training session","og_description":"Xavi Hern\u00e1ndez will add to the bulk of internationals from FC Barcelona to training this Tuesday. However, Gavi reappeared at the Ciudad Deportiva a day earlier to greet his teammates in the Monday afternoon session","og_url":"https:\/\/www.fcbarcelonanoticias.com\/en\/preseason\/gavi-surprised-colleagues-last-training-fc-barcelona_294206_102.html","og_site_name":"EN - FC Barcelona Noticias","article_published_time":"2023-07-17T22:24:00+00:00","og_image":[{"width":1300,"height":749,"url":"https:\/\/www.fcbarcelonanoticias.com\/en\/wp-content\/uploads\/sites\/2\/2023\/07\/gavi-y-araujo-sobre-el-cesped-del-rcde-stadium-1.jpeg","type":"image\/jpeg"}],"author":"Andr\u00e9s Quiroz","twitter_card":"summary_large_image","twitter_misc":{"Written by":"Andr\u00e9s Quiroz","Est. reading time":"2 minutes"},"schema":{"@context":"https:\/\/schema.org","@graph":[{"@type":"Article","@id":"https:\/\/www.fcbarcelonanoticias.com\/en\/preseason\/gavi-surprised-colleagues-last-training-fc-barcelona_294206_102.html#article","isPartOf":{"@id":"https:\/\/www.fcbarcelonanoticias.com\/en\/preseason\/gavi-surprised-colleagues-last-training-fc-barcelona_294206_102.html"},"author":{"name":"Andr\u00e9s Quiroz","@id":"https:\/\/www.fcbarcelonanoticias.com\/en\/#\/schema\/person\/c2cd9f6fa1af5c0d0eccd0fefa575c88"},"headline":"Gavi surprised his teammates in Bar\u00e7a&#8217;s last training session","datePublished":"2023-07-17T22:24:00+00:00","mainEntityOfPage":{"@id":"https:\/\/www.fcbarcelonanoticias.com\/en\/preseason\/gavi-surprised-colleagues-last-training-fc-barcelona_294206_102.html"},"wordCount":458,"image":{"@id":"https:\/\/www.fcbarcelonanoticias.com\/en\/preseason\/gavi-surprised-colleagues-last-training-fc-barcelona_294206_102.html#primaryimage"},"thumbnailUrl":"https:\/\/www.fcbarcelonanoticias.com\/en\/wp-content\/uploads\/sites\/2\/2023\/07\/gavi-y-araujo-sobre-el-cesped-del-rcde-stadium-1.jpeg","articleSection":["Preseason"],"inLanguage":"en-US"},{"@type":"WebPage","@id":"https:\/\/www.fcbarcelonanoticias.com\/en\/preseason\/gavi-surprised-colleagues-last-training-fc-barcelona_294206_102.html","url":"https:\/\/www.fcbarcelonanoticias.com\/en\/preseason\/gavi-surprised-colleagues-last-training-fc-barcelona_294206_102.html","name":"Gavi surprised his teammates in Bar\u00e7a's last training session","isPartOf":{"@id":"https:\/\/www.fcbarcelonanoticias.com\/en\/#website"},"primaryImageOfPage":{"@id":"https:\/\/www.fcbarcelonanoticias.com\/en\/preseason\/gavi-surprised-colleagues-last-training-fc-barcelona_294206_102.html#primaryimage"},"image":{"@id":"https:\/\/www.fcbarcelonanoticias.com\/en\/preseason\/gavi-surprised-colleagues-last-training-fc-barcelona_294206_102.html#primaryimage"},"thumbnailUrl":"https:\/\/www.fcbarcelonanoticias.com\/en\/wp-content\/uploads\/sites\/2\/2023\/07\/gavi-y-araujo-sobre-el-cesped-del-rcde-stadium-1.jpeg","datePublished":"2023-07-17T22:24:00+00:00","author":{"@id":"https:\/\/www.fcbarcelonanoticias.com\/en\/#\/schema\/person\/c2cd9f6fa1af5c0d0eccd0fefa575c88"},"description":"Xavi Hern\u00e1ndez will add to the bulk of internationals from FC Barcelona to training this Tuesday. However, Gavi reappeared at the Ciudad Deportiva a day earlier to greet his teammates in the Monday afternoon session","breadcrumb":{"@id":"https:\/\/www.fcbarcelonanoticias.com\/en\/preseason\/gavi-surprised-colleagues-last-training-fc-barcelona_294206_102.html#breadcrumb"},"inLanguage":"en-US","potentialAction":[{"@type":"ReadAction","target":["https:\/\/www.fcbarcelonanoticias.com\/en\/preseason\/gavi-surprised-colleagues-last-training-fc-barcelona_294206_102.html"]}]},{"@type":"ImageObject","inLanguage":"en-US","@id":"https:\/\/www.fcbarcelonanoticias.com\/en\/preseason\/gavi-surprised-colleagues-last-training-fc-barcelona_294206_102.html#primaryimage","url":"https:\/\/www.fcbarcelonanoticias.com\/en\/wp-content\/uploads\/sites\/2\/2023\/07\/gavi-y-araujo-sobre-el-cesped-del-rcde-stadium-1.jpeg","contentUrl":"https:\/\/www.fcbarcelonanoticias.com\/en\/wp-content\/uploads\/sites\/2\/2023\/07\/gavi-y-araujo-sobre-el-cesped-del-rcde-stadium-1.jpeg","width":1300,"height":749},{"@type":"BreadcrumbList","@id":"https:\/\/www.fcbarcelonanoticias.com\/en\/preseason\/gavi-surprised-colleagues-last-training-fc-barcelona_294206_102.html#breadcrumb","itemListElement":[{"@type":"ListItem","position":1,"name":"Portada","item":"https:\/\/www.fcbarcelonanoticias.com\/en\/"},{"@type":"ListItem","position":2,"name":"Gavi surprised his teammates in Bar\u00e7a&#8217;s last training session"}]},{"@type":"WebSite","@id":"https:\/\/www.fcbarcelonanoticias.com\/en\/#website","url":"https:\/\/www.fcbarcelonanoticias.com\/en\/","name":"EN - FC Barcelona Noticias","description":"","potentialAction":[{"@type":"SearchAction","target":{"@type":"EntryPoint","urlTemplate":"https:\/\/www.fcbarcelonanoticias.com\/en\/?s={search_term_string}"},"query-input":{"@type":"PropertyValueSpecification","valueRequired":true,"valueName":"search_term_string"}}],"inLanguage":"en-US"},{"@type":"Person","@id":"https:\/\/www.fcbarcelonanoticias.com\/en\/#\/schema\/person\/c2cd9f6fa1af5c0d0eccd0fefa575c88","name":"Andr\u00e9s Quiroz","image":{"@type":"ImageObject","inLanguage":"en-US","@id":"https:\/\/secure.gravatar.com\/avatar\/?s=96&d=mm&r=g","url":"https:\/\/secure.gravatar.com\/avatar\/?s=96&d=mm&r=g","contentUrl":"https:\/\/secure.gravatar.com\/avatar\/?s=96&d=mm&r=g","caption":"Andr\u00e9s Quiroz"},"description":"Licenciado en Periodismo por la Universidad de los Andes. Me encargo de analizar y compartir los contenidos m\u00e1s destacados de la\u00a0actualidad del F\u00fatbol Club Barcelona, Mercado de Fichajes y F\u00fatbol Internacional en FCBN. La informaci\u00f3n es poder, pero tambi\u00e9n conocimiento.","url":"https:\/\/www.fcbarcelonanoticias.com\/en\/fc-barcelona\/andres-quiroz_17_115.html"}]}},"_links":{"self":[{"href":"https:\/\/www.fcbarcelonanoticias.com\/en\/wp-json\/wp\/v2\/posts\/82046","targetHints":{"allow":["GET"]}}],"collection":[{"href":"https:\/\/www.fcbarcelonanoticias.com\/en\/wp-json\/wp\/v2\/posts"}],"about":[{"href":"https:\/\/www.fcbarcelonanoticias.com\/en\/wp-json\/wp\/v2\/types\/post"}],"author":[{"embeddable":true,"href":"https:\/\/www.fcbarcelonanoticias.com\/en\/wp-json\/wp\/v2\/users\/347"}],"replies":[{"embeddable":true,"href":"https:\/\/www.fcbarcelonanoticias.com\/en\/wp-json\/wp\/v2\/comments?post=82046"}],"version-history":[{"count":1,"href":"https:\/\/www.fcbarcelonanoticias.com\/en\/wp-json\/wp\/v2\/posts\/82046\/revisions"}],"predecessor-version":[{"id":124006,"href":"https:\/\/www.fcbarcelonanoticias.com\/en\/wp-json\/wp\/v2\/posts\/82046\/revisions\/124006"}],"wp:featuredmedia":[{"embeddable":true,"href":"https:\/\/www.fcbarcelonanoticias.com\/en\/wp-json\/wp\/v2\/media\/82052"}],"wp:attachment":[{"href":"https:\/\/www.fcbarcelonanoticias.com\/en\/wp-json\/wp\/v2\/media?parent=82046"}],"wp:term":[{"taxonomy":"category","embeddable":true,"href":"https:\/\/www.fcbarcelonanoticias.com\/en\/wp-json\/wp\/v2\/categories?post=82046"},{"taxonomy":"post_tag","embeddable":true,"href":"https:\/\/www.fcbarcelonanoticias.com\/en\/wp-json\/wp\/v2\/tags?post=82046"}],"curies":[{"name":"wp","href":"https:\/\/api.w.org\/{rel}","templated":true}]}}