{"id":8205,"date":"2023-01-17T22:03:00","date_gmt":"2023-01-17T21:03:00","guid":{"rendered":"https:\/\/weisetech.dev\/fc-barcelona-noticias\/en\/the-madrid-could-play-the-glass-without-right-sides_288727_102\/"},"modified":"2023-01-17T22:03:00","modified_gmt":"2023-01-17T21:03:00","slug":"the-madrid-could-play-the-glass-without-right-sides_288727_102","status":"publish","type":"post","link":"https:\/\/www.fcbarcelonanoticias.com\/en\/copa-del-rey\/the-madrid-could-play-the-glass-without-right-sides_288727_102.html","title":{"rendered":"Madrid could play the Cup without right-backs"},"content":{"rendered":"<h2 class=\"wp-block-heading\">The drama of Real Madrid with the injuries in defense itches and spreads. The &#8216;merengues&#8217; must visit Villarreal on Thursday for the round of 16, a game they will reach without a born right-back due to the losses of Carvajal and Lucas V\u00e1zquez<\/h2>  \r\n<div class=\"article-addons\">\r\n    <a href=\"https:\/\/www.fcbarcelonanoticias.com\/en\/calendar-fc-barcelona.html\"\r\n       target=\"_self\"\r\n       title=\"Calendar of FC Barcelona\"\r\n       class=\"blue-gredient-btn\">\r\n       \r\n        Calendar of FC Barcelona    <\/a>\r\n<\/div>   <p>Dani Carvajal Will lose the crash of the Thursday in front of the Villarreal by the eighth of final of the Glass of Rey, <strong>a drop in defence that adds to the ones of David Praises and Lucas V\u00e1zquez<\/strong> that leaves to Carlo Ancelotti very engaged regarding right sides to visit The Ceramics. The <a data-external=\"0\" data-intl-links-en=\"https:\/\/www.fcbarcelonanoticias.com\/en\/real-madrid\/the-failure-of-hazard-three-years-and-half-in-the-madrid-and-any-classical_288702_102.html\" data-intl-links-es=\"https:\/\/www.fcbarcelonanoticias.com\/real-madrid\/fracaso-hazard-tres-anos-medio-en-madrid-ningun-clasico_288702_102.html\" href=\"https:\/\/www.fcbarcelonanoticias.com\/en\/real-madrid\/the-failure-of-hazard-three-years-and-half-in-the-madrid-and-any-classical_288702_102.html\" rel=\"follow\" target=\"_self\" title=\"El fracaso de Hazard: Tres a\u00f1os y medio en el Madrid y ning\u00fan Cl\u00e1sico\">Real Madrid<\/a> already fell this year in the remozado yellow stadium (2-1 by League on 7 January) and a defeat the Thursday would mean the second stray title of the season after the fall the Sunday in the Supercopa Spanish.<\/p>  <p>The Sunday, Carvajal and Antonio R\u00fcdiger were the most signalled in the Classical in which the FC Barcelona happened up to a Madrid without ideas and very soft backwards. <strong>The side suffers one overloads in the aductor right that prevented him train in the session of the Tuesday<\/strong>, by what, to these heights, his presence the Thursday is practically descartada, while the official medical part, for now, reduces to a &#8220;earring of evolution&#8221;. Neither it will be able to travel Aur\u00e9lien Tchouam\u00e9ni, drop beside Praises in the expedition to Arabia.<\/p>  <p>Like this the things to Ancelotti remain him only two possible options regarding born right sides. One is <strong>\u00c1lvaro Odriozola, the one who has not explained practically in all the season<\/strong> for the m\u00edster Italian (only has played 51 minutes in front of the Cacere\u00f1o). <strong>The another option is Vin\u00edcius Tob\u00edas, player of the Castilla<\/strong>. The Brazilian of 18 years could debut with the first team after contesting 21 parties with the filial (has delivered 4 assistances).<\/p>  <h3>Nacho and Militao, other alternatives<\/h3>  <p>In the first team, the options reduce to Nacho and \u00c9der Militao. The &#8216;6&#8217; played the 120 minutes in the semis of the Supercopa in front of the Valency like left side and always is had to play where Ancelotti put him. <b>&#8220;Be lateral? To me what does me happy is to play, without mattering the position. Only I want to play&#8221;<\/b>, it said the defender after the triumph in penaltis in front of the group &#8216;Ch\u00e9&#8217;. By his part, the Brazilian already showed in the World-wide with his selection that can adapt to play by the band, but even does not offer too many guarantees.<\/p>  <p>As last option, <strong><a data-external=\"0\" data-intl-links-en=\"https:\/\/www.fcbarcelonanoticias.com\/en\/real-madrid\/ancelotti-will-go-back-to-have-two-vital-drops-for-the-final-in-front-of-villarreal-and-athletic_288719_102.html\" data-intl-links-es=\"https:\/\/www.fcbarcelonanoticias.com\/real-madrid\/ancelotti-volvera-tener-dos-bajas-vitales-finales-villarreal-athletic_288719_102.html\" href=\"https:\/\/www.fcbarcelonanoticias.com\/en\/real-madrid\/ancelotti-will-go-back-to-have-two-vital-drops-for-the-final-in-front-of-villarreal-and-athletic_288719_102.html\" rel=\"follow\" target=\"_self\" title=\"Ancelotti volver\u00e1 a tener dos bajas vitales para las 'finales' ante Villarreal y Athletic\">Ancelotti<\/a> even could appeal by R\u00fcdiger to cover the right band<\/strong>, although it has seen him better by the left-handed side when it has touched him play recostado like side. Fede Valverde also tested in his moment like carrilero, but the wear of the Uruguayan does not give him in this moment to improvise of this way. In the defeat by League in front of the Villarreal, Militao was the one who occupied the right side, without too much fortune.<\/p> ","protected":false},"excerpt":{"rendered":"<p>The drama of Real Madrid with the injuries in defense itches and spreads. The &#8216;merengues&#8217; must visit Villarreal on Thursday for the round of 16, a game they will reach without a born right-back due to the losses of Carvajal and Lucas V\u00e1zquez Dani Carvajal Will lose the crash of the Thursday in front of [&hellip;]<\/p>\n","protected":false},"author":347,"featured_media":8206,"comment_status":"closed","ping_status":"open","sticky":false,"template":"","format":"standard","meta":{"_acf_changed":false,"inline_featured_image":false,"_nextfly_llmd_date_locked":false,"footnotes":""},"categories":[118,446],"tags":[],"class_list":["post-8205","post","type-post","status-publish","format-standard","has-post-thumbnail","hentry","category-copa-del-rey","category-copa-del-rey-2"],"acf":[],"yoast_head":"<!-- This site is optimized with the Yoast SEO plugin v27.3 - https:\/\/yoast.com\/product\/yoast-seo-wordpress\/ -->\n<title>The Madrid could play the Glass without right sides<\/title>\n<meta name=\"description\" content=\"The drama of the Real Madrid with the injuries in defence hammers and extends . The &#039;merengues&#039; have to visit to the Villarreal the Thursday by the eighth of final, a party to the that will arrive without a born right side by the drops of Carvajal and Lucas V\u00e1zquez\" \/>\n<meta name=\"robots\" content=\"index, follow, max-snippet:-1, max-image-preview:large, max-video-preview:-1\" \/>\n<link rel=\"canonical\" href=\"https:\/\/www.fcbarcelonanoticias.com\/en\/copa-del-rey\/the-madrid-could-play-the-glass-without-right-sides_288727_102.html\" \/>\n<meta property=\"og:locale\" content=\"en_US\" \/>\n<meta property=\"og:type\" content=\"article\" \/>\n<meta property=\"og:title\" content=\"The Madrid could play the Glass without right sides\" \/>\n<meta property=\"og:description\" content=\"The drama of the Real Madrid with the injuries in defence hammers and extends . The &#039;merengues&#039; have to visit to the Villarreal the Thursday by the eighth of final, a party to the that will arrive without a born right side by the drops of Carvajal and Lucas V\u00e1zquez\" \/>\n<meta property=\"og:url\" content=\"https:\/\/www.fcbarcelonanoticias.com\/en\/copa-del-rey\/the-madrid-could-play-the-glass-without-right-sides_288727_102.html\" \/>\n<meta property=\"og:site_name\" content=\"EN - FC Barcelona Noticias\" \/>\n<meta property=\"article:published_time\" content=\"2023-01-17T21:03:00+00:00\" \/>\n<meta property=\"og:image\" content=\"https:\/\/www.fcbarcelonanoticias.com\/en\/wp-content\/uploads\/sites\/2\/2023\/01\/dani-carvajal-carlo-ancelotti.jpeg\" \/>\n\t<meta property=\"og:image:width\" content=\"1300\" \/>\n\t<meta property=\"og:image:height\" content=\"732\" \/>\n\t<meta property=\"og:image:type\" content=\"image\/jpeg\" \/>\n<meta name=\"author\" content=\"Andr\u00e9s Quiroz\" \/>\n<meta name=\"twitter:card\" content=\"summary_large_image\" \/>\n<meta name=\"twitter:label1\" content=\"Written by\" \/>\n\t<meta name=\"twitter:data1\" content=\"Andr\u00e9s Quiroz\" \/>\n\t<meta name=\"twitter:label2\" content=\"Est. reading time\" \/>\n\t<meta name=\"twitter:data2\" content=\"3 minutes\" \/>\n<script type=\"application\/ld+json\" class=\"yoast-schema-graph\">{\"@context\":\"https:\\\/\\\/schema.org\",\"@graph\":[{\"@type\":\"Article\",\"@id\":\"https:\\\/\\\/www.fcbarcelonanoticias.com\\\/en\\\/copa-del-rey\\\/the-madrid-could-play-the-glass-without-right-sides_288727_102.html#article\",\"isPartOf\":{\"@id\":\"https:\\\/\\\/www.fcbarcelonanoticias.com\\\/en\\\/copa-del-rey\\\/the-madrid-could-play-the-glass-without-right-sides_288727_102.html\"},\"author\":{\"name\":\"Andr\u00e9s Quiroz\",\"@id\":\"https:\\\/\\\/www.fcbarcelonanoticias.com\\\/en\\\/#\\\/schema\\\/person\\\/c2cd9f6fa1af5c0d0eccd0fefa575c88\"},\"headline\":\"Madrid could play the Cup without right-backs\",\"datePublished\":\"2023-01-17T21:03:00+00:00\",\"mainEntityOfPage\":{\"@id\":\"https:\\\/\\\/www.fcbarcelonanoticias.com\\\/en\\\/copa-del-rey\\\/the-madrid-could-play-the-glass-without-right-sides_288727_102.html\"},\"wordCount\":507,\"image\":{\"@id\":\"https:\\\/\\\/www.fcbarcelonanoticias.com\\\/en\\\/copa-del-rey\\\/the-madrid-could-play-the-glass-without-right-sides_288727_102.html#primaryimage\"},\"thumbnailUrl\":\"https:\\\/\\\/www.fcbarcelonanoticias.com\\\/en\\\/wp-content\\\/uploads\\\/sites\\\/2\\\/2023\\\/01\\\/dani-carvajal-carlo-ancelotti.jpeg\",\"articleSection\":[\"Copa del Rey\",\"Copa del Rey\"],\"inLanguage\":\"en-US\"},{\"@type\":\"WebPage\",\"@id\":\"https:\\\/\\\/www.fcbarcelonanoticias.com\\\/en\\\/copa-del-rey\\\/the-madrid-could-play-the-glass-without-right-sides_288727_102.html\",\"url\":\"https:\\\/\\\/www.fcbarcelonanoticias.com\\\/en\\\/copa-del-rey\\\/the-madrid-could-play-the-glass-without-right-sides_288727_102.html\",\"name\":\"The Madrid could play the Glass without right sides\",\"isPartOf\":{\"@id\":\"https:\\\/\\\/www.fcbarcelonanoticias.com\\\/en\\\/#website\"},\"primaryImageOfPage\":{\"@id\":\"https:\\\/\\\/www.fcbarcelonanoticias.com\\\/en\\\/copa-del-rey\\\/the-madrid-could-play-the-glass-without-right-sides_288727_102.html#primaryimage\"},\"image\":{\"@id\":\"https:\\\/\\\/www.fcbarcelonanoticias.com\\\/en\\\/copa-del-rey\\\/the-madrid-could-play-the-glass-without-right-sides_288727_102.html#primaryimage\"},\"thumbnailUrl\":\"https:\\\/\\\/www.fcbarcelonanoticias.com\\\/en\\\/wp-content\\\/uploads\\\/sites\\\/2\\\/2023\\\/01\\\/dani-carvajal-carlo-ancelotti.jpeg\",\"datePublished\":\"2023-01-17T21:03:00+00:00\",\"author\":{\"@id\":\"https:\\\/\\\/www.fcbarcelonanoticias.com\\\/en\\\/#\\\/schema\\\/person\\\/c2cd9f6fa1af5c0d0eccd0fefa575c88\"},\"description\":\"The drama of the Real Madrid with the injuries in defence hammers and extends . The 'merengues' have to visit to the Villarreal the Thursday by the eighth of final, a party to the that will arrive without a born right side by the drops of Carvajal and Lucas V\u00e1zquez\",\"breadcrumb\":{\"@id\":\"https:\\\/\\\/www.fcbarcelonanoticias.com\\\/en\\\/copa-del-rey\\\/the-madrid-could-play-the-glass-without-right-sides_288727_102.html#breadcrumb\"},\"inLanguage\":\"en-US\",\"potentialAction\":[{\"@type\":\"ReadAction\",\"target\":[\"https:\\\/\\\/www.fcbarcelonanoticias.com\\\/en\\\/copa-del-rey\\\/the-madrid-could-play-the-glass-without-right-sides_288727_102.html\"]}]},{\"@type\":\"ImageObject\",\"inLanguage\":\"en-US\",\"@id\":\"https:\\\/\\\/www.fcbarcelonanoticias.com\\\/en\\\/copa-del-rey\\\/the-madrid-could-play-the-glass-without-right-sides_288727_102.html#primaryimage\",\"url\":\"https:\\\/\\\/www.fcbarcelonanoticias.com\\\/en\\\/wp-content\\\/uploads\\\/sites\\\/2\\\/2023\\\/01\\\/dani-carvajal-carlo-ancelotti.jpeg\",\"contentUrl\":\"https:\\\/\\\/www.fcbarcelonanoticias.com\\\/en\\\/wp-content\\\/uploads\\\/sites\\\/2\\\/2023\\\/01\\\/dani-carvajal-carlo-ancelotti.jpeg\",\"width\":1300,\"height\":732},{\"@type\":\"BreadcrumbList\",\"@id\":\"https:\\\/\\\/www.fcbarcelonanoticias.com\\\/en\\\/copa-del-rey\\\/the-madrid-could-play-the-glass-without-right-sides_288727_102.html#breadcrumb\",\"itemListElement\":[{\"@type\":\"ListItem\",\"position\":1,\"name\":\"Portada\",\"item\":\"https:\\\/\\\/www.fcbarcelonanoticias.com\\\/en\\\/\"},{\"@type\":\"ListItem\",\"position\":2,\"name\":\"Madrid could play the Cup without right-backs\"}]},{\"@type\":\"WebSite\",\"@id\":\"https:\\\/\\\/www.fcbarcelonanoticias.com\\\/en\\\/#website\",\"url\":\"https:\\\/\\\/www.fcbarcelonanoticias.com\\\/en\\\/\",\"name\":\"EN - FC Barcelona Noticias\",\"description\":\"\",\"potentialAction\":[{\"@type\":\"SearchAction\",\"target\":{\"@type\":\"EntryPoint\",\"urlTemplate\":\"https:\\\/\\\/www.fcbarcelonanoticias.com\\\/en\\\/?s={search_term_string}\"},\"query-input\":{\"@type\":\"PropertyValueSpecification\",\"valueRequired\":true,\"valueName\":\"search_term_string\"}}],\"inLanguage\":\"en-US\"},{\"@type\":\"Person\",\"@id\":\"https:\\\/\\\/www.fcbarcelonanoticias.com\\\/en\\\/#\\\/schema\\\/person\\\/c2cd9f6fa1af5c0d0eccd0fefa575c88\",\"name\":\"Andr\u00e9s Quiroz\",\"image\":{\"@type\":\"ImageObject\",\"inLanguage\":\"en-US\",\"@id\":\"https:\\\/\\\/secure.gravatar.com\\\/avatar\\\/?s=96&d=mm&r=g\",\"url\":\"https:\\\/\\\/secure.gravatar.com\\\/avatar\\\/?s=96&d=mm&r=g\",\"contentUrl\":\"https:\\\/\\\/secure.gravatar.com\\\/avatar\\\/?s=96&d=mm&r=g\",\"caption\":\"Andr\u00e9s Quiroz\"},\"description\":\"Licenciado en Periodismo por la Universidad de los Andes. Me encargo de analizar y compartir los contenidos m\u00e1s destacados de la\u00a0actualidad del F\u00fatbol Club Barcelona, Mercado de Fichajes y F\u00fatbol Internacional en FCBN. La informaci\u00f3n es poder, pero tambi\u00e9n conocimiento.\",\"url\":\"https:\\\/\\\/www.fcbarcelonanoticias.com\\\/en\\\/fc-barcelona\\\/andres-quiroz_17_115.html\"}]}<\/script>\n<!-- \/ Yoast SEO plugin. -->","yoast_head_json":{"title":"The Madrid could play the Glass without right sides","description":"The drama of the Real Madrid with the injuries in defence hammers and extends . The 'merengues' have to visit to the Villarreal the Thursday by the eighth of final, a party to the that will arrive without a born right side by the drops of Carvajal and Lucas V\u00e1zquez","robots":{"index":"index","follow":"follow","max-snippet":"max-snippet:-1","max-image-preview":"max-image-preview:large","max-video-preview":"max-video-preview:-1"},"canonical":"https:\/\/www.fcbarcelonanoticias.com\/en\/copa-del-rey\/the-madrid-could-play-the-glass-without-right-sides_288727_102.html","og_locale":"en_US","og_type":"article","og_title":"The Madrid could play the Glass without right sides","og_description":"The drama of the Real Madrid with the injuries in defence hammers and extends . The 'merengues' have to visit to the Villarreal the Thursday by the eighth of final, a party to the that will arrive without a born right side by the drops of Carvajal and Lucas V\u00e1zquez","og_url":"https:\/\/www.fcbarcelonanoticias.com\/en\/copa-del-rey\/the-madrid-could-play-the-glass-without-right-sides_288727_102.html","og_site_name":"EN - FC Barcelona Noticias","article_published_time":"2023-01-17T21:03:00+00:00","og_image":[{"width":1300,"height":732,"url":"https:\/\/www.fcbarcelonanoticias.com\/en\/wp-content\/uploads\/sites\/2\/2023\/01\/dani-carvajal-carlo-ancelotti.jpeg","type":"image\/jpeg"}],"author":"Andr\u00e9s Quiroz","twitter_card":"summary_large_image","twitter_misc":{"Written by":"Andr\u00e9s Quiroz","Est. reading time":"3 minutes"},"schema":{"@context":"https:\/\/schema.org","@graph":[{"@type":"Article","@id":"https:\/\/www.fcbarcelonanoticias.com\/en\/copa-del-rey\/the-madrid-could-play-the-glass-without-right-sides_288727_102.html#article","isPartOf":{"@id":"https:\/\/www.fcbarcelonanoticias.com\/en\/copa-del-rey\/the-madrid-could-play-the-glass-without-right-sides_288727_102.html"},"author":{"name":"Andr\u00e9s Quiroz","@id":"https:\/\/www.fcbarcelonanoticias.com\/en\/#\/schema\/person\/c2cd9f6fa1af5c0d0eccd0fefa575c88"},"headline":"Madrid could play the Cup without right-backs","datePublished":"2023-01-17T21:03:00+00:00","mainEntityOfPage":{"@id":"https:\/\/www.fcbarcelonanoticias.com\/en\/copa-del-rey\/the-madrid-could-play-the-glass-without-right-sides_288727_102.html"},"wordCount":507,"image":{"@id":"https:\/\/www.fcbarcelonanoticias.com\/en\/copa-del-rey\/the-madrid-could-play-the-glass-without-right-sides_288727_102.html#primaryimage"},"thumbnailUrl":"https:\/\/www.fcbarcelonanoticias.com\/en\/wp-content\/uploads\/sites\/2\/2023\/01\/dani-carvajal-carlo-ancelotti.jpeg","articleSection":["Copa del Rey","Copa del Rey"],"inLanguage":"en-US"},{"@type":"WebPage","@id":"https:\/\/www.fcbarcelonanoticias.com\/en\/copa-del-rey\/the-madrid-could-play-the-glass-without-right-sides_288727_102.html","url":"https:\/\/www.fcbarcelonanoticias.com\/en\/copa-del-rey\/the-madrid-could-play-the-glass-without-right-sides_288727_102.html","name":"The Madrid could play the Glass without right sides","isPartOf":{"@id":"https:\/\/www.fcbarcelonanoticias.com\/en\/#website"},"primaryImageOfPage":{"@id":"https:\/\/www.fcbarcelonanoticias.com\/en\/copa-del-rey\/the-madrid-could-play-the-glass-without-right-sides_288727_102.html#primaryimage"},"image":{"@id":"https:\/\/www.fcbarcelonanoticias.com\/en\/copa-del-rey\/the-madrid-could-play-the-glass-without-right-sides_288727_102.html#primaryimage"},"thumbnailUrl":"https:\/\/www.fcbarcelonanoticias.com\/en\/wp-content\/uploads\/sites\/2\/2023\/01\/dani-carvajal-carlo-ancelotti.jpeg","datePublished":"2023-01-17T21:03:00+00:00","author":{"@id":"https:\/\/www.fcbarcelonanoticias.com\/en\/#\/schema\/person\/c2cd9f6fa1af5c0d0eccd0fefa575c88"},"description":"The drama of the Real Madrid with the injuries in defence hammers and extends . The 'merengues' have to visit to the Villarreal the Thursday by the eighth of final, a party to the that will arrive without a born right side by the drops of Carvajal and Lucas V\u00e1zquez","breadcrumb":{"@id":"https:\/\/www.fcbarcelonanoticias.com\/en\/copa-del-rey\/the-madrid-could-play-the-glass-without-right-sides_288727_102.html#breadcrumb"},"inLanguage":"en-US","potentialAction":[{"@type":"ReadAction","target":["https:\/\/www.fcbarcelonanoticias.com\/en\/copa-del-rey\/the-madrid-could-play-the-glass-without-right-sides_288727_102.html"]}]},{"@type":"ImageObject","inLanguage":"en-US","@id":"https:\/\/www.fcbarcelonanoticias.com\/en\/copa-del-rey\/the-madrid-could-play-the-glass-without-right-sides_288727_102.html#primaryimage","url":"https:\/\/www.fcbarcelonanoticias.com\/en\/wp-content\/uploads\/sites\/2\/2023\/01\/dani-carvajal-carlo-ancelotti.jpeg","contentUrl":"https:\/\/www.fcbarcelonanoticias.com\/en\/wp-content\/uploads\/sites\/2\/2023\/01\/dani-carvajal-carlo-ancelotti.jpeg","width":1300,"height":732},{"@type":"BreadcrumbList","@id":"https:\/\/www.fcbarcelonanoticias.com\/en\/copa-del-rey\/the-madrid-could-play-the-glass-without-right-sides_288727_102.html#breadcrumb","itemListElement":[{"@type":"ListItem","position":1,"name":"Portada","item":"https:\/\/www.fcbarcelonanoticias.com\/en\/"},{"@type":"ListItem","position":2,"name":"Madrid could play the Cup without right-backs"}]},{"@type":"WebSite","@id":"https:\/\/www.fcbarcelonanoticias.com\/en\/#website","url":"https:\/\/www.fcbarcelonanoticias.com\/en\/","name":"EN - FC Barcelona Noticias","description":"","potentialAction":[{"@type":"SearchAction","target":{"@type":"EntryPoint","urlTemplate":"https:\/\/www.fcbarcelonanoticias.com\/en\/?s={search_term_string}"},"query-input":{"@type":"PropertyValueSpecification","valueRequired":true,"valueName":"search_term_string"}}],"inLanguage":"en-US"},{"@type":"Person","@id":"https:\/\/www.fcbarcelonanoticias.com\/en\/#\/schema\/person\/c2cd9f6fa1af5c0d0eccd0fefa575c88","name":"Andr\u00e9s Quiroz","image":{"@type":"ImageObject","inLanguage":"en-US","@id":"https:\/\/secure.gravatar.com\/avatar\/?s=96&d=mm&r=g","url":"https:\/\/secure.gravatar.com\/avatar\/?s=96&d=mm&r=g","contentUrl":"https:\/\/secure.gravatar.com\/avatar\/?s=96&d=mm&r=g","caption":"Andr\u00e9s Quiroz"},"description":"Licenciado en Periodismo por la Universidad de los Andes. Me encargo de analizar y compartir los contenidos m\u00e1s destacados de la\u00a0actualidad del F\u00fatbol Club Barcelona, Mercado de Fichajes y F\u00fatbol Internacional en FCBN. La informaci\u00f3n es poder, pero tambi\u00e9n conocimiento.","url":"https:\/\/www.fcbarcelonanoticias.com\/en\/fc-barcelona\/andres-quiroz_17_115.html"}]}},"_links":{"self":[{"href":"https:\/\/www.fcbarcelonanoticias.com\/en\/wp-json\/wp\/v2\/posts\/8205","targetHints":{"allow":["GET"]}}],"collection":[{"href":"https:\/\/www.fcbarcelonanoticias.com\/en\/wp-json\/wp\/v2\/posts"}],"about":[{"href":"https:\/\/www.fcbarcelonanoticias.com\/en\/wp-json\/wp\/v2\/types\/post"}],"author":[{"embeddable":true,"href":"https:\/\/www.fcbarcelonanoticias.com\/en\/wp-json\/wp\/v2\/users\/347"}],"replies":[{"embeddable":true,"href":"https:\/\/www.fcbarcelonanoticias.com\/en\/wp-json\/wp\/v2\/comments?post=8205"}],"version-history":[{"count":1,"href":"https:\/\/www.fcbarcelonanoticias.com\/en\/wp-json\/wp\/v2\/posts\/8205\/revisions"}],"predecessor-version":[{"id":105020,"href":"https:\/\/www.fcbarcelonanoticias.com\/en\/wp-json\/wp\/v2\/posts\/8205\/revisions\/105020"}],"wp:featuredmedia":[{"embeddable":true,"href":"https:\/\/www.fcbarcelonanoticias.com\/en\/wp-json\/wp\/v2\/media\/8206"}],"wp:attachment":[{"href":"https:\/\/www.fcbarcelonanoticias.com\/en\/wp-json\/wp\/v2\/media?parent=8205"}],"wp:term":[{"taxonomy":"category","embeddable":true,"href":"https:\/\/www.fcbarcelonanoticias.com\/en\/wp-json\/wp\/v2\/categories?post=8205"},{"taxonomy":"post_tag","embeddable":true,"href":"https:\/\/www.fcbarcelonanoticias.com\/en\/wp-json\/wp\/v2\/tags?post=8205"}],"curies":[{"name":"wp","href":"https:\/\/api.w.org\/{rel}","templated":true}]}}