{"id":82173,"date":"2023-06-08T20:33:00","date_gmt":"2023-06-08T18:33:00","guid":{"rendered":"https:\/\/weisetech.dev\/fc-barcelona-noticias\/en\/official-fc-barcelona-reveals-when-next-preseason-will-start_293047_102\/"},"modified":"2023-06-08T20:33:00","modified_gmt":"2023-06-08T18:33:00","slug":"official-fc-barcelona-reveals-when-next-preseason-will-start_293047_102","status":"publish","type":"post","link":"https:\/\/www.fcbarcelonanoticias.com\/en\/preseason\/official-fc-barcelona-reveals-when-next-preseason-will-start_293047_102.html","title":{"rendered":"OFFICIAL: FC Barcelona reveals when the next preseason will start"},"content":{"rendered":"<h2 class=\"wp-block-heading\">The preseason of FC Barcelona, at least at the beginning, is already fully defined and confirmed by the Bar\u00e7a club itself, which on Thursday offered several details<\/h2>  \r\n<div class=\"article-addons\">\r\n    <a href=\"https:\/\/www.fcbarcelonanoticias.com\/en\/calendar-fc-barcelona.html\"\r\n       target=\"_self\"\r\n       title=\"Calendar of FC Barcelona\"\r\n       class=\"blue-gredient-btn\">\r\n       \r\n        Calendar of FC Barcelona    <\/a>\r\n<\/div>   <p><a data-external=\"0\" data-intl-links-en=\"https:\/\/www.fcbarcelonanoticias.com\/en\/players\/barca-must-define-their-hierarchy-in-the-dressing-room-after-the-no-of-leo-messi_293040_102.html\" data-intl-links-es=\"https:\/\/www.fcbarcelonanoticias.com\/jugadores\/barcelona-debe-definir-su-jerarquia-en-vestuario-no-leo-messi_293040_102.html\" href=\"https:\/\/www.fcbarcelonanoticias.com\/en\/players\/barca-must-define-their-hierarchy-in-the-dressing-room-after-the-no-of-leo-messi_293040_102.html\" no=\"\" rel=\"follow\" target=\"_self\" title=\"El Bar\u00e7a debe definir su jerarqu\u00eda en el vestuario tras el \">The staff of the FC Barcelona<\/a> has begun officially his holidays of summer after the party of the League against the Celtic of Vigo and the friendly against the Vissel Kobe in Tokyo, which closed the course the past Tuesday. After returning to the City Condal, <strong>the footballers cul\u00e9s will be able to take several weeks of rest before thinking in the following course, varying also in each case by his commitments with the national selections.<\/strong><\/p>  <p>Already with this in account, the Catalan club has confirmed through his social networks the official date for the beginning of the pre-season 2023-24, which will mark the start of the next campaign for the ones of Xavi after achieving go back <a data-external=\"0\" data-intl-links-en=\"https:\/\/www.fcbarcelonanoticias.com\/en\/laliga\/millionaire-fc-barcelona-will-receive-for-winning-laliga_292979_102.html\" data-intl-links-es=\"https:\/\/www.fcbarcelonanoticias.com\/laliga\/suma-millonaria-recibira-fc-barcelona-por-ganar-laliga_292979_102.html\" href=\"https:\/\/www.fcbarcelonanoticias.com\/en\/laliga\/millionaire-fc-barcelona-will-receive-for-winning-laliga_292979_102.html\" rel=\"follow\" target=\"_self\" title=\"La suma millonaria que recibir\u00e1 el Bar\u00e7a por ganar LaLiga\">to the highest of LaLiga<\/a>.<strong> The entity has communicated that the Monday 10 July, in the morning, will make the prescriptive medical proofs and, in the afternoon, Xavi Hern\u00e1ndez will direct the first training of the pre-season.<\/strong><\/p>  <blockquote class=\"twitter-tweet\"> <p dir=\"ltr\" lang=\"es\">\ud83d\uddd3\ufe0f The FC Barcelona will go back to the trainings on 10 July<br><br> \ud83d\udd17 <a href=\"https:\/\/t.co\/en\/DupAC869au\">https:\/\/t.co\/dupac869au<\/a> <a href=\"https:\/\/t.co\/en\/TkUJIALjv0\">pic.twitter.com\/tkujialjv0<\/a><\/p> \u2014 FC Barcelona (@FCBarcelona_is) <a href=\"https:\/\/twitter.com\/en\/FCBarcelona_es\/status\/1666814665547218945?ref_src=twsrc%5Etfw\">June 8, 2023<\/a> <\/blockquote> <h2>They go back the partidazos of pre-season for the cul\u00e9s<\/h2>  <p>The information equally adds that the barcelonistas will train in the Ciutat Esportiva Joan Gamper until the 19, moment in which they will begin his turns by United States, where will play four parties against European rivals. <strong>The first will be on 22 July against the Juventus in Santa Clara (California) and the second duel will be the 26 against the Arsenal FC in the city of Los Angeles.<\/strong><\/p>  <p>The details also add that for the third, the day 29, will touch a new edition of the Classical against the Real Madrid, this time in Dallas after what went the triumph cul\u00e9 in the 2022 by 1-0 with a so much of Raphinha in Come Them. <strong>The last party of the Bar\u00e7a in North American territory will be on 1 August against the AC Milan in The Vegas, closing like this a full expedition of rivals of first level.<\/strong><\/p>  <h2>A planning that begins to define<\/h2>  <p>As always it expects that before splitting to turns it the Barcelona team can contest some friendly inside the Catalan city to fine-tune some previous details and soltar some loads of the first days. <strong>The idea of the Bar\u00e7a is also can begin the works with the already closed signings of I\u00f1igo Mart\u00ednez and G\u00fcndogan, in addition to including at least to some seven canteranos, as it has revealed Xavi Hern\u00e1ndez. <\/strong><\/p> ","protected":false},"excerpt":{"rendered":"<p>The preseason of FC Barcelona, at least at the beginning, is already fully defined and confirmed by the Bar\u00e7a club itself, which on Thursday offered several details The staff of the FC Barcelona has begun officially his holidays of summer after the party of the League against the Celtic of Vigo and the friendly against [&hellip;]<\/p>\n","protected":false},"author":345,"featured_media":82178,"comment_status":"closed","ping_status":"open","sticky":false,"template":"","format":"standard","meta":{"_acf_changed":false,"inline_featured_image":false,"_nextfly_llmd_date_locked":false,"footnotes":""},"categories":[131],"tags":[48],"class_list":["post-82173","post","type-post","status-publish","format-standard","has-post-thumbnail","hentry","category-preseason","tag-xavi-hernandez"],"acf":[],"yoast_head":"<!-- This site is optimized with the Yoast SEO plugin v27.3 - https:\/\/yoast.com\/product\/yoast-seo-wordpress\/ -->\n<title>OFFICIAL: FC Barcelona reveals when the next preseason will start<\/title>\n<meta name=\"description\" content=\"The preseason of FC Barcelona, at least at the beginning, is already fully defined and confirmed by the Bar\u00e7a club itself, which on Thursday offered several details\" \/>\n<meta name=\"robots\" content=\"index, follow, max-snippet:-1, max-image-preview:large, max-video-preview:-1\" \/>\n<link rel=\"canonical\" href=\"https:\/\/www.fcbarcelonanoticias.com\/en\/preseason\/official-fc-barcelona-reveals-when-next-preseason-will-start_293047_102.html\" \/>\n<meta property=\"og:locale\" content=\"en_US\" \/>\n<meta property=\"og:type\" content=\"article\" \/>\n<meta property=\"og:title\" content=\"OFFICIAL: FC Barcelona reveals when the next preseason will start\" \/>\n<meta property=\"og:description\" content=\"The preseason of FC Barcelona, at least at the beginning, is already fully defined and confirmed by the Bar\u00e7a club itself, which on Thursday offered several details\" \/>\n<meta property=\"og:url\" content=\"https:\/\/www.fcbarcelonanoticias.com\/en\/preseason\/official-fc-barcelona-reveals-when-next-preseason-will-start_293047_102.html\" \/>\n<meta property=\"og:site_name\" content=\"EN - FC Barcelona Noticias\" \/>\n<meta property=\"article:published_time\" content=\"2023-06-08T18:33:00+00:00\" \/>\n<meta property=\"og:image\" content=\"https:\/\/www.fcbarcelonanoticias.com\/en\/wp-content\/uploads\/sites\/2\/2023\/06\/gavi-bercelona-pretemporada-1.jpeg\" \/>\n\t<meta property=\"og:image:width\" content=\"1300\" \/>\n\t<meta property=\"og:image:height\" content=\"733\" \/>\n\t<meta property=\"og:image:type\" content=\"image\/jpeg\" \/>\n<meta name=\"author\" content=\"Carlos Montenegro\" \/>\n<meta name=\"twitter:card\" content=\"summary_large_image\" \/>\n<meta name=\"twitter:label1\" content=\"Written by\" \/>\n\t<meta name=\"twitter:data1\" content=\"Carlos Montenegro\" \/>\n\t<meta name=\"twitter:label2\" content=\"Est. reading time\" \/>\n\t<meta name=\"twitter:data2\" content=\"2 minutes\" \/>\n<script type=\"application\/ld+json\" class=\"yoast-schema-graph\">{\"@context\":\"https:\\\/\\\/schema.org\",\"@graph\":[{\"@type\":\"Article\",\"@id\":\"https:\\\/\\\/www.fcbarcelonanoticias.com\\\/en\\\/preseason\\\/official-fc-barcelona-reveals-when-next-preseason-will-start_293047_102.html#article\",\"isPartOf\":{\"@id\":\"https:\\\/\\\/www.fcbarcelonanoticias.com\\\/en\\\/preseason\\\/official-fc-barcelona-reveals-when-next-preseason-will-start_293047_102.html\"},\"author\":{\"name\":\"Carlos Montenegro\",\"@id\":\"https:\\\/\\\/www.fcbarcelonanoticias.com\\\/en\\\/#\\\/schema\\\/person\\\/aa1d038709c262cb247e240f6b39bbf5\"},\"headline\":\"OFFICIAL: FC Barcelona reveals when the next preseason will start\",\"datePublished\":\"2023-06-08T18:33:00+00:00\",\"mainEntityOfPage\":{\"@id\":\"https:\\\/\\\/www.fcbarcelonanoticias.com\\\/en\\\/preseason\\\/official-fc-barcelona-reveals-when-next-preseason-will-start_293047_102.html\"},\"wordCount\":456,\"image\":{\"@id\":\"https:\\\/\\\/www.fcbarcelonanoticias.com\\\/en\\\/preseason\\\/official-fc-barcelona-reveals-when-next-preseason-will-start_293047_102.html#primaryimage\"},\"thumbnailUrl\":\"https:\\\/\\\/www.fcbarcelonanoticias.com\\\/en\\\/wp-content\\\/uploads\\\/sites\\\/2\\\/2023\\\/06\\\/gavi-bercelona-pretemporada-1.jpeg\",\"keywords\":[\"Xavi Hern\u00e1ndez\"],\"articleSection\":[\"Preseason\"],\"inLanguage\":\"en-US\"},{\"@type\":\"WebPage\",\"@id\":\"https:\\\/\\\/www.fcbarcelonanoticias.com\\\/en\\\/preseason\\\/official-fc-barcelona-reveals-when-next-preseason-will-start_293047_102.html\",\"url\":\"https:\\\/\\\/www.fcbarcelonanoticias.com\\\/en\\\/preseason\\\/official-fc-barcelona-reveals-when-next-preseason-will-start_293047_102.html\",\"name\":\"OFFICIAL: FC Barcelona reveals when the next preseason will start\",\"isPartOf\":{\"@id\":\"https:\\\/\\\/www.fcbarcelonanoticias.com\\\/en\\\/#website\"},\"primaryImageOfPage\":{\"@id\":\"https:\\\/\\\/www.fcbarcelonanoticias.com\\\/en\\\/preseason\\\/official-fc-barcelona-reveals-when-next-preseason-will-start_293047_102.html#primaryimage\"},\"image\":{\"@id\":\"https:\\\/\\\/www.fcbarcelonanoticias.com\\\/en\\\/preseason\\\/official-fc-barcelona-reveals-when-next-preseason-will-start_293047_102.html#primaryimage\"},\"thumbnailUrl\":\"https:\\\/\\\/www.fcbarcelonanoticias.com\\\/en\\\/wp-content\\\/uploads\\\/sites\\\/2\\\/2023\\\/06\\\/gavi-bercelona-pretemporada-1.jpeg\",\"datePublished\":\"2023-06-08T18:33:00+00:00\",\"author\":{\"@id\":\"https:\\\/\\\/www.fcbarcelonanoticias.com\\\/en\\\/#\\\/schema\\\/person\\\/aa1d038709c262cb247e240f6b39bbf5\"},\"description\":\"The preseason of FC Barcelona, at least at the beginning, is already fully defined and confirmed by the Bar\u00e7a club itself, which on Thursday offered several details\",\"breadcrumb\":{\"@id\":\"https:\\\/\\\/www.fcbarcelonanoticias.com\\\/en\\\/preseason\\\/official-fc-barcelona-reveals-when-next-preseason-will-start_293047_102.html#breadcrumb\"},\"inLanguage\":\"en-US\",\"potentialAction\":[{\"@type\":\"ReadAction\",\"target\":[\"https:\\\/\\\/www.fcbarcelonanoticias.com\\\/en\\\/preseason\\\/official-fc-barcelona-reveals-when-next-preseason-will-start_293047_102.html\"]}]},{\"@type\":\"ImageObject\",\"inLanguage\":\"en-US\",\"@id\":\"https:\\\/\\\/www.fcbarcelonanoticias.com\\\/en\\\/preseason\\\/official-fc-barcelona-reveals-when-next-preseason-will-start_293047_102.html#primaryimage\",\"url\":\"https:\\\/\\\/www.fcbarcelonanoticias.com\\\/en\\\/wp-content\\\/uploads\\\/sites\\\/2\\\/2023\\\/06\\\/gavi-bercelona-pretemporada-1.jpeg\",\"contentUrl\":\"https:\\\/\\\/www.fcbarcelonanoticias.com\\\/en\\\/wp-content\\\/uploads\\\/sites\\\/2\\\/2023\\\/06\\\/gavi-bercelona-pretemporada-1.jpeg\",\"width\":1300,\"height\":733},{\"@type\":\"BreadcrumbList\",\"@id\":\"https:\\\/\\\/www.fcbarcelonanoticias.com\\\/en\\\/preseason\\\/official-fc-barcelona-reveals-when-next-preseason-will-start_293047_102.html#breadcrumb\",\"itemListElement\":[{\"@type\":\"ListItem\",\"position\":1,\"name\":\"Portada\",\"item\":\"https:\\\/\\\/www.fcbarcelonanoticias.com\\\/en\\\/\"},{\"@type\":\"ListItem\",\"position\":2,\"name\":\"OFFICIAL: FC Barcelona reveals when the next preseason will start\"}]},{\"@type\":\"WebSite\",\"@id\":\"https:\\\/\\\/www.fcbarcelonanoticias.com\\\/en\\\/#website\",\"url\":\"https:\\\/\\\/www.fcbarcelonanoticias.com\\\/en\\\/\",\"name\":\"EN - FC Barcelona Noticias\",\"description\":\"\",\"potentialAction\":[{\"@type\":\"SearchAction\",\"target\":{\"@type\":\"EntryPoint\",\"urlTemplate\":\"https:\\\/\\\/www.fcbarcelonanoticias.com\\\/en\\\/?s={search_term_string}\"},\"query-input\":{\"@type\":\"PropertyValueSpecification\",\"valueRequired\":true,\"valueName\":\"search_term_string\"}}],\"inLanguage\":\"en-US\"},{\"@type\":\"Person\",\"@id\":\"https:\\\/\\\/www.fcbarcelonanoticias.com\\\/en\\\/#\\\/schema\\\/person\\\/aa1d038709c262cb247e240f6b39bbf5\",\"name\":\"Carlos Montenegro\",\"image\":{\"@type\":\"ImageObject\",\"inLanguage\":\"en-US\",\"@id\":\"https:\\\/\\\/secure.gravatar.com\\\/avatar\\\/?s=96&d=mm&r=g\",\"url\":\"https:\\\/\\\/secure.gravatar.com\\\/avatar\\\/?s=96&d=mm&r=g\",\"contentUrl\":\"https:\\\/\\\/secure.gravatar.com\\\/avatar\\\/?s=96&d=mm&r=g\",\"caption\":\"Carlos Montenegro\"},\"url\":\"https:\\\/\\\/www.fcbarcelonanoticias.com\\\/en\\\/carlos-montenegro_20_115.html\"}]}<\/script>\n<!-- \/ Yoast SEO plugin. -->","yoast_head_json":{"title":"OFFICIAL: FC Barcelona reveals when the next preseason will start","description":"The preseason of FC Barcelona, at least at the beginning, is already fully defined and confirmed by the Bar\u00e7a club itself, which on Thursday offered several details","robots":{"index":"index","follow":"follow","max-snippet":"max-snippet:-1","max-image-preview":"max-image-preview:large","max-video-preview":"max-video-preview:-1"},"canonical":"https:\/\/www.fcbarcelonanoticias.com\/en\/preseason\/official-fc-barcelona-reveals-when-next-preseason-will-start_293047_102.html","og_locale":"en_US","og_type":"article","og_title":"OFFICIAL: FC Barcelona reveals when the next preseason will start","og_description":"The preseason of FC Barcelona, at least at the beginning, is already fully defined and confirmed by the Bar\u00e7a club itself, which on Thursday offered several details","og_url":"https:\/\/www.fcbarcelonanoticias.com\/en\/preseason\/official-fc-barcelona-reveals-when-next-preseason-will-start_293047_102.html","og_site_name":"EN - FC Barcelona Noticias","article_published_time":"2023-06-08T18:33:00+00:00","og_image":[{"width":1300,"height":733,"url":"https:\/\/www.fcbarcelonanoticias.com\/en\/wp-content\/uploads\/sites\/2\/2023\/06\/gavi-bercelona-pretemporada-1.jpeg","type":"image\/jpeg"}],"author":"Carlos Montenegro","twitter_card":"summary_large_image","twitter_misc":{"Written by":"Carlos Montenegro","Est. reading time":"2 minutes"},"schema":{"@context":"https:\/\/schema.org","@graph":[{"@type":"Article","@id":"https:\/\/www.fcbarcelonanoticias.com\/en\/preseason\/official-fc-barcelona-reveals-when-next-preseason-will-start_293047_102.html#article","isPartOf":{"@id":"https:\/\/www.fcbarcelonanoticias.com\/en\/preseason\/official-fc-barcelona-reveals-when-next-preseason-will-start_293047_102.html"},"author":{"name":"Carlos Montenegro","@id":"https:\/\/www.fcbarcelonanoticias.com\/en\/#\/schema\/person\/aa1d038709c262cb247e240f6b39bbf5"},"headline":"OFFICIAL: FC Barcelona reveals when the next preseason will start","datePublished":"2023-06-08T18:33:00+00:00","mainEntityOfPage":{"@id":"https:\/\/www.fcbarcelonanoticias.com\/en\/preseason\/official-fc-barcelona-reveals-when-next-preseason-will-start_293047_102.html"},"wordCount":456,"image":{"@id":"https:\/\/www.fcbarcelonanoticias.com\/en\/preseason\/official-fc-barcelona-reveals-when-next-preseason-will-start_293047_102.html#primaryimage"},"thumbnailUrl":"https:\/\/www.fcbarcelonanoticias.com\/en\/wp-content\/uploads\/sites\/2\/2023\/06\/gavi-bercelona-pretemporada-1.jpeg","keywords":["Xavi Hern\u00e1ndez"],"articleSection":["Preseason"],"inLanguage":"en-US"},{"@type":"WebPage","@id":"https:\/\/www.fcbarcelonanoticias.com\/en\/preseason\/official-fc-barcelona-reveals-when-next-preseason-will-start_293047_102.html","url":"https:\/\/www.fcbarcelonanoticias.com\/en\/preseason\/official-fc-barcelona-reveals-when-next-preseason-will-start_293047_102.html","name":"OFFICIAL: FC Barcelona reveals when the next preseason will start","isPartOf":{"@id":"https:\/\/www.fcbarcelonanoticias.com\/en\/#website"},"primaryImageOfPage":{"@id":"https:\/\/www.fcbarcelonanoticias.com\/en\/preseason\/official-fc-barcelona-reveals-when-next-preseason-will-start_293047_102.html#primaryimage"},"image":{"@id":"https:\/\/www.fcbarcelonanoticias.com\/en\/preseason\/official-fc-barcelona-reveals-when-next-preseason-will-start_293047_102.html#primaryimage"},"thumbnailUrl":"https:\/\/www.fcbarcelonanoticias.com\/en\/wp-content\/uploads\/sites\/2\/2023\/06\/gavi-bercelona-pretemporada-1.jpeg","datePublished":"2023-06-08T18:33:00+00:00","author":{"@id":"https:\/\/www.fcbarcelonanoticias.com\/en\/#\/schema\/person\/aa1d038709c262cb247e240f6b39bbf5"},"description":"The preseason of FC Barcelona, at least at the beginning, is already fully defined and confirmed by the Bar\u00e7a club itself, which on Thursday offered several details","breadcrumb":{"@id":"https:\/\/www.fcbarcelonanoticias.com\/en\/preseason\/official-fc-barcelona-reveals-when-next-preseason-will-start_293047_102.html#breadcrumb"},"inLanguage":"en-US","potentialAction":[{"@type":"ReadAction","target":["https:\/\/www.fcbarcelonanoticias.com\/en\/preseason\/official-fc-barcelona-reveals-when-next-preseason-will-start_293047_102.html"]}]},{"@type":"ImageObject","inLanguage":"en-US","@id":"https:\/\/www.fcbarcelonanoticias.com\/en\/preseason\/official-fc-barcelona-reveals-when-next-preseason-will-start_293047_102.html#primaryimage","url":"https:\/\/www.fcbarcelonanoticias.com\/en\/wp-content\/uploads\/sites\/2\/2023\/06\/gavi-bercelona-pretemporada-1.jpeg","contentUrl":"https:\/\/www.fcbarcelonanoticias.com\/en\/wp-content\/uploads\/sites\/2\/2023\/06\/gavi-bercelona-pretemporada-1.jpeg","width":1300,"height":733},{"@type":"BreadcrumbList","@id":"https:\/\/www.fcbarcelonanoticias.com\/en\/preseason\/official-fc-barcelona-reveals-when-next-preseason-will-start_293047_102.html#breadcrumb","itemListElement":[{"@type":"ListItem","position":1,"name":"Portada","item":"https:\/\/www.fcbarcelonanoticias.com\/en\/"},{"@type":"ListItem","position":2,"name":"OFFICIAL: FC Barcelona reveals when the next preseason will start"}]},{"@type":"WebSite","@id":"https:\/\/www.fcbarcelonanoticias.com\/en\/#website","url":"https:\/\/www.fcbarcelonanoticias.com\/en\/","name":"EN - FC Barcelona Noticias","description":"","potentialAction":[{"@type":"SearchAction","target":{"@type":"EntryPoint","urlTemplate":"https:\/\/www.fcbarcelonanoticias.com\/en\/?s={search_term_string}"},"query-input":{"@type":"PropertyValueSpecification","valueRequired":true,"valueName":"search_term_string"}}],"inLanguage":"en-US"},{"@type":"Person","@id":"https:\/\/www.fcbarcelonanoticias.com\/en\/#\/schema\/person\/aa1d038709c262cb247e240f6b39bbf5","name":"Carlos Montenegro","image":{"@type":"ImageObject","inLanguage":"en-US","@id":"https:\/\/secure.gravatar.com\/avatar\/?s=96&d=mm&r=g","url":"https:\/\/secure.gravatar.com\/avatar\/?s=96&d=mm&r=g","contentUrl":"https:\/\/secure.gravatar.com\/avatar\/?s=96&d=mm&r=g","caption":"Carlos Montenegro"},"url":"https:\/\/www.fcbarcelonanoticias.com\/en\/carlos-montenegro_20_115.html"}]}},"_links":{"self":[{"href":"https:\/\/www.fcbarcelonanoticias.com\/en\/wp-json\/wp\/v2\/posts\/82173","targetHints":{"allow":["GET"]}}],"collection":[{"href":"https:\/\/www.fcbarcelonanoticias.com\/en\/wp-json\/wp\/v2\/posts"}],"about":[{"href":"https:\/\/www.fcbarcelonanoticias.com\/en\/wp-json\/wp\/v2\/types\/post"}],"author":[{"embeddable":true,"href":"https:\/\/www.fcbarcelonanoticias.com\/en\/wp-json\/wp\/v2\/users\/345"}],"replies":[{"embeddable":true,"href":"https:\/\/www.fcbarcelonanoticias.com\/en\/wp-json\/wp\/v2\/comments?post=82173"}],"version-history":[{"count":4,"href":"https:\/\/www.fcbarcelonanoticias.com\/en\/wp-json\/wp\/v2\/posts\/82173\/revisions"}],"predecessor-version":[{"id":82175,"href":"https:\/\/www.fcbarcelonanoticias.com\/en\/wp-json\/wp\/v2\/posts\/82173\/revisions\/82175"}],"wp:featuredmedia":[{"embeddable":true,"href":"https:\/\/www.fcbarcelonanoticias.com\/en\/wp-json\/wp\/v2\/media\/82178"}],"wp:attachment":[{"href":"https:\/\/www.fcbarcelonanoticias.com\/en\/wp-json\/wp\/v2\/media?parent=82173"}],"wp:term":[{"taxonomy":"category","embeddable":true,"href":"https:\/\/www.fcbarcelonanoticias.com\/en\/wp-json\/wp\/v2\/categories?post=82173"},{"taxonomy":"post_tag","embeddable":true,"href":"https:\/\/www.fcbarcelonanoticias.com\/en\/wp-json\/wp\/v2\/tags?post=82173"}],"curies":[{"name":"wp","href":"https:\/\/api.w.org\/{rel}","templated":true}]}}